{"id":1241,"date":"2017-06-28T08:01:56","date_gmt":"2017-06-28T11:01:56","guid":{"rendered":"http:\/\/cfcontabil.com\/cf\/?p=1209"},"modified":"2017-06-28T08:01:56","modified_gmt":"2017-06-28T11:01:56","slug":"desenvolvimento-economico-aprova-prazo-maximo-de-72-horas-para-registrar-empresa-em-junta-comercial","status":"publish","type":"post","link":"https:\/\/cfcontabil.com\/cf\/desenvolvimento-economico-aprova-prazo-maximo-de-72-horas-para-registrar-empresa-em-junta-comercial\/","title":{"rendered":"Desenvolvimento Econ\u00f4mico aprova prazo m\u00e1ximo de 72 horas para registrar empresa em junta comercial"},"content":{"rendered":"<p>A Comiss\u00e3o de Desenvolvimento Econ\u00f4mico, Ind\u00fastria, Com\u00e9rcio e Servi\u00e7os aprovou o Projeto de Lei 6072\/16, do deputado F\u00e9lix Mendon\u00e7a J\u00fanior (PDT-BA), que estabelece prazo m\u00e1ximo de 72 horas para defini\u00e7\u00e3o sobre registro de empresas pelas juntas comerciais.<\/p>\n<p>Pela proposta, o prazo limite dever\u00e1 ser obedecido sempre que o interessado apresentar todos os documentos exigidos para o registro, como comprovantes de pagamentos e instrumento de constitui\u00e7\u00e3o da empresa.<\/p>\n<p><strong>Problemas<\/strong><\/p>\n<p>O prazo vale para decis\u00e3o a favor ou contra a abertura da empresa ou mesmo sobre poss\u00edvel problema que possa ser resolvido.<\/p>\n<p>A regra tamb\u00e9m serve para arquivamento de documento pela junta comercial para casos de problemas a serem resolvidos.<\/p>\n<p>O prazo de 72 horas n\u00e3o vale para casos de decis\u00f5es colegiadas das juntas comerciais.<\/p>\n<p><strong>Agilidade<\/strong><\/p>\n<p>Para o relator, deputado Luis Tib\u00e9 (PTdoB-MG), a proposta contribui para a agilidade do registro de atos nas juntas comerciais brasileiras. \u201cConsideramos ser razo\u00e1vel estabelecer um prazo de 72 horas para ser oferecida uma resposta ao interessado.\u201d<\/p>\n<p>Tramita\u00e7\u00e3o<\/p>\n<p>A proposta tramita em car\u00e1ter conclusivo e ser\u00e1 analisada pela Comiss\u00e3o de Constitui\u00e7\u00e3o e Justi\u00e7a e de Cidadania (inclusive quanto ao m\u00e9rito).<\/p>\n<p>Fonte:\u00a0Portal da C\u00e2mara dos Deputados<\/p>\n","protected":false},"excerpt":{"rendered":"<p>A Comiss\u00e3o de Desenvolvimento Econ\u00f4mico, Ind\u00fastria, Com\u00e9rcio e Servi\u00e7os aprovou o Projeto de Lei 6072\/16, do deputado F\u00e9lix Mendon\u00e7a J\u00fanior (PDT-BA), que estabelece prazo m\u00e1ximo de 72 horas para defini\u00e7\u00e3o sobre registro de empresas pelas juntas comerciais. Pela proposta, o prazo limite dever\u00e1 ser obedecido sempre que o interessado apresentar todos os documentos exigidos para [&hellip;]<\/p>\n","protected":false},"author":3,"featured_media":1507,"comment_status":"open","ping_status":"open","sticky":false,"template":"","format":"standard","meta":{"jetpack_post_was_ever_published":false,"_jetpack_newsletter_access":"","_jetpack_dont_email_post_to_subs":false,"_jetpack_newsletter_tier_id":0,"_jetpack_memberships_contains_paywalled_content":false,"_jetpack_memberships_contains_paid_content":false,"footnotes":"","jetpack_publicize_message":"","jetpack_publicize_feature_enabled":true,"jetpack_social_post_already_shared":true,"jetpack_social_options":{"image_generator_settings":{"template":"highway","default_image_id":0,"font":"","enabled":false},"version":2}},"categories":[60],"tags":[533,534,303,535,116,324,536],"class_list":["post-1241","post","type-post","status-publish","format-standard","has-post-thumbnail","hentry","category-consultoria","tag-comercial","tag-constituicao","tag-empresa","tag-junta","tag-prazo","tag-registro","tag-regra"],"jetpack_publicize_connections":[],"jetpack_featured_media_url":"https:\/\/i0.wp.com\/cfcontabil.com\/cf\/wp-content\/uploads\/2017\/06\/assinatura-1.jpg?fit=600%2C400&ssl=1","jetpack_sharing_enabled":true,"jetpack_shortlink":"https:\/\/wp.me\/p2wklX-k1","jetpack-related-posts":[{"id":2044,"url":"https:\/\/cfcontabil.com\/cf\/decreto-facilita-combate-a-fraude-em-abertura-de-empresas\/","url_meta":{"origin":1241,"position":0},"title":"Decreto facilita combate \u00e0 fraude em abertura de empresas","author":"Ab\u00edlio Gon\u00e7alves","date":"6 de janeiro de 2020","format":false,"excerpt":"DESBUROCRATIZA\u00c7\u00c3O Novas regras simplificam a identifica\u00e7\u00e3o de falsifica\u00e7\u00f5es e melhora ambiente de neg\u00f3cios no pa\u00eds O\u00a0Decreto n\u00ba 10.173, de 16 de dezembro de 2019, tem o objetivo de simplificar a vida das pessoas que foram v\u00edtimas de falsifica\u00e7\u00f5es de documentos durante a abertura ou outros atos relacionados a empresas no\u2026","rel":"","context":"Em &quot;Geral&quot;","block_context":{"text":"Geral","link":"https:\/\/cfcontabil.com\/cf\/category\/geral\/"},"img":{"alt_text":"","src":"https:\/\/i0.wp.com\/cfcontabil.com\/cf\/wp-content\/uploads\/2020\/01\/desburocratizacao.jpg?fit=606%2C454&ssl=1&resize=350%2C200","width":350,"height":200,"srcset":"https:\/\/i0.wp.com\/cfcontabil.com\/cf\/wp-content\/uploads\/2020\/01\/desburocratizacao.jpg?fit=606%2C454&ssl=1&resize=350%2C200 1x, https:\/\/i0.wp.com\/cfcontabil.com\/cf\/wp-content\/uploads\/2020\/01\/desburocratizacao.jpg?fit=606%2C454&ssl=1&resize=525%2C300 1.5x"},"classes":[]},{"id":1989,"url":"https:\/\/cfcontabil.com\/cf\/junta-comercial-passara-a-receber-apenas-documentos-digitais\/","url_meta":{"origin":1241,"position":1},"title":"Junta Comercial passar\u00e1 a receber apenas documentos digitais","author":"Ab\u00edlio Gon\u00e7alves","date":"6 de dezembro de 2019","format":false,"excerpt":"Objetivo \u00e9 dar fim \u00e0s filas no local. Atendimento presencial ser\u00e1 realizado apenas por agendamento Para acabar com filas e longas esperas, a partir do pr\u00f3ximo dia 16 de dezembro, a Junta Comercial, Industrial e Servi\u00e7os do Distrito Federal (Jucis-DF) s\u00f3 receber\u00e1 documentos digitalizados. O site do \u00f3rg\u00e3o oferecer\u00e1 um\u2026","rel":"","context":"Em &quot;Consultoria Empresarial&quot;","block_context":{"text":"Consultoria Empresarial","link":"https:\/\/cfcontabil.com\/cf\/category\/consultoria\/"},"img":{"alt_text":"","src":"","width":0,"height":0},"classes":[]},{"id":1864,"url":"https:\/\/cfcontabil.com\/cf\/empresas-poderao-abrir-filiais-em-outros-estados-instantaneamente\/","url_meta":{"origin":1241,"position":2},"title":"Empresas poder\u00e3o abrir filiais em outros estados instantaneamente","author":"Ab\u00edlio Gon\u00e7alves","date":"8 de novembro de 2019","format":false,"excerpt":"Altera\u00e7\u00f5es, transfer\u00eancias e extin\u00e7\u00f5es tamb\u00e9m ficam mais r\u00e1pidas. At\u00e9 recentemente, a abertura de filiais em outros estados demorava v\u00e1rias semanas. A abertura de filiais de empresas em estados fora da sede passou a ser instant\u00e2nea. Por meio da integra\u00e7\u00e3o digital das juntas comerciais, o registro de outras unidades em outros\u2026","rel":"","context":"Em &quot;Consultoria Empresarial&quot;","block_context":{"text":"Consultoria Empresarial","link":"https:\/\/cfcontabil.com\/cf\/category\/consultoria\/"},"img":{"alt_text":"","src":"https:\/\/i0.wp.com\/cfcontabil.com\/cf\/wp-content\/uploads\/2019\/11\/filial-filiais.jpg?fit=600%2C340&ssl=1&resize=350%2C200","width":350,"height":200,"srcset":"https:\/\/i0.wp.com\/cfcontabil.com\/cf\/wp-content\/uploads\/2019\/11\/filial-filiais.jpg?fit=600%2C340&ssl=1&resize=350%2C200 1x, https:\/\/i0.wp.com\/cfcontabil.com\/cf\/wp-content\/uploads\/2019\/11\/filial-filiais.jpg?fit=600%2C340&ssl=1&resize=525%2C300 1.5x"},"classes":[]},{"id":2321,"url":"https:\/\/cfcontabil.com\/cf\/distrito-federal-ajuda-empresas-a-abrirem-mais-rapido\/","url_meta":{"origin":1241,"position":3},"title":"Distrito Federal ajuda empresas a abrirem mais r\u00e1pido","author":"Ab\u00edlio Gon\u00e7alves","date":"14 de julho de 2020","format":false,"excerpt":"Etapas de an\u00e1lise para obter registro empresarial tiveram, em junho, o menor tempo de execu\u00e7\u00e3o em todo o pa\u00eds Gra\u00e7as ao ambiente 100% digital, \u00e0 integra\u00e7\u00e3o entre os \u00f3rg\u00e3os e ao regime de teletrabalho implementados pela Junta Comercial, Industrial e Servi\u00e7os do Distrito Federal (Jucis-DF), empres\u00e1rios e contadores podem contar\u2026","rel":"","context":"Em \"abertura\"","block_context":{"text":"abertura","link":"https:\/\/cfcontabil.com\/cf\/tag\/abertura\/"},"img":{"alt_text":"","src":"https:\/\/i0.wp.com\/cfcontabil.com\/cf\/wp-content\/uploads\/2019\/12\/abertura-de-Empresas.jpg?fit=1080%2C640&ssl=1&resize=350%2C200","width":350,"height":200,"srcset":"https:\/\/i0.wp.com\/cfcontabil.com\/cf\/wp-content\/uploads\/2019\/12\/abertura-de-Empresas.jpg?fit=1080%2C640&ssl=1&resize=350%2C200 1x, https:\/\/i0.wp.com\/cfcontabil.com\/cf\/wp-content\/uploads\/2019\/12\/abertura-de-Empresas.jpg?fit=1080%2C640&ssl=1&resize=525%2C300 1.5x, https:\/\/i0.wp.com\/cfcontabil.com\/cf\/wp-content\/uploads\/2019\/12\/abertura-de-Empresas.jpg?fit=1080%2C640&ssl=1&resize=700%2C400 2x, https:\/\/i0.wp.com\/cfcontabil.com\/cf\/wp-content\/uploads\/2019\/12\/abertura-de-Empresas.jpg?fit=1080%2C640&ssl=1&resize=1050%2C600 3x"},"classes":[]},{"id":2125,"url":"https:\/\/cfcontabil.com\/cf\/mudanca-na-assinatura-digital-na-junta-comercial-drei-n-075-2020\/","url_meta":{"origin":1241,"position":4},"title":"MUDAN\u00c7A NA ASSINATURA DIGITAL NA JUNTA COMERCIAL &#8211; DREI N\u00b0 075\/2020","author":"Ab\u00edlio Gon\u00e7alves","date":"27 de fevereiro de 2020","format":false,"excerpt":"ASSINATURA DIGITAL DE ATOS E DOCUMENTOS LEVADOS A REGISTRO NA JUNTA COMERCIAL - DREI N\u00b0 075\/2020 Foi publicada no D.O.U (19.02.2020) a Instru\u00e7\u00e3o Normativa DREI n\u00b0 75\/2020\u00a0que trata sobre a assinatura digital de atos e documentos levados a registro na Junta Comercial, onde,\u00a0a partir de 02.03.2020, passa a ser aceita\u2026","rel":"","context":"Em &quot;Consultoria Empresarial&quot;","block_context":{"text":"Consultoria Empresarial","link":"https:\/\/cfcontabil.com\/cf\/category\/consultoria\/"},"img":{"alt_text":"","src":"https:\/\/i0.wp.com\/cfcontabil.com\/cf\/wp-content\/uploads\/2020\/02\/Assinatura-digital-Junta-Comercial-2.jpeg?fit=1080%2C1080&ssl=1&resize=350%2C200","width":350,"height":200,"srcset":"https:\/\/i0.wp.com\/cfcontabil.com\/cf\/wp-content\/uploads\/2020\/02\/Assinatura-digital-Junta-Comercial-2.jpeg?fit=1080%2C1080&ssl=1&resize=350%2C200 1x, https:\/\/i0.wp.com\/cfcontabil.com\/cf\/wp-content\/uploads\/2020\/02\/Assinatura-digital-Junta-Comercial-2.jpeg?fit=1080%2C1080&ssl=1&resize=525%2C300 1.5x, https:\/\/i0.wp.com\/cfcontabil.com\/cf\/wp-content\/uploads\/2020\/02\/Assinatura-digital-Junta-Comercial-2.jpeg?fit=1080%2C1080&ssl=1&resize=700%2C400 2x, https:\/\/i0.wp.com\/cfcontabil.com\/cf\/wp-content\/uploads\/2020\/02\/Assinatura-digital-Junta-Comercial-2.jpeg?fit=1080%2C1080&ssl=1&resize=1050%2C600 3x"},"classes":[]},{"id":2121,"url":"https:\/\/cfcontabil.com\/cf\/irpf-2020-prazo-e-ate-dia-28-para-receber-o-informe-de-rendimentos\/","url_meta":{"origin":1241,"position":5},"title":"IRPF 2020: Prazo \u00e9 at\u00e9 dia 28 para receber o informe de rendimentos","author":"Ab\u00edlio Gon\u00e7alves","date":"26 de fevereiro de 2020","format":false,"excerpt":"Estamos a poucos dias para iniciar a entrega a Declara\u00e7\u00e3o do Imposto de Renda Pessoa F\u00edsica de 2020, portanto \u00e9 importante ter uma aten\u00e7\u00e3o especial a documenta\u00e7\u00e3o necess\u00e1ria. Um dos documentos mais importantes \u00e9 o informe de rendimentos, pois nele cont\u00e9m todas as informa\u00e7\u00f5es prestadas pelas empresas, bancos e corretoras\u2026","rel":"","context":"Em &quot;Departamento Fiscal&quot;","block_context":{"text":"Departamento Fiscal","link":"https:\/\/cfcontabil.com\/cf\/category\/df\/"},"img":{"alt_text":"","src":"https:\/\/i0.wp.com\/cfcontabil.com\/cf\/wp-content\/uploads\/2020\/02\/Informe-de-Rendimentos-IRPF-2.jpg?fit=1080%2C1080&ssl=1&resize=350%2C200","width":350,"height":200,"srcset":"https:\/\/i0.wp.com\/cfcontabil.com\/cf\/wp-content\/uploads\/2020\/02\/Informe-de-Rendimentos-IRPF-2.jpg?fit=1080%2C1080&ssl=1&resize=350%2C200 1x, https:\/\/i0.wp.com\/cfcontabil.com\/cf\/wp-content\/uploads\/2020\/02\/Informe-de-Rendimentos-IRPF-2.jpg?fit=1080%2C1080&ssl=1&resize=525%2C300 1.5x, https:\/\/i0.wp.com\/cfcontabil.com\/cf\/wp-content\/uploads\/2020\/02\/Informe-de-Rendimentos-IRPF-2.jpg?fit=1080%2C1080&ssl=1&resize=700%2C400 2x, https:\/\/i0.wp.com\/cfcontabil.com\/cf\/wp-content\/uploads\/2020\/02\/Informe-de-Rendimentos-IRPF-2.jpg?fit=1080%2C1080&ssl=1&resize=1050%2C600 3x"},"classes":[]}],"jetpack_likes_enabled":true,"_links":{"self":[{"href":"https:\/\/cfcontabil.com\/cf\/wp-json\/wp\/v2\/posts\/1241","targetHints":{"allow":["GET"]}}],"collection":[{"href":"https:\/\/cfcontabil.com\/cf\/wp-json\/wp\/v2\/posts"}],"about":[{"href":"https:\/\/cfcontabil.com\/cf\/wp-json\/wp\/v2\/types\/post"}],"author":[{"embeddable":true,"href":"https:\/\/cfcontabil.com\/cf\/wp-json\/wp\/v2\/users\/3"}],"replies":[{"embeddable":true,"href":"https:\/\/cfcontabil.com\/cf\/wp-json\/wp\/v2\/comments?post=1241"}],"version-history":[{"count":0,"href":"https:\/\/cfcontabil.com\/cf\/wp-json\/wp\/v2\/posts\/1241\/revisions"}],"wp:featuredmedia":[{"embeddable":true,"href":"https:\/\/cfcontabil.com\/cf\/wp-json\/wp\/v2\/media\/1507"}],"wp:attachment":[{"href":"https:\/\/cfcontabil.com\/cf\/wp-json\/wp\/v2\/media?parent=1241"}],"wp:term":[{"taxonomy":"category","embeddable":true,"href":"https:\/\/cfcontabil.com\/cf\/wp-json\/wp\/v2\/categories?post=1241"},{"taxonomy":"post_tag","embeddable":true,"href":"https:\/\/cfcontabil.com\/cf\/wp-json\/wp\/v2\/tags?post=1241"}],"curies":[{"name":"wp","href":"https:\/\/api.w.org\/{rel}","templated":true}]}}