{"id":1242,"date":"2017-06-29T05:00:31","date_gmt":"2017-06-29T08:00:31","guid":{"rendered":"http:\/\/cfcontabil.com\/cf\/?p=1212"},"modified":"2017-06-29T05:00:31","modified_gmt":"2017-06-29T08:00:31","slug":"esocial-ambiente-de-producao-restrita","status":"publish","type":"post","link":"https:\/\/cfcontabil.com\/cf\/esocial-ambiente-de-producao-restrita\/","title":{"rendered":"eSOCIAL &#8211; Ambiente de Produ\u00e7\u00e3o Restrita"},"content":{"rendered":"<p>O ambiente de Produ\u00e7\u00e3o Restrita \u00e9 uma infraestrutura criada no \u00e2mbito do projeto eSocial para viabilizar a realiza\u00e7\u00e3o de testes pelas empresas, sem qualquer efeito jur\u00eddico. Trata-se de um ambiente limitado, com n\u00famero m\u00e1ximo de trabalhadores por empresa, destinado exclusivamente a testes funcionais. Portanto, n\u00e3o \u00e9 um ambiente para a realiza\u00e7\u00e3o de testes de carga ou testes de performance.<\/p>\n<p>Toda evolu\u00e7\u00e3o do eSocial ser\u00e1 implantada primeiramente no ambiente de Produ\u00e7\u00e3o Restrita, onde ficar\u00e1 dispon\u00edvel para os testes das empresas por um determinado tempo a ser definido de acordo com a caracter\u00edstica\/tamanho da mudan\u00e7a. Em seguida, ser\u00e1 implantada no ambiente de produ\u00e7\u00e3o efetiva.<\/p>\n<p>Com isso, as empresas poder\u00e3o utilizar o ambiente de produ\u00e7\u00e3o efetiva j\u00e1 com suas aplica\u00e7\u00f5es amadurecidas e estabilizadas diante dos testes realizados na Produ\u00e7\u00e3o Restrita.<\/p>\n<p>O ambiente de Produ\u00e7\u00e3o Restrita ser\u00e1 disponibilizado em duas etapas:<\/p>\n<p>Primeira etapa: de 26\/06\/2017 a 31\/07\/2017 (empresas de Tecnologia da Informa\u00e7\u00e3o);<\/p>\n<p>Segunda etapa: de 01\/08\/2017 em diante (qualquer empresa).<\/p>\n<p>A Produ\u00e7\u00e3o Restrita limitar\u00e1 a utiliza\u00e7\u00e3o de 1.000 (mil) v\u00ednculos por empregador.<\/p>\n<p>Para mais informa\u00e7\u00f5es, consulte o Manual de Orienta\u00e7\u00e3o do Desenvolvedor do eSocial.<\/p>\n<p>Demandas provenientes da utiliza\u00e7\u00e3o do ambiente de Produ\u00e7\u00e3o Restrita dever\u00e3o ser reportadas por meio de formul\u00e1rio pr\u00f3prio, disponibilizado no link Contato abaixo. As respostas ser\u00e3o de acesso p\u00fablico.<\/p>\n<p>Fonte: www.esocial.gov.br<\/p>\n","protected":false},"excerpt":{"rendered":"<p>O ambiente de Produ\u00e7\u00e3o Restrita \u00e9 uma infraestrutura criada no \u00e2mbito do projeto eSocial para viabilizar a realiza\u00e7\u00e3o de testes pelas empresas, sem qualquer efeito jur\u00eddico. Trata-se de um ambiente limitado, com n\u00famero m\u00e1ximo de trabalhadores por empresa, destinado exclusivamente a testes funcionais. Portanto, n\u00e3o \u00e9 um ambiente para a realiza\u00e7\u00e3o de testes de carga [&hellip;]<\/p>\n","protected":false},"author":3,"featured_media":1508,"comment_status":"open","ping_status":"open","sticky":false,"template":"","format":"standard","meta":{"jetpack_post_was_ever_published":false,"_jetpack_newsletter_access":"","_jetpack_dont_email_post_to_subs":false,"_jetpack_newsletter_tier_id":0,"_jetpack_memberships_contains_paywalled_content":false,"_jetpack_memberships_contains_paid_content":false,"footnotes":"","jetpack_publicize_message":"","jetpack_publicize_feature_enabled":true,"jetpack_social_post_already_shared":true,"jetpack_social_options":{"image_generator_settings":{"template":"highway","default_image_id":0,"font":"","enabled":false},"version":2}},"categories":[29],"tags":[537,78,538,539,540,541],"class_list":["post-1242","post","type-post","status-publish","format-standard","has-post-thumbnail","hentry","category-dp","tag-ambiente","tag-esocial","tag-implementacao","tag-producao","tag-restrita","tag-testes"],"jetpack_publicize_connections":[],"jetpack_featured_media_url":"https:\/\/i0.wp.com\/cfcontabil.com\/cf\/wp-content\/uploads\/2017\/06\/esocial-462x234-1.png?fit=462%2C234&ssl=1","jetpack_sharing_enabled":true,"jetpack_shortlink":"https:\/\/wp.me\/p2wklX-k2","jetpack-related-posts":[{"id":1262,"url":"https:\/\/cfcontabil.com\/cf\/receita-lanca-ambiente-de-teste-do-esocial-para-empresas\/","url_meta":{"origin":1242,"position":0},"title":"Receita lan\u00e7a ambiente de teste do eSocial para empresas","author":"Ab\u00edlio Gon\u00e7alves","date":"29 de julho de 2017","format":false,"excerpt":"Segundo a Fenacon as empresas tamb\u00e9m poder\u00e3o contribuir para o aprimoramento do ambiente A Secretaria da Receita Federal disponibilizou o ambiente de produ\u00e7\u00e3o restrita do eSocial, que d\u00e1 in\u00edcio a uma fase de testes do projeto para as empresas. O acesso ser\u00e1 permitido em duas etapas, sendo a primeira no\u2026","rel":"","context":"Em &quot;Departamento Pessoal&quot;","block_context":{"text":"Departamento Pessoal","link":"https:\/\/cfcontabil.com\/cf\/category\/dp\/"},"img":{"alt_text":"","src":"https:\/\/i0.wp.com\/cfcontabil.com\/cf\/wp-content\/uploads\/2017\/06\/esocial-pasta-1.jpg?fit=1000%2C591&ssl=1&resize=350%2C200","width":350,"height":200,"srcset":"https:\/\/i0.wp.com\/cfcontabil.com\/cf\/wp-content\/uploads\/2017\/06\/esocial-pasta-1.jpg?fit=1000%2C591&ssl=1&resize=350%2C200 1x, https:\/\/i0.wp.com\/cfcontabil.com\/cf\/wp-content\/uploads\/2017\/06\/esocial-pasta-1.jpg?fit=1000%2C591&ssl=1&resize=525%2C300 1.5x, https:\/\/i0.wp.com\/cfcontabil.com\/cf\/wp-content\/uploads\/2017\/06\/esocial-pasta-1.jpg?fit=1000%2C591&ssl=1&resize=700%2C400 2x"},"classes":[]},{"id":1272,"url":"https:\/\/cfcontabil.com\/cf\/esocial-libera-ambiente-de-testes-para-todas-as-empresas-do-pais\/","url_meta":{"origin":1242,"position":1},"title":"eSocial libera ambiente de testes para todas as empresas do pa\u00eds","author":"Ab\u00edlio Gon\u00e7alves","date":"7 de agosto de 2017","format":false,"excerpt":"Etapa tem como objetivo preparar o setor produtivo para o in\u00edcio da obrigatoriedade do sistema em 2018 O eSocial disponibiliza, a partir da ter\u00e7a-feira (1\u00b0), o acesso ao ambiente de testes da plataforma para todas as empresas do pa\u00eds. A etapa tem como objetivo preparar o setor produtivo para o\u2026","rel":"","context":"Em &quot;Departamento Fiscal&quot;","block_context":{"text":"Departamento Fiscal","link":"https:\/\/cfcontabil.com\/cf\/category\/df\/"},"img":{"alt_text":"","src":"https:\/\/i0.wp.com\/cfcontabil.com\/cf\/wp-content\/uploads\/2017\/06\/esocial-462x234-1.png?fit=462%2C234&ssl=1&resize=350%2C200","width":350,"height":200},"classes":[]},{"id":1244,"url":"https:\/\/cfcontabil.com\/cf\/esocial-libera-ambiente-de-testes-para-empresas\/","url_meta":{"origin":1242,"position":2},"title":"eSocial libera ambiente de testes para empresas","author":"Ab\u00edlio Gon\u00e7alves","date":"30 de junho de 2017","format":false,"excerpt":"Processo ocorrer\u00e1 em duas etapas e contemplar\u00e1, neste primeiro momento, empresas de TI. A partir de segunda-feira (26), empresas de tecnologia de informa\u00e7\u00e3o podem testar o eSocial, um sistema para facilitar a administra\u00e7\u00e3o de informa\u00e7\u00f5es relativas aos trabalhadores. As empresas v\u00e3o ter um ganho de produtividade e redu\u00e7\u00e3o de processos.\u2026","rel":"","context":"Em &quot;Departamento Pessoal&quot;","block_context":{"text":"Departamento Pessoal","link":"https:\/\/cfcontabil.com\/cf\/category\/dp\/"},"img":{"alt_text":"","src":"https:\/\/i0.wp.com\/cfcontabil.com\/cf\/wp-content\/uploads\/2017\/06\/esocial-pasta-1.jpg?fit=1000%2C591&ssl=1&resize=350%2C200","width":350,"height":200,"srcset":"https:\/\/i0.wp.com\/cfcontabil.com\/cf\/wp-content\/uploads\/2017\/06\/esocial-pasta-1.jpg?fit=1000%2C591&ssl=1&resize=350%2C200 1x, https:\/\/i0.wp.com\/cfcontabil.com\/cf\/wp-content\/uploads\/2017\/06\/esocial-pasta-1.jpg?fit=1000%2C591&ssl=1&resize=525%2C300 1.5x, https:\/\/i0.wp.com\/cfcontabil.com\/cf\/wp-content\/uploads\/2017\/06\/esocial-pasta-1.jpg?fit=1000%2C591&ssl=1&resize=700%2C400 2x"},"classes":[]},{"id":1745,"url":"https:\/\/cfcontabil.com\/cf\/esocial-define-datas-para-implantacao-de-alteracoes-no-novo-sistema\/","url_meta":{"origin":1242,"position":3},"title":"eSocial define datas para implanta\u00e7\u00e3o de altera\u00e7\u00f5es no novo sistema","author":"Ab\u00edlio Gon\u00e7alves","date":"10 de outubro de 2019","format":false,"excerpt":"O\u00a0eSocial\u00a0divulgou nesta quinta-feira,10, a\u00a0Nota T\u00e9cnica 15\/2019\u00a0que traz a previs\u00e3o de implanta\u00e7\u00e3o da Escritura\u00e7\u00e3o Digital das Obriga\u00e7\u00f5es Fiscais, Previdenci\u00e1rias e Trabalhistas \u2013\u00a0eSocial\u00a0nos ambientes de produ\u00e7\u00e3o e teste. A nota tem como objetivo implantar as primeiras medidas de simplifica\u00e7\u00e3o e\u00a0 moderniza\u00e7\u00e3o do\u00a0eSocial,\u00a0conforme disposto no art. 9\u00ba da\u00a0Portaria 300\/2019.\u00a0 Al\u00e9m disso, a revis\u00e3o\u2026","rel":"","context":"Em &quot;Departamento Pessoal&quot;","block_context":{"text":"Departamento Pessoal","link":"https:\/\/cfcontabil.com\/cf\/category\/dp\/"},"img":{"alt_text":"","src":"https:\/\/i0.wp.com\/cfcontabil.com\/cf\/wp-content\/uploads\/2018\/10\/esocial-24-09-2-750x430-1.jpg?fit=750%2C430&ssl=1&resize=350%2C200","width":350,"height":200,"srcset":"https:\/\/i0.wp.com\/cfcontabil.com\/cf\/wp-content\/uploads\/2018\/10\/esocial-24-09-2-750x430-1.jpg?fit=750%2C430&ssl=1&resize=350%2C200 1x, https:\/\/i0.wp.com\/cfcontabil.com\/cf\/wp-content\/uploads\/2018\/10\/esocial-24-09-2-750x430-1.jpg?fit=750%2C430&ssl=1&resize=525%2C300 1.5x, https:\/\/i0.wp.com\/cfcontabil.com\/cf\/wp-content\/uploads\/2018\/10\/esocial-24-09-2-750x430-1.jpg?fit=750%2C430&ssl=1&resize=700%2C400 2x"},"classes":[]},{"id":1352,"url":"https:\/\/cfcontabil.com\/cf\/esocial-registra-o-ingresso-de-1-milhao-de-empregadores\/","url_meta":{"origin":1242,"position":4},"title":"eSocial registra o ingresso de 1 milh\u00e3o de empregadores","author":"Ab\u00edlio Gon\u00e7alves","date":"21 de agosto de 2018","format":false,"excerpt":"O eSocial est\u00e1 sendo implantado desde o primeiro semestre deste ano contemplando 5 fases. No primeiro momento foi a vez das empresas com faturamento superior a R$ 78 milh\u00f5es anuais, que passaram a ter a utiliza\u00e7\u00e3o obrigat\u00f3ria do programa a partir de 8 de janeiro de 2018. Esse grupo \u00e9\u2026","rel":"","context":"Em &quot;Departamento Pessoal&quot;","block_context":{"text":"Departamento Pessoal","link":"https:\/\/cfcontabil.com\/cf\/category\/dp\/"},"img":{"alt_text":"","src":"https:\/\/i0.wp.com\/cfcontabil.com\/cf\/wp-content\/uploads\/2017\/06\/esocial-462x234-1.png?fit=462%2C234&ssl=1&resize=350%2C200","width":350,"height":200},"classes":[]},{"id":1226,"url":"https:\/\/cfcontabil.com\/cf\/atencao-aos-prazos-esocial-para-empresas-esta-chegando-e-deve-ser-prioridade-em-2017\/","url_meta":{"origin":1242,"position":5},"title":"Aten\u00e7\u00e3o aos prazos: eSocial para empresas est\u00e1 chegando e deve ser prioridade em 2017","author":"Ab\u00edlio Gon\u00e7alves","date":"27 de fevereiro de 2017","format":false,"excerpt":"O eSocial, que faz parte do cotidiano dos empregadores dom\u00e9sticos desde 2015, dever\u00e1 ser adotado por todas as empresas do pa\u00eds a partir de janeiro de 2018. Se a sua organiza\u00e7\u00e3o ainda est\u00e1 confusa com os prazos, fique atento: o ambiente de testes estar\u00e1 dispon\u00edvel a partir de julho deste\u2026","rel":"","context":"Em &quot;Departamento Pessoal&quot;","block_context":{"text":"Departamento Pessoal","link":"https:\/\/cfcontabil.com\/cf\/category\/dp\/"},"img":{"alt_text":"","src":"https:\/\/i0.wp.com\/cfcontabil.com\/cf\/wp-content\/uploads\/2016\/03\/esocial-1374759873-2.png?fit=439%2C339&ssl=1&resize=350%2C200","width":350,"height":200},"classes":[]}],"jetpack_likes_enabled":true,"_links":{"self":[{"href":"https:\/\/cfcontabil.com\/cf\/wp-json\/wp\/v2\/posts\/1242","targetHints":{"allow":["GET"]}}],"collection":[{"href":"https:\/\/cfcontabil.com\/cf\/wp-json\/wp\/v2\/posts"}],"about":[{"href":"https:\/\/cfcontabil.com\/cf\/wp-json\/wp\/v2\/types\/post"}],"author":[{"embeddable":true,"href":"https:\/\/cfcontabil.com\/cf\/wp-json\/wp\/v2\/users\/3"}],"replies":[{"embeddable":true,"href":"https:\/\/cfcontabil.com\/cf\/wp-json\/wp\/v2\/comments?post=1242"}],"version-history":[{"count":0,"href":"https:\/\/cfcontabil.com\/cf\/wp-json\/wp\/v2\/posts\/1242\/revisions"}],"wp:featuredmedia":[{"embeddable":true,"href":"https:\/\/cfcontabil.com\/cf\/wp-json\/wp\/v2\/media\/1508"}],"wp:attachment":[{"href":"https:\/\/cfcontabil.com\/cf\/wp-json\/wp\/v2\/media?parent=1242"}],"wp:term":[{"taxonomy":"category","embeddable":true,"href":"https:\/\/cfcontabil.com\/cf\/wp-json\/wp\/v2\/categories?post=1242"},{"taxonomy":"post_tag","embeddable":true,"href":"https:\/\/cfcontabil.com\/cf\/wp-json\/wp\/v2\/tags?post=1242"}],"curies":[{"name":"wp","href":"https:\/\/api.w.org\/{rel}","templated":true}]}}