{"id":1243,"date":"2017-06-28T11:58:36","date_gmt":"2017-06-28T14:58:36","guid":{"rendered":"http:\/\/cfcontabil.com\/cf\/?p=1218"},"modified":"2017-06-28T11:58:36","modified_gmt":"2017-06-28T14:58:36","slug":"dctf-inativa-no-pgd-versao-3-4-bloqueada-ate-30-06","status":"publish","type":"post","link":"https:\/\/cfcontabil.com\/cf\/dctf-inativa-no-pgd-versao-3-4-bloqueada-ate-30-06\/","title":{"rendered":"DCTF INATIVA NO PGD VERS\u00c3O 3.4 BLOQUEADA AT\u00c9 30.06"},"content":{"rendered":"<p align=\"justify\">A libera\u00e7\u00e3o da RFB para a entrega das empresas inativas pela DCTF foi novamente adiada <strong>para at\u00e9 dia 30.06.2017<\/strong> e desde ent\u00e3o surgiram muitas d\u00favidas sobre como preencher e transmitir a declara\u00e7\u00e3o, por isso fizemos um passo-a-passo, para adiantar o trabalho neste curto per\u00edodo para transmiss\u00e3o, pois para 2017, o prazo de entrega da DCTF\/Inativas relativa a janeiro\/2017 est\u00e1 prorrogado para at\u00e9 21 de julho de 2017 pela\u00a0Instru\u00e7\u00e3o Normativa RFB 1.708\/2017.<\/p>\n<p align=\"justify\"><b>PREENCHIMENTO E ENTREGA DA DCTF DAS EMPRESAS INATIVAS<\/b><\/p>\n<p align=\"justify\">\u00c9 bom recordar que as pessoas jur\u00eddicas que <strong>n\u00e3o tenham d\u00e9bitos a declarar<\/strong> ou que passem se enquadrar na situa\u00e7\u00e3o de inatividade deixam de apresentar\u00a0<a href=\"http:\/\/www.portaltributario.com.br\/guia\/dctf.html\">DCTF<\/a>\u00a0a partir do <strong>2\u00ba (segundo) m\u00eas<\/strong> em que permanecerem nessas condi\u00e7\u00f5es.<\/p>\n<div>Por isso, a partir de 2016,\u00a0\u00a0por for\u00e7a da\u00a0Instru\u00e7\u00e3o Normativa RFB 1.646\/2016,\u00a0as\u00a0pessoas jur\u00eddicas inativas\u00a0dever\u00e3o apresentar\u00a0DCTF\u00a0relativa a janeiro de cada ano-calend\u00e1rio, a partir da vers\u00e3o 3.4 liberada recentemente.<\/div>\n<div><\/div>\n<div>Portanto, a\u00a0DSPJ \u2013 Inativa\u00a0est\u00e1 extinta a partir deste ano (2017).<\/div>\n<div><\/div>\n<div>Com as orienta\u00e7\u00f5es acima, vamos ao passo-a-passo do preenchimento:<\/div>\n<p><!--more--><strong>1. IDENTIFICA\u00c7\u00c3O DA EMPRESA:<\/strong><\/p>\n<p><a href=\"https:\/\/i0.wp.com\/cfcontabil.com\/cf\/wp-content\/uploads\/2017\/06\/INATIVA_PASSO01.png\"><img data-recalc-dims=\"1\" fetchpriority=\"high\" decoding=\"async\" class=\"aligncenter size-full wp-image-1220\" src=\"https:\/\/i0.wp.com\/cfcontabil.com\/cf\/wp-content\/uploads\/2017\/06\/INATIVA_PASSO01.png?resize=1170%2C699\" alt=\"\" width=\"1170\" height=\"699\" \/><\/a><\/p>\n<div><b>Notas:\u00a0<\/b><\/div>\n<div>&#8211; Clique nas imagens para ampliar.<\/div>\n<div><\/div>\n<div>&#8211; O per\u00edodo de apura\u00e7\u00e3o \u00e9 referente a Janeiro\/2017 (para INATIVAS do ano de 2016) e Janeiro\/2016 (para INATIVAS do ano de 2015) para as empresas que n\u00e3o entregaram ano passado, conforme determina a Instru\u00e7\u00e3o Normativa.<\/div>\n<div><\/div>\n<div>&#8211;\u00a0<span style=\"font-size: 1rem;\">As entidades cont\u00e1beis catarinenses (CRCSC, Fecontesc e Sescons Santa Catarina, Grande Florian\u00f3polis e Blumenau) disponibilizaram aos profissionais da contabilidade um modelo para proceder a <strong>defesa contra multas<\/strong> pela n\u00e3o entrega da DCTF por empresas sem movimento, do ano de 2016.\u00a0<\/span><span style=\"font-size: 1rem;\">O modelo foi elaborado pela equipe da Telini &amp; Falk Advogados Associados.\u00a0<\/span><span style=\"font-size: 1rem;\">Para acess\u00e1-lo\u00a0<\/span><a style=\"font-size: 1rem;\" href=\"https:\/\/goo.gl\/mg8jwf\" target=\"_blank\" rel=\"noopener noreferrer\">clique aqui.<\/a><\/div>\n<div><\/div>\n<div>&#8211; Sobre o <strong>cancelamento de multas<\/strong>, recordamos uma \u00a0<a href=\"http:\/\/idg.receita.fazenda.gov.br\/noticias\/ascom\/2016\/julho\/cancelamento-das-multas-aplicadas-as-dctf-de-01-2016-entregues-pelas-pj-inativas\">das notas da Receita Federal em Julho de 2016<\/a>\u00a0: &#8220;As multas por atraso relativas \u00e0s DCTF do m\u00eas de janeiro de 2016, entregues pelas pessoas jur\u00eddicas inativas, que<strong> foram aplicadas anteriormente \u00e0 implementa\u00e7\u00e3o da nova vers\u00e3o do sistema da DCTF,<\/strong> est\u00e3o sendo canceladas \u00e0 medida em que as unidades da Receita Federal <strong>s\u00e3o informadas dos casos<\/strong>.&#8221;.<\/div>\n<div><\/div>\n<div><strong>2. DADOS INICIAIS:<\/strong><\/div>\n<div><\/div>\n<div><a href=\"https:\/\/i0.wp.com\/cfcontabil.com\/cf\/wp-content\/uploads\/2017\/06\/INATIVA_PASSO00.png\"><img data-recalc-dims=\"1\" decoding=\"async\" class=\"aligncenter size-full wp-image-1223\" src=\"https:\/\/i0.wp.com\/cfcontabil.com\/cf\/wp-content\/uploads\/2017\/06\/INATIVA_PASSO00.png?resize=1170%2C699\" alt=\"\" width=\"1170\" height=\"699\" \/><\/a><\/div>\n<div><\/div>\n<div><b>Notas:\u00a0<\/b><\/div>\n<div>&#8211; A forma de tributa\u00e7\u00e3o do lucro escolhida foi a do Lucro Presumido (op\u00e7\u00e3o escolhida por n\u00e3o ter nenhuma op\u00e7\u00e3o de inatividade dentro da DCTF).<\/div>\n<div><\/div>\n<p>&#8211; Neste programa, houve a inclus\u00e3o da Caixa de Verifica\u00e7\u00e3o \u201cEmpresa inativa no m\u00eas da declara\u00e7\u00e3o\u201d, para simplificar o preenchimento da DCTF pelas\u00a0pessoas jur\u00eddicas inativas, que passaram \u00e0 condi\u00e7\u00e3o de obrigadas \u00e0 entrega da DCTF com a extin\u00e7\u00e3o da Declara\u00e7\u00e3o Simplificada da Pessoa Jur\u00eddica \u2013 Inativas (DSPJ \u2013 Inativas).<\/p>\n<p><strong>3. DADOS CADASTRAIS DO ESTABELECIMENTO MATRIZ<\/strong><\/p>\n<p><a href=\"https:\/\/i0.wp.com\/cfcontabil.com\/cf\/wp-content\/uploads\/2017\/06\/INATIVA_PASSO02-1.png\"><img data-recalc-dims=\"1\" decoding=\"async\" class=\"aligncenter size-full wp-image-1222\" src=\"https:\/\/i0.wp.com\/cfcontabil.com\/cf\/wp-content\/uploads\/2017\/06\/INATIVA_PASSO02-1.png?resize=1170%2C699\" alt=\"\" width=\"1170\" height=\"699\" \/><\/a><\/p>\n<div><b>Notas:\u00a0<\/b><\/div>\n<div>&#8211;\u00a0Transcrever exatamente da forma como consta no Cart\u00e3o CNPJ da empresa.<\/div>\n<div><\/div>\n<div><strong>4. DADOS DO RESPONS\u00c1VEL PELA PESSOA JUR\u00cdDICA:<\/strong><\/div>\n<div><\/div>\n<div><a href=\"https:\/\/i0.wp.com\/cfcontabil.com\/cf\/wp-content\/uploads\/2017\/06\/INATIVA_PASSO03.png\"><img data-recalc-dims=\"1\" loading=\"lazy\" decoding=\"async\" class=\"aligncenter size-full wp-image-1224\" src=\"https:\/\/i0.wp.com\/cfcontabil.com\/cf\/wp-content\/uploads\/2017\/06\/INATIVA_PASSO03.png?resize=1170%2C699\" alt=\"\" width=\"1170\" height=\"699\" \/><\/a><\/div>\n<div>\n<div><\/div>\n<div><b>Notas:\u00a0<\/b><\/div>\n<div>&#8211; Informar os dados do\u00a0Representante pela Empresa cadastrado na Receita Federal (ao transmitir ser\u00e1 verificado, impedindo a entrega) e da Escritura\u00e7\u00e3o, ou seja, quem est\u00e1 realizando o preenchimento: um terceiro (contador por exemplo) ou o pr\u00f3prio contribuinte.<\/div>\n<\/div>\n<div><\/div>\n<div><strong>5. D\u00c9BITOS\/CR\u00c9DITOS:<\/strong><\/div>\n<div><\/div>\n<div><a href=\"https:\/\/i0.wp.com\/cfcontabil.com\/cf\/wp-content\/uploads\/2017\/06\/INATIVA_PASSO04.png\"><img data-recalc-dims=\"1\" loading=\"lazy\" decoding=\"async\" class=\"aligncenter size-full wp-image-1225\" src=\"https:\/\/i0.wp.com\/cfcontabil.com\/cf\/wp-content\/uploads\/2017\/06\/INATIVA_PASSO04.png?resize=1170%2C698\" alt=\"\" width=\"1170\" height=\"698\" \/><\/a><\/div>\n<div><\/div>\n<div>\n<div><b>Notas:\u00a0<\/b><\/div>\n<div>&#8211; N\u00e3o ser\u00e1 poss\u00edvel realizar lan\u00e7amentos nesta ficha, pois informamos que a declara\u00e7\u00e3o \u00e9 de inatividade da empresa.<\/div>\n<\/div>\n<div><\/div>\n<div><strong>6. GRAVA\u00c7\u00c3O E ENTREGA:<\/strong><\/div>\n<div><\/div>\n<div><a href=\"https:\/\/i0.wp.com\/cfcontabil.com\/cf\/wp-content\/uploads\/2017\/06\/INATIVA_PASSO05.png\"><img data-recalc-dims=\"1\" loading=\"lazy\" decoding=\"async\" class=\"aligncenter size-full wp-image-1226\" src=\"https:\/\/i0.wp.com\/cfcontabil.com\/cf\/wp-content\/uploads\/2017\/06\/INATIVA_PASSO05.png?resize=1170%2C699\" alt=\"\" width=\"1170\" height=\"699\" \/><\/a><\/div>\n<div><\/div>\n<div>\n<div>Ap\u00f3s o preenchimento destas informa\u00e7\u00f5es, a empresa dever\u00e1 gravar a declara\u00e7\u00e3o e\u00a0<b>transmiti-la sem a utiliza\u00e7\u00e3o do certificado digital.<\/b><\/div>\n<div><\/div>\n<\/div>\n<div>\n<p>Em nota divulgada h\u00e1 poucos dias, a Receita Federal havia anunciado que a DCTF Inativa 2017, bem como os arquivos das DCTFS sem D\u00e9bito a declarar de 2017,\u00a0poderiam ser transmitidos a partir do dia 26 de junho.<\/p>\n<p>Por\u00e9m, a Receita Federal alterou a nota e com isto tamb\u00e9m alterou a data prevista para iniciar a transmiss\u00e3o da DCTF Inativa e tamb\u00e9m a DCTF sem d\u00e9bito a \u00a0declarar.<\/p>\n<p><span style=\"font-size: 1rem;\">A nova promessa \u00e9 que para no m\u00e1ximo at\u00e9 dia 30\/06 a libera\u00e7\u00e3o do programa, vide a nota completa:<\/span><\/p>\n<\/div>\n<div><i>&#8216;ATEN\u00c7\u00c3O: Esta vers\u00e3o do programa deve ser utilizada para a elabora\u00e7\u00e3o das\u00a0<a class=\"classtermo\" href=\"http:\/\/www.contabeis.com.br\/termos-contabeis\/dctf\">DCTF<\/a>\u00a0referentes aos per\u00edodos de apura\u00e7\u00e3o de janeiro a abril de 2017 das pessoas jur\u00eddicas inativas ou que n\u00e3o tenham d\u00e9bitos a declarar, cujo prazo de entrega vence em <strong>21\/7\/2017<\/strong>.<br \/>\nA transmiss\u00e3o das declara\u00e7\u00f5es preenchidas mediante a utiliza\u00e7\u00e3o desta vers\u00e3o do PGD\u00a0<a class=\"classtermo\" href=\"http:\/\/www.contabeis.com.br\/termos-contabeis\/dctf\">DCTF<\/a>\u00a0Mensal ser\u00e1 liberada a partir de, no m\u00e1ximo, <strong>30\/6\/2017<\/strong>. Durante o per\u00edodo em que o programa estiver dispon\u00edvel apenas para o preenchimento das declara\u00e7\u00f5es, solicita-se que qualquer problema verificado seja imediatamente reportado por meio de mensagem \u00e0 Ouvidoria da RFB.&#8217;<\/i><\/div>\n","protected":false},"excerpt":{"rendered":"<p>A libera\u00e7\u00e3o da RFB para a entrega das empresas inativas pela DCTF foi novamente adiada para at\u00e9 dia 30.06.2017 e desde ent\u00e3o surgiram muitas d\u00favidas sobre como preencher e transmitir a declara\u00e7\u00e3o, por isso fizemos um passo-a-passo, para adiantar o trabalho neste curto per\u00edodo para transmiss\u00e3o, pois para 2017, o prazo de entrega da DCTF\/Inativas [&hellip;]<\/p>\n","protected":false},"author":3,"featured_media":1510,"comment_status":"open","ping_status":"open","sticky":false,"template":"","format":"standard","meta":{"jetpack_post_was_ever_published":false,"_jetpack_newsletter_access":"","_jetpack_dont_email_post_to_subs":false,"_jetpack_newsletter_tier_id":0,"_jetpack_memberships_contains_paywalled_content":false,"_jetpack_memberships_contains_paid_content":false,"footnotes":"","jetpack_publicize_message":"","jetpack_publicize_feature_enabled":true,"jetpack_social_post_already_shared":true,"jetpack_social_options":{"image_generator_settings":{"template":"highway","default_image_id":0,"font":"","enabled":false},"version":2}},"categories":[46],"tags":[542,543,285,123,106,517,71,287,365,406,408,544,367,545,546,188,74,354,514,547],"class_list":["post-1243","post","type-post","status-publish","format-standard","has-post-thumbnail","hentry","category-df","tag-3-4","tag-como","tag-dctf","tag-debitos","tag-declaracao","tag-declarar","tag-federal","tag-inativa","tag-inatividade","tag-instrucao","tag-normativa","tag-passo","tag-pgd","tag-preencher","tag-preenchimento","tag-programa","tag-receita","tag-transmissao","tag-tutorial","tag-versao"],"jetpack_publicize_connections":[],"jetpack_featured_media_url":"https:\/\/i0.wp.com\/cfcontabil.com\/cf\/wp-content\/uploads\/2017\/06\/INATIVA_DCTF34-1.png?fit=1440%2C636&ssl=1","jetpack_sharing_enabled":true,"jetpack_shortlink":"https:\/\/wp.me\/p2wklX-k3","jetpack-related-posts":[{"id":1245,"url":"https:\/\/cfcontabil.com\/cf\/receita-federal-libera-envio-da-dctf-para-pessoas-juridicas-inativas\/","url_meta":{"origin":1243,"position":0},"title":"Receita Federal libera envio da DCTF para Pessoas Jur\u00eddicas INATIVAS","author":"Ab\u00edlio Gon\u00e7alves","date":"29 de junho de 2017","format":false,"excerpt":"Envio de declara\u00e7\u00e3o de inativas, referentes ao per\u00edodo de janeiro a abril, tem que ser realizado at\u00e9 o dia 21 de julho de 2017. A Receita Federal do Brasil \u2013 RFB liberou a vers\u00e3o 3.4 do Programa Gerador da Declara\u00e7\u00e3o \u2013 PGD de D\u00e9bitos e Cr\u00e9ditos Tribut\u00e1rios Federais \u2013 DCTF\u2026","rel":"","context":"Em &quot;Departamento Fiscal&quot;","block_context":{"text":"Departamento Fiscal","link":"https:\/\/cfcontabil.com\/cf\/category\/df\/"},"img":{"alt_text":"","src":"https:\/\/i0.wp.com\/cfcontabil.com\/cf\/wp-content\/uploads\/2017\/06\/INATIVA_DCTF34-1.png?fit=1200%2C530&ssl=1&resize=350%2C200","width":350,"height":200,"srcset":"https:\/\/i0.wp.com\/cfcontabil.com\/cf\/wp-content\/uploads\/2017\/06\/INATIVA_DCTF34-1.png?fit=1200%2C530&ssl=1&resize=350%2C200 1x, https:\/\/i0.wp.com\/cfcontabil.com\/cf\/wp-content\/uploads\/2017\/06\/INATIVA_DCTF34-1.png?fit=1200%2C530&ssl=1&resize=525%2C300 1.5x, https:\/\/i0.wp.com\/cfcontabil.com\/cf\/wp-content\/uploads\/2017\/06\/INATIVA_DCTF34-1.png?fit=1200%2C530&ssl=1&resize=700%2C400 2x, https:\/\/i0.wp.com\/cfcontabil.com\/cf\/wp-content\/uploads\/2017\/06\/INATIVA_DCTF34-1.png?fit=1200%2C530&ssl=1&resize=1050%2C600 3x"},"classes":[]},{"id":1192,"url":"https:\/\/cfcontabil.com\/cf\/dctf-inativa-e-sem-debitos-2017-receita-promete-liberar-transmissao-a-partir-do-dia-2606\/","url_meta":{"origin":1243,"position":1},"title":"DCTF Inativa e Sem D\u00e9bitos 2017 &#8211; Receita promete liberar transmiss\u00e3o a partir do dia 26\/06","author":"Ab\u00edlio Gon\u00e7alves","date":"21 de junho de 2017","format":false,"excerpt":"Precisa entregar a DCTF Inativa 2017 e Sem D\u00e9bitos a declarar de janeiro at\u00e9 abril de 2017? Receita Federal promete liberar a transmiss\u00e3o a partir do dia 26 de junho. Depois de muita espera a Receita Federal liberou dia 16\/06 a vers\u00e3o 3.4 do Programa Gerador da\u00a0DCTF\u00a0que servir\u00e1 para preencher\u2026","rel":"","context":"Em &quot;Departamento Fiscal&quot;","block_context":{"text":"Departamento Fiscal","link":"https:\/\/cfcontabil.com\/cf\/category\/df\/"},"img":{"alt_text":"","src":"https:\/\/i0.wp.com\/cfcontabil.com\/cf\/wp-content\/uploads\/2017\/06\/site-receita-federal-dctf-1.jpeg?fit=1200%2C675&ssl=1&resize=350%2C200","width":350,"height":200,"srcset":"https:\/\/i0.wp.com\/cfcontabil.com\/cf\/wp-content\/uploads\/2017\/06\/site-receita-federal-dctf-1.jpeg?fit=1200%2C675&ssl=1&resize=350%2C200 1x, https:\/\/i0.wp.com\/cfcontabil.com\/cf\/wp-content\/uploads\/2017\/06\/site-receita-federal-dctf-1.jpeg?fit=1200%2C675&ssl=1&resize=525%2C300 1.5x, https:\/\/i0.wp.com\/cfcontabil.com\/cf\/wp-content\/uploads\/2017\/06\/site-receita-federal-dctf-1.jpeg?fit=1200%2C675&ssl=1&resize=700%2C400 2x, https:\/\/i0.wp.com\/cfcontabil.com\/cf\/wp-content\/uploads\/2017\/06\/site-receita-federal-dctf-1.jpeg?fit=1200%2C675&ssl=1&resize=1050%2C600 3x"},"classes":[]},{"id":928,"url":"https:\/\/cfcontabil.com\/cf\/dctf-inativas-2017-entrega-na-versao-3-3b-esta-suspensa\/","url_meta":{"origin":1243,"position":2},"title":"DCTF Inativas 2017 &#8211; Entrega na vers\u00e3o 3.3b est\u00e1 suspensa","author":"Ab\u00edlio Gon\u00e7alves","date":"8 de fevereiro de 2017","format":false,"excerpt":"Receita Federal informou (06\/02) que o PGD DCTF est\u00e1 sendo alterado para simplificar o preenchimento da declara\u00e7\u00e3o pelas pessoas jur\u00eddicas inativas, incluindo a dispensa da exig\u00eancia de certificado digital, a transmiss\u00e3o de DCTF sem d\u00e9bitos referente aos per\u00edodos de apura\u00e7\u00e3o a partir de janeiro de 2017, na vers\u00e3o atual do\u2026","rel":"","context":"Em &quot;Departamento Fiscal&quot;","block_context":{"text":"Departamento Fiscal","link":"https:\/\/cfcontabil.com\/cf\/category\/df\/"},"img":{"alt_text":"","src":"https:\/\/i0.wp.com\/cfcontabil.com\/cf\/wp-content\/uploads\/2017\/02\/dctf-1.png?fit=800%2C500&ssl=1&resize=350%2C200","width":350,"height":200,"srcset":"https:\/\/i0.wp.com\/cfcontabil.com\/cf\/wp-content\/uploads\/2017\/02\/dctf-1.png?fit=800%2C500&ssl=1&resize=350%2C200 1x, https:\/\/i0.wp.com\/cfcontabil.com\/cf\/wp-content\/uploads\/2017\/02\/dctf-1.png?fit=800%2C500&ssl=1&resize=525%2C300 1.5x, https:\/\/i0.wp.com\/cfcontabil.com\/cf\/wp-content\/uploads\/2017\/02\/dctf-1.png?fit=800%2C500&ssl=1&resize=700%2C400 2x"},"classes":[]},{"id":1188,"url":"https:\/\/cfcontabil.com\/cf\/baixe-o-pgd-dctf-inativa-v3-4-inativa\/","url_meta":{"origin":1243,"position":3},"title":"Baixe o PGD DCTF Inativa v3.4 (Inativa)","author":"Ab\u00edlio Gon\u00e7alves","date":"19 de junho de 2017","format":false,"excerpt":"Ap\u00f3s dois adiamentos de prazos e muito estresse para contabilistas e respons\u00e1veis pelos departamentos tribut\u00e1rios das empresas, foi aprovado a\u00a0vers\u00e3o 3.4 do Programa Gerador da Declara\u00e7\u00e3o (PGD) de D\u00e9bitos e Cr\u00e9ditos Tribut\u00e1rios Federais (DCTF) Mensal que inclui a informa\u00e7\u00e3o de empresa inativa. Neste programa, houve a inclus\u00e3o da Caixa de\u2026","rel":"","context":"Em &quot;Departamento Fiscal&quot;","block_context":{"text":"Departamento Fiscal","link":"https:\/\/cfcontabil.com\/cf\/category\/df\/"},"img":{"alt_text":"","src":"https:\/\/i0.wp.com\/cfcontabil.com\/cf\/wp-content\/uploads\/2017\/06\/download-1.png?fit=1200%2C544&ssl=1&resize=350%2C200","width":350,"height":200,"srcset":"https:\/\/i0.wp.com\/cfcontabil.com\/cf\/wp-content\/uploads\/2017\/06\/download-1.png?fit=1200%2C544&ssl=1&resize=350%2C200 1x, https:\/\/i0.wp.com\/cfcontabil.com\/cf\/wp-content\/uploads\/2017\/06\/download-1.png?fit=1200%2C544&ssl=1&resize=525%2C300 1.5x, https:\/\/i0.wp.com\/cfcontabil.com\/cf\/wp-content\/uploads\/2017\/06\/download-1.png?fit=1200%2C544&ssl=1&resize=700%2C400 2x, https:\/\/i0.wp.com\/cfcontabil.com\/cf\/wp-content\/uploads\/2017\/06\/download-1.png?fit=1200%2C544&ssl=1&resize=1050%2C600 3x"},"classes":[]},{"id":1185,"url":"https:\/\/cfcontabil.com\/cf\/urgente-dctf-nova-versao-3-4-inativa\/","url_meta":{"origin":1243,"position":4},"title":"URGENTE: DCTF: NOVA VERS\u00c3O 3.4 (INATIVA)","author":"Ab\u00edlio Gon\u00e7alves","date":"16 de junho de 2017","format":false,"excerpt":"Inativas dever\u00e3o apresentar a DCTF Com as altera\u00e7\u00f5es trazidas pela IN RFB 1.646, publicada hoje no Di\u00e1rio Oficial da Uni\u00e3o, as pessoas jur\u00eddicas inativas dever\u00e3o apresentar Declara\u00e7\u00e3o de D\u00e9bitos e Cr\u00e9ditos Tribut\u00e1rios Federais - DCTF relativa a janeiro de cada ano-calend\u00e1rio, obriga\u00e7\u00e3o que j\u00e1 era exigida para as pessoas jur\u00eddicas\u2026","rel":"","context":"Em &quot;Departamento Fiscal&quot;","block_context":{"text":"Departamento Fiscal","link":"https:\/\/cfcontabil.com\/cf\/category\/df\/"},"img":{"alt_text":"","src":"https:\/\/i0.wp.com\/cfcontabil.com\/cf\/wp-content\/uploads\/2017\/02\/dctf-1.png?fit=800%2C500&ssl=1&resize=350%2C200","width":350,"height":200,"srcset":"https:\/\/i0.wp.com\/cfcontabil.com\/cf\/wp-content\/uploads\/2017\/02\/dctf-1.png?fit=800%2C500&ssl=1&resize=350%2C200 1x, https:\/\/i0.wp.com\/cfcontabil.com\/cf\/wp-content\/uploads\/2017\/02\/dctf-1.png?fit=800%2C500&ssl=1&resize=525%2C300 1.5x, https:\/\/i0.wp.com\/cfcontabil.com\/cf\/wp-content\/uploads\/2017\/02\/dctf-1.png?fit=800%2C500&ssl=1&resize=700%2C400 2x"},"classes":[]},{"id":917,"url":"https:\/\/cfcontabil.com\/cf\/receita-esclarece-duvidas-sobre-in-1-646-dctf-dspj\/","url_meta":{"origin":1243,"position":5},"title":"Receita esclarece d\u00favidas sobre IN 1.646 &#8211; DCTF \/ DSPJ","author":"Ab\u00edlio Gon\u00e7alves","date":"1 de fevereiro de 2017","format":false,"excerpt":"A Instru\u00e7\u00e3o Normativa RFB n\u00ba 1.646, de 30 de maio de 2016, realizou adequa\u00e7\u00f5es na Instru\u00e7\u00e3o Normativa RFB n\u00ba 1.599, de 11 de dezembro de 2015, que disp\u00f5e sobre a Declara\u00e7\u00e3o de D\u00e9bitos e Cr\u00e9ditos Tribut\u00e1rios Federais (DCTF), e na Instru\u00e7\u00e3o Normativa RFB n\u00ba 1.605, de 22 de dezembro de\u2026","rel":"","context":"Em &quot;Departamento Fiscal&quot;","block_context":{"text":"Departamento Fiscal","link":"https:\/\/cfcontabil.com\/cf\/category\/df\/"},"img":{"alt_text":"","src":"https:\/\/i0.wp.com\/cfcontabil.com\/cf\/wp-content\/uploads\/2017\/02\/dctf-1.png?fit=800%2C500&ssl=1&resize=350%2C200","width":350,"height":200,"srcset":"https:\/\/i0.wp.com\/cfcontabil.com\/cf\/wp-content\/uploads\/2017\/02\/dctf-1.png?fit=800%2C500&ssl=1&resize=350%2C200 1x, https:\/\/i0.wp.com\/cfcontabil.com\/cf\/wp-content\/uploads\/2017\/02\/dctf-1.png?fit=800%2C500&ssl=1&resize=525%2C300 1.5x, https:\/\/i0.wp.com\/cfcontabil.com\/cf\/wp-content\/uploads\/2017\/02\/dctf-1.png?fit=800%2C500&ssl=1&resize=700%2C400 2x"},"classes":[]}],"jetpack_likes_enabled":true,"_links":{"self":[{"href":"https:\/\/cfcontabil.com\/cf\/wp-json\/wp\/v2\/posts\/1243","targetHints":{"allow":["GET"]}}],"collection":[{"href":"https:\/\/cfcontabil.com\/cf\/wp-json\/wp\/v2\/posts"}],"about":[{"href":"https:\/\/cfcontabil.com\/cf\/wp-json\/wp\/v2\/types\/post"}],"author":[{"embeddable":true,"href":"https:\/\/cfcontabil.com\/cf\/wp-json\/wp\/v2\/users\/3"}],"replies":[{"embeddable":true,"href":"https:\/\/cfcontabil.com\/cf\/wp-json\/wp\/v2\/comments?post=1243"}],"version-history":[{"count":0,"href":"https:\/\/cfcontabil.com\/cf\/wp-json\/wp\/v2\/posts\/1243\/revisions"}],"wp:featuredmedia":[{"embeddable":true,"href":"https:\/\/cfcontabil.com\/cf\/wp-json\/wp\/v2\/media\/1510"}],"wp:attachment":[{"href":"https:\/\/cfcontabil.com\/cf\/wp-json\/wp\/v2\/media?parent=1243"}],"wp:term":[{"taxonomy":"category","embeddable":true,"href":"https:\/\/cfcontabil.com\/cf\/wp-json\/wp\/v2\/categories?post=1243"},{"taxonomy":"post_tag","embeddable":true,"href":"https:\/\/cfcontabil.com\/cf\/wp-json\/wp\/v2\/tags?post=1243"}],"curies":[{"name":"wp","href":"https:\/\/api.w.org\/{rel}","templated":true}]}}