{"id":1244,"date":"2017-06-30T05:00:43","date_gmt":"2017-06-30T08:00:43","guid":{"rendered":"http:\/\/cfcontabil.com\/cf\/?p=1215"},"modified":"2017-06-30T05:00:43","modified_gmt":"2017-06-30T08:00:43","slug":"esocial-libera-ambiente-de-testes-para-empresas","status":"publish","type":"post","link":"https:\/\/cfcontabil.com\/cf\/esocial-libera-ambiente-de-testes-para-empresas\/","title":{"rendered":"eSocial libera ambiente de testes para empresas"},"content":{"rendered":"<p><strong>Processo ocorrer\u00e1 em duas etapas e contemplar\u00e1, neste primeiro momento, empresas de TI.<\/strong><\/p>\n<p>A partir de segunda-feira (26), empresas de tecnologia de informa\u00e7\u00e3o podem testar o eSocial, um sistema para facilitar a administra\u00e7\u00e3o de informa\u00e7\u00f5es relativas aos trabalhadores.<\/p>\n<p>As empresas v\u00e3o ter um ganho de produtividade e redu\u00e7\u00e3o de processos. Em uma \u00fanica declara\u00e7\u00e3o vai constar todas as informa\u00e7\u00f5es referentes \u00e0s rela\u00e7\u00f5es trabalhistas, como FGTS, Caged e Rais, previdenci\u00e1rias, como GFIP e CAT, e fiscais como a DIRF, por exemplo.<\/p>\n<p>A medida foi autorizada pela publica\u00e7\u00e3o da resolu\u00e7\u00e3o n\u00b0 9 do Comit\u00ea Gestor do eSocial, no Di\u00e1rio Oficial da \u00faltima sexta-feira (23). O eSocial \u00e9 um projeto conjunto do governo federal que integra Minist\u00e9rio do Trabalho, Caixa Econ\u00f4mica, Secretaria de Previd\u00eancia, INSS e Receita Federal.<\/p>\n<p>A iniciativa faz parte de uma etapa de prepara\u00e7\u00e3o \u2013 tanto para o governo, como para o setor produtivo \u2013 para o in\u00edcio da utiliza\u00e7\u00e3o obrigat\u00f3ria do eSocial para todos os empregadores do pa\u00eds.<\/p>\n<p>O cronograma de implanta\u00e7\u00e3o do eSocial prev\u00ea a ado\u00e7\u00e3o obrigat\u00f3ria do programa, a partir de 1\u00b0 de janeiro de 2018, para as empresas com faturamento superior a R$ 78 milh\u00f5es anuais. J\u00e1 a partir de 1\u00b0 de julho de 2018, o eSocial torna-se obrigat\u00f3rio para todas as demais empresas do pa\u00eds.<\/p>\n<p>De acordo com o Comit\u00ea Gestor do eSocial, a implanta\u00e7\u00e3o deste per\u00edodo de testes tem como objetivo a adapta\u00e7\u00e3o das empresas ao sistema, al\u00e9m da verifica\u00e7\u00e3o de falhas e do aperfei\u00e7oamento da plataforma por parte do governo federal. \u00c9 uma oportunidade \u00fanica para que as empresas possam aperfei\u00e7oar e validar os seus sistemas antes do in\u00edcio da obrigatoriedade oficial do uso do eSocial no ano que vem.<\/p>\n<p><strong>Vantagens<\/strong><\/p>\n<p>O Comit\u00ea Gestor do eSocial destaca que o projeto \u00e9 resultado de um esfor\u00e7o conjunto do poder p\u00fablico na constru\u00e7\u00e3o de um programa inovador que traz benef\u00edcios tanto para o setor empresarial, por meio da redu\u00e7\u00e3o de burocracia e do ganho de produtividade, como para a classe trabalhadora, que ter\u00e1 seus direitos assegurados, por meio da maior garantia do cumprimento das obriga\u00e7\u00f5es trabalhistas e previdenci\u00e1rias por parte das empresas empregadoras.<\/p>\n<p>Al\u00e9m disso, o Comit\u00ea lembra que o eSocial significa ainda um ganho importante ao poder p\u00fablico, j\u00e1 que facilitar\u00e1 o processo de fiscaliza\u00e7\u00e3o das obriga\u00e7\u00f5es fiscais, trabalhistas e previdenci\u00e1rias, por meio do cruzamento e da verifica\u00e7\u00e3o de dados por parte do governo federal. Quando plenamente implementado, o eSocial representar\u00e1 a substitui\u00e7\u00e3o de 15 presta\u00e7\u00f5es de informa\u00e7\u00f5es ao governo por parte das empresas por apenas uma.<\/p>\n<p><strong>Orienta\u00e7\u00e3o<\/strong><\/p>\n<p>Para apoiar os profissionais das empresas que ter\u00e3o seu acesso liberado ao ambiente de testes do eSocial, j\u00e1 est\u00e1 dispon\u00edvel no portal do eSocial o Manual para desenvolvedores, com as diretrizes de uso do ambiente restrito. Al\u00e9m disso, foi disponibilizado um canal de comunica\u00e7\u00e3o com a equipe de suporte do eSocial, em que o registro de ocorr\u00eancias poder\u00e1 ser reportado pelas \u00e1reas t\u00e9cnicas das empresas que j\u00e1 estiverem utilizando o ambiente de testes.<\/p>\n<p>Fonte: www.esocial.gov.br<\/p>\n","protected":false},"excerpt":{"rendered":"<p>Processo ocorrer\u00e1 em duas etapas e contemplar\u00e1, neste primeiro momento, empresas de TI. A partir de segunda-feira (26), empresas de tecnologia de informa\u00e7\u00e3o podem testar o eSocial, um sistema para facilitar a administra\u00e7\u00e3o de informa\u00e7\u00f5es relativas aos trabalhadores. As empresas v\u00e3o ter um ganho de produtividade e redu\u00e7\u00e3o de processos. Em uma \u00fanica declara\u00e7\u00e3o vai [&hellip;]<\/p>\n","protected":false},"author":3,"featured_media":1509,"comment_status":"open","ping_status":"open","sticky":false,"template":"","format":"standard","meta":{"jetpack_post_was_ever_published":false,"_jetpack_newsletter_access":"","_jetpack_dont_email_post_to_subs":false,"_jetpack_newsletter_tier_id":0,"_jetpack_memberships_contains_paywalled_content":false,"_jetpack_memberships_contains_paid_content":false,"footnotes":"","jetpack_publicize_message":"","jetpack_publicize_feature_enabled":true,"jetpack_social_post_already_shared":true,"jetpack_social_options":{"image_generator_settings":{"template":"highway","default_image_id":0,"font":"","enabled":false},"version":2}},"categories":[29],"tags":[537,507,548,303,78,79,463,23,295,185,194,27,549,165],"class_list":["post-1244","post","type-post","status-publish","format-standard","has-post-thumbnail","hentry","category-dp","tag-ambiente","tag-caged","tag-cat-dirf","tag-empresa","tag-esocial","tag-fgts","tag-gfip","tag-informacao","tag-previdencia","tag-rais","tag-sistema","tag-tecnologia","tag-ti","tag-trabalhador"],"jetpack_publicize_connections":[],"jetpack_featured_media_url":"https:\/\/i0.wp.com\/cfcontabil.com\/cf\/wp-content\/uploads\/2017\/06\/esocial-pasta-1.jpg?fit=1000%2C591&ssl=1","jetpack_sharing_enabled":true,"jetpack_shortlink":"https:\/\/wp.me\/p2wklX-k4","jetpack-related-posts":[{"id":1178,"url":"https:\/\/cfcontabil.com\/cf\/veja-as-obrigacoes-trabalhistas-a-serem-extintas-com-o-esocial\/","url_meta":{"origin":1244,"position":0},"title":"Veja as obriga\u00e7\u00f5es trabalhistas a serem extintas com o eSocial","author":"Ab\u00edlio Gon\u00e7alves","date":"13 de junho de 2017","format":false,"excerpt":"Com a implementa\u00e7\u00e3o, a transmiss\u00e3o das informa\u00e7\u00f5es ser\u00e1 feita de forma \u00fanica e centralizada Atualmente as informa\u00e7\u00f5es geradas pelos Departamentos Pessoais das empresas s\u00e3o transmitidas a diversos \u00f3rg\u00e3os diferentes, como a Caixa Econ\u00f4mica Federal (CEF), Instituto Nacional do Seguro Social (INSS), o Minist\u00e9rio da Previd\u00eancia (MPS), o Minist\u00e9rio do Trabalho\u2026","rel":"","context":"Em &quot;Departamento Pessoal&quot;","block_context":{"text":"Departamento Pessoal","link":"https:\/\/cfcontabil.com\/cf\/category\/dp\/"},"img":{"alt_text":"","src":"https:\/\/i0.wp.com\/cfcontabil.com\/cf\/wp-content\/uploads\/2016\/03\/E-social-1-1.jpg?fit=660%2C271&ssl=1&resize=350%2C200","width":350,"height":200,"srcset":"https:\/\/i0.wp.com\/cfcontabil.com\/cf\/wp-content\/uploads\/2016\/03\/E-social-1-1.jpg?fit=660%2C271&ssl=1&resize=350%2C200 1x, https:\/\/i0.wp.com\/cfcontabil.com\/cf\/wp-content\/uploads\/2016\/03\/E-social-1-1.jpg?fit=660%2C271&ssl=1&resize=525%2C300 1.5x"},"classes":[]},{"id":1272,"url":"https:\/\/cfcontabil.com\/cf\/esocial-libera-ambiente-de-testes-para-todas-as-empresas-do-pais\/","url_meta":{"origin":1244,"position":1},"title":"eSocial libera ambiente de testes para todas as empresas do pa\u00eds","author":"Ab\u00edlio Gon\u00e7alves","date":"7 de agosto de 2017","format":false,"excerpt":"Etapa tem como objetivo preparar o setor produtivo para o in\u00edcio da obrigatoriedade do sistema em 2018 O eSocial disponibiliza, a partir da ter\u00e7a-feira (1\u00b0), o acesso ao ambiente de testes da plataforma para todas as empresas do pa\u00eds. A etapa tem como objetivo preparar o setor produtivo para o\u2026","rel":"","context":"Em &quot;Departamento Fiscal&quot;","block_context":{"text":"Departamento Fiscal","link":"https:\/\/cfcontabil.com\/cf\/category\/df\/"},"img":{"alt_text":"","src":"https:\/\/i0.wp.com\/cfcontabil.com\/cf\/wp-content\/uploads\/2017\/06\/esocial-462x234-1.png?fit=462%2C234&ssl=1&resize=350%2C200","width":350,"height":200},"classes":[]},{"id":1072,"url":"https:\/\/cfcontabil.com\/cf\/receita-federal-estabelece-a-obrigatoriedade-a-escrituracao-digital-de-retencoes-e-outras-informacoes-fiscais-efd-reinf\/","url_meta":{"origin":1244,"position":2},"title":"Receita Federal estabelece a obrigatoriedade \u00e0 Escritura\u00e7\u00e3o Digital de Reten\u00e7\u00f5es e Outras Informa\u00e7\u00f5es Fiscais (EFD-Reinf)","author":"Ab\u00edlio Gon\u00e7alves","date":"17 de mar\u00e7o de 2017","format":false,"excerpt":"EFD-Reinf tem informa\u00e7\u00f5es prestadas na Dirf e na GFIP. Foi publicada hoje no Di\u00e1rio Ofical da Uni\u00e3o a IN RFB n\u00b0 1701 que estabelece a obrigatoriedade \u00e0 Escritura\u00e7\u00e3o Digital de Reten\u00e7\u00f5es e Outras Informa\u00e7\u00f5es Fiscais (EFD-Reinf). Com a institui\u00e7\u00e3o da EFD-Reinf, cuja obriga\u00e7\u00e3o de entrega dever\u00e1 ser cumprida a partir\u2026","rel":"","context":"Em &quot;Departamento Fiscal&quot;","block_context":{"text":"Departamento Fiscal","link":"https:\/\/cfcontabil.com\/cf\/category\/df\/"},"img":{"alt_text":"","src":"https:\/\/i0.wp.com\/cfcontabil.com\/cf\/wp-content\/uploads\/2017\/02\/receita-federal-1-1.png?fit=702%2C325&ssl=1&resize=350%2C200","width":350,"height":200,"srcset":"https:\/\/i0.wp.com\/cfcontabil.com\/cf\/wp-content\/uploads\/2017\/02\/receita-federal-1-1.png?fit=702%2C325&ssl=1&resize=350%2C200 1x, https:\/\/i0.wp.com\/cfcontabil.com\/cf\/wp-content\/uploads\/2017\/02\/receita-federal-1-1.png?fit=702%2C325&ssl=1&resize=525%2C300 1.5x, https:\/\/i0.wp.com\/cfcontabil.com\/cf\/wp-content\/uploads\/2017\/02\/receita-federal-1-1.png?fit=702%2C325&ssl=1&resize=700%2C400 2x"},"classes":[]},{"id":1352,"url":"https:\/\/cfcontabil.com\/cf\/esocial-registra-o-ingresso-de-1-milhao-de-empregadores\/","url_meta":{"origin":1244,"position":3},"title":"eSocial registra o ingresso de 1 milh\u00e3o de empregadores","author":"Ab\u00edlio Gon\u00e7alves","date":"21 de agosto de 2018","format":false,"excerpt":"O eSocial est\u00e1 sendo implantado desde o primeiro semestre deste ano contemplando 5 fases. No primeiro momento foi a vez das empresas com faturamento superior a R$ 78 milh\u00f5es anuais, que passaram a ter a utiliza\u00e7\u00e3o obrigat\u00f3ria do programa a partir de 8 de janeiro de 2018. Esse grupo \u00e9\u2026","rel":"","context":"Em &quot;Departamento Pessoal&quot;","block_context":{"text":"Departamento Pessoal","link":"https:\/\/cfcontabil.com\/cf\/category\/dp\/"},"img":{"alt_text":"","src":"https:\/\/i0.wp.com\/cfcontabil.com\/cf\/wp-content\/uploads\/2017\/06\/esocial-462x234-1.png?fit=462%2C234&ssl=1&resize=350%2C200","width":350,"height":200},"classes":[]},{"id":1758,"url":"https:\/\/cfcontabil.com\/cf\/publicada-portaria-que-substitui-o-caged-e-rais-pelo-esocial\/","url_meta":{"origin":1244,"position":4},"title":"Publicada portaria que substitui o CAGED e RAIS pelo eSocial","author":"Ab\u00edlio Gon\u00e7alves","date":"15 de outubro de 2019","format":false,"excerpt":"A partir da compet\u00eancia de janeiro 2020 As empresas ou pessoas f\u00edsicas equiparadas a empresas passam a ser obrigadas a substituir as declara\u00e7\u00f5es de CAGED mensal (Cadastro Geral de Empregados e Desempregados) e RAIS (Rela\u00e7\u00e3o Anual de Informa\u00e7\u00f5es Sociais) a partir do ano base 2019, onde eram realizadas a comunica\u00e7\u00e3o\u2026","rel":"","context":"Em &quot;Departamento Pessoal&quot;","block_context":{"text":"Departamento Pessoal","link":"https:\/\/cfcontabil.com\/cf\/category\/dp\/"},"img":{"alt_text":"","src":"https:\/\/i0.wp.com\/cfcontabil.com\/cf\/wp-content\/uploads\/2017\/01\/rais-1280x720-1.jpg?fit=1200%2C675&ssl=1&resize=350%2C200","width":350,"height":200,"srcset":"https:\/\/i0.wp.com\/cfcontabil.com\/cf\/wp-content\/uploads\/2017\/01\/rais-1280x720-1.jpg?fit=1200%2C675&ssl=1&resize=350%2C200 1x, https:\/\/i0.wp.com\/cfcontabil.com\/cf\/wp-content\/uploads\/2017\/01\/rais-1280x720-1.jpg?fit=1200%2C675&ssl=1&resize=525%2C300 1.5x, https:\/\/i0.wp.com\/cfcontabil.com\/cf\/wp-content\/uploads\/2017\/01\/rais-1280x720-1.jpg?fit=1200%2C675&ssl=1&resize=700%2C400 2x, https:\/\/i0.wp.com\/cfcontabil.com\/cf\/wp-content\/uploads\/2017\/01\/rais-1280x720-1.jpg?fit=1200%2C675&ssl=1&resize=1050%2C600 3x"},"classes":[]},{"id":2651,"url":"https:\/\/cfcontabil.com\/cf\/esocial-apresenta-novo-layout-mais-acessivel-e-simplificado\/","url_meta":{"origin":1244,"position":5},"title":"eSocial apresenta novo layout mais acess\u00edvel e simplificado","author":"Ab\u00edlio Gon\u00e7alves","date":"23 de agosto de 2021","format":false,"excerpt":"Atualiza\u00e7\u00e3o no sistema traz novidades que beneficiam e agilizam o envio de informa\u00e7\u00f5es pelos usu\u00e1rios. Anova vers\u00e3o do eSocial j\u00e1 foi implementada e traz novidades, dentre elas, atualiza\u00e7\u00f5es nas solu\u00e7\u00f5es web e no aplicativo mobile. Nesta nova vers\u00e3o, o sistema foi programado para simplificar o envio de informa\u00e7\u00f5es pelos empregadores,\u2026","rel":"","context":"Em &quot;Departamento Pessoal&quot;","block_context":{"text":"Departamento Pessoal","link":"https:\/\/cfcontabil.com\/cf\/category\/dp\/"},"img":{"alt_text":"","src":"https:\/\/i0.wp.com\/cfcontabil.com\/cf\/wp-content\/uploads\/2018\/10\/esocial-24-09-2-750x430-1.jpg?fit=750%2C430&ssl=1&resize=350%2C200","width":350,"height":200,"srcset":"https:\/\/i0.wp.com\/cfcontabil.com\/cf\/wp-content\/uploads\/2018\/10\/esocial-24-09-2-750x430-1.jpg?fit=750%2C430&ssl=1&resize=350%2C200 1x, https:\/\/i0.wp.com\/cfcontabil.com\/cf\/wp-content\/uploads\/2018\/10\/esocial-24-09-2-750x430-1.jpg?fit=750%2C430&ssl=1&resize=525%2C300 1.5x, https:\/\/i0.wp.com\/cfcontabil.com\/cf\/wp-content\/uploads\/2018\/10\/esocial-24-09-2-750x430-1.jpg?fit=750%2C430&ssl=1&resize=700%2C400 2x"},"classes":[]}],"jetpack_likes_enabled":true,"_links":{"self":[{"href":"https:\/\/cfcontabil.com\/cf\/wp-json\/wp\/v2\/posts\/1244","targetHints":{"allow":["GET"]}}],"collection":[{"href":"https:\/\/cfcontabil.com\/cf\/wp-json\/wp\/v2\/posts"}],"about":[{"href":"https:\/\/cfcontabil.com\/cf\/wp-json\/wp\/v2\/types\/post"}],"author":[{"embeddable":true,"href":"https:\/\/cfcontabil.com\/cf\/wp-json\/wp\/v2\/users\/3"}],"replies":[{"embeddable":true,"href":"https:\/\/cfcontabil.com\/cf\/wp-json\/wp\/v2\/comments?post=1244"}],"version-history":[{"count":0,"href":"https:\/\/cfcontabil.com\/cf\/wp-json\/wp\/v2\/posts\/1244\/revisions"}],"wp:featuredmedia":[{"embeddable":true,"href":"https:\/\/cfcontabil.com\/cf\/wp-json\/wp\/v2\/media\/1509"}],"wp:attachment":[{"href":"https:\/\/cfcontabil.com\/cf\/wp-json\/wp\/v2\/media?parent=1244"}],"wp:term":[{"taxonomy":"category","embeddable":true,"href":"https:\/\/cfcontabil.com\/cf\/wp-json\/wp\/v2\/categories?post=1244"},{"taxonomy":"post_tag","embeddable":true,"href":"https:\/\/cfcontabil.com\/cf\/wp-json\/wp\/v2\/tags?post=1244"}],"curies":[{"name":"wp","href":"https:\/\/api.w.org\/{rel}","templated":true}]}}