{"id":1246,"date":"2017-07-01T05:00:24","date_gmt":"2017-07-01T08:00:24","guid":{"rendered":"http:\/\/cfcontabil.com\/cf\/?p=1231"},"modified":"2017-07-01T05:00:24","modified_gmt":"2017-07-01T08:00:24","slug":"cnj-autoriza-uso-do-whatsapp-para-intimacoes-judiciais","status":"publish","type":"post","link":"https:\/\/cfcontabil.com\/cf\/cnj-autoriza-uso-do-whatsapp-para-intimacoes-judiciais\/","title":{"rendered":"CNJ autoriza uso do WhatsApp para intima\u00e7\u00f5es judiciais"},"content":{"rendered":"<p><strong>Uso do aplicativo poder\u00e1 ser op\u00e7\u00e3o apenas com anu\u00eancia de ambas as partes e para intima\u00e7\u00f5es.<\/strong><\/p>\n<p>Com o objetivo de desburocratizar processos do Poder Judici\u00e1rio, o Conselho Nacional de Justi\u00e7a (CNJ) aprovou a utiliza\u00e7\u00e3o do aplicativo WhatsApp para intima\u00e7\u00f5es judiciais. Em vota\u00e7\u00e3o un\u00e2nime, o colegiado contestou decis\u00e3o anterior da Corregedoria do Tribunal de Justi\u00e7a de Goi\u00e1s (TJGO) que proibia o uso.<\/p>\n<p>De acordo com o CNJ, a utiliza\u00e7\u00e3o da ferramenta para a comunica\u00e7\u00e3o de atos processuais foi iniciado em 2015 e se baseou em uma portaria elaborada pelo Juizado Especial C\u00edvel e Criminal de Piracanjuba, em conjunto com a Ordem dos Advogados do Brasil daquela cidade.<\/p>\n<p>Relatora do processo, a conselheira Daldice Santana ressaltou que o uso da ferramenta \u00e9 \u201cinovador\u201d e est\u00e1 alinhado com os princ\u00edpios adotados pelos juizados especiais. \u201cO projeto inovador [&#8230;] encontra-se absolutamente alinhado com os princ\u00edpios que regem a atua\u00e7\u00e3o no \u00e2mbito dos juizados especiais [&#8230;]ele n\u00e3o apresenta v\u00edcios\u201d, considerou, em seu voto.<\/p>\n<p>Apesar da anu\u00eancia do CNJ, o texto da portaria determina que o uso do aplicativo para atos processuais vale somente \u00e0s partes que aderirem aos termos da portaria. Dessa forma, a utiliza\u00e7\u00e3o do WhatsApp \u00e9 facultativa e apenas v\u00e1lida para a realiza\u00e7\u00e3o de intima\u00e7\u00f5es.<\/p>\n<p>Al\u00e9m disso, a portaria prev\u00ea que, se a confirma\u00e7\u00e3o do recebimento da mensagem n\u00e3o ocorra no mesmo dia do envio, a intima\u00e7\u00e3o dever\u00e1 ser feita da forma convencional.<\/p>\n<p>Fonte: Portal Brasil<\/p>\n","protected":false},"excerpt":{"rendered":"<p>Uso do aplicativo poder\u00e1 ser op\u00e7\u00e3o apenas com anu\u00eancia de ambas as partes e para intima\u00e7\u00f5es. Com o objetivo de desburocratizar processos do Poder Judici\u00e1rio, o Conselho Nacional de Justi\u00e7a (CNJ) aprovou a utiliza\u00e7\u00e3o do aplicativo WhatsApp para intima\u00e7\u00f5es judiciais. Em vota\u00e7\u00e3o un\u00e2nime, o colegiado contestou decis\u00e3o anterior da Corregedoria do Tribunal de Justi\u00e7a de [&hellip;]<\/p>\n","protected":false},"author":3,"featured_media":1518,"comment_status":"open","ping_status":"open","sticky":false,"template":"","format":"standard","meta":{"jetpack_post_was_ever_published":false,"_jetpack_newsletter_access":"","_jetpack_dont_email_post_to_subs":false,"_jetpack_newsletter_tier_id":0,"_jetpack_memberships_contains_paywalled_content":false,"_jetpack_memberships_contains_paid_content":false,"footnotes":"","jetpack_publicize_message":"","jetpack_publicize_feature_enabled":true,"jetpack_social_post_already_shared":true,"jetpack_social_options":{"image_generator_settings":{"template":"highway","default_image_id":0,"font":"","enabled":false},"version":2}},"categories":[22],"tags":[521,550,551],"class_list":["post-1246","post","type-post","status-publish","format-standard","has-post-thumbnail","hentry","category-geral","tag-aplicativo","tag-cnj","tag-whatsapp"],"jetpack_publicize_connections":[],"jetpack_featured_media_url":"https:\/\/i0.wp.com\/cfcontabil.com\/cf\/wp-content\/uploads\/2017\/06\/whatsapp-1-1.jpg?fit=750%2C485&ssl=1","jetpack_sharing_enabled":true,"jetpack_shortlink":"https:\/\/wp.me\/p2wklX-k6","jetpack-related-posts":[{"id":1900,"url":"https:\/\/cfcontabil.com\/cf\/whatsapp-quer-ajudar-6-milhoes-de-micro-e-pequenas-empresas-no-brasil\/","url_meta":{"origin":1246,"position":0},"title":"WhatsApp quer ajudar 6 milh\u00f5es de micro e pequenas empresas no Brasil","author":"Ab\u00edlio Gon\u00e7alves","date":"14 de novembro de 2019","format":false,"excerpt":"Parceria com Sebrae-SP visa ajudar MPEs a se conectar com clientes e expandir neg\u00f3cios As pessoas j\u00e1 usam o WhatsApp para fazer neg\u00f3cios, mas a empresa quer tornar tudo ainda mais claro. E o WhatsApp Business, que chegou no Brasil em janeiro de 2018, \u00e9 o principal meio de fazer\u2026","rel":"","context":"Em &quot;Consultoria Empresarial&quot;","block_context":{"text":"Consultoria Empresarial","link":"https:\/\/cfcontabil.com\/cf\/category\/consultoria\/"},"img":{"alt_text":"","src":"https:\/\/i0.wp.com\/cfcontabil.com\/cf\/wp-content\/uploads\/2019\/11\/WhatsApp-1.jpg?fit=739%2C415&ssl=1&resize=350%2C200","width":350,"height":200,"srcset":"https:\/\/i0.wp.com\/cfcontabil.com\/cf\/wp-content\/uploads\/2019\/11\/WhatsApp-1.jpg?fit=739%2C415&ssl=1&resize=350%2C200 1x, https:\/\/i0.wp.com\/cfcontabil.com\/cf\/wp-content\/uploads\/2019\/11\/WhatsApp-1.jpg?fit=739%2C415&ssl=1&resize=525%2C300 1.5x, https:\/\/i0.wp.com\/cfcontabil.com\/cf\/wp-content\/uploads\/2019\/11\/WhatsApp-1.jpg?fit=739%2C415&ssl=1&resize=700%2C400 2x"},"classes":[]},{"id":2050,"url":"https:\/\/cfcontabil.com\/cf\/e-falsa-intimacao-da-receita-federal-enviada-por-correios-pedindo-dados-cadastrais\/","url_meta":{"origin":1246,"position":1},"title":"\u00c9 falsa intima\u00e7\u00e3o da Receita Federal enviada por correios pedindo dados cadastrais","author":"Ab\u00edlio Gon\u00e7alves","date":"7 de janeiro de 2020","format":false,"excerpt":"No of\u00edcio, os criminosos mandam a pessoa acessar um endere\u00e7o eletr\u00f4nico e seguir as instru\u00e7\u00f5es do site, afirmando que \u00e9 um processo \"simples e r\u00e1pido\" Uma falsa intima\u00e7\u00e3o da Receita Federal est\u00e1 chegando pelos correios solicitando dados cadastrais de pessoas f\u00edsicas. O documento diz que a Receita \"detectou inconsist\u00eancias\" e\u2026","rel":"","context":"Em &quot;Geral&quot;","block_context":{"text":"Geral","link":"https:\/\/cfcontabil.com\/cf\/category\/geral\/"},"img":{"alt_text":"","src":"https:\/\/i0.wp.com\/cfcontabil.com\/cf\/wp-content\/uploads\/2020\/01\/golpe-intima%C3%A7%C3%A3o.jpg?fit=742%2C510&ssl=1&resize=350%2C200","width":350,"height":200,"srcset":"https:\/\/i0.wp.com\/cfcontabil.com\/cf\/wp-content\/uploads\/2020\/01\/golpe-intima%C3%A7%C3%A3o.jpg?fit=742%2C510&ssl=1&resize=350%2C200 1x, https:\/\/i0.wp.com\/cfcontabil.com\/cf\/wp-content\/uploads\/2020\/01\/golpe-intima%C3%A7%C3%A3o.jpg?fit=742%2C510&ssl=1&resize=525%2C300 1.5x, https:\/\/i0.wp.com\/cfcontabil.com\/cf\/wp-content\/uploads\/2020\/01\/golpe-intima%C3%A7%C3%A3o.jpg?fit=742%2C510&ssl=1&resize=700%2C400 2x"},"classes":[]},{"id":1854,"url":"https:\/\/cfcontabil.com\/cf\/adiado-prazo-de-implantacao-do-pje-calc\/","url_meta":{"origin":1246,"position":2},"title":"Adiado prazo de implanta\u00e7\u00e3o do PJe-Calc","author":"Ab\u00edlio Gon\u00e7alves","date":"7 de novembro de 2019","format":false,"excerpt":"Obrigatoriedade passou para julho de 2020 Atendido a solicita\u00e7\u00e3o da OAB junto ao Conselho Superior da Justi\u00e7a do Trabalho e ao Comit\u00ea Gestor Nacional do Sistema Pje para o adiamento por seis meses da obrigatoriedade do uso do PJe-Calc pelos advogados, que teriam que utilizar o exclusivamente o sistema a\u2026","rel":"","context":"Em &quot;Departamento Pessoal&quot;","block_context":{"text":"Departamento Pessoal","link":"https:\/\/cfcontabil.com\/cf\/category\/dp\/"},"img":{"alt_text":"","src":"https:\/\/i0.wp.com\/cfcontabil.com\/cf\/wp-content\/uploads\/2019\/11\/pje-calc-cidadao-cf.jpg?fit=1200%2C605&ssl=1&resize=350%2C200","width":350,"height":200,"srcset":"https:\/\/i0.wp.com\/cfcontabil.com\/cf\/wp-content\/uploads\/2019\/11\/pje-calc-cidadao-cf.jpg?fit=1200%2C605&ssl=1&resize=350%2C200 1x, https:\/\/i0.wp.com\/cfcontabil.com\/cf\/wp-content\/uploads\/2019\/11\/pje-calc-cidadao-cf.jpg?fit=1200%2C605&ssl=1&resize=525%2C300 1.5x, https:\/\/i0.wp.com\/cfcontabil.com\/cf\/wp-content\/uploads\/2019\/11\/pje-calc-cidadao-cf.jpg?fit=1200%2C605&ssl=1&resize=700%2C400 2x, https:\/\/i0.wp.com\/cfcontabil.com\/cf\/wp-content\/uploads\/2019\/11\/pje-calc-cidadao-cf.jpg?fit=1200%2C605&ssl=1&resize=1050%2C600 3x"},"classes":[]},{"id":1197,"url":"https:\/\/cfcontabil.com\/cf\/sine-facil-mais-de-120-mil-downloads-e-55-mil-pessoas-encaminhadas-para-vagas-de-emprego\/","url_meta":{"origin":1246,"position":3},"title":"SINE F\u00c1CIL &#8211; Mais de 120 mil downloads e 5,5 mil pessoas encaminhadas para vagas de emprego","author":"Ab\u00edlio Gon\u00e7alves","date":"23 de junho de 2017","format":false,"excerpt":"Com tr\u00eas semanas de funcionamento, aplicativo superou resultados. Lan\u00e7ado pelo Minist\u00e9rio do Trabalho h\u00e1 tr\u00eas semanas, o Sine F\u00e1cil j\u00e1 registrou 124.715 downloads at\u00e9 a \u00faltima segunda (12) e encaminhou 5.590 pessoas para vagas de emprego. Em apenas um dia, o aplicativo, criado para facilitar o acesso do trabalhador a\u2026","rel":"","context":"Em &quot;Departamento Pessoal&quot;","block_context":{"text":"Departamento Pessoal","link":"https:\/\/cfcontabil.com\/cf\/category\/dp\/"},"img":{"alt_text":"","src":"https:\/\/i0.wp.com\/cfcontabil.com\/cf\/wp-content\/uploads\/2017\/05\/carteira-de-trabalho-1.jpg?fit=590%2C302&ssl=1&resize=350%2C200","width":350,"height":200,"srcset":"https:\/\/i0.wp.com\/cfcontabil.com\/cf\/wp-content\/uploads\/2017\/05\/carteira-de-trabalho-1.jpg?fit=590%2C302&ssl=1&resize=350%2C200 1x, https:\/\/i0.wp.com\/cfcontabil.com\/cf\/wp-content\/uploads\/2017\/05\/carteira-de-trabalho-1.jpg?fit=590%2C302&ssl=1&resize=525%2C300 1.5x"},"classes":[]},{"id":2257,"url":"https:\/\/cfcontabil.com\/cf\/inss-recebe-atestado-por-aplicativo-e-auxilio-pode-ser-pago-sem-pericia\/","url_meta":{"origin":1246,"position":4},"title":"INSS recebe atestado por aplicativo; e aux\u00edlio pode ser pago sem per\u00edcia","author":"Ab\u00edlio Gon\u00e7alves","date":"13 de abril de 2020","format":false,"excerpt":"Segurados da Previd\u00eancia agora precisam pedir o aux\u00edlio-doen\u00e7a podem, a partir de agora, enviar o atestado m\u00e9dico pelo aplicativo para celular Meu INSS ou pelo computador (no site meu.inss.gov.br). O INSS informou nesta sexta-feira (10) que os segurados da Previd\u00eancia que precisam pedir o aux\u00edlio-doen\u00e7a podem, a partir de agora,\u2026","rel":"","context":"Em &quot;Departamento Pessoal&quot;","block_context":{"text":"Departamento Pessoal","link":"https:\/\/cfcontabil.com\/cf\/category\/dp\/"},"img":{"alt_text":"","src":"https:\/\/i0.wp.com\/cfcontabil.com\/cf\/wp-content\/uploads\/2020\/04\/celular.jpg?fit=475%2C365&ssl=1&resize=350%2C200","width":350,"height":200},"classes":[]},{"id":2296,"url":"https:\/\/cfcontabil.com\/cf\/governo-lanca-novo-site-para-consulta-a-auxilio-emergencial-de-r-600\/","url_meta":{"origin":1246,"position":5},"title":"Governo lan\u00e7a novo site para consulta a aux\u00edlio emergencial de R$ 600","author":"Ab\u00edlio Gon\u00e7alves","date":"6 de maio de 2020","format":false,"excerpt":"Os brasileiros que fizeram a solicita\u00e7\u00e3o do aux\u00edlio emergencial de R$ 600 para trabalhadores informais poder\u00e3o consultar o andamento do pedido em um novo portal disponibilizado pela Dataprev, empresa p\u00fablica respons\u00e1vel pelo processamento dos dados. O novo portal pode ser acessado por meio dos endere\u00e7os\u00a0www.cidadania.gov.br\/consultaauxilio\u00a0e\u00a0https:\/\/consultaauxilio.dataprev.gov.br. Antes, os cidad\u00e3os s\u00f3 tinham\u2026","rel":"","context":"Em &quot;Geral&quot;","block_context":{"text":"Geral","link":"https:\/\/cfcontabil.com\/cf\/category\/geral\/"},"img":{"alt_text":"","src":"https:\/\/i0.wp.com\/cfcontabil.com\/cf\/wp-content\/uploads\/2020\/05\/auxilio-emergencial-novo-site.jpg?fit=932%2C536&ssl=1&resize=350%2C200","width":350,"height":200,"srcset":"https:\/\/i0.wp.com\/cfcontabil.com\/cf\/wp-content\/uploads\/2020\/05\/auxilio-emergencial-novo-site.jpg?fit=932%2C536&ssl=1&resize=350%2C200 1x, https:\/\/i0.wp.com\/cfcontabil.com\/cf\/wp-content\/uploads\/2020\/05\/auxilio-emergencial-novo-site.jpg?fit=932%2C536&ssl=1&resize=525%2C300 1.5x, https:\/\/i0.wp.com\/cfcontabil.com\/cf\/wp-content\/uploads\/2020\/05\/auxilio-emergencial-novo-site.jpg?fit=932%2C536&ssl=1&resize=700%2C400 2x"},"classes":[]}],"jetpack_likes_enabled":true,"_links":{"self":[{"href":"https:\/\/cfcontabil.com\/cf\/wp-json\/wp\/v2\/posts\/1246","targetHints":{"allow":["GET"]}}],"collection":[{"href":"https:\/\/cfcontabil.com\/cf\/wp-json\/wp\/v2\/posts"}],"about":[{"href":"https:\/\/cfcontabil.com\/cf\/wp-json\/wp\/v2\/types\/post"}],"author":[{"embeddable":true,"href":"https:\/\/cfcontabil.com\/cf\/wp-json\/wp\/v2\/users\/3"}],"replies":[{"embeddable":true,"href":"https:\/\/cfcontabil.com\/cf\/wp-json\/wp\/v2\/comments?post=1246"}],"version-history":[{"count":0,"href":"https:\/\/cfcontabil.com\/cf\/wp-json\/wp\/v2\/posts\/1246\/revisions"}],"wp:featuredmedia":[{"embeddable":true,"href":"https:\/\/cfcontabil.com\/cf\/wp-json\/wp\/v2\/media\/1518"}],"wp:attachment":[{"href":"https:\/\/cfcontabil.com\/cf\/wp-json\/wp\/v2\/media?parent=1246"}],"wp:term":[{"taxonomy":"category","embeddable":true,"href":"https:\/\/cfcontabil.com\/cf\/wp-json\/wp\/v2\/categories?post=1246"},{"taxonomy":"post_tag","embeddable":true,"href":"https:\/\/cfcontabil.com\/cf\/wp-json\/wp\/v2\/tags?post=1246"}],"curies":[{"name":"wp","href":"https:\/\/api.w.org\/{rel}","templated":true}]}}