{"id":1249,"date":"2017-07-03T20:08:45","date_gmt":"2017-07-03T23:08:45","guid":{"rendered":"http:\/\/cfcontabil.com\/cf\/?p=1240"},"modified":"2017-07-03T20:08:45","modified_gmt":"2017-07-03T23:08:45","slug":"pgfn-publica-regulamentacao-do-parcelamento-especial-de-debitos-previdenciarios-de-entes-federativos","status":"publish","type":"post","link":"https:\/\/cfcontabil.com\/cf\/pgfn-publica-regulamentacao-do-parcelamento-especial-de-debitos-previdenciarios-de-entes-federativos\/","title":{"rendered":"PGFN publica regulamenta\u00e7\u00e3o do parcelamento especial de d\u00e9bitos previdenci\u00e1rios de entes federativos"},"content":{"rendered":"<p><strong>Parcelamento foi institu\u00eddo pela Medida Provis\u00f3ria n\u00b0 778\/2017<\/strong><\/p>\n<p>A Procuradoria-Geral da Fazenda Nacional (PGFN) publicou em 19 de junho de 2017 no Di\u00e1rio Oficial da Uni\u00e3o (DOU) a Portaria PGFN n\u00b0 645, de 16 de junho de 2017. O texto trata do parcelamento especial de d\u00e9bitos previdenci\u00e1rios junto \u00e0 Uni\u00e3o de Estados, do Distrito Federal, Munic\u00edpios e suas respectivas autarquias e funda\u00e7\u00f5es p\u00fablicas, previsto na Medida Provis\u00f3ria n\u00b0 778, de 16 de maio de 2017.<\/p>\n<p>O per\u00edodo para ades\u00e3o ao parcelamento come\u00e7a no dia 3 e se encerra no dia 31 de julho de 2017.<\/p>\n<p>Saiba como solicitar:<!--more--><\/p>\n<p>O pedido deve ser formalizado no Atendimento Residual das unidades da PGFN e\/ou no Atendimento Integrado da Receita Federal (RFB) com a entrega do formul\u00e1rio \u201cAnexo I &#8211; Pedido de parcelamento\u201d e dos seguintes documentos:<\/p>\n<p>&#8211; identifica\u00e7\u00e3o do representante legal;<\/p>\n<p>&#8211; formul\u00e1rio \u201cAnexo II &#8211; Discrimina\u00e7\u00e3o de d\u00e9bitos a parcelar perante a PGFN\u201d;<\/p>\n<p>&#8211; atestado de situa\u00e7\u00e3o autenticado por \u00f3rg\u00e3o judicial respons\u00e1vel, se o d\u00e9bito estiver em tramita\u00e7\u00e3o judicial;<\/p>\n<p>&#8211; demonstrativo de apura\u00e7\u00e3o da Receita Corrente L\u00edquida (RCL);<\/p>\n<p>&#8211; termo \u201cAnexo III &#8211; Desist\u00eancia de parcelamentos anteriores perante a PGFN\u201d, nos casos em que h\u00e1 parcelamentos em curso;<\/p>\n<p>&#8211;\u00a0 \u201cAnexo IV &#8211; Declara\u00e7\u00e3o de autoriza\u00e7\u00e3o de parcelamento de d\u00e9bitos\u201d assinada pelo representante legal autorizando a inclus\u00e3o de d\u00e9bitos no parcelamento.<\/p>\n<p>Para que o pedido seja deferido \u00e9 necess\u00e1rio atender a esses requisitos e realizar o pagamento da primeira parcela.<\/p>\n<p>O parcelamento dever\u00e1 ser liquidado da seguinte forma: uma entrada \u00e0 vista e em esp\u00e9cie de 2,4% do valor total da d\u00edvida consolidada, podendo ser paga em at\u00e9 seis parcelas iguais entre julho e dezembro de 2017; em seguida, o pagamento das parcelas restantes da d\u00edvida consolidada aplicando os descontos de 25% dos valores relativos \u00e0s multas de mora, de of\u00edcio e isoladas, entre outros encargos legais, mais 80% de redu\u00e7\u00e3o do valor relativo aos juros de mora que poder\u00e3o ser pagos em at\u00e9 194 parcelas, n\u00e3o inferiores a R$ 500.<\/p>\n<p>\u00c9 de inteira responsabilidade do ente federativo acessar o e-CAC da PGFN para acompanhamento do parcelamento, emitir o Documento de Arrecada\u00e7\u00e3o de Receitas Federais (DARF) para pagamento do valor \u00e0 vista e das parcelas, cujo vencimento em todo \u00faltimo dia \u00fatil do m\u00eas.<\/p>\n<p>A consolida\u00e7\u00e3o do parcelamento ocorrer\u00e1 no mesmo momento da ades\u00e3o.<\/p>\n<p>A rescis\u00e3o do parcelamento acontecer\u00e1 diante os seguintes casos:<\/p>\n<p>&#8211; n\u00e3o recolhimento de tr\u00eas parcelas do parcelamento, em meses consecutivos ou alternados;<\/p>\n<p>&#8211; falta de pagamento de uma parcela, mesmo que as demais estejam pagas;<\/p>\n<p>&#8211; falta de informa\u00e7\u00f5es mediante RCL exigidas segundo o \u00a7 2\u00b0 do art. 7\u00b0 da Portaria PGFN n\u00b0 645, de 2017;<\/p>\n<p>&#8211; n\u00e3o-quita\u00e7\u00e3o integral do pagamento \u00e0 vista no in\u00edcio do parcelamento.<\/p>\n<p>A rescis\u00e3o do parcelamento restabelece o montante das multas, dos juros, dos encargos legais, entre outros.<\/p>\n<p>Para maiores informa\u00e7\u00f5es sobre o Parcelamento da MP 778\/2017, acesse a p\u00e1gina \u201cParcelamento Especial de d\u00e9bitos previdenci\u00e1rios de Estados e Munic\u00edpios &#8211; MP n\u00b0 778\/2017\u201d com as orienta\u00e7\u00f5es sobre o servi\u00e7o.<\/p>\n<p>Fonte: www.fazenda.gov.br<\/p>\n","protected":false},"excerpt":{"rendered":"<p>Parcelamento foi institu\u00eddo pela Medida Provis\u00f3ria n\u00b0 778\/2017 A Procuradoria-Geral da Fazenda Nacional (PGFN) publicou em 19 de junho de 2017 no Di\u00e1rio Oficial da Uni\u00e3o (DOU) a Portaria PGFN n\u00b0 645, de 16 de junho de 2017. O texto trata do parcelamento especial de d\u00e9bitos previdenci\u00e1rios junto \u00e0 Uni\u00e3o de Estados, do Distrito Federal, [&hellip;]<\/p>\n","protected":false},"author":3,"featured_media":695,"comment_status":"open","ping_status":"open","sticky":false,"template":"","format":"standard","meta":{"jetpack_post_was_ever_published":false,"_jetpack_newsletter_access":"","_jetpack_dont_email_post_to_subs":false,"_jetpack_newsletter_tier_id":0,"_jetpack_memberships_contains_paywalled_content":false,"_jetpack_memberships_contains_paid_content":false,"footnotes":"","jetpack_publicize_message":"","jetpack_publicize_feature_enabled":true,"jetpack_social_post_already_shared":true,"jetpack_social_options":{"image_generator_settings":{"template":"highway","default_image_id":0,"font":"","enabled":false},"version":2}},"categories":[46],"tags":[123,234,113,553,554,555,556],"class_list":["post-1249","post","type-post","status-publish","format-standard","has-post-thumbnail","hentry","category-df","tag-debitos","tag-inss","tag-parcelamento","tag-pedido","tag-previdenciarios","tag-regulamentacao","tag-solicitacao"],"jetpack_publicize_connections":[],"jetpack_featured_media_url":"https:\/\/i0.wp.com\/cfcontabil.com\/cf\/wp-content\/uploads\/2016\/03\/dinheiro-1.jpg?fit=661%2C351&ssl=1","jetpack_sharing_enabled":true,"jetpack_shortlink":"https:\/\/wp.me\/p2wklX-k9","jetpack-related-posts":[{"id":1237,"url":"https:\/\/cfcontabil.com\/cf\/adesoes-ao-prt-da-pgfn-ultrapassam-o-montante-de-r-23-bilhoes-no-primeiro-mes\/","url_meta":{"origin":1249,"position":0},"title":"Ades\u00f5es ao PRT da PGFN ultrapassam o montante de R$ 2,3 bilh\u00f5es no primeiro m\u00eas","author":"Ab\u00edlio Gon\u00e7alves","date":"8 de mar\u00e7o de 2017","format":false,"excerpt":"Mais de 8 mil contribuintes aderiram ao benef\u00edcio. Atente-se para as datas. No primeiro m\u00eas de ades\u00f5es ao Programa de Regulariza\u00e7\u00e3o Tribut\u00e1ria (PRT) da Procuradoria-Geral da Fazenda Nacional (PGFN) mais de 8 mil contribuintes aderiram ao programa, o que representa um montante que supera os R$ 2,3 bilh\u00f5es. O PRT\u2026","rel":"","context":"Em &quot;Departamento Fiscal&quot;","block_context":{"text":"Departamento Fiscal","link":"https:\/\/cfcontabil.com\/cf\/category\/df\/"},"img":{"alt_text":"","src":"https:\/\/i0.wp.com\/cfcontabil.com\/cf\/wp-content\/uploads\/2017\/02\/receita-federal-1-1.png?fit=702%2C325&ssl=1&resize=350%2C200","width":350,"height":200,"srcset":"https:\/\/i0.wp.com\/cfcontabil.com\/cf\/wp-content\/uploads\/2017\/02\/receita-federal-1-1.png?fit=702%2C325&ssl=1&resize=350%2C200 1x, https:\/\/i0.wp.com\/cfcontabil.com\/cf\/wp-content\/uploads\/2017\/02\/receita-federal-1-1.png?fit=702%2C325&ssl=1&resize=525%2C300 1.5x, https:\/\/i0.wp.com\/cfcontabil.com\/cf\/wp-content\/uploads\/2017\/02\/receita-federal-1-1.png?fit=702%2C325&ssl=1&resize=700%2C400 2x"},"classes":[]},{"id":1045,"url":"https:\/\/cfcontabil.com\/cf\/adesao-ao-parcelamento-especial-de-debitos-do-simples-nacional-se-encerra-no-proximo-dia-10\/","url_meta":{"origin":1249,"position":1},"title":"Ades\u00e3o ao parcelamento especial de d\u00e9bitos do Simples Nacional se encerra no pr\u00f3ximo dia 10","author":"Ab\u00edlio Gon\u00e7alves","date":"9 de mar\u00e7o de 2017","format":false,"excerpt":"O contribuinte que pretende aderir ao parcelamento especial de d\u00e9bitos do Simples Nacional inscritos em D\u00edvida Ativa da Uni\u00e3o (DAU) precisa estar atento. O prazo para ades\u00e3o a essa modalidade de parcelamento se encerra no pr\u00f3ximo dia 10 de mar\u00e7o. O parcelamento foi regulamentado pela Portaria PGFN n\u00b0 1.110 de\u2026","rel":"","context":"Em &quot;Departamento Fiscal&quot;","block_context":{"text":"Departamento Fiscal","link":"https:\/\/cfcontabil.com\/cf\/category\/df\/"},"img":{"alt_text":"","src":"https:\/\/i0.wp.com\/cfcontabil.com\/cf\/wp-content\/uploads\/2017\/01\/simples-1.jpg?fit=520%2C271&ssl=1&resize=350%2C200","width":350,"height":200},"classes":[]},{"id":1230,"url":"https:\/\/cfcontabil.com\/cf\/programa-de-regularizacao-tributaria-prt-e-oportunidade-para-retomada-de-negocios\/","url_meta":{"origin":1249,"position":2},"title":"Programa de Regulariza\u00e7\u00e3o Tribut\u00e1ria (PRT) \u00e9 oportunidade para retomada de neg\u00f3cios","author":"Ab\u00edlio Gon\u00e7alves","date":"6 de mar\u00e7o de 2017","format":false,"excerpt":"O PRT estabeleceu condi\u00e7\u00f5es especiais para pagamento de d\u00edvidas de empresas e pessoas f\u00edsicas Com os objetivos de reduzir lit\u00edgios tribut\u00e1rios e promover a regulariza\u00e7\u00e3o fiscal, o Governo Federal lan\u00e7ou, por meio da Medida Provis\u00f3ria 766, de 2017, o Programa de Regulariza\u00e7\u00e3o Tribut\u00e1ria (PRT), por meio do qual poder\u00e3o ser\u2026","rel":"","context":"Em &quot;Departamento Fiscal&quot;","block_context":{"text":"Departamento Fiscal","link":"https:\/\/cfcontabil.com\/cf\/category\/df\/"},"img":{"alt_text":"","src":"https:\/\/i0.wp.com\/cfcontabil.com\/cf\/wp-content\/uploads\/2017\/02\/receita-federal-1-1.png?fit=702%2C325&ssl=1&resize=350%2C200","width":350,"height":200,"srcset":"https:\/\/i0.wp.com\/cfcontabil.com\/cf\/wp-content\/uploads\/2017\/02\/receita-federal-1-1.png?fit=702%2C325&ssl=1&resize=350%2C200 1x, https:\/\/i0.wp.com\/cfcontabil.com\/cf\/wp-content\/uploads\/2017\/02\/receita-federal-1-1.png?fit=702%2C325&ssl=1&resize=525%2C300 1.5x, https:\/\/i0.wp.com\/cfcontabil.com\/cf\/wp-content\/uploads\/2017\/02\/receita-federal-1-1.png?fit=702%2C325&ssl=1&resize=700%2C400 2x"},"classes":[]},{"id":1327,"url":"https:\/\/cfcontabil.com\/cf\/receita-federal-regulamenta-prestacoes-de-informacoes-no-ambito-do-prt\/","url_meta":{"origin":1249,"position":3},"title":"Receita Federal regulamenta presta\u00e7\u00f5es de informa\u00e7\u00f5es no \u00e2mbito do PRT","author":"Ab\u00edlio Gon\u00e7alves","date":"12 de junho de 2018","format":false,"excerpt":"As informa\u00e7\u00f5es s\u00e3o necess\u00e1rias \u00e0 consolida\u00e7\u00e3o dos demais d\u00e9bitos Foi\u00a0publicada, no Di\u00e1rio Oficial da Uni\u00e3o desta\u00a0segunda-feira, dia 11 de junho, a\u00a0Instru\u00e7\u00e3o Normativa RFB n\u00ba 1.809, de 2018, que disp\u00f5e sobre a presta\u00e7\u00e3o das informa\u00e7\u00f5es necess\u00e1rias \u00e0 consolida\u00e7\u00e3o dos demais d\u00e9bitos ( n\u00e3o previdenci\u00e1rios) a serem regularizados na forma do Programa\u2026","rel":"","context":"Em &quot;Departamento Fiscal&quot;","block_context":{"text":"Departamento Fiscal","link":"https:\/\/cfcontabil.com\/cf\/category\/df\/"},"img":{"alt_text":"","src":"https:\/\/i0.wp.com\/cfcontabil.com\/cf\/wp-content\/uploads\/2017\/02\/receita-federal-1-1.png?fit=702%2C325&ssl=1&resize=350%2C200","width":350,"height":200,"srcset":"https:\/\/i0.wp.com\/cfcontabil.com\/cf\/wp-content\/uploads\/2017\/02\/receita-federal-1-1.png?fit=702%2C325&ssl=1&resize=350%2C200 1x, https:\/\/i0.wp.com\/cfcontabil.com\/cf\/wp-content\/uploads\/2017\/02\/receita-federal-1-1.png?fit=702%2C325&ssl=1&resize=525%2C300 1.5x, https:\/\/i0.wp.com\/cfcontabil.com\/cf\/wp-content\/uploads\/2017\/02\/receita-federal-1-1.png?fit=702%2C325&ssl=1&resize=700%2C400 2x"},"classes":[]},{"id":1256,"url":"https:\/\/cfcontabil.com\/cf\/receita-federal-alerta-sobre-o-prazo-de-adesao-ao-parcelamento-de-debitos-dos-estados-do-distrito-federal-e-dos-municipios\/","url_meta":{"origin":1249,"position":4},"title":"Receita Federal alerta sobre o prazo de ades\u00e3o ao parcelamento de d\u00e9bitos dos Estados, do Distrito Federal e dos Munic\u00edpios","author":"Ab\u00edlio Gon\u00e7alves","date":"24 de julho de 2017","format":false,"excerpt":"O prazo para op\u00e7\u00e3o vai at\u00e9 31 de julho de 2017 O prazo de ades\u00e3o ao parcelamento das contribui\u00e7\u00f5es previdenci\u00e1rias de responsabilidade dos estados, do Distrito Federal e dos munic\u00edpios, de que trata a Medida Provis\u00f3ria n\u00ba 778, de 16 de maio de 2017 (PREM), termina em 31 de julho\u2026","rel":"","context":"Em &quot;Departamento Fiscal&quot;","block_context":{"text":"Departamento Fiscal","link":"https:\/\/cfcontabil.com\/cf\/category\/df\/"},"img":{"alt_text":"","src":"https:\/\/i0.wp.com\/cfcontabil.com\/cf\/wp-content\/uploads\/2017\/07\/PREM-1.png?fit=506%2C310&ssl=1&resize=350%2C200","width":350,"height":200},"classes":[]},{"id":1363,"url":"https:\/\/cfcontabil.com\/cf\/termina-dia-31-de-agosto-a-prestacao-das-informacoes-para-consolidacao-do-pert\/","url_meta":{"origin":1249,"position":5},"title":"Termina dia 31 de agosto a presta\u00e7\u00e3o das informa\u00e7\u00f5es para consolida\u00e7\u00e3o do Pert","author":"Ab\u00edlio Gon\u00e7alves","date":"24 de agosto de 2018","format":false,"excerpt":"Roteiro contendo passo a passo para os contribuintes efetivarem a presta\u00e7\u00e3o das informa\u00e7\u00f5es e sanarem as eventuais d\u00favidas relacionadas ao Programa Especial de Regulariza\u00e7\u00e3o Tribut\u00e1ria \u2013 D\u00e9bitos Previdenci\u00e1rios (Pert) pode ser encontrado no site da Receita Federal Dia 31\/8\/2018 termina o prazo para presta\u00e7\u00e3o das informa\u00e7\u00f5es necess\u00e1rias \u00e0 consolida\u00e7\u00e3o do\u2026","rel":"","context":"Em &quot;Departamento Fiscal&quot;","block_context":{"text":"Departamento Fiscal","link":"https:\/\/cfcontabil.com\/cf\/category\/df\/"},"img":{"alt_text":"","src":"https:\/\/i0.wp.com\/cfcontabil.com\/cf\/wp-content\/uploads\/2017\/02\/receita-federal-1-1.png?fit=702%2C325&ssl=1&resize=350%2C200","width":350,"height":200,"srcset":"https:\/\/i0.wp.com\/cfcontabil.com\/cf\/wp-content\/uploads\/2017\/02\/receita-federal-1-1.png?fit=702%2C325&ssl=1&resize=350%2C200 1x, https:\/\/i0.wp.com\/cfcontabil.com\/cf\/wp-content\/uploads\/2017\/02\/receita-federal-1-1.png?fit=702%2C325&ssl=1&resize=525%2C300 1.5x, https:\/\/i0.wp.com\/cfcontabil.com\/cf\/wp-content\/uploads\/2017\/02\/receita-federal-1-1.png?fit=702%2C325&ssl=1&resize=700%2C400 2x"},"classes":[]}],"jetpack_likes_enabled":true,"_links":{"self":[{"href":"https:\/\/cfcontabil.com\/cf\/wp-json\/wp\/v2\/posts\/1249","targetHints":{"allow":["GET"]}}],"collection":[{"href":"https:\/\/cfcontabil.com\/cf\/wp-json\/wp\/v2\/posts"}],"about":[{"href":"https:\/\/cfcontabil.com\/cf\/wp-json\/wp\/v2\/types\/post"}],"author":[{"embeddable":true,"href":"https:\/\/cfcontabil.com\/cf\/wp-json\/wp\/v2\/users\/3"}],"replies":[{"embeddable":true,"href":"https:\/\/cfcontabil.com\/cf\/wp-json\/wp\/v2\/comments?post=1249"}],"version-history":[{"count":0,"href":"https:\/\/cfcontabil.com\/cf\/wp-json\/wp\/v2\/posts\/1249\/revisions"}],"wp:featuredmedia":[{"embeddable":true,"href":"https:\/\/cfcontabil.com\/cf\/wp-json\/wp\/v2\/media\/695"}],"wp:attachment":[{"href":"https:\/\/cfcontabil.com\/cf\/wp-json\/wp\/v2\/media?parent=1249"}],"wp:term":[{"taxonomy":"category","embeddable":true,"href":"https:\/\/cfcontabil.com\/cf\/wp-json\/wp\/v2\/categories?post=1249"},{"taxonomy":"post_tag","embeddable":true,"href":"https:\/\/cfcontabil.com\/cf\/wp-json\/wp\/v2\/tags?post=1249"}],"curies":[{"name":"wp","href":"https:\/\/api.w.org\/{rel}","templated":true}]}}