{"id":1250,"date":"2017-07-07T10:24:55","date_gmt":"2017-07-07T13:24:55","guid":{"rendered":"http:\/\/cfcontabil.com\/cf\/?p=1244"},"modified":"2017-07-07T10:24:55","modified_gmt":"2017-07-07T13:24:55","slug":"ccj-aprova-deducao-no-imposto-de-renda-de-doacoes-para-escolas","status":"publish","type":"post","link":"https:\/\/cfcontabil.com\/cf\/ccj-aprova-deducao-no-imposto-de-renda-de-doacoes-para-escolas\/","title":{"rendered":"CCJ aprova dedu\u00e7\u00e3o no imposto de renda de doa\u00e7\u00f5es para escolas"},"content":{"rendered":"<p>A Comiss\u00e3o de Constitui\u00e7\u00e3o, Justi\u00e7a e Cidadania (CCJ) aprovou o projeto de lei (PLS 198\/2013) que cria o Programa Nacional de Incentivo \u00e0 Educa\u00e7\u00e3o Escolar B\u00e1sica Gratuita (Pronie). O objetivo da proposta \u00e9 autorizar cidad\u00e3os e empresas a deduzirem no imposto de renda doa\u00e7\u00f5es feitas para escolas da educa\u00e7\u00e3o infantil e dos ensinos fundamental e m\u00e9dio. A proposta segue para an\u00e1lise da Comiss\u00e3o de Assuntos Econ\u00f4micos (CAE) e depois, em car\u00e1ter terminativo, para a Comiss\u00e3o de Educa\u00e7\u00e3o (CE).<\/p>\n<p>De autoria do senador licenciado Blairo Maggi (PR-MT), o projeto cria o Pronie para incentivar a doa\u00e7\u00e3o de recursos privados que sirvam para ampliar os investimentos e melhorar a qualidade da educa\u00e7\u00e3o escolar gratuita em todo o pa\u00eds, ou seja, nas escolas p\u00fablicas e nas escolas privadas sem fins lucrativos. O projeto recebeu parecer favor\u00e1vel do relator, senador Ivo Cassol (PP-RO).<\/p>\n<p>Pessoas f\u00edsicas e jur\u00eddicas poder\u00e3o fazer doa\u00e7\u00f5es ou patrocinar projetos de institui\u00e7\u00f5es de ensino gratuito para melhoria da educa\u00e7\u00e3o escolar b\u00e1sica, constru\u00e7\u00e3o, amplia\u00e7\u00e3o ou reforma de escolas, aquisi\u00e7\u00e3o de equipamentos e materiais did\u00e1ticos ou atualiza\u00e7\u00e3o e aperfei\u00e7oamento de profissionais da educa\u00e7\u00e3o.<\/p>\n<p>As pessoas f\u00edsicas poder\u00e3o deduzir at\u00e9 100% dos valores doados a projetos educacionais, limitado a 6% do imposto de renda devido, tendo como refer\u00eancia a declara\u00e7\u00e3o de ajuste anual feita no modelo completo. O contribuinte ter\u00e1 apenas que informar, na aba \u2018pagamentos efetuados\u2019 da declara\u00e7\u00e3o de imposto de renda, nome e CNPJ da escola que recebeu a doa\u00e7\u00e3o e o valor doado.<\/p>\n<p>As pessoas jur\u00eddicas tributadas com base no lucro real poder\u00e3o deduzir at\u00e9 100% dos valores doados, observado o limite de at\u00e9 4% do imposto de renda devido. Entretanto, as pessoas jur\u00eddicas n\u00e3o poder\u00e3o deduzir os valores para fins de determina\u00e7\u00e3o do lucro real e da base de c\u00e1lculo da Contribui\u00e7\u00e3o Social sobre o Lucro L\u00edquido das Empresas (CSLL). J\u00e1 as pessoas jur\u00eddicas tributadas com base no lucro presumido poder\u00e3o deduzir 50% das doa\u00e7\u00f5es efetuadas.<\/p>\n<p>N\u00e3o ser\u00e3o dedut\u00edveis doa\u00e7\u00f5es a institui\u00e7\u00f5es privadas sem fins lucrativos que tenha em seu corpo diretor \u201cpessoa f\u00edsica vinculada ao doador ou patrocinador, assim considerados o c\u00f4njuge e parentes at\u00e9 terceiro grau\u201d.<\/p>\n<p>Todas as institui\u00e7\u00f5es beneficiadas com doa\u00e7\u00e3o ou patroc\u00ednio estar\u00e3o sujeitas a fiscaliza\u00e7\u00e3o dos \u00f3rg\u00e3os p\u00fablicos competentes, quanto \u00e0 movimenta\u00e7\u00e3o financeira e ao alcance dos objetivos.<\/p>\n<p>Constitui\u00e7\u00e3o<\/p>\n<p>O autor do projeto lembra que o artigo 205 da Constitui\u00e7\u00e3o Federal determinou que a educa\u00e7\u00e3o, al\u00e9m de ser um direito de todos, \u00e9 dever do estado e da fam\u00edlia e deve ser \u201cpromovida e incentivada com a colabora\u00e7\u00e3o da sociedade\u201d.<\/p>\n<p>\u201cPelo presente projeto, d\u00e1-se \u00e0s pessoas f\u00edsicas e jur\u00eddicas a oportunidade de direcionar parte dos gastos que derivariam da receita de Imposto de Renda para doa\u00e7\u00f5es e patroc\u00ednios diretos, ao alcance da demanda e do acompanhamento da sociedade local. A grande vantagem do mecanismo \u00e9 a oportunidade de uma colabora\u00e7\u00e3o direta de pessoas e empresas a demandas objetivas de escolas p\u00fablicas e comunit\u00e1rias gratuitas de sua pr\u00f3pria comunidade, estreitando os la\u00e7os de cidadania\u201d, argumenta Blairo Maggi na justifica\u00e7\u00e3o do projeto.<\/p>\n<p>O relator do projeto diz, no parecer, que o m\u00e9rito da proposta \u00e9 ineg\u00e1vel, pois o Estado \u201cdeve oferecer instrumentos que facilitem o financiamento privado da educa\u00e7\u00e3o, tanto das institui\u00e7\u00f5es p\u00fablicas quanto das institui\u00e7\u00f5es privadas sem fins lucrativos\u201d. Cassol acredita que a futura lei vai ampliar a participa\u00e7\u00e3o da sociedade no desenvolvimento da educa\u00e7\u00e3o e melhorar a qualidade do ensino.<\/p>\n<p>Fonte: Senado Federal<\/p>\n","protected":false},"excerpt":{"rendered":"<p>A Comiss\u00e3o de Constitui\u00e7\u00e3o, Justi\u00e7a e Cidadania (CCJ) aprovou o projeto de lei (PLS 198\/2013) que cria o Programa Nacional de Incentivo \u00e0 Educa\u00e7\u00e3o Escolar B\u00e1sica Gratuita (Pronie). O objetivo da proposta \u00e9 autorizar cidad\u00e3os e empresas a deduzirem no imposto de renda doa\u00e7\u00f5es feitas para escolas da educa\u00e7\u00e3o infantil e dos ensinos fundamental e [&hellip;]<\/p>\n","protected":false},"author":3,"featured_media":747,"comment_status":"open","ping_status":"open","sticky":false,"template":"","format":"standard","meta":{"jetpack_post_was_ever_published":false,"_jetpack_newsletter_access":"","_jetpack_dont_email_post_to_subs":false,"_jetpack_newsletter_tier_id":0,"_jetpack_memberships_contains_paywalled_content":false,"_jetpack_memberships_contains_paid_content":false,"footnotes":"","jetpack_publicize_message":"CCJ aprova dedu\u00e7\u00e3o no imposto de renda de doa\u00e7\u00f5es para escolas","jetpack_publicize_feature_enabled":true,"jetpack_social_post_already_shared":true,"jetpack_social_options":{"image_generator_settings":{"template":"highway","default_image_id":0,"font":"","enabled":false},"version":2}},"categories":[22],"tags":[232,455,108,111],"class_list":["post-1250","post","type-post","status-publish","format-standard","has-post-thumbnail","hentry","category-geral","tag-deducao","tag-doacao","tag-imposto","tag-renda"],"jetpack_publicize_connections":[],"jetpack_featured_media_url":"https:\/\/i0.wp.com\/cfcontabil.com\/cf\/wp-content\/uploads\/2016\/04\/imposto_de_renda_declaracao-1.jpg?fit=570%2C399&ssl=1","jetpack_sharing_enabled":true,"jetpack_shortlink":"https:\/\/wp.me\/p2wklX-ka","jetpack-related-posts":[{"id":1129,"url":"https:\/\/cfcontabil.com\/cf\/projeto-autoriza-deducao-no-imposto-de-renda-de-doacoes-para-escolas\/","url_meta":{"origin":1250,"position":0},"title":"Projeto autoriza dedu\u00e7\u00e3o no Imposto de Renda de doa\u00e7\u00f5es para escolas","author":"Ab\u00edlio Gon\u00e7alves","date":"18 de abril de 2017","format":false,"excerpt":"Est\u00e1 pronto para ser votado na Comiss\u00e3o de Constitui\u00e7\u00e3o, Justi\u00e7a e Cidadania (CCJ) o projeto de lei (PLS 198\/2013) que cria o Programa Nacional de Incentivo \u00e0 Educa\u00e7\u00e3o Escolar B\u00e1sica Gratuita (Pronie). O projeto autoriza a dedu\u00e7\u00e3o no Imposto de Renda, por pessoas f\u00edsicas e Jur\u00eddicas, de doa\u00e7\u00f5es feitas para\u2026","rel":"","context":"Em &quot;Departamento Fiscal&quot;","block_context":{"text":"Departamento Fiscal","link":"https:\/\/cfcontabil.com\/cf\/category\/df\/"},"img":{"alt_text":"","src":"https:\/\/i0.wp.com\/cfcontabil.com\/cf\/wp-content\/uploads\/2017\/04\/educa%C3%A7%C3%A3o-1.jpg?fit=1200%2C700&ssl=1&resize=350%2C200","width":350,"height":200,"srcset":"https:\/\/i0.wp.com\/cfcontabil.com\/cf\/wp-content\/uploads\/2017\/04\/educa%C3%A7%C3%A3o-1.jpg?fit=1200%2C700&ssl=1&resize=350%2C200 1x, https:\/\/i0.wp.com\/cfcontabil.com\/cf\/wp-content\/uploads\/2017\/04\/educa%C3%A7%C3%A3o-1.jpg?fit=1200%2C700&ssl=1&resize=525%2C300 1.5x, https:\/\/i0.wp.com\/cfcontabil.com\/cf\/wp-content\/uploads\/2017\/04\/educa%C3%A7%C3%A3o-1.jpg?fit=1200%2C700&ssl=1&resize=700%2C400 2x, https:\/\/i0.wp.com\/cfcontabil.com\/cf\/wp-content\/uploads\/2017\/04\/educa%C3%A7%C3%A3o-1.jpg?fit=1200%2C700&ssl=1&resize=1050%2C600 3x"},"classes":[]},{"id":2071,"url":"https:\/\/cfcontabil.com\/cf\/2020-nao-tera-deducao-no-ir-da-contribuicao-ao-inss-de-emprego-domestico\/","url_meta":{"origin":1250,"position":1},"title":"2020 n\u00e3o ter\u00e1 dedu\u00e7\u00e3o no IR da contribui\u00e7\u00e3o ao INSS de emprego dom\u00e9stico","author":"Ab\u00edlio Gon\u00e7alves","date":"14 de janeiro de 2020","format":false,"excerpt":"A dedu\u00e7\u00e3o de gastos dos patr\u00f5es com a previd\u00eancia de empregados dom\u00e9sticos n\u00e3o ser\u00e1 mais permitida da declara\u00e7\u00e3o do Imposto de Renda da Pessoa F\u00edsica em 2020. O benef\u00edcio levou a uma ren\u00fancia fiscal de cerca de R$ 674 milh\u00f5es em 2019 e n\u00e3o foi prorrogado. Com seu fim, a\u2026","rel":"","context":"Em &quot;Departamento Fiscal&quot;","block_context":{"text":"Departamento Fiscal","link":"https:\/\/cfcontabil.com\/cf\/category\/df\/"},"img":{"alt_text":"","src":"https:\/\/i0.wp.com\/cfcontabil.com\/cf\/wp-content\/uploads\/2019\/10\/imposto.jpg?fit=715%2C300&ssl=1&resize=350%2C200","width":350,"height":200,"srcset":"https:\/\/i0.wp.com\/cfcontabil.com\/cf\/wp-content\/uploads\/2019\/10\/imposto.jpg?fit=715%2C300&ssl=1&resize=350%2C200 1x, https:\/\/i0.wp.com\/cfcontabil.com\/cf\/wp-content\/uploads\/2019\/10\/imposto.jpg?fit=715%2C300&ssl=1&resize=525%2C300 1.5x, https:\/\/i0.wp.com\/cfcontabil.com\/cf\/wp-content\/uploads\/2019\/10\/imposto.jpg?fit=715%2C300&ssl=1&resize=700%2C400 2x"},"classes":[]},{"id":709,"url":"https:\/\/cfcontabil.com\/cf\/patroes-devem-redobrar-a-atencao-para-deduzir-o-imposto-de-renda-dos-domesticos\/","url_meta":{"origin":1250,"position":2},"title":"Patr\u00f5es devem redobrar a aten\u00e7\u00e3o para deduzir o Imposto de Renda dos dom\u00e9sticos","author":"Ab\u00edlio Gon\u00e7alves","date":"30 de mar\u00e7o de 2016","format":false,"excerpt":"Sob pol\u00eamica, o benef\u00edcio que o contribuinte tem ao lan\u00e7ar na declara\u00e7\u00e3o do Imposto de Renda os gastos com empregado dom\u00e9stico \u00e9 limitado. Para obter o desconto que pode levar \u00e0 redu\u00e7\u00e3o do IR a pagar ou ao aumento da restitui\u00e7\u00e3o, \u00e9 preciso ter muito cuidado no preenchimento dos dados\u2026","rel":"","context":"Em &quot;Geral&quot;","block_context":{"text":"Geral","link":"https:\/\/cfcontabil.com\/cf\/category\/geral\/"},"img":{"alt_text":"","src":"https:\/\/i0.wp.com\/cfcontabil.com\/cf\/wp-content\/uploads\/2016\/03\/domestica-1.jpeg?fit=600%2C315&ssl=1&resize=350%2C200","width":350,"height":200,"srcset":"https:\/\/i0.wp.com\/cfcontabil.com\/cf\/wp-content\/uploads\/2016\/03\/domestica-1.jpeg?fit=600%2C315&ssl=1&resize=350%2C200 1x, https:\/\/i0.wp.com\/cfcontabil.com\/cf\/wp-content\/uploads\/2016\/03\/domestica-1.jpeg?fit=600%2C315&ssl=1&resize=525%2C300 1.5x"},"classes":[]},{"id":330,"url":"https:\/\/cfcontabil.com\/cf\/comeca-o-acerto-de-contas\/","url_meta":{"origin":1250,"position":3},"title":"Come\u00e7a o acerto de contas!","author":"Ab\u00edlio Gon\u00e7alves","date":"1 de mar\u00e7o de 2013","format":false,"excerpt":"A partir de hoje (1) inicia o per\u00edodo da entrega da declara\u00e7\u00e3o do IRPF (Imposto de Renda Pessoa F\u00edsica) 2013. E segundo as normas publicadas no DOU (Di\u00e1rio Oficial da Uni\u00e3o) de 19\/02, \u00a0a declara\u00e7\u00e3o dever\u00e1 ser entregue at\u00e9 \u00e0s 23h59m59s do dia 30 de abril, a entrega fora do\u2026","rel":"","context":"Em &quot;Geral&quot;","block_context":{"text":"Geral","link":"https:\/\/cfcontabil.com\/cf\/category\/geral\/"},"img":{"alt_text":"calendario","src":"https:\/\/i0.wp.com\/www.cfcontabil.com\/images\/marco2013.jpg?resize=350%2C200","width":350,"height":200,"srcset":"https:\/\/i0.wp.com\/www.cfcontabil.com\/images\/marco2013.jpg?resize=350%2C200 1x, https:\/\/i0.wp.com\/www.cfcontabil.com\/images\/marco2013.jpg?resize=525%2C300 1.5x"},"classes":[]},{"id":1132,"url":"https:\/\/cfcontabil.com\/cf\/ajuda-profissional-evita-problemas-com-o-leao\/","url_meta":{"origin":1250,"position":4},"title":"Ajuda profissional evita problemas com o Le\u00e3o","author":"Ab\u00edlio Gon\u00e7alves","date":"20 de abril de 2017","format":false,"excerpt":"Quem se sente inseguro para declarar o IR ou tem grande patrim\u00f4nio, por exemplo, pode recorrer a um contador. Quem entregou o documento com algum erro ou informa\u00e7\u00e3o incompleta pode enviar uma declara\u00e7\u00e3o retificadora at\u00e9 o dia 28 de abril. A cada ano, a Receita Federal vem aprimorando o programa\u2026","rel":"","context":"Em &quot;Departamento Fiscal&quot;","block_context":{"text":"Departamento Fiscal","link":"https:\/\/cfcontabil.com\/cf\/category\/df\/"},"img":{"alt_text":"","src":"https:\/\/i0.wp.com\/cfcontabil.com\/cf\/wp-content\/uploads\/2016\/05\/Imposto_Renda_IR_Prazo-1.jpg?fit=620%2C412&ssl=1&resize=350%2C200","width":350,"height":200,"srcset":"https:\/\/i0.wp.com\/cfcontabil.com\/cf\/wp-content\/uploads\/2016\/05\/Imposto_Renda_IR_Prazo-1.jpg?fit=620%2C412&ssl=1&resize=350%2C200 1x, https:\/\/i0.wp.com\/cfcontabil.com\/cf\/wp-content\/uploads\/2016\/05\/Imposto_Renda_IR_Prazo-1.jpg?fit=620%2C412&ssl=1&resize=525%2C300 1.5x"},"classes":[]},{"id":1296,"url":"https:\/\/cfcontabil.com\/cf\/imposto-de-renda-2018-veja-13-erros-mais-comuns-na-declaracao-e-evite-cair-na-malha-fina\/","url_meta":{"origin":1250,"position":5},"title":"Imposto de Renda 2018: Veja 13 erros mais comuns na declara\u00e7\u00e3o e evite cair na malha fina","author":"Ab\u00edlio Gon\u00e7alves","date":"3 de mar\u00e7o de 2018","format":false,"excerpt":"Reportagem do G1 Esquecer de informar pens\u00e3o aliment\u00edcia, colocar cursos n\u00e3o autorizados como despesas de educa\u00e7\u00e3o para deduzir imposto e at\u00e9 erros de digita\u00e7\u00e3o s\u00e3o comuns; prazo para declarar at\u00e9 30 de abril Os motivos que levam algu\u00e9m a cair na malha fina s\u00e3o v\u00e1rios e v\u00e3o desde a omiss\u00e3o\u2026","rel":"","context":"Em &quot;Geral&quot;","block_context":{"text":"Geral","link":"https:\/\/cfcontabil.com\/cf\/category\/geral\/"},"img":{"alt_text":"","src":"https:\/\/i0.wp.com\/cfcontabil.com\/cf\/wp-content\/uploads\/2016\/04\/leao_do_imposto_de_renda-1.jpg?fit=620%2C345&ssl=1&resize=350%2C200","width":350,"height":200,"srcset":"https:\/\/i0.wp.com\/cfcontabil.com\/cf\/wp-content\/uploads\/2016\/04\/leao_do_imposto_de_renda-1.jpg?fit=620%2C345&ssl=1&resize=350%2C200 1x, https:\/\/i0.wp.com\/cfcontabil.com\/cf\/wp-content\/uploads\/2016\/04\/leao_do_imposto_de_renda-1.jpg?fit=620%2C345&ssl=1&resize=525%2C300 1.5x"},"classes":[]}],"jetpack_likes_enabled":true,"_links":{"self":[{"href":"https:\/\/cfcontabil.com\/cf\/wp-json\/wp\/v2\/posts\/1250","targetHints":{"allow":["GET"]}}],"collection":[{"href":"https:\/\/cfcontabil.com\/cf\/wp-json\/wp\/v2\/posts"}],"about":[{"href":"https:\/\/cfcontabil.com\/cf\/wp-json\/wp\/v2\/types\/post"}],"author":[{"embeddable":true,"href":"https:\/\/cfcontabil.com\/cf\/wp-json\/wp\/v2\/users\/3"}],"replies":[{"embeddable":true,"href":"https:\/\/cfcontabil.com\/cf\/wp-json\/wp\/v2\/comments?post=1250"}],"version-history":[{"count":0,"href":"https:\/\/cfcontabil.com\/cf\/wp-json\/wp\/v2\/posts\/1250\/revisions"}],"wp:featuredmedia":[{"embeddable":true,"href":"https:\/\/cfcontabil.com\/cf\/wp-json\/wp\/v2\/media\/747"}],"wp:attachment":[{"href":"https:\/\/cfcontabil.com\/cf\/wp-json\/wp\/v2\/media?parent=1250"}],"wp:term":[{"taxonomy":"category","embeddable":true,"href":"https:\/\/cfcontabil.com\/cf\/wp-json\/wp\/v2\/categories?post=1250"},{"taxonomy":"post_tag","embeddable":true,"href":"https:\/\/cfcontabil.com\/cf\/wp-json\/wp\/v2\/tags?post=1250"}],"curies":[{"name":"wp","href":"https:\/\/api.w.org\/{rel}","templated":true}]}}