{"id":1251,"date":"2017-07-10T05:00:12","date_gmt":"2017-07-10T08:00:12","guid":{"rendered":"http:\/\/cfcontabil.com\/cf\/?p=1246"},"modified":"2017-07-10T05:00:12","modified_gmt":"2017-07-10T08:00:12","slug":"mei-ja-pode-aderir-ao-parcelamento-de-debitos","status":"publish","type":"post","link":"https:\/\/cfcontabil.com\/cf\/mei-ja-pode-aderir-ao-parcelamento-de-debitos\/","title":{"rendered":"MEI j\u00e1 pode aderir ao parcelamento de d\u00e9bitos"},"content":{"rendered":"<p><strong>Come\u00e7ou, em 3 de julho, o prazo para ades\u00e3o ao parcelamento de d\u00e9bitos do Microempreendedor Individual (MEI).<\/strong><\/p>\n<p>O programa possui duas modalidades de parcelamento e foi disciplinado pelas Instru\u00e7\u00f5es Normativas RFB n\u00b0 1.713\/2017 e 1.714\/2017.<\/p>\n<p>1) Parcelamento Convencional &#8211; permite o parcelamento de todos os d\u00e9bitos declarados na DASN-SIMEI (INSS, ISS e ICMS), em at\u00e9 60 parcelas mensais e presta\u00e7\u00e3o m\u00ednima de R$ 50,00.<\/p>\n<p>N\u00e3o h\u00e1 prazo para ades\u00e3o ao parcelamento convencional.<\/p>\n<p>2) Parcelamento Especial &#8211; permite o parcelamento de d\u00e9bitos declarados em DASN-Simei at\u00e9 o per\u00edodo de apura\u00e7\u00e3o (PA) maio\/2016, em at\u00e9 120 parcelas mensais e presta\u00e7\u00e3o m\u00ednima de R$ 50,00. O prazo para ades\u00e3o ao parcelamento especial encerra-se no dia 02 de outubro de 2017, \u00e0s 20 horas.<\/p>\n<p>Os pedidos de parcelamento podem ser solicitados neste portal, menu Simei-Servi\u00e7os &gt; Parcelamento ou no Portal e-CAC.<\/p>\n<p>Somente produzir\u00e3o efeitos os pedidos de parcelamento formulados com o correspondente pagamento tempestivo da 1\u00aa (primeira) presta\u00e7\u00e3o.<\/p>\n<p>O MEI poder\u00e1 optar* por:<\/p>\n<p><!--more--><\/p>\n<p>&#8211; um parcelamento convencional, contemplando todos os d\u00e9bitos;<\/p>\n<p>&#8211; um parcelamento especial, contemplando somente os d\u00e9bitos at\u00e9 o PA 05\/2016;<\/p>\n<p>&#8211; um parcelamento especial (para d\u00e9bitos at\u00e9 o PA 05\/2016) e um convencional (para d\u00e9bitos posteriores a 05\/2016), hip\u00f3tese em que estar\u00e1 obrigado ao pagamento de duas parcelas. Neste caso, dever\u00e1, primeiramente, solicitar o parcelamento especial.<\/p>\n<p>*Tendo em vista os prov\u00e1veis montantes de d\u00e9bitos consolidados do MEI, o parcelamento convencional poder\u00e1 ser mais adequado \u00e0s suas necessidades.<\/p>\n<p>Implicar\u00e1 rescis\u00e3o do parcelamento:<\/p>\n<p>&#8211; a falta de pagamento de 3 (tr\u00eas) parcelas, consecutivas ou n\u00e3o, ou<\/p>\n<p>&#8211; a exist\u00eancia de saldo devedor, ap\u00f3s a data de vencimento da \u00faltima parcela do parcelamento.<\/p>\n<p>A crit\u00e9rio do MEI, poder\u00e3o ser parcelados d\u00e9bitos n\u00e3o exig\u00edveis, para fins da contagem da car\u00eancia para obten\u00e7\u00e3o dos benef\u00edcios previdenci\u00e1rios.<\/p>\n<p>IMPORTANTE:<\/p>\n<p>&#8211; \u00c9 condi\u00e7\u00e3o para o parcelamento a apresenta\u00e7\u00e3o da Declara\u00e7\u00e3o Anual Simplificada para o Microempreendedor Individual (DASN-SIMEI), relativa aos per\u00edodos a serem parcelados.<\/p>\n<p>&#8211; Os d\u00e9bitos somente ser\u00e3o recuperados para parcelamento a partir do 5\u00b0 dia \u00fatil ap\u00f3s o envio da declara\u00e7\u00e3o (DASN-Simei). Este parcelamento n\u00e3o engloba os d\u00e9bitos de multa por atraso na entrega da DASN-Simei.<\/p>\n<p>&#8211; Al\u00e9m da(s) parcela(s), o MEI deve efetuar o pagamento do DAS relativo ao PA corrente, mensalmente.<\/p>\n<p>&#8211; Os d\u00e9bitos relativos ao ano-calend\u00e1rio de 2017 devem ser declarados na DASN-Simei a partir de primeiro de janeiro de 2018, com prazo de entrega at\u00e9 31\/05\/2018, exceto na hip\u00f3tese de extin\u00e7\u00e3o da empresa em 2017.<\/p>\n<p>Para mais informa\u00e7\u00f5es, consulte o Manual do Parcelamento do MEI e o Perguntas e Respostas, item 22.<\/p>\n<p>SECRETARIA-EXECUTIVA DO COMIT\u00ca GESTOR DO SIMPLES NACIONAL<\/p>\n","protected":false},"excerpt":{"rendered":"<p>Come\u00e7ou, em 3 de julho, o prazo para ades\u00e3o ao parcelamento de d\u00e9bitos do Microempreendedor Individual (MEI). O programa possui duas modalidades de parcelamento e foi disciplinado pelas Instru\u00e7\u00f5es Normativas RFB n\u00b0 1.713\/2017 e 1.714\/2017. 1) Parcelamento Convencional &#8211; permite o parcelamento de todos os d\u00e9bitos declarados na DASN-SIMEI (INSS, ISS e ICMS), em at\u00e9 [&hellip;]<\/p>\n","protected":false},"author":3,"featured_media":1504,"comment_status":"open","ping_status":"open","sticky":false,"template":"","format":"standard","meta":{"jetpack_post_was_ever_published":false,"_jetpack_newsletter_access":"","_jetpack_dont_email_post_to_subs":false,"_jetpack_newsletter_tier_id":0,"_jetpack_memberships_contains_paywalled_content":false,"_jetpack_memberships_contains_paid_content":false,"footnotes":"","jetpack_publicize_message":"MEI j\u00e1 pode aderir ao parcelamento de d\u00e9bitos - saiba como","jetpack_publicize_feature_enabled":true,"jetpack_social_post_already_shared":true,"jetpack_social_options":{"image_generator_settings":{"template":"highway","default_image_id":0,"font":"","enabled":false},"version":2}},"categories":[46],"tags":[123,168,257,506,211,113,213],"class_list":["post-1251","post","type-post","status-publish","format-standard","has-post-thumbnail","hentry","category-df","tag-debitos","tag-empreendedor","tag-mei","tag-microempreendedor","tag-nacional","tag-parcelamento","tag-simples"],"jetpack_publicize_connections":[],"jetpack_featured_media_url":"https:\/\/i0.wp.com\/cfcontabil.com\/cf\/wp-content\/uploads\/2017\/03\/mei-micro-empreendedor-individual-696x287-1.jpg?fit=696%2C287&ssl=1","jetpack_sharing_enabled":true,"jetpack_shortlink":"https:\/\/wp.me\/p2wklX-kb","jetpack-related-posts":[{"id":1256,"url":"https:\/\/cfcontabil.com\/cf\/receita-federal-alerta-sobre-o-prazo-de-adesao-ao-parcelamento-de-debitos-dos-estados-do-distrito-federal-e-dos-municipios\/","url_meta":{"origin":1251,"position":0},"title":"Receita Federal alerta sobre o prazo de ades\u00e3o ao parcelamento de d\u00e9bitos dos Estados, do Distrito Federal e dos Munic\u00edpios","author":"Ab\u00edlio Gon\u00e7alves","date":"24 de julho de 2017","format":false,"excerpt":"O prazo para op\u00e7\u00e3o vai at\u00e9 31 de julho de 2017 O prazo de ades\u00e3o ao parcelamento das contribui\u00e7\u00f5es previdenci\u00e1rias de responsabilidade dos estados, do Distrito Federal e dos munic\u00edpios, de que trata a Medida Provis\u00f3ria n\u00ba 778, de 16 de maio de 2017 (PREM), termina em 31 de julho\u2026","rel":"","context":"Em &quot;Departamento Fiscal&quot;","block_context":{"text":"Departamento Fiscal","link":"https:\/\/cfcontabil.com\/cf\/category\/df\/"},"img":{"alt_text":"","src":"https:\/\/i0.wp.com\/cfcontabil.com\/cf\/wp-content\/uploads\/2017\/07\/PREM-1.png?fit=506%2C310&ssl=1&resize=350%2C200","width":350,"height":200},"classes":[]},{"id":1045,"url":"https:\/\/cfcontabil.com\/cf\/adesao-ao-parcelamento-especial-de-debitos-do-simples-nacional-se-encerra-no-proximo-dia-10\/","url_meta":{"origin":1251,"position":1},"title":"Ades\u00e3o ao parcelamento especial de d\u00e9bitos do Simples Nacional se encerra no pr\u00f3ximo dia 10","author":"Ab\u00edlio Gon\u00e7alves","date":"9 de mar\u00e7o de 2017","format":false,"excerpt":"O contribuinte que pretende aderir ao parcelamento especial de d\u00e9bitos do Simples Nacional inscritos em D\u00edvida Ativa da Uni\u00e3o (DAU) precisa estar atento. O prazo para ades\u00e3o a essa modalidade de parcelamento se encerra no pr\u00f3ximo dia 10 de mar\u00e7o. O parcelamento foi regulamentado pela Portaria PGFN n\u00b0 1.110 de\u2026","rel":"","context":"Em &quot;Departamento Fiscal&quot;","block_context":{"text":"Departamento Fiscal","link":"https:\/\/cfcontabil.com\/cf\/category\/df\/"},"img":{"alt_text":"","src":"https:\/\/i0.wp.com\/cfcontabil.com\/cf\/wp-content\/uploads\/2017\/01\/simples-1.jpg?fit=520%2C271&ssl=1&resize=350%2C200","width":350,"height":200},"classes":[]},{"id":2604,"url":"https:\/\/cfcontabil.com\/cf\/senado-aprova-parcelamento-de-dividas-fiscais-de-micro-e-pequenas-empresas\/","url_meta":{"origin":1251,"position":2},"title":"Senado aprova parcelamento de d\u00edvidas fiscais de micro e pequenas empresas","author":"Ab\u00edlio Gon\u00e7alves","date":"6 de agosto de 2021","format":false,"excerpt":"Por 68 votos favor\u00e1veis e nenhum contr\u00e1rio, os senadores aprovaram, nesta quinta-feira (5), substitutivo do senador Fernando Bezerra Coelho (MDB-PE) que permite o pagamento em at\u00e9 15 anos das d\u00edvidas das micro e pequenas empresas com a Uni\u00e3o, inclusive de microempreendedores individuais. O Projeto de Lei Complementar (PLP)\u00a046\/2021, que apresenta\u2026","rel":"","context":"Em &quot;Geral&quot;","block_context":{"text":"Geral","link":"https:\/\/cfcontabil.com\/cf\/category\/geral\/"},"img":{"alt_text":"","src":"https:\/\/i0.wp.com\/cfcontabil.com\/cf\/wp-content\/uploads\/2021\/08\/parcelamento-dinheiro.jpg?fit=600%2C310&ssl=1&resize=350%2C200","width":350,"height":200,"srcset":"https:\/\/i0.wp.com\/cfcontabil.com\/cf\/wp-content\/uploads\/2021\/08\/parcelamento-dinheiro.jpg?fit=600%2C310&ssl=1&resize=350%2C200 1x, https:\/\/i0.wp.com\/cfcontabil.com\/cf\/wp-content\/uploads\/2021\/08\/parcelamento-dinheiro.jpg?fit=600%2C310&ssl=1&resize=525%2C300 1.5x"},"classes":[]},{"id":1249,"url":"https:\/\/cfcontabil.com\/cf\/pgfn-publica-regulamentacao-do-parcelamento-especial-de-debitos-previdenciarios-de-entes-federativos\/","url_meta":{"origin":1251,"position":3},"title":"PGFN publica regulamenta\u00e7\u00e3o do parcelamento especial de d\u00e9bitos previdenci\u00e1rios de entes federativos","author":"Ab\u00edlio Gon\u00e7alves","date":"3 de julho de 2017","format":false,"excerpt":"Parcelamento foi institu\u00eddo pela Medida Provis\u00f3ria n\u00b0 778\/2017 A Procuradoria-Geral da Fazenda Nacional (PGFN) publicou em 19 de junho de 2017 no Di\u00e1rio Oficial da Uni\u00e3o (DOU) a Portaria PGFN n\u00b0 645, de 16 de junho de 2017. O texto trata do parcelamento especial de d\u00e9bitos previdenci\u00e1rios junto \u00e0 Uni\u00e3o\u2026","rel":"","context":"Em &quot;Departamento Fiscal&quot;","block_context":{"text":"Departamento Fiscal","link":"https:\/\/cfcontabil.com\/cf\/category\/df\/"},"img":{"alt_text":"","src":"https:\/\/i0.wp.com\/cfcontabil.com\/cf\/wp-content\/uploads\/2016\/03\/dinheiro-1.jpg?fit=661%2C351&ssl=1&resize=350%2C200","width":350,"height":200,"srcset":"https:\/\/i0.wp.com\/cfcontabil.com\/cf\/wp-content\/uploads\/2016\/03\/dinheiro-1.jpg?fit=661%2C351&ssl=1&resize=350%2C200 1x, https:\/\/i0.wp.com\/cfcontabil.com\/cf\/wp-content\/uploads\/2016\/03\/dinheiro-1.jpg?fit=661%2C351&ssl=1&resize=525%2C300 1.5x"},"classes":[]},{"id":1377,"url":"https:\/\/cfcontabil.com\/cf\/termina-sexta-feira-o-prazo-para-prestacao-de-informacoes-relacionadas-ao-pert\/","url_meta":{"origin":1251,"position":4},"title":"Termina sexta-feira o prazo para presta\u00e7\u00e3o de informa\u00e7\u00f5es relacionadas ao Pert","author":"Ab\u00edlio Gon\u00e7alves","date":"30 de agosto de 2018","format":false,"excerpt":"O n\u00e3o cumprimento dessa exig\u00eancia implica exclus\u00e3o do Pert Dia 31\/8\/2018 termina o prazo para a presta\u00e7\u00e3o das informa\u00e7\u00f5es necess\u00e1rias \u00e0 consolida\u00e7\u00e3o do Pert. Devem prestar as informa\u00e7\u00f5es os contribuintes que fizeram ades\u00e3o ao Pert na modalidade d\u00e9bitos previdenci\u00e1rios para parcelamento ou para pagamento a vista com utiliza\u00e7\u00e3o de cr\u00e9ditos\u2026","rel":"","context":"Em &quot;Geral&quot;","block_context":{"text":"Geral","link":"https:\/\/cfcontabil.com\/cf\/category\/geral\/"},"img":{"alt_text":"","src":"https:\/\/i0.wp.com\/cfcontabil.com\/cf\/wp-content\/uploads\/2018\/08\/pert-1.png?fit=735%2C250&ssl=1&resize=350%2C200","width":350,"height":200,"srcset":"https:\/\/i0.wp.com\/cfcontabil.com\/cf\/wp-content\/uploads\/2018\/08\/pert-1.png?fit=735%2C250&ssl=1&resize=350%2C200 1x, https:\/\/i0.wp.com\/cfcontabil.com\/cf\/wp-content\/uploads\/2018\/08\/pert-1.png?fit=735%2C250&ssl=1&resize=525%2C300 1.5x, https:\/\/i0.wp.com\/cfcontabil.com\/cf\/wp-content\/uploads\/2018\/08\/pert-1.png?fit=735%2C250&ssl=1&resize=700%2C400 2x"},"classes":[]},{"id":1282,"url":"https:\/\/cfcontabil.com\/cf\/receita-federal-encaminhara-debitos-para-inscricao-em-divida-ativa-da-uniao-em-setembro\/","url_meta":{"origin":1251,"position":5},"title":"Receita Federal encaminhar\u00e1 d\u00e9bitos para inscri\u00e7\u00e3o em D\u00edvida Ativa da Uni\u00e3o em setembro","author":"Ab\u00edlio Gon\u00e7alves","date":"29 de agosto de 2017","format":false,"excerpt":"A inscri\u00e7\u00e3o em d\u00edvida ativa implica a incid\u00eancias de encargos legais no \u00e2mbito da execu\u00e7\u00e3o fiscal A Receita Federal informa que no in\u00edcio de setembro de 2017 encaminhar\u00e1 para inscri\u00e7\u00e3o em D\u00edvida Ativa da Uni\u00e3o os d\u00e9bitos para os quais j\u00e1 se encerraram as a\u00e7\u00f5es administrativas de cobran\u00e7a e que\u2026","rel":"","context":"Em &quot;Departamento Fiscal&quot;","block_context":{"text":"Departamento Fiscal","link":"https:\/\/cfcontabil.com\/cf\/category\/df\/"},"img":{"alt_text":"","src":"https:\/\/i0.wp.com\/cfcontabil.com\/cf\/wp-content\/uploads\/2017\/02\/receita-federal-1-1.png?fit=702%2C325&ssl=1&resize=350%2C200","width":350,"height":200,"srcset":"https:\/\/i0.wp.com\/cfcontabil.com\/cf\/wp-content\/uploads\/2017\/02\/receita-federal-1-1.png?fit=702%2C325&ssl=1&resize=350%2C200 1x, https:\/\/i0.wp.com\/cfcontabil.com\/cf\/wp-content\/uploads\/2017\/02\/receita-federal-1-1.png?fit=702%2C325&ssl=1&resize=525%2C300 1.5x, https:\/\/i0.wp.com\/cfcontabil.com\/cf\/wp-content\/uploads\/2017\/02\/receita-federal-1-1.png?fit=702%2C325&ssl=1&resize=700%2C400 2x"},"classes":[]}],"jetpack_likes_enabled":true,"_links":{"self":[{"href":"https:\/\/cfcontabil.com\/cf\/wp-json\/wp\/v2\/posts\/1251","targetHints":{"allow":["GET"]}}],"collection":[{"href":"https:\/\/cfcontabil.com\/cf\/wp-json\/wp\/v2\/posts"}],"about":[{"href":"https:\/\/cfcontabil.com\/cf\/wp-json\/wp\/v2\/types\/post"}],"author":[{"embeddable":true,"href":"https:\/\/cfcontabil.com\/cf\/wp-json\/wp\/v2\/users\/3"}],"replies":[{"embeddable":true,"href":"https:\/\/cfcontabil.com\/cf\/wp-json\/wp\/v2\/comments?post=1251"}],"version-history":[{"count":0,"href":"https:\/\/cfcontabil.com\/cf\/wp-json\/wp\/v2\/posts\/1251\/revisions"}],"wp:featuredmedia":[{"embeddable":true,"href":"https:\/\/cfcontabil.com\/cf\/wp-json\/wp\/v2\/media\/1504"}],"wp:attachment":[{"href":"https:\/\/cfcontabil.com\/cf\/wp-json\/wp\/v2\/media?parent=1251"}],"wp:term":[{"taxonomy":"category","embeddable":true,"href":"https:\/\/cfcontabil.com\/cf\/wp-json\/wp\/v2\/categories?post=1251"},{"taxonomy":"post_tag","embeddable":true,"href":"https:\/\/cfcontabil.com\/cf\/wp-json\/wp\/v2\/tags?post=1251"}],"curies":[{"name":"wp","href":"https:\/\/api.w.org\/{rel}","templated":true}]}}