{"id":1252,"date":"2017-07-10T10:30:04","date_gmt":"2017-07-10T13:30:04","guid":{"rendered":"http:\/\/cfcontabil.com\/cf\/?p=1248"},"modified":"2017-07-10T10:30:04","modified_gmt":"2017-07-10T13:30:04","slug":"receita-abre-hoje-segunda-feira-consulta-ao-segundo-lote-de-restituicao-do-irpf-de-2017","status":"publish","type":"post","link":"https:\/\/cfcontabil.com\/cf\/receita-abre-hoje-segunda-feira-consulta-ao-segundo-lote-de-restituicao-do-irpf-de-2017\/","title":{"rendered":"Receita abre hoje (segunda-feira) consulta ao segundo lote de restitui\u00e7\u00e3o do IRPF de 2017"},"content":{"rendered":"<p>O segundo lote de restitui\u00e7\u00e3o do IRPF 2017 contempla 1.347.761 contribuintes.<\/p>\n<p>A partir das 9 horas de segunda-feira, 10 de julho, estar\u00e1 dispon\u00edvel para consulta o segundo lote de restitui\u00e7\u00e3o do IRPF 2017 que contempla 1.347.761 contribuintes, totalizando mais de R$2,5 bilh\u00f5es.<\/p>\n<p>O lote multiexerc\u00edcio de restitui\u00e7\u00e3o do Imposto sobre a Renda da Pessoa F\u00edsica contempla tamb\u00e9m restitui\u00e7\u00f5es residuais dos exerc\u00edcios de 2008 a 2016.<\/p>\n<p>O cr\u00e9dito banc\u00e1rio para 1.495.931 contribuintes ser\u00e1 realizado no dia 17 de julho, totalizando o valor de tr\u00eas bilh\u00f5es. Desse total, R$1.489.205.543,57 referem-se ao quantitativo de contribuintes de que trata o Art. 69-A da Lei n\u00b0 9.784\/99, sendo 664.547 contribuintes idosos e 55.259 contribuintes com alguma defici\u00eancia f\u00edsica ou mental ou mol\u00e9stia grave.<\/p>\n<p>Os montantes de restitui\u00e7\u00e3o para cada exerc\u00edcio, e a respectiva taxa selic aplicada, podem ser acompanhados na tabela a seguir:<\/p>\n<p>Para saber se teve a declara\u00e7\u00e3o liberada, o contribuinte dever\u00e1 acessar a p\u00e1gina da Receita na Internet (http:\/\/idg.receita.fazenda.gov.br), ou ligar para o Receitafone 146. Na consulta \u00e0 p\u00e1gina da Receita, servi\u00e7o e-CAC, \u00e9 poss\u00edvel acessar o extrato da declara\u00e7\u00e3o e ver se h\u00e1 inconsist\u00eancias de dados identificadas pelo processamento. Nesta hip\u00f3tese, o contribuinte pode avaliar as inconsist\u00eancias e fazer a autorregulariza\u00e7\u00e3o, mediante entrega de declara\u00e7\u00e3o retificadora.<\/p>\n<p>A Receita disponibiliza, ainda, aplicativo para tablets e smartphones que facilita consulta \u00e0s declara\u00e7\u00f5es do IRPF e situa\u00e7\u00e3o cadastral no CPF. Com ele ser\u00e1 poss\u00edvel consultar diretamente nas bases da Receita Federal informa\u00e7\u00f5es sobre libera\u00e7\u00e3o das restitui\u00e7\u00f5es do IRPF e a situa\u00e7\u00e3o cadastral de uma inscri\u00e7\u00e3o no CPF.<\/p>\n<p>A restitui\u00e7\u00e3o ficar\u00e1 dispon\u00edvel no banco durante um ano. Se o contribuinte n\u00e3o fizer o resgate nesse prazo, dever\u00e1 requer\u00ea-la por meio da Internet, mediante o Formul\u00e1rio Eletr\u00f4nico &#8211; Pedido de Pagamento de Restitui\u00e7\u00e3o, ou diretamente no e-CAC, no servi\u00e7o Extrato do Processamento da DIRPF.<\/p>\n<p>Caso o valor n\u00e3o seja creditado, o contribuinte poder\u00e1 contatar pessoalmente qualquer ag\u00eancia do BB ou ligar para a Central de Atendimento por meio do telefone 4004-0001 (capitais), 0800-729-0001 (demais localidades) e 0800-729-0088 (telefone especial exclusivo para deficientes auditivos) para agendar o cr\u00e9dito em conta-corrente ou poupan\u00e7a, em seu nome, em qualquer banco.<\/p>\n<p>Fonte: RFB<\/p>\n","protected":false},"excerpt":{"rendered":"<p>O segundo lote de restitui\u00e7\u00e3o do IRPF 2017 contempla 1.347.761 contribuintes. A partir das 9 horas de segunda-feira, 10 de julho, estar\u00e1 dispon\u00edvel para consulta o segundo lote de restitui\u00e7\u00e3o do IRPF 2017 que contempla 1.347.761 contribuintes, totalizando mais de R$2,5 bilh\u00f5es. O lote multiexerc\u00edcio de restitui\u00e7\u00e3o do Imposto sobre a Renda da Pessoa F\u00edsica [&hellip;]<\/p>\n","protected":false},"author":3,"featured_media":1494,"comment_status":"open","ping_status":"open","sticky":false,"template":"","format":"standard","meta":{"jetpack_post_was_ever_published":false,"_jetpack_newsletter_access":"","_jetpack_dont_email_post_to_subs":false,"_jetpack_newsletter_tier_id":0,"_jetpack_memberships_contains_paywalled_content":false,"_jetpack_memberships_contains_paid_content":false,"footnotes":"","jetpack_publicize_message":"","jetpack_publicize_feature_enabled":true,"jetpack_social_post_already_shared":true,"jetpack_social_options":{"image_generator_settings":{"template":"highway","default_image_id":0,"font":"","enabled":false},"version":2}},"categories":[46],"tags":[108,229,115,111,117],"class_list":["post-1252","post","type-post","status-publish","format-standard","has-post-thumbnail","hentry","category-df","tag-imposto","tag-ir","tag-irpf","tag-renda","tag-restituicao"],"jetpack_publicize_connections":[],"jetpack_featured_media_url":"https:\/\/i0.wp.com\/cfcontabil.com\/cf\/wp-content\/uploads\/2017\/02\/irpfrfb-1.jpg?fit=640%2C340&ssl=1","jetpack_sharing_enabled":true,"jetpack_shortlink":"https:\/\/wp.me\/p2wklX-kc","jetpack-related-posts":[{"id":934,"url":"https:\/\/cfcontabil.com\/cf\/receita-abriu-na-quarta-feira-82-a-consulta-ao-lote-residual-de-restituicao-multiexercicio-do-irpf-do-mes-de-fev2017\/","url_meta":{"origin":1252,"position":0},"title":"Receita abriu na quarta-feira (8\/2) a consulta ao lote residual de restitui\u00e7\u00e3o multiexerc\u00edcio do IRPF do m\u00eas de FEV\/2017","author":"Ab\u00edlio Gon\u00e7alves","date":"10 de fevereiro de 2017","format":false,"excerpt":"A partir das 9 horas de quarta-feira, 8 de fevereiro, estar\u00e1 dispon\u00edvel para consulta o lote multiexerc\u00edcio de restitui\u00e7\u00e3o do Imposto sobre a Renda da Pessoa F\u00edsica, contemplando as restitui\u00e7\u00f5es residuais, referentes aos exerc\u00edcios de 2008 a 2016. O cr\u00e9dito banc\u00e1rio para 115.831 contribuintes ser\u00e1 realizado no dia 15 de\u2026","rel":"","context":"Em &quot;Departamento Fiscal&quot;","block_context":{"text":"Departamento Fiscal","link":"https:\/\/cfcontabil.com\/cf\/category\/df\/"},"img":{"alt_text":"","src":"https:\/\/i0.wp.com\/cfcontabil.com\/cf\/wp-content\/uploads\/2017\/02\/restituicao-imposto-de-renda-1.jpg?fit=600%2C300&ssl=1&resize=350%2C200","width":350,"height":200,"srcset":"https:\/\/i0.wp.com\/cfcontabil.com\/cf\/wp-content\/uploads\/2017\/02\/restituicao-imposto-de-renda-1.jpg?fit=600%2C300&ssl=1&resize=350%2C200 1x, https:\/\/i0.wp.com\/cfcontabil.com\/cf\/wp-content\/uploads\/2017\/02\/restituicao-imposto-de-renda-1.jpg?fit=600%2C300&ssl=1&resize=525%2C300 1.5x"},"classes":[]},{"id":1043,"url":"https:\/\/cfcontabil.com\/cf\/receita-abre-na-quarta-feira-83-a-consulta-ao-lote-residual-de-restituicao-multiexercicio-do-irpf-do-mes-de-marco2017\/","url_meta":{"origin":1252,"position":1},"title":"Receita abre na quarta-feira (8\/3) a consulta ao lote residual de restitui\u00e7\u00e3o multiexerc\u00edcio do IRPF do m\u00eas de Mar\u00e7o\/2017","author":"Ab\u00edlio Gon\u00e7alves","date":"8 de mar\u00e7o de 2017","format":false,"excerpt":"O cr\u00e9dito banc\u00e1rio para 156.307 contribuintes ser\u00e1 realizado no dia 15 de mar\u00e7o. A partir das 9 horas de quarta-feira, 8 de mar\u00e7o, estar\u00e1 dispon\u00edvel para consulta o lote multiexerc\u00edcio de restitui\u00e7\u00e3o do Imposto sobre a Renda da Pessoa F\u00edsica, contemplando as restitui\u00e7\u00f5es residuais, referentes aos exerc\u00edcios de 2008 a\u2026","rel":"","context":"Em &quot;Departamento Fiscal&quot;","block_context":{"text":"Departamento Fiscal","link":"https:\/\/cfcontabil.com\/cf\/category\/df\/"},"img":{"alt_text":"","src":"https:\/\/i0.wp.com\/cfcontabil.com\/cf\/wp-content\/uploads\/2017\/02\/irpfrfb-1.jpg?fit=640%2C340&ssl=1&resize=350%2C200","width":350,"height":200,"srcset":"https:\/\/i0.wp.com\/cfcontabil.com\/cf\/wp-content\/uploads\/2017\/02\/irpfrfb-1.jpg?fit=640%2C340&ssl=1&resize=350%2C200 1x, https:\/\/i0.wp.com\/cfcontabil.com\/cf\/wp-content\/uploads\/2017\/02\/irpfrfb-1.jpg?fit=640%2C340&ssl=1&resize=525%2C300 1.5x"},"classes":[]},{"id":1164,"url":"https:\/\/cfcontabil.com\/cf\/receita-paga-hoje-restituicao-residual-do-imposto-de-renda-pessoa-fisica\/","url_meta":{"origin":1252,"position":2},"title":"Receita paga hoje restitui\u00e7\u00e3o residual do Imposto de Renda Pessoa F\u00edsica","author":"Ab\u00edlio Gon\u00e7alves","date":"16 de maio de 2017","format":false,"excerpt":"A Receita Federal paga hoje (15) restitui\u00e7\u00e3o residual do Imposto de Renda da Pessoa F\u00edsica (IRPF), referente aos exerc\u00edcios de 2008 a 2016. O cr\u00e9dito banc\u00e1rio para 128.232 contribuintes totaliza R$ 213,4 milh\u00f5es, dos quais R$ 74,7 milh\u00f5es se referem aos contribuintes com direito a prioridade no recebimento: 22.107 idosos\u2026","rel":"","context":"Em &quot;Departamento Fiscal&quot;","block_context":{"text":"Departamento Fiscal","link":"https:\/\/cfcontabil.com\/cf\/category\/df\/"},"img":{"alt_text":"","src":"https:\/\/i0.wp.com\/cfcontabil.com\/cf\/wp-content\/uploads\/2017\/02\/irpfrfb-1.jpg?fit=640%2C340&ssl=1&resize=350%2C200","width":350,"height":200,"srcset":"https:\/\/i0.wp.com\/cfcontabil.com\/cf\/wp-content\/uploads\/2017\/02\/irpfrfb-1.jpg?fit=640%2C340&ssl=1&resize=350%2C200 1x, https:\/\/i0.wp.com\/cfcontabil.com\/cf\/wp-content\/uploads\/2017\/02\/irpfrfb-1.jpg?fit=640%2C340&ssl=1&resize=525%2C300 1.5x"},"classes":[]},{"id":1985,"url":"https:\/\/cfcontabil.com\/cf\/receita-abre-na-segunda-feira-consultas-ao-7o-lote-do-ir-2019-restituicoes-somam-r-700-milhoes\/","url_meta":{"origin":1252,"position":3},"title":"Receita abre na segunda-feira consultas ao 7\u00ba lote do IR 2019; restitui\u00e7\u00f5es somam R$ 700 milh\u00f5es","author":"Ab\u00edlio Gon\u00e7alves","date":"7 de dezembro de 2019","format":false,"excerpt":"Lote contempla 320.606 pessoas e ser\u00e1 pago em 16 de dezembro. Consultas devem ser feitas pelo site da Receita, ou por meio do aplicativo para tablets e smartphones. A Secretaria da Receita Federal informou que ser\u00e3o abertas na segunda-feira (9), a partir das 9h, as consultas ao s\u00e9timo lote de\u2026","rel":"","context":"Em &quot;Departamento Fiscal&quot;","block_context":{"text":"Departamento Fiscal","link":"https:\/\/cfcontabil.com\/cf\/category\/df\/"},"img":{"alt_text":"","src":"https:\/\/i0.wp.com\/cfcontabil.com\/cf\/wp-content\/uploads\/2017\/02\/imposto-de-renda-2017-1.jpg?fit=640%2C365&ssl=1&resize=350%2C200","width":350,"height":200,"srcset":"https:\/\/i0.wp.com\/cfcontabil.com\/cf\/wp-content\/uploads\/2017\/02\/imposto-de-renda-2017-1.jpg?fit=640%2C365&ssl=1&resize=350%2C200 1x, https:\/\/i0.wp.com\/cfcontabil.com\/cf\/wp-content\/uploads\/2017\/02\/imposto-de-renda-2017-1.jpg?fit=640%2C365&ssl=1&resize=525%2C300 1.5x"},"classes":[]},{"id":2133,"url":"https:\/\/cfcontabil.com\/cf\/antecipacao-de-irpf-ofertas-dos-bancos-atraem-contribuintes-atencao-as-regras\/","url_meta":{"origin":1252,"position":4},"title":"Antecipa\u00e7\u00e3o de IRPF: ofertas dos Bancos atraem contribuintes, aten\u00e7\u00e3o as regras!","author":"Ab\u00edlio Gon\u00e7alves","date":"6 de mar\u00e7o de 2020","format":false,"excerpt":"Com juros mais baixos que o normal,\u00a0 muitos contribuintes contratam empr\u00e9stimo para antecipar a devolu\u00e7\u00e3o do IR. Sem planejamento e estudo, na maioria dos casos n\u00e3o \u00e9 muito vantajoso. No geral, s\u00f3 vale a pena se houver urg\u00eancia para receber o dinheiro. Os principais bancos em opera\u00e7\u00e3o no Brasil anunciaram\u2026","rel":"","context":"Em &quot;Departamento Fiscal&quot;","block_context":{"text":"Departamento Fiscal","link":"https:\/\/cfcontabil.com\/cf\/category\/df\/"},"img":{"alt_text":"","src":"https:\/\/i0.wp.com\/cfcontabil.com\/cf\/wp-content\/uploads\/2020\/03\/IRPF-ANTECIPA%C3%87%C3%83O-RESTITUI%C3%87%C3%83O.jpeg?fit=1200%2C675&ssl=1&resize=350%2C200","width":350,"height":200,"srcset":"https:\/\/i0.wp.com\/cfcontabil.com\/cf\/wp-content\/uploads\/2020\/03\/IRPF-ANTECIPA%C3%87%C3%83O-RESTITUI%C3%87%C3%83O.jpeg?fit=1200%2C675&ssl=1&resize=350%2C200 1x, https:\/\/i0.wp.com\/cfcontabil.com\/cf\/wp-content\/uploads\/2020\/03\/IRPF-ANTECIPA%C3%87%C3%83O-RESTITUI%C3%87%C3%83O.jpeg?fit=1200%2C675&ssl=1&resize=525%2C300 1.5x, https:\/\/i0.wp.com\/cfcontabil.com\/cf\/wp-content\/uploads\/2020\/03\/IRPF-ANTECIPA%C3%87%C3%83O-RESTITUI%C3%87%C3%83O.jpeg?fit=1200%2C675&ssl=1&resize=700%2C400 2x, https:\/\/i0.wp.com\/cfcontabil.com\/cf\/wp-content\/uploads\/2020\/03\/IRPF-ANTECIPA%C3%87%C3%83O-RESTITUI%C3%87%C3%83O.jpeg?fit=1200%2C675&ssl=1&resize=1050%2C600 3x"},"classes":[]},{"id":2219,"url":"https:\/\/cfcontabil.com\/cf\/governo-decide-manter-cronograma-de-restituicao-do-imposto-de-renda\/","url_meta":{"origin":1252,"position":5},"title":"Governo decide manter cronograma de restitui\u00e7\u00e3o do Imposto de Renda","author":"Ab\u00edlio Gon\u00e7alves","date":"4 de abril de 2020","format":false,"excerpt":"No primeiro lote, previsto para maio, ser\u00e1 dada prioridade para idosos, portadores de defici\u00eancia e doen\u00e7a grave O governo federal anunciou nesta quinta-feira (2) que decidiu manter o cronograma previsto para restitui\u00e7\u00f5es do Imposto de Renda. \"Considerando toda esta situa\u00e7\u00e3o excepcional que estamos vivenciando neste momento, decidimos manter o cronograma\u2026","rel":"","context":"Em &quot;Departamento Fiscal&quot;","block_context":{"text":"Departamento Fiscal","link":"https:\/\/cfcontabil.com\/cf\/category\/df\/"},"img":{"alt_text":"","src":"https:\/\/i0.wp.com\/cfcontabil.com\/cf\/wp-content\/uploads\/2017\/02\/restituicao-imposto-de-renda-1.jpg?fit=600%2C300&ssl=1&resize=350%2C200","width":350,"height":200,"srcset":"https:\/\/i0.wp.com\/cfcontabil.com\/cf\/wp-content\/uploads\/2017\/02\/restituicao-imposto-de-renda-1.jpg?fit=600%2C300&ssl=1&resize=350%2C200 1x, https:\/\/i0.wp.com\/cfcontabil.com\/cf\/wp-content\/uploads\/2017\/02\/restituicao-imposto-de-renda-1.jpg?fit=600%2C300&ssl=1&resize=525%2C300 1.5x"},"classes":[]}],"jetpack_likes_enabled":true,"_links":{"self":[{"href":"https:\/\/cfcontabil.com\/cf\/wp-json\/wp\/v2\/posts\/1252","targetHints":{"allow":["GET"]}}],"collection":[{"href":"https:\/\/cfcontabil.com\/cf\/wp-json\/wp\/v2\/posts"}],"about":[{"href":"https:\/\/cfcontabil.com\/cf\/wp-json\/wp\/v2\/types\/post"}],"author":[{"embeddable":true,"href":"https:\/\/cfcontabil.com\/cf\/wp-json\/wp\/v2\/users\/3"}],"replies":[{"embeddable":true,"href":"https:\/\/cfcontabil.com\/cf\/wp-json\/wp\/v2\/comments?post=1252"}],"version-history":[{"count":0,"href":"https:\/\/cfcontabil.com\/cf\/wp-json\/wp\/v2\/posts\/1252\/revisions"}],"wp:featuredmedia":[{"embeddable":true,"href":"https:\/\/cfcontabil.com\/cf\/wp-json\/wp\/v2\/media\/1494"}],"wp:attachment":[{"href":"https:\/\/cfcontabil.com\/cf\/wp-json\/wp\/v2\/media?parent=1252"}],"wp:term":[{"taxonomy":"category","embeddable":true,"href":"https:\/\/cfcontabil.com\/cf\/wp-json\/wp\/v2\/categories?post=1252"},{"taxonomy":"post_tag","embeddable":true,"href":"https:\/\/cfcontabil.com\/cf\/wp-json\/wp\/v2\/tags?post=1252"}],"curies":[{"name":"wp","href":"https:\/\/api.w.org\/{rel}","templated":true}]}}