{"id":1253,"date":"2017-07-11T05:00:57","date_gmt":"2017-07-11T08:00:57","guid":{"rendered":"http:\/\/cfcontabil.com\/cf\/?p=1250"},"modified":"2017-07-11T05:00:57","modified_gmt":"2017-07-11T08:00:57","slug":"empresario-preve-crescimento-de-operacoes-com-moedas-virtuais-receita-alerta-para-dificuldade-de-fiscalizaca","status":"publish","type":"post","link":"https:\/\/cfcontabil.com\/cf\/empresario-preve-crescimento-de-operacoes-com-moedas-virtuais-receita-alerta-para-dificuldade-de-fiscalizaca\/","title":{"rendered":"Empres\u00e1rio prev\u00ea crescimento de opera\u00e7\u00f5es com moedas virtuais; Receita alerta para dificuldade de fiscaliza\u00e7\u00e3"},"content":{"rendered":"<p><strong>O n\u00famero de brasileiros que usam moedas virtuais pode chegar a um milh\u00e3o at\u00e9 o fim do ano. <\/strong><\/p>\n<p>Essa \u00e9 a estimativa do diretor-executivo da FlowBTC, uma plataforma de negocia\u00e7\u00e3o de moedas digitais, Marcelo Miranda. Ele participou, nesta quarta-feira (5), da primeira audi\u00eancia p\u00fablica promovida pela comiss\u00e3o especial que analisa o assunto.<\/p>\n<p>Segundo Miranda, hoje entre 200 mil e 250 mil pessoas t\u00eam ou j\u00e1 tiveram moedas virtuais no Brasil. \u201cEsse volume est\u00e1 crescendo bastante e a gente estima que at\u00e9 o final desse ano pode beirar um milh\u00e3o de pessoas que t\u00eam bitcoin ou tem uma carteira de bitcoin\u201d.<\/p>\n<p>Essas transa\u00e7\u00f5es financeiras virtuais s\u00e3o complexas e, apesar do n\u00famero expressivo de participantes, n\u00e3o t\u00eam nenhuma regulamenta\u00e7\u00e3o no Brasil.<\/p>\n<p>A comiss\u00e3o especial analisa um projeto do deputados Aureo (SD-RJ) que submete o uso de moedas virtuais e os programas de milhagem de companhias a\u00e9reas \u00e0 regulamenta\u00e7\u00e3o do Banco Central e \u00e0 fiscaliza\u00e7\u00e3o do Conselho de Controle de Atividades Financeiras (PL 2303\/15).<\/p>\n<p>Aureo e o deputado Lucas Vergilio (SD-GO) esclarecem, no entanto, que o objetivo n\u00e3o \u00e9 prejudicar o crescimento da tecnologia mas, sim, dar seguran\u00e7a aos consumidores e aos que querem investir nessas moedas.<\/p>\n<p>\u201c[Queremos] dar a possibilidade de um crescimento com consist\u00eancia e de n\u00e3o deixar, at\u00e9 pela falta de informa\u00e7\u00e3o, consumidores brasileiros serem lesados\u201d, explica Aureo.<\/p>\n<p>&#8220;O Brasil tem tecnologia financeira de \u00faltima gera\u00e7\u00e3o e t\u00eam empreendedores de fintech que est\u00e3o dispostos a assumir certos riscos para desenvolver esse setor. O que falta realmente s\u00e3o as regras claras do jogo&#8221;, concorda Miranda.<\/p>\n<p><!--more--><\/p>\n<p>Imposto de Renda<\/p>\n<p>Hoje, as pessoas f\u00edsicas j\u00e1 s\u00e3o obrigadas a declarar as moedas virtuais no Imposto de Renda. Mas o respons\u00e1vel pela \u00e1rea da fiscaliza\u00e7\u00e3o da Receita Federal, I\u00e1garo Jung, lembra que o controle feito pelo Banco Central e pela Receita s\u00e3o diferentes.<\/p>\n<p>O Banco Central, explica Jung, vai dizer como devem ser praticadas essas opera\u00e7\u00f5es, como controlar, monitorar e regular esse processo. J\u00e1 o aspecto tribut\u00e1rio diz respeito \u00e0 Receita Federal. Nesse caso, o desafio \u00e9 estabelecer como controlar as informa\u00e7\u00f5es desses processos para garantir que tudo seja declarado ao \u00f3rg\u00e3o de forma correta.<\/p>\n<p>Na avalia\u00e7\u00e3o de Jung, a utiliza\u00e7\u00e3o desse tipo de dinheiro virtual fragiliza o sistema tribut\u00e1rio e pode favorecer crimes como os de sonega\u00e7\u00e3o, corrup\u00e7\u00e3o, extors\u00e3o mediante sequestro e lavagem de dinheiro. Por exemplo, na Opera\u00e7\u00e3o Lava Jato, uma das formas de identificar quem s\u00e3o as pessoas \u00e9 justamente seguindo o dinheiro, rastreando essas opera\u00e7\u00f5es financeiras. Se essas opera\u00e7\u00f5es s\u00e3o praticadas com moeda virtual em alguns casos fica muito dif\u00edcil identificar a pr\u00e1tica desse crime.\u201d<\/p>\n<p>Regulamenta\u00e7\u00e3o questionada<\/p>\n<p>O economista e autor do livro \u201cBitcoin &#8211; a Moeda da Era Digital\u201d, Fernando Ulrich, no entanto, ressaltou que os pagamentos feitos com bitcoins s\u00e3o l\u00edcitos. \u201cO problema \u00e9 a infra\u00e7\u00e3o, a contraven\u00e7\u00e3o em si e n\u00e3o a tecnologia utilizada\u201d, disse Ulrich.<\/p>\n<p>Para o economista, antes de mais nada \u00e9 preciso discutir se a regulamenta\u00e7\u00e3o \u00e9 necess\u00e1ria. \u201cEu sempre rogo que a gente primeiro entenda como funciona, entenda as nuances dessa tecnologia, antes de se apressar e acabar tentando impor uma regula\u00e7\u00e3o que s\u00f3 vai atravancar e impedir algo que pode ser muito ben\u00e9fico para a sociedade de se desenvolver\u201d.<\/p>\n<p>De acordo com o plano de trabalho apresentado pelo relator do PL 2303\/15, deputado Expedito Netto (PSD-RO), a comiss\u00e3o especial ainda deve fazer outras dez audi\u00eancias p\u00fablicas para debater o assunto.<\/p>\n<p>Fonte:\u00a0C\u00e2mara dos Deputados de 06.07.2017<\/p>\n","protected":false},"excerpt":{"rendered":"<p>O n\u00famero de brasileiros que usam moedas virtuais pode chegar a um milh\u00e3o at\u00e9 o fim do ano. Essa \u00e9 a estimativa do diretor-executivo da FlowBTC, uma plataforma de negocia\u00e7\u00e3o de moedas digitais, Marcelo Miranda. Ele participou, nesta quarta-feira (5), da primeira audi\u00eancia p\u00fablica promovida pela comiss\u00e3o especial que analisa o assunto. Segundo Miranda, hoje [&hellip;]<\/p>\n","protected":false},"author":3,"featured_media":1520,"comment_status":"open","ping_status":"open","sticky":false,"template":"","format":"standard","meta":{"jetpack_post_was_ever_published":false,"_jetpack_newsletter_access":"","_jetpack_dont_email_post_to_subs":false,"_jetpack_newsletter_tier_id":0,"_jetpack_memberships_contains_paywalled_content":false,"_jetpack_memberships_contains_paid_content":false,"footnotes":"","jetpack_publicize_message":"","jetpack_publicize_feature_enabled":true,"jetpack_social_post_already_shared":true,"jetpack_social_options":{"image_generator_settings":{"template":"highway","default_image_id":0,"font":"","enabled":false},"version":2}},"categories":[22],"tags":[71,195,557,74,558],"class_list":["post-1253","post","type-post","status-publish","format-standard","has-post-thumbnail","hentry","category-geral","tag-federal","tag-fiscalizacao","tag-moeda","tag-receita","tag-virtual"],"jetpack_publicize_connections":[],"jetpack_featured_media_url":"https:\/\/i0.wp.com\/cfcontabil.com\/cf\/wp-content\/uploads\/2017\/07\/moedavirtual-1.jpg?fit=665%2C230&ssl=1","jetpack_sharing_enabled":true,"jetpack_shortlink":"https:\/\/wp.me\/p2wklX-kd","jetpack-related-posts":[{"id":1939,"url":"https:\/\/cfcontabil.com\/cf\/dolar-acima-de-r-420-pressiona-custos-e-preocupa-empresarios\/","url_meta":{"origin":1253,"position":0},"title":"D\u00f3lar acima de R$ 4,20 pressiona custos e preocupa empres\u00e1rios","author":"Ab\u00edlio Gon\u00e7alves","date":"21 de novembro de 2019","format":false,"excerpt":"Cota\u00e7\u00e3o recorde da moeda americana j\u00e1 encarece os combust\u00edveis, afeta compra de produtos no varejo e reacende temor da alta da infla\u00e7\u00e3o A Petrobras anunciou nesta ter\u00e7a-feira (19\/11) o reajuste de 2,8% no pre\u00e7o da gasolina nas refinarias, um dia depois de o\u00a0d\u00f3lar\u00a0alcan\u00e7ar sua\u00a0maior cota\u00e7\u00e3o nominal\u00a0da hist\u00f3ria e bater R$\u2026","rel":"","context":"Em &quot;Geral&quot;","block_context":{"text":"Geral","link":"https:\/\/cfcontabil.com\/cf\/category\/geral\/"},"img":{"alt_text":"","src":"https:\/\/i0.wp.com\/cfcontabil.com\/cf\/wp-content\/uploads\/2019\/11\/dolar-notas.jpg?fit=704%2C435&ssl=1&resize=350%2C200","width":350,"height":200,"srcset":"https:\/\/i0.wp.com\/cfcontabil.com\/cf\/wp-content\/uploads\/2019\/11\/dolar-notas.jpg?fit=704%2C435&ssl=1&resize=350%2C200 1x, https:\/\/i0.wp.com\/cfcontabil.com\/cf\/wp-content\/uploads\/2019\/11\/dolar-notas.jpg?fit=704%2C435&ssl=1&resize=525%2C300 1.5x, https:\/\/i0.wp.com\/cfcontabil.com\/cf\/wp-content\/uploads\/2019\/11\/dolar-notas.jpg?fit=704%2C435&ssl=1&resize=700%2C400 2x"},"classes":[]},{"id":1218,"url":"https:\/\/cfcontabil.com\/cf\/instrucoes-normativas-sobre-imposto-de-renda\/","url_meta":{"origin":1253,"position":1},"title":"Instru\u00e7\u00f5es Normativas sobre Imposto de Renda","author":"Ab\u00edlio Gon\u00e7alves","date":"22 de fevereiro de 2017","format":false,"excerpt":"A Receita Federal publicou hoje (22.02) v\u00e1rias Instru\u00e7\u00f5es Normativas com regras sobre o imposto de renda, para o exerc\u00edcio de 2017: Instru\u00e7\u00e3o Normativa 1696 - programa multiplataforma da Declara\u00e7\u00e3o de Ajuste Anual do Imposto sobre a Renda da Pessoa F\u00edsica, da Declara\u00e7\u00e3o Final de Esp\u00f3lio e da Declara\u00e7\u00e3o de Sa\u00edda\u2026","rel":"","context":"Em &quot;Departamento Fiscal&quot;","block_context":{"text":"Departamento Fiscal","link":"https:\/\/cfcontabil.com\/cf\/category\/df\/"},"img":{"alt_text":"","src":"","width":0,"height":0},"classes":[]},{"id":1205,"url":"https:\/\/cfcontabil.com\/cf\/os-dedos-duros-do-ir-que-te-fazem-cair-na-malha-fina\/","url_meta":{"origin":1253,"position":2},"title":"Os dedos-duros do IR que te fazem cair na malha fina","author":"Ab\u00edlio Gon\u00e7alves","date":"12 de abril de 2016","format":false,"excerpt":"O contribuinte que est\u00e1 obrigado a declarar o Imposto de Renda (IR) 2016 precisa ter aten\u00e7\u00e3o redobrada ao preencher alguns dados da declara\u00e7\u00e3o que \"deduram\" ao Fisco eventuais omiss\u00f5es ou inconsist\u00eancias. A cada ano, a Receita Federal exige que mais empresas e entidades enviem informa\u00e7\u00f5es sobre as movimenta\u00e7\u00f5es dos contribuintes\u2026","rel":"","context":"Em &quot;Geral&quot;","block_context":{"text":"Geral","link":"https:\/\/cfcontabil.com\/cf\/category\/geral\/"},"img":{"alt_text":"","src":"","width":0,"height":0},"classes":[]},{"id":1798,"url":"https:\/\/cfcontabil.com\/cf\/exigencia-de-cpf-no-imposto-de-renda-faz-12-milhao-de-dependentes-desaparecer\/","url_meta":{"origin":1253,"position":3},"title":"Exig\u00eancia de CPF no Imposto de Renda faz 1,2 milh\u00e3o de dependentes &#8216;desaparecer&#8217;","author":"Ab\u00edlio Gon\u00e7alves","date":"18 de outubro de 2019","format":false,"excerpt":"Mais rigor do Fisco derruba o n\u00famero de crian\u00e7as e adolescentes na declara\u00e7\u00e3o de pessoa f\u00edsica Em apenas um ano, entre 2017 e 2018, cerca de 1,2 milh\u00e3o de crian\u00e7as e adolescentes desapareceram das declara\u00e7\u00f5es de IR (Imposto de Renda) captadas pela Receita Federal. Levantamento feito pelo Fisco mostra que\u2026","rel":"","context":"Em &quot;Imposto de Renda&quot;","block_context":{"text":"Imposto de Renda","link":"https:\/\/cfcontabil.com\/cf\/category\/imposto-de-renda\/"},"img":{"alt_text":"","src":"https:\/\/i0.wp.com\/cfcontabil.com\/cf\/wp-content\/uploads\/2017\/02\/irpfrfb-1.jpg?fit=640%2C340&ssl=1&resize=350%2C200","width":350,"height":200,"srcset":"https:\/\/i0.wp.com\/cfcontabil.com\/cf\/wp-content\/uploads\/2017\/02\/irpfrfb-1.jpg?fit=640%2C340&ssl=1&resize=350%2C200 1x, https:\/\/i0.wp.com\/cfcontabil.com\/cf\/wp-content\/uploads\/2017\/02\/irpfrfb-1.jpg?fit=640%2C340&ssl=1&resize=525%2C300 1.5x"},"classes":[]},{"id":2541,"url":"https:\/\/cfcontabil.com\/cf\/receita-federal-novos-servicos-por-processo-digital\/","url_meta":{"origin":1253,"position":4},"title":"Receita Federal: novos servi\u00e7os por processo digital","author":"Ab\u00edlio Gon\u00e7alves","date":"5 de agosto de 2021","format":false,"excerpt":"A partir de agora, servi\u00e7os relativos ao CAEPF e CNO que dependem de an\u00e1lise de um servidor da Receita Federal poder\u00e3o ser solicitados via processo digital, aberto pelo pr\u00f3prio contribuinte no e-CAC. A Receita Federal disponibilizou nesta segunda-feira, 02 de agosto, novos servi\u00e7os que passam a ser solicitados por meio\u2026","rel":"","context":"Em &quot;Geral&quot;","block_context":{"text":"Geral","link":"https:\/\/cfcontabil.com\/cf\/category\/geral\/"},"img":{"alt_text":"","src":"https:\/\/i0.wp.com\/cfcontabil.com\/cf\/wp-content\/uploads\/2017\/02\/receita-federal-1-1.png?fit=702%2C325&ssl=1&resize=350%2C200","width":350,"height":200,"srcset":"https:\/\/i0.wp.com\/cfcontabil.com\/cf\/wp-content\/uploads\/2017\/02\/receita-federal-1-1.png?fit=702%2C325&ssl=1&resize=350%2C200 1x, https:\/\/i0.wp.com\/cfcontabil.com\/cf\/wp-content\/uploads\/2017\/02\/receita-federal-1-1.png?fit=702%2C325&ssl=1&resize=525%2C300 1.5x, https:\/\/i0.wp.com\/cfcontabil.com\/cf\/wp-content\/uploads\/2017\/02\/receita-federal-1-1.png?fit=702%2C325&ssl=1&resize=700%2C400 2x"},"classes":[]},{"id":2137,"url":"https:\/\/cfcontabil.com\/cf\/mais-de-16-mi-de-contribuintes-ja-entregaram-declaracao-do-ir\/","url_meta":{"origin":1253,"position":5},"title":"Mais de 1,6 mi de contribuintes j\u00e1 entregaram declara\u00e7\u00e3o do IR","author":"Ab\u00edlio Gon\u00e7alves","date":"6 de mar\u00e7o de 2020","format":false,"excerpt":"Receita Federal espera receber 32 milh\u00f5es de declara\u00e7\u00f5es em 2020 No quarto dia de entrega da declara\u00e7\u00e3o do Imposto de Renda Pessoa F\u00edsica (IRPF) 2020, pouco mais de 1,6 milh\u00e3o de contribuintes acertaram as contas com o Le\u00e3o. Esse \u00e9 o n\u00famero de documentos enviados desde a \u00faltima\u00a0segunda-feira (2) at\u00e9\u2026","rel":"","context":"Em &quot;Departamento Fiscal&quot;","block_context":{"text":"Departamento Fiscal","link":"https:\/\/cfcontabil.com\/cf\/category\/df\/"},"img":{"alt_text":"","src":"https:\/\/i0.wp.com\/cfcontabil.com\/cf\/wp-content\/uploads\/2020\/03\/IRPF-CELULAR-NOT.jpg?fit=1170%2C700&ssl=1&resize=350%2C200","width":350,"height":200,"srcset":"https:\/\/i0.wp.com\/cfcontabil.com\/cf\/wp-content\/uploads\/2020\/03\/IRPF-CELULAR-NOT.jpg?fit=1170%2C700&ssl=1&resize=350%2C200 1x, https:\/\/i0.wp.com\/cfcontabil.com\/cf\/wp-content\/uploads\/2020\/03\/IRPF-CELULAR-NOT.jpg?fit=1170%2C700&ssl=1&resize=525%2C300 1.5x, https:\/\/i0.wp.com\/cfcontabil.com\/cf\/wp-content\/uploads\/2020\/03\/IRPF-CELULAR-NOT.jpg?fit=1170%2C700&ssl=1&resize=700%2C400 2x, https:\/\/i0.wp.com\/cfcontabil.com\/cf\/wp-content\/uploads\/2020\/03\/IRPF-CELULAR-NOT.jpg?fit=1170%2C700&ssl=1&resize=1050%2C600 3x"},"classes":[]}],"jetpack_likes_enabled":true,"_links":{"self":[{"href":"https:\/\/cfcontabil.com\/cf\/wp-json\/wp\/v2\/posts\/1253","targetHints":{"allow":["GET"]}}],"collection":[{"href":"https:\/\/cfcontabil.com\/cf\/wp-json\/wp\/v2\/posts"}],"about":[{"href":"https:\/\/cfcontabil.com\/cf\/wp-json\/wp\/v2\/types\/post"}],"author":[{"embeddable":true,"href":"https:\/\/cfcontabil.com\/cf\/wp-json\/wp\/v2\/users\/3"}],"replies":[{"embeddable":true,"href":"https:\/\/cfcontabil.com\/cf\/wp-json\/wp\/v2\/comments?post=1253"}],"version-history":[{"count":0,"href":"https:\/\/cfcontabil.com\/cf\/wp-json\/wp\/v2\/posts\/1253\/revisions"}],"wp:featuredmedia":[{"embeddable":true,"href":"https:\/\/cfcontabil.com\/cf\/wp-json\/wp\/v2\/media\/1520"}],"wp:attachment":[{"href":"https:\/\/cfcontabil.com\/cf\/wp-json\/wp\/v2\/media?parent=1253"}],"wp:term":[{"taxonomy":"category","embeddable":true,"href":"https:\/\/cfcontabil.com\/cf\/wp-json\/wp\/v2\/categories?post=1253"},{"taxonomy":"post_tag","embeddable":true,"href":"https:\/\/cfcontabil.com\/cf\/wp-json\/wp\/v2\/tags?post=1253"}],"curies":[{"name":"wp","href":"https:\/\/api.w.org\/{rel}","templated":true}]}}