{"id":1256,"date":"2017-07-24T10:03:13","date_gmt":"2017-07-24T13:03:13","guid":{"rendered":"http:\/\/cfcontabil.com\/cf\/?p=1256"},"modified":"2017-07-24T10:03:13","modified_gmt":"2017-07-24T13:03:13","slug":"receita-federal-alerta-sobre-o-prazo-de-adesao-ao-parcelamento-de-debitos-dos-estados-do-distrito-federal-e-dos-municipios","status":"publish","type":"post","link":"https:\/\/cfcontabil.com\/cf\/receita-federal-alerta-sobre-o-prazo-de-adesao-ao-parcelamento-de-debitos-dos-estados-do-distrito-federal-e-dos-municipios\/","title":{"rendered":"Receita Federal alerta sobre o prazo de ades\u00e3o ao parcelamento de d\u00e9bitos dos Estados, do Distrito Federal e dos Munic\u00edpios"},"content":{"rendered":"<p><strong>O prazo para op\u00e7\u00e3o vai at\u00e9 31 de julho de 2017<\/strong><\/p>\n<p>O prazo de ades\u00e3o ao parcelamento das contribui\u00e7\u00f5es previdenci\u00e1rias de responsabilidade dos estados, do Distrito Federal e dos munic\u00edpios, de que trata a Medida Provis\u00f3ria n\u00ba 778, de 16 de maio de 2017 (PREM), termina em 31 de julho de 2017. At\u00e9 ao momento, apenas 351 munic\u00edpios, ou seja, 8,0% dos munic\u00edpios com d\u00e9bitos fizeram o pedido de parcelamento.<\/p>\n<p>O Programa de parcelamento permite a inclus\u00e3o de d\u00e9bitos vencidos at\u00e9 30 de abril de 2017, que poder\u00e3o ser parcelados em at\u00e9 200 parcelas.<\/p>\n<p>A ades\u00e3o ao Programa deve ser formalizada em uma Unidade da RFB do domic\u00edlio tribut\u00e1rio do ente federativo.<\/p>\n<p>O programa permite a liquida\u00e7\u00e3o de d\u00e9bitos exig\u00edveis relativos \u00e0s contribui\u00e7\u00f5es previdenci\u00e1rias incidentes sobre a remunera\u00e7\u00e3o paga ou creditada aos segurados a servi\u00e7o do empregador e aquelas relativas \u00e0s reten\u00e7\u00f5es dos trabalhadores, incidentes sobre o seu sal\u00e1rio-de-contribui\u00e7\u00e3o. \u00c9 permitido tamb\u00e9m a liquida\u00e7\u00e3o de d\u00e9bitos decorrentes do descumprimento de obriga\u00e7\u00f5es acess\u00f3rias e os de contribui\u00e7\u00f5es incidentes sobre o 13\u00ba (d\u00e9cimo terceiro) sal\u00e1rio, estendendo, por interpreta\u00e7\u00e3o legal j\u00e1 pacificada no \u00e2mbito da Receita Federal, \u00e0s contribui\u00e7\u00f5es devidas por lei a terceiros, assim entendidas outras entidades e fundos.<\/p>\n<p>Tamb\u00e9m poder\u00e3o ser liquidados pelo programa as d\u00edvidas com exigibilidade suspensa, desde que o contribuinte previamente desista dos lit\u00edgios judiciais ou administrativos. A desist\u00eancia dos lit\u00edgios administrativos se dar\u00e1 pela indica\u00e7\u00e3o expressa do respectivo d\u00e9bito para compor o parcelamento, enquanto que a desist\u00eancia de lit\u00edgios judiciais dever\u00e1 ser comprovada junto \u00e0 unidade da RFB, at\u00e9 o final do prazo de ades\u00e3o ao Programa.<\/p>\n<p>Por op\u00e7\u00e3o do contribuinte, a ser manifestada no ato de ades\u00e3o, suas d\u00edvidas parceladas em outros programas em curso poder\u00e3o ser inclu\u00eddas no atual Programa de parcelamento.<\/p>\n<p>Os d\u00e9bitos poder\u00e3o ser liquidados da seguinte forma:<\/p>\n<p>I &#8211; o pagamento \u00e0 vista e em esp\u00e9cie de 2,4% do valor total da d\u00edvida consolidada, sem redu\u00e7\u00f5es, em at\u00e9 6 parcelas iguais e sucessivas, venc\u00edveis entre julho e dezembro de 2017; e<\/p>\n<p>II &#8211; o pagamento do restante da d\u00edvida consolidada em at\u00e9 194 parcelas, venc\u00edveis a partir de janeiro de 2018, com as seguintes redu\u00e7\u00f5es:<br \/>\na) de 25% das multas de mora, de of\u00edcio e isoladas; e<br \/>\nb) de 80% dos juros de mora.<br \/>\nO pagamento das presta\u00e7\u00f5es venc\u00edveis em 2017 dever\u00e1 ser realizado em esp\u00e9cie, devendo a primeira parcela ser paga at\u00e9 31 de julho de 2017, e o valor da presta\u00e7\u00e3o deve ser calculado pelo pr\u00f3prio contribuinte.<\/p>\n<p>As demais presta\u00e7\u00f5es, venc\u00edveis a partir de janeiro de 2018, ser\u00e3o retidas no Fundo de Participa\u00e7\u00e3o dos Estados e do Distrito Federal (FPE) ou no Fundo de Participa\u00e7\u00e3o dos Munic\u00edpios (FPM) e corresponder\u00e1 ao menor valor entre:<br \/>\n&#8211; 1\/194 da d\u00edvida consolidada; e<br \/>\n&#8211; 0,5% ou 1% da m\u00e9dia da mensal da Receita Corrente L\u00edquida (RCL) do ente.<br \/>\nO percentual de 0,5% ser\u00e1 aplicado caso haja op\u00e7\u00e3o por parcelamento de d\u00edvidas na RFB e na Procuradoria-Geral da Fazenda Nacional (PGFN), e o de 1%, se a op\u00e7\u00e3o se der exclusivamente no \u00e2mbito da RFB.<\/p>\n<p>A ades\u00e3o ao Programa implica tamb\u00e9m autoriza\u00e7\u00e3o pelo ente federativo para a reten\u00e7\u00e3o no FPE ou no FPM do valor correspondente \u00e0s obriga\u00e7\u00f5es correntes dos meses anteriores ao do recebimento do respectivo Fundo de Participa\u00e7\u00e3o, no caso de n\u00e3o pagamento no vencimento.<\/p>\n<p>Poder\u00e1 haver a exclus\u00e3o do Programa na ocorr\u00eancia de uma das seguintes hip\u00f3teses:<\/p>\n<p>? falta de recolhimento de diferen\u00e7a n\u00e3o retida no FPE ou no FPM por 3 meses consecutivos ou alternados;<br \/>\n? falta de pagamento de uma parcela, estando pagas todas as demais;<br \/>\n? falta de apresenta\u00e7\u00e3o das informa\u00e7\u00f5es relativas ao demonstrativo de apura\u00e7\u00e3o da RCL; ou<br \/>\n? a n\u00e3o quita\u00e7\u00e3o integral do pagamento \u00e0 vista e em esp\u00e9cie no ano de 2017.<\/p>\n<p>Fonte: RFB<\/p>\n","protected":false},"excerpt":{"rendered":"<p>O prazo para op\u00e7\u00e3o vai at\u00e9 31 de julho de 2017 O prazo de ades\u00e3o ao parcelamento das contribui\u00e7\u00f5es previdenci\u00e1rias de responsabilidade dos estados, do Distrito Federal e dos munic\u00edpios, de que trata a Medida Provis\u00f3ria n\u00ba 778, de 16 de maio de 2017 (PREM), termina em 31 de julho de 2017. At\u00e9 ao momento, [&hellip;]<\/p>\n","protected":false},"author":3,"featured_media":1257,"comment_status":"open","ping_status":"open","sticky":false,"template":"","format":"standard","meta":{"jetpack_post_was_ever_published":false,"_jetpack_newsletter_access":"","_jetpack_dont_email_post_to_subs":false,"_jetpack_newsletter_tier_id":0,"_jetpack_memberships_contains_paywalled_content":false,"_jetpack_memberships_contains_paid_content":false,"footnotes":"","jetpack_publicize_message":"","jetpack_publicize_feature_enabled":true,"jetpack_social_post_already_shared":true,"jetpack_social_options":{"image_generator_settings":{"template":"highway","default_image_id":0,"font":"","enabled":false},"version":2}},"categories":[46],"tags":[559,71,560,113,561,74],"class_list":["post-1256","post","type-post","status-publish","format-standard","has-post-thumbnail","hentry","category-df","tag-estado","tag-federal","tag-municipio","tag-parcelamento","tag-prem","tag-receita"],"jetpack_publicize_connections":[],"jetpack_featured_media_url":"https:\/\/i0.wp.com\/cfcontabil.com\/cf\/wp-content\/uploads\/2017\/07\/PREM-1.png?fit=506%2C310&ssl=1","jetpack_sharing_enabled":true,"jetpack_shortlink":"https:\/\/wp.me\/p2wklX-kg","jetpack-related-posts":[{"id":1249,"url":"https:\/\/cfcontabil.com\/cf\/pgfn-publica-regulamentacao-do-parcelamento-especial-de-debitos-previdenciarios-de-entes-federativos\/","url_meta":{"origin":1256,"position":0},"title":"PGFN publica regulamenta\u00e7\u00e3o do parcelamento especial de d\u00e9bitos previdenci\u00e1rios de entes federativos","author":"Ab\u00edlio Gon\u00e7alves","date":"3 de julho de 2017","format":false,"excerpt":"Parcelamento foi institu\u00eddo pela Medida Provis\u00f3ria n\u00b0 778\/2017 A Procuradoria-Geral da Fazenda Nacional (PGFN) publicou em 19 de junho de 2017 no Di\u00e1rio Oficial da Uni\u00e3o (DOU) a Portaria PGFN n\u00b0 645, de 16 de junho de 2017. O texto trata do parcelamento especial de d\u00e9bitos previdenci\u00e1rios junto \u00e0 Uni\u00e3o\u2026","rel":"","context":"Em &quot;Departamento Fiscal&quot;","block_context":{"text":"Departamento Fiscal","link":"https:\/\/cfcontabil.com\/cf\/category\/df\/"},"img":{"alt_text":"","src":"https:\/\/i0.wp.com\/cfcontabil.com\/cf\/wp-content\/uploads\/2016\/03\/dinheiro-1.jpg?fit=661%2C351&ssl=1&resize=350%2C200","width":350,"height":200,"srcset":"https:\/\/i0.wp.com\/cfcontabil.com\/cf\/wp-content\/uploads\/2016\/03\/dinheiro-1.jpg?fit=661%2C351&ssl=1&resize=350%2C200 1x, https:\/\/i0.wp.com\/cfcontabil.com\/cf\/wp-content\/uploads\/2016\/03\/dinheiro-1.jpg?fit=661%2C351&ssl=1&resize=525%2C300 1.5x"},"classes":[]},{"id":1251,"url":"https:\/\/cfcontabil.com\/cf\/mei-ja-pode-aderir-ao-parcelamento-de-debitos\/","url_meta":{"origin":1256,"position":1},"title":"MEI j\u00e1 pode aderir ao parcelamento de d\u00e9bitos","author":"Ab\u00edlio Gon\u00e7alves","date":"10 de julho de 2017","format":false,"excerpt":"Come\u00e7ou, em 3 de julho, o prazo para ades\u00e3o ao parcelamento de d\u00e9bitos do Microempreendedor Individual (MEI). O programa possui duas modalidades de parcelamento e foi disciplinado pelas Instru\u00e7\u00f5es Normativas RFB n\u00b0 1.713\/2017 e 1.714\/2017. 1) Parcelamento Convencional - permite o parcelamento de todos os d\u00e9bitos declarados na DASN-SIMEI (INSS,\u2026","rel":"","context":"Em &quot;Departamento Fiscal&quot;","block_context":{"text":"Departamento Fiscal","link":"https:\/\/cfcontabil.com\/cf\/category\/df\/"},"img":{"alt_text":"","src":"https:\/\/i0.wp.com\/cfcontabil.com\/cf\/wp-content\/uploads\/2017\/03\/mei-micro-empreendedor-individual-696x287-1.jpg?fit=696%2C287&ssl=1&resize=350%2C200","width":350,"height":200,"srcset":"https:\/\/i0.wp.com\/cfcontabil.com\/cf\/wp-content\/uploads\/2017\/03\/mei-micro-empreendedor-individual-696x287-1.jpg?fit=696%2C287&ssl=1&resize=350%2C200 1x, https:\/\/i0.wp.com\/cfcontabil.com\/cf\/wp-content\/uploads\/2017\/03\/mei-micro-empreendedor-individual-696x287-1.jpg?fit=696%2C287&ssl=1&resize=525%2C300 1.5x"},"classes":[]},{"id":1282,"url":"https:\/\/cfcontabil.com\/cf\/receita-federal-encaminhara-debitos-para-inscricao-em-divida-ativa-da-uniao-em-setembro\/","url_meta":{"origin":1256,"position":2},"title":"Receita Federal encaminhar\u00e1 d\u00e9bitos para inscri\u00e7\u00e3o em D\u00edvida Ativa da Uni\u00e3o em setembro","author":"Ab\u00edlio Gon\u00e7alves","date":"29 de agosto de 2017","format":false,"excerpt":"A inscri\u00e7\u00e3o em d\u00edvida ativa implica a incid\u00eancias de encargos legais no \u00e2mbito da execu\u00e7\u00e3o fiscal A Receita Federal informa que no in\u00edcio de setembro de 2017 encaminhar\u00e1 para inscri\u00e7\u00e3o em D\u00edvida Ativa da Uni\u00e3o os d\u00e9bitos para os quais j\u00e1 se encerraram as a\u00e7\u00f5es administrativas de cobran\u00e7a e que\u2026","rel":"","context":"Em &quot;Departamento Fiscal&quot;","block_context":{"text":"Departamento Fiscal","link":"https:\/\/cfcontabil.com\/cf\/category\/df\/"},"img":{"alt_text":"","src":"https:\/\/i0.wp.com\/cfcontabil.com\/cf\/wp-content\/uploads\/2017\/02\/receita-federal-1-1.png?fit=702%2C325&ssl=1&resize=350%2C200","width":350,"height":200,"srcset":"https:\/\/i0.wp.com\/cfcontabil.com\/cf\/wp-content\/uploads\/2017\/02\/receita-federal-1-1.png?fit=702%2C325&ssl=1&resize=350%2C200 1x, https:\/\/i0.wp.com\/cfcontabil.com\/cf\/wp-content\/uploads\/2017\/02\/receita-federal-1-1.png?fit=702%2C325&ssl=1&resize=525%2C300 1.5x, https:\/\/i0.wp.com\/cfcontabil.com\/cf\/wp-content\/uploads\/2017\/02\/receita-federal-1-1.png?fit=702%2C325&ssl=1&resize=700%2C400 2x"},"classes":[]},{"id":1240,"url":"https:\/\/cfcontabil.com\/cf\/novas-regras-para-aderir-ao-pert\/","url_meta":{"origin":1256,"position":3},"title":"Novas regras para aderir ao PERT","author":"Ab\u00edlio Gon\u00e7alves","date":"28 de junho de 2017","format":false,"excerpt":"A\u00a0Receita Federal do Brasil e a Procuradoria Geral da Fazenda Nacional\u00a0publicaram na \u00faltima semana as regras para ades\u00e3o ao seu\u00a0Programa de Parcelamento de D\u00edvidas Tribut\u00e1rias, conhecido como\u00a0PERT. O intuito destes \u00f3rg\u00e3os \u00e9\u00a0aumentar a arrecada\u00e7\u00e3o\u00a0ao\u00a0facilitar o pagamento\u00a0de d\u00e9bitos dos contribuintes. Sendo assim, o papel do Contador nesta hist\u00f3ria \u00e9 ajudar o\u2026","rel":"","context":"Em &quot;Departamento Fiscal&quot;","block_context":{"text":"Departamento Fiscal","link":"https:\/\/cfcontabil.com\/cf\/category\/df\/"},"img":{"alt_text":"","src":"","width":0,"height":0},"classes":[]},{"id":1377,"url":"https:\/\/cfcontabil.com\/cf\/termina-sexta-feira-o-prazo-para-prestacao-de-informacoes-relacionadas-ao-pert\/","url_meta":{"origin":1256,"position":4},"title":"Termina sexta-feira o prazo para presta\u00e7\u00e3o de informa\u00e7\u00f5es relacionadas ao Pert","author":"Ab\u00edlio Gon\u00e7alves","date":"30 de agosto de 2018","format":false,"excerpt":"O n\u00e3o cumprimento dessa exig\u00eancia implica exclus\u00e3o do Pert Dia 31\/8\/2018 termina o prazo para a presta\u00e7\u00e3o das informa\u00e7\u00f5es necess\u00e1rias \u00e0 consolida\u00e7\u00e3o do Pert. Devem prestar as informa\u00e7\u00f5es os contribuintes que fizeram ades\u00e3o ao Pert na modalidade d\u00e9bitos previdenci\u00e1rios para parcelamento ou para pagamento a vista com utiliza\u00e7\u00e3o de cr\u00e9ditos\u2026","rel":"","context":"Em &quot;Geral&quot;","block_context":{"text":"Geral","link":"https:\/\/cfcontabil.com\/cf\/category\/geral\/"},"img":{"alt_text":"","src":"https:\/\/i0.wp.com\/cfcontabil.com\/cf\/wp-content\/uploads\/2018\/08\/pert-1.png?fit=735%2C250&ssl=1&resize=350%2C200","width":350,"height":200,"srcset":"https:\/\/i0.wp.com\/cfcontabil.com\/cf\/wp-content\/uploads\/2018\/08\/pert-1.png?fit=735%2C250&ssl=1&resize=350%2C200 1x, https:\/\/i0.wp.com\/cfcontabil.com\/cf\/wp-content\/uploads\/2018\/08\/pert-1.png?fit=735%2C250&ssl=1&resize=525%2C300 1.5x, https:\/\/i0.wp.com\/cfcontabil.com\/cf\/wp-content\/uploads\/2018\/08\/pert-1.png?fit=735%2C250&ssl=1&resize=700%2C400 2x"},"classes":[]},{"id":1213,"url":"https:\/\/cfcontabil.com\/cf\/receita-divulga-orientacoes-para-adesao-ao-programa-de-regularizacao-tributaria\/","url_meta":{"origin":1256,"position":5},"title":"Receita divulga orienta\u00e7\u00f5es para ades\u00e3o ao Programa de Regulariza\u00e7\u00e3o Tribut\u00e1ria","author":"Ab\u00edlio Gon\u00e7alves","date":"15 de fevereiro de 2017","format":false,"excerpt":"A op\u00e7\u00e3o pelo Programa ocorrer\u00e1 exclusivamente no Ambiente Virtual (e-CAC) Com o intuito de facilitar a compreens\u00e3o das regras do Programa, foi publicado no s\u00edtio da Receita Federal do Brasil, na internet, documento contendo informa\u00e7\u00f5es b\u00e1sicas ao contribuinte, bem como um passo a passo com o roteiro para a ades\u00e3o.\u2026","rel":"","context":"Em &quot;Departamento Fiscal&quot;","block_context":{"text":"Departamento Fiscal","link":"https:\/\/cfcontabil.com\/cf\/category\/df\/"},"img":{"alt_text":"","src":"https:\/\/i0.wp.com\/cfcontabil.com\/cf\/wp-content\/uploads\/2017\/01\/Moedas-1-real-1.jpg?fit=810%2C455&ssl=1&resize=350%2C200","width":350,"height":200,"srcset":"https:\/\/i0.wp.com\/cfcontabil.com\/cf\/wp-content\/uploads\/2017\/01\/Moedas-1-real-1.jpg?fit=810%2C455&ssl=1&resize=350%2C200 1x, https:\/\/i0.wp.com\/cfcontabil.com\/cf\/wp-content\/uploads\/2017\/01\/Moedas-1-real-1.jpg?fit=810%2C455&ssl=1&resize=525%2C300 1.5x, https:\/\/i0.wp.com\/cfcontabil.com\/cf\/wp-content\/uploads\/2017\/01\/Moedas-1-real-1.jpg?fit=810%2C455&ssl=1&resize=700%2C400 2x"},"classes":[]}],"jetpack_likes_enabled":true,"_links":{"self":[{"href":"https:\/\/cfcontabil.com\/cf\/wp-json\/wp\/v2\/posts\/1256","targetHints":{"allow":["GET"]}}],"collection":[{"href":"https:\/\/cfcontabil.com\/cf\/wp-json\/wp\/v2\/posts"}],"about":[{"href":"https:\/\/cfcontabil.com\/cf\/wp-json\/wp\/v2\/types\/post"}],"author":[{"embeddable":true,"href":"https:\/\/cfcontabil.com\/cf\/wp-json\/wp\/v2\/users\/3"}],"replies":[{"embeddable":true,"href":"https:\/\/cfcontabil.com\/cf\/wp-json\/wp\/v2\/comments?post=1256"}],"version-history":[{"count":0,"href":"https:\/\/cfcontabil.com\/cf\/wp-json\/wp\/v2\/posts\/1256\/revisions"}],"wp:featuredmedia":[{"embeddable":true,"href":"https:\/\/cfcontabil.com\/cf\/wp-json\/wp\/v2\/media\/1257"}],"wp:attachment":[{"href":"https:\/\/cfcontabil.com\/cf\/wp-json\/wp\/v2\/media?parent=1256"}],"wp:term":[{"taxonomy":"category","embeddable":true,"href":"https:\/\/cfcontabil.com\/cf\/wp-json\/wp\/v2\/categories?post=1256"},{"taxonomy":"post_tag","embeddable":true,"href":"https:\/\/cfcontabil.com\/cf\/wp-json\/wp\/v2\/tags?post=1256"}],"curies":[{"name":"wp","href":"https:\/\/api.w.org\/{rel}","templated":true}]}}