{"id":1259,"date":"2017-07-25T05:00:02","date_gmt":"2017-07-25T08:00:02","guid":{"rendered":"http:\/\/cfcontabil.com\/cf\/?p=1259"},"modified":"2017-07-25T05:00:02","modified_gmt":"2017-07-25T08:00:02","slug":"decreto-presidencial-simplifica-atendimento-em-servicos-publicos","status":"publish","type":"post","link":"https:\/\/cfcontabil.com\/cf\/decreto-presidencial-simplifica-atendimento-em-servicos-publicos\/","title":{"rendered":"Decreto presidencial simplifica atendimento em servi\u00e7os p\u00fablicos"},"content":{"rendered":"<p><strong>A partir de agora, n\u00e3o ser\u00e1 mais necess\u00e1rio apresentar c\u00f3pia autenticada e reconhecimento de firma a \u00f3rg\u00e3os p\u00fablicos federais. Medida teve origem no Conselh\u00e3o<\/strong><\/p>\n<p>Decreto assinado pelo presidente da Rep\u00fablica, Michel Temer, garante a pessoas jur\u00eddicas atendimento simplificado em servi\u00e7os p\u00fablicos. Foram dispensados o reconhecimento de firma e a autentica\u00e7\u00e3o de c\u00f3pia de documentos expedidos no Pa\u00eds por \u00f3rg\u00e3os p\u00fablicos federais. O texto foi publicado no\u00a0<em><a class=\"external-link\" title=\"\" href=\"http:\/\/pesquisa.in.gov.br\/imprensa\/jsp\/visualiza\/index.jsp?jornal=1&amp;pagina=2&amp;data=18\/07\/2017\" target=\"_self\" rel=\"noopener noreferrer\">Di\u00e1rio Oficial da Uni\u00e3o<\/a>\u00a0<\/em>desta ter\u00e7a (18).<\/p>\n<p>J\u00e1 em pr\u00e1tica para pessoas f\u00edsicas, a dispensa de autentica\u00e7\u00e3o e reconhecimento de firma para empresas ocorreu em grupo de trabalho sobre Desburocratiza\u00e7\u00e3o e Moderniza\u00e7\u00e3o do Estado, coordenado pela conselheira Marina Can\u00e7ado no Conselho de Desenvolvimento Econ\u00f4mico e Social (CDES), o Conselh\u00e3o.<\/p>\n<p>Pelo decreto, o pr\u00f3prio servidor p\u00fablico vai conferir a c\u00f3pia do documento com o original. J\u00e1 a c\u00f3pia autenticada dispensa a confer\u00eancia do original. Tamb\u00e9m haver\u00e1 atua\u00e7\u00e3o integrada do poder p\u00fablico na expedi\u00e7\u00e3o de atestados, certid\u00f5es e documentos, e a cria\u00e7\u00e3o do formul\u00e1rio Simplifique!, para apresenta\u00e7\u00e3o de propostas para redu\u00e7\u00e3o de burocracia.<\/p>\n<p>\u201cCom isso temos rapidez e simplifica\u00e7\u00e3o, fazendo o Brasil ficar mais leve. E isto \u00e9 uma participa\u00e7\u00e3o muito expressiva do Conselho de Desenvolvimento Econ\u00f4mico e Social junto ao governo federal\u201d, afirmou o ministro-chefe da Casa Civil e secret\u00e1rio-executivo do Conselh\u00e3o, Eliseu Padilha.<\/p>\n<p>Os \u00f3rg\u00e3os devem ainda divulgar a Carta de Servi\u00e7os ao Usu\u00e1rio, com informa\u00e7\u00f5es precisas sobre cada um dos servi\u00e7os prestados e publicar no Portal de Servi\u00e7os do governo.<\/p>\n<p><span class=\"discreet\">Fonte: Portal Planalto, com informa\u00e7\u00f5es da\u00a0<a class=\"external-link\" title=\"\" href=\"http:\/\/www.casacivil.gov.br\/\" target=\"_self\" rel=\"noopener noreferrer\">Casa Civil<\/a><\/span><\/p>\n","protected":false},"excerpt":{"rendered":"<p>A partir de agora, n\u00e3o ser\u00e1 mais necess\u00e1rio apresentar c\u00f3pia autenticada e reconhecimento de firma a \u00f3rg\u00e3os p\u00fablicos federais. Medida teve origem no Conselh\u00e3o Decreto assinado pelo presidente da Rep\u00fablica, Michel Temer, garante a pessoas jur\u00eddicas atendimento simplificado em servi\u00e7os p\u00fablicos. Foram dispensados o reconhecimento de firma e a autentica\u00e7\u00e3o de c\u00f3pia de documentos expedidos [&hellip;]<\/p>\n","protected":false},"author":3,"featured_media":1260,"comment_status":"open","ping_status":"open","sticky":false,"template":"","format":"standard","meta":{"jetpack_post_was_ever_published":false,"_jetpack_newsletter_access":"","_jetpack_dont_email_post_to_subs":false,"_jetpack_newsletter_tier_id":0,"_jetpack_memberships_contains_paywalled_content":false,"_jetpack_memberships_contains_paid_content":false,"footnotes":"","jetpack_publicize_message":"","jetpack_publicize_feature_enabled":true,"jetpack_social_post_already_shared":true,"jetpack_social_options":{"image_generator_settings":{"template":"highway","default_image_id":0,"font":"","enabled":false},"version":2}},"categories":[22],"tags":[562,563,564,376,565],"class_list":["post-1259","post","type-post","status-publish","format-standard","has-post-thumbnail","hentry","category-geral","tag-autenticados","tag-desburocratizacao","tag-documentos","tag-federais","tag-orgao"],"jetpack_publicize_connections":[],"jetpack_featured_media_url":"https:\/\/i0.wp.com\/cfcontabil.com\/cf\/wp-content\/uploads\/2017\/07\/ConselhaoPresidencia-1.jpeg?fit=768%2C433&ssl=1","jetpack_sharing_enabled":true,"jetpack_shortlink":"https:\/\/wp.me\/p2wklX-kj","jetpack-related-posts":[{"id":2329,"url":"https:\/\/cfcontabil.com\/cf\/receita-federal-cria-servico-online-para-validacao-da-procuracao-rfb-com-firma-reconhecida\/","url_meta":{"origin":1259,"position":0},"title":"Receita Federal cria servi\u00e7o online para valida\u00e7\u00e3o da Procura\u00e7\u00e3o RFB com firma reconhecida","author":"Ab\u00edlio Gon\u00e7alves","date":"24 de agosto de 2020","format":false,"excerpt":"Medida, dispon\u00edvel no Portal e-CAC, permitir\u00e1 a redu\u00e7\u00e3o do atendimento presencial em cerca de 25% A Receita Federal do Brasil (RFB) passou a oferecer ao contribuinte, no\u00a0Portal e-CAC, o servi\u00e7o Procura\u00e7\u00e3o RFB com firma reconhecida em cart\u00f3rio por meio do Dossi\u00ea Digital de Atendimento (DDA). A medida visa reduzir o\u2026","rel":"","context":"Em &quot;Consultoria Empresarial&quot;","block_context":{"text":"Consultoria Empresarial","link":"https:\/\/cfcontabil.com\/cf\/category\/consultoria\/"},"img":{"alt_text":"","src":"https:\/\/i0.wp.com\/cfcontabil.com\/cf\/wp-content\/uploads\/2020\/03\/RECEITA_FEDERAL.jpeg?fit=768%2C512&ssl=1&resize=350%2C200","width":350,"height":200,"srcset":"https:\/\/i0.wp.com\/cfcontabil.com\/cf\/wp-content\/uploads\/2020\/03\/RECEITA_FEDERAL.jpeg?fit=768%2C512&ssl=1&resize=350%2C200 1x, https:\/\/i0.wp.com\/cfcontabil.com\/cf\/wp-content\/uploads\/2020\/03\/RECEITA_FEDERAL.jpeg?fit=768%2C512&ssl=1&resize=525%2C300 1.5x, https:\/\/i0.wp.com\/cfcontabil.com\/cf\/wp-content\/uploads\/2020\/03\/RECEITA_FEDERAL.jpeg?fit=768%2C512&ssl=1&resize=700%2C400 2x"},"classes":[]},{"id":2044,"url":"https:\/\/cfcontabil.com\/cf\/decreto-facilita-combate-a-fraude-em-abertura-de-empresas\/","url_meta":{"origin":1259,"position":1},"title":"Decreto facilita combate \u00e0 fraude em abertura de empresas","author":"Ab\u00edlio Gon\u00e7alves","date":"6 de janeiro de 2020","format":false,"excerpt":"DESBUROCRATIZA\u00c7\u00c3O Novas regras simplificam a identifica\u00e7\u00e3o de falsifica\u00e7\u00f5es e melhora ambiente de neg\u00f3cios no pa\u00eds O\u00a0Decreto n\u00ba 10.173, de 16 de dezembro de 2019, tem o objetivo de simplificar a vida das pessoas que foram v\u00edtimas de falsifica\u00e7\u00f5es de documentos durante a abertura ou outros atos relacionados a empresas no\u2026","rel":"","context":"Em &quot;Geral&quot;","block_context":{"text":"Geral","link":"https:\/\/cfcontabil.com\/cf\/category\/geral\/"},"img":{"alt_text":"","src":"https:\/\/i0.wp.com\/cfcontabil.com\/cf\/wp-content\/uploads\/2020\/01\/desburocratizacao.jpg?fit=606%2C454&ssl=1&resize=350%2C200","width":350,"height":200,"srcset":"https:\/\/i0.wp.com\/cfcontabil.com\/cf\/wp-content\/uploads\/2020\/01\/desburocratizacao.jpg?fit=606%2C454&ssl=1&resize=350%2C200 1x, https:\/\/i0.wp.com\/cfcontabil.com\/cf\/wp-content\/uploads\/2020\/01\/desburocratizacao.jpg?fit=606%2C454&ssl=1&resize=525%2C300 1.5x"},"classes":[]},{"id":1249,"url":"https:\/\/cfcontabil.com\/cf\/pgfn-publica-regulamentacao-do-parcelamento-especial-de-debitos-previdenciarios-de-entes-federativos\/","url_meta":{"origin":1259,"position":2},"title":"PGFN publica regulamenta\u00e7\u00e3o do parcelamento especial de d\u00e9bitos previdenci\u00e1rios de entes federativos","author":"Ab\u00edlio Gon\u00e7alves","date":"3 de julho de 2017","format":false,"excerpt":"Parcelamento foi institu\u00eddo pela Medida Provis\u00f3ria n\u00b0 778\/2017 A Procuradoria-Geral da Fazenda Nacional (PGFN) publicou em 19 de junho de 2017 no Di\u00e1rio Oficial da Uni\u00e3o (DOU) a Portaria PGFN n\u00b0 645, de 16 de junho de 2017. O texto trata do parcelamento especial de d\u00e9bitos previdenci\u00e1rios junto \u00e0 Uni\u00e3o\u2026","rel":"","context":"Em &quot;Departamento Fiscal&quot;","block_context":{"text":"Departamento Fiscal","link":"https:\/\/cfcontabil.com\/cf\/category\/df\/"},"img":{"alt_text":"","src":"https:\/\/i0.wp.com\/cfcontabil.com\/cf\/wp-content\/uploads\/2016\/03\/dinheiro-1.jpg?fit=661%2C351&ssl=1&resize=350%2C200","width":350,"height":200,"srcset":"https:\/\/i0.wp.com\/cfcontabil.com\/cf\/wp-content\/uploads\/2016\/03\/dinheiro-1.jpg?fit=661%2C351&ssl=1&resize=350%2C200 1x, https:\/\/i0.wp.com\/cfcontabil.com\/cf\/wp-content\/uploads\/2016\/03\/dinheiro-1.jpg?fit=661%2C351&ssl=1&resize=525%2C300 1.5x"},"classes":[]},{"id":1752,"url":"https:\/\/cfcontabil.com\/cf\/novas-regras-para-guarda-e-conservacao-de-comprovantes-e-livros-contabeis-e-fiscais\/","url_meta":{"origin":1259,"position":3},"title":"Novas regras para guarda e conserva\u00e7\u00e3o de comprovantes e livros cont\u00e1beis e fiscais","author":"Ab\u00edlio Gon\u00e7alves","date":"15 de outubro de 2019","format":false,"excerpt":"Em 11 de outubro de 2019, a Receita Federal do Brasil publicou o Ato Declarat\u00f3rio Interpretativo (ADI) n\u00ba\u00a04,\u00a0que veicula uma nova interpreta\u00e7\u00e3o para o preceito do \u00a7 \u00fanico do art. 195 do C\u00f3digo Tribut\u00e1rio Nacional \u2013 CTN, que disp\u00f5e sobre a guarda e conserva\u00e7\u00e3o de livros e documentos fiscais.\u00a0 De\u2026","rel":"","context":"Em &quot;Departamento Fiscal&quot;","block_context":{"text":"Departamento Fiscal","link":"https:\/\/cfcontabil.com\/cf\/category\/df\/"},"img":{"alt_text":"","src":"https:\/\/i0.wp.com\/cfcontabil.com\/cf\/wp-content\/uploads\/2019\/10\/pastas.jpg?fit=678%2C452&ssl=1&resize=350%2C200","width":350,"height":200,"srcset":"https:\/\/i0.wp.com\/cfcontabil.com\/cf\/wp-content\/uploads\/2019\/10\/pastas.jpg?fit=678%2C452&ssl=1&resize=350%2C200 1x, https:\/\/i0.wp.com\/cfcontabil.com\/cf\/wp-content\/uploads\/2019\/10\/pastas.jpg?fit=678%2C452&ssl=1&resize=525%2C300 1.5x"},"classes":[]},{"id":2129,"url":"https:\/\/cfcontabil.com\/cf\/irpf-2020-todos-os-dependentes-devem-possuir-cpf-no-imposto-de-renda\/","url_meta":{"origin":1259,"position":4},"title":"IRPF 2020: todos os dependentes devem possuir CPF no Imposto de Renda","author":"Ab\u00edlio Gon\u00e7alves","date":"28 de fevereiro de 2020","format":false,"excerpt":"A\u00a0Receita Federal\u00a0j\u00e1 liberou o\u00a0download do programa\u00a0do Imposto de Renda da Pessoa F\u00edsica de 2020 (IRPF 2020), referente ao ano-base 2019. A\u00a0entrega da declara\u00e7\u00e3o\u00a0come\u00e7ar\u00e1 no dia\u00a02 de mar\u00e7o, a partir das 8h, e se estender\u00e1 at\u00e9 30 de abril. Quem pretender declarar um dependente, portanto, precisa garantir que essa pessoa, seja\u2026","rel":"","context":"Em &quot;Departamento Fiscal&quot;","block_context":{"text":"Departamento Fiscal","link":"https:\/\/cfcontabil.com\/cf\/category\/df\/"},"img":{"alt_text":"","src":"https:\/\/i0.wp.com\/cfcontabil.com\/cf\/wp-content\/uploads\/2020\/01\/cpf.jpg?fit=768%2C490&ssl=1&resize=350%2C200","width":350,"height":200,"srcset":"https:\/\/i0.wp.com\/cfcontabil.com\/cf\/wp-content\/uploads\/2020\/01\/cpf.jpg?fit=768%2C490&ssl=1&resize=350%2C200 1x, https:\/\/i0.wp.com\/cfcontabil.com\/cf\/wp-content\/uploads\/2020\/01\/cpf.jpg?fit=768%2C490&ssl=1&resize=525%2C300 1.5x, https:\/\/i0.wp.com\/cfcontabil.com\/cf\/wp-content\/uploads\/2020\/01\/cpf.jpg?fit=768%2C490&ssl=1&resize=700%2C400 2x"},"classes":[]},{"id":865,"url":"https:\/\/cfcontabil.com\/cf\/1-exame-de-suficiencia-de-2017-boletos-podem-ser-pagos-ate-o-dia-26\/","url_meta":{"origin":1259,"position":5},"title":"1\u00b0 Exame de Sufici\u00eancia de 2017: boletos podem ser pagos at\u00e9 o dia 26","author":"Ab\u00edlio Gon\u00e7alves","date":"24 de janeiro de 2017","format":false,"excerpt":"Foi publicada no Di\u00e1rio Oficial da Uni\u00e3o (DOU), desta ter\u00e7a-feira (24), se\u00e7\u00e3o 3, p\u00e1g. 130, a retifica\u00e7\u00e3o do Edital do 1\u00b0 Exame de Sufici\u00eancia, que altera a data de pagamento do boleto. Os itens alterados no edital foram 2.2, 2.2.1 e 3.13. A data final para o pagamento, ap\u00f3s a\u2026","rel":"","context":"Em &quot;Geral&quot;","block_context":{"text":"Geral","link":"https:\/\/cfcontabil.com\/cf\/category\/geral\/"},"img":{"alt_text":"","src":"https:\/\/i0.wp.com\/cfcontabil.com\/cf\/wp-content\/uploads\/2017\/01\/exame_suficiencia_2016-1.jpg?fit=675%2C302&ssl=1&resize=350%2C200","width":350,"height":200,"srcset":"https:\/\/i0.wp.com\/cfcontabil.com\/cf\/wp-content\/uploads\/2017\/01\/exame_suficiencia_2016-1.jpg?fit=675%2C302&ssl=1&resize=350%2C200 1x, https:\/\/i0.wp.com\/cfcontabil.com\/cf\/wp-content\/uploads\/2017\/01\/exame_suficiencia_2016-1.jpg?fit=675%2C302&ssl=1&resize=525%2C300 1.5x"},"classes":[]}],"jetpack_likes_enabled":true,"_links":{"self":[{"href":"https:\/\/cfcontabil.com\/cf\/wp-json\/wp\/v2\/posts\/1259","targetHints":{"allow":["GET"]}}],"collection":[{"href":"https:\/\/cfcontabil.com\/cf\/wp-json\/wp\/v2\/posts"}],"about":[{"href":"https:\/\/cfcontabil.com\/cf\/wp-json\/wp\/v2\/types\/post"}],"author":[{"embeddable":true,"href":"https:\/\/cfcontabil.com\/cf\/wp-json\/wp\/v2\/users\/3"}],"replies":[{"embeddable":true,"href":"https:\/\/cfcontabil.com\/cf\/wp-json\/wp\/v2\/comments?post=1259"}],"version-history":[{"count":0,"href":"https:\/\/cfcontabil.com\/cf\/wp-json\/wp\/v2\/posts\/1259\/revisions"}],"wp:featuredmedia":[{"embeddable":true,"href":"https:\/\/cfcontabil.com\/cf\/wp-json\/wp\/v2\/media\/1260"}],"wp:attachment":[{"href":"https:\/\/cfcontabil.com\/cf\/wp-json\/wp\/v2\/media?parent=1259"}],"wp:term":[{"taxonomy":"category","embeddable":true,"href":"https:\/\/cfcontabil.com\/cf\/wp-json\/wp\/v2\/categories?post=1259"},{"taxonomy":"post_tag","embeddable":true,"href":"https:\/\/cfcontabil.com\/cf\/wp-json\/wp\/v2\/tags?post=1259"}],"curies":[{"name":"wp","href":"https:\/\/api.w.org\/{rel}","templated":true}]}}