{"id":1262,"date":"2017-07-29T05:00:20","date_gmt":"2017-07-29T08:00:20","guid":{"rendered":"http:\/\/cfcontabil.com\/cf\/?p=1262"},"modified":"2017-07-29T05:00:20","modified_gmt":"2017-07-29T08:00:20","slug":"receita-lanca-ambiente-de-teste-do-esocial-para-empresas","status":"publish","type":"post","link":"https:\/\/cfcontabil.com\/cf\/receita-lanca-ambiente-de-teste-do-esocial-para-empresas\/","title":{"rendered":"Receita lan\u00e7a ambiente de teste do eSocial para empresas"},"content":{"rendered":"<h4 class=\"subtitulo\">Segundo a Fenacon as empresas tamb\u00e9m poder\u00e3o contribuir para o aprimoramento do ambiente<\/h4>\n<p>A Secretaria da Receita Federal disponibilizou o ambiente de produ\u00e7\u00e3o restrita do eSocial, que d\u00e1 in\u00edcio a uma fase de testes do projeto para as empresas.<\/p>\n<p>O acesso ser\u00e1 permitido em duas etapas, sendo a primeira no per\u00edodo de 26 de junho a 31 de julho de 2017, para as empresas de Tecnologia da Informa\u00e7\u00e3o (TI), e a segunda no per\u00edodo de 1 de agosto a 31 de dezembro de 2017 para todas as empresas.<\/p>\n<p>&#8220;Em fun\u00e7\u00e3o da capacidade restrita do ambiente, sua utiliza\u00e7\u00e3o dever\u00e1 ser efetuada de forma controlada, atendendo \u00e0s orienta\u00e7\u00f5es e aos limites descritos no manual t\u00e9cnico a ser publicado no s\u00edtio do eSocial&#8221;, avisa a resolu\u00e7\u00e3o, que est\u00e1 publicada no Di\u00e1rio Oficial da Uni\u00e3o (DOU).<\/p>\n<p>O eSocial vai unificar o envio de informa\u00e7\u00f5es pelo empregador ao governo em rela\u00e7\u00e3o aos seus empregados. O sistema padroniza a transmiss\u00e3o, que ser\u00e1 eletr\u00f4nica, al\u00e9m da valida\u00e7\u00e3o, armazenamento e distribui\u00e7\u00e3o de dados referentes \u00e0s obriga\u00e7\u00f5es fiscais, previdenci\u00e1rias e trabalhistas dos funcion\u00e1rios.<\/p>\n<p>Segundo a Federa\u00e7\u00e3o Nacional das Empresas de Servi\u00e7os Cont\u00e1beis e das Empresas de Assessoramento, Per\u00edcias, Informa\u00e7\u00f5es e Pesquisas (Fenacon), que participa do Grupo de Trabalho Confederativo (GTC) do eSocial, as empresas tamb\u00e9m poder\u00e3o contribuir para o aprimoramento do ambiente de recep\u00e7\u00e3o dos dados.<\/p>\n<p>&#8220;O eSocial vai entrar em vigor em janeiro de 2018 para as empresas com faturamento acima de R$ 78 milh\u00f5es, e em julho do mesmo ano para o restante. Mas todas v\u00e3o ter a oportunidade de fazer seus testes internos durante o per\u00edodo de seis meses que antecede a implanta\u00e7\u00e3o, para verificar suas bases de dados e reportar poss\u00edveis erros, caso ocorram, contribuindo para o desenvolvimento do sistema&#8221;, diz o diretor de educa\u00e7\u00e3o e cultura da Fenacon, Helio Donin J\u00fanior, que participou diretamente das primeiras avalia\u00e7\u00f5es do ambiente.<\/p>\n<p>A abertura dos testes vem para complementar um trabalho de capacita\u00e7\u00e3o iniciado em 2016 por meio do Portal \u00c1rvore do Conhecimento (www.arvoredoconhecimento.com). O projeto, desenvolvido pela Fenacon, em parceria com a RFB, o MTE e a Caixa Econ\u00f4mica Federal, que disponibiliza gratuitamente orienta\u00e7\u00f5es em v\u00eddeo sobre o eSocial.<\/p>\n<p>Segundo o presidente da Fenacon, Mario Elmir Berti, &#8220;o portal auxilia a mudan\u00e7a de pensamento dos usu\u00e1rios, mostrando que a integra\u00e7\u00e3o \u00e9 imprescind\u00edvel e traz in\u00fameros benef\u00edcios, como eliminar a redund\u00e2ncia nas informa\u00e7\u00f5es prestadas, garantir direitos e tamb\u00e9m o cumprimento das obriga\u00e7\u00f5es fiscais&#8221;.<\/p>\n<p>Fonte: FENACON<\/p>\n","protected":false},"excerpt":{"rendered":"<p>Segundo a Fenacon as empresas tamb\u00e9m poder\u00e3o contribuir para o aprimoramento do ambiente A Secretaria da Receita Federal disponibilizou o ambiente de produ\u00e7\u00e3o restrita do eSocial, que d\u00e1 in\u00edcio a uma fase de testes do projeto para as empresas. O acesso ser\u00e1 permitido em duas etapas, sendo a primeira no per\u00edodo de 26 de junho [&hellip;]<\/p>\n","protected":false},"author":3,"featured_media":1509,"comment_status":"open","ping_status":"open","sticky":false,"template":"","format":"standard","meta":{"jetpack_post_was_ever_published":false,"_jetpack_newsletter_access":"","_jetpack_dont_email_post_to_subs":false,"_jetpack_newsletter_tier_id":0,"_jetpack_memberships_contains_paywalled_content":false,"_jetpack_memberships_contains_paid_content":false,"footnotes":"","jetpack_publicize_message":"","jetpack_publicize_feature_enabled":true,"jetpack_social_post_already_shared":true,"jetpack_social_options":{"image_generator_settings":{"template":"highway","default_image_id":0,"font":"","enabled":false},"version":2}},"categories":[29],"tags":[537,303,78,71,74,194,566],"class_list":["post-1262","post","type-post","status-publish","format-standard","has-post-thumbnail","hentry","category-dp","tag-ambiente","tag-empresa","tag-esocial","tag-federal","tag-receita","tag-sistema","tag-teste"],"jetpack_publicize_connections":[],"jetpack_featured_media_url":"https:\/\/i0.wp.com\/cfcontabil.com\/cf\/wp-content\/uploads\/2017\/06\/esocial-pasta-1.jpg?fit=1000%2C591&ssl=1","jetpack_sharing_enabled":true,"jetpack_shortlink":"https:\/\/wp.me\/p2wklX-km","jetpack-related-posts":[{"id":1242,"url":"https:\/\/cfcontabil.com\/cf\/esocial-ambiente-de-producao-restrita\/","url_meta":{"origin":1262,"position":0},"title":"eSOCIAL &#8211; Ambiente de Produ\u00e7\u00e3o Restrita","author":"Ab\u00edlio Gon\u00e7alves","date":"29 de junho de 2017","format":false,"excerpt":"O ambiente de Produ\u00e7\u00e3o Restrita \u00e9 uma infraestrutura criada no \u00e2mbito do projeto eSocial para viabilizar a realiza\u00e7\u00e3o de testes pelas empresas, sem qualquer efeito jur\u00eddico. Trata-se de um ambiente limitado, com n\u00famero m\u00e1ximo de trabalhadores por empresa, destinado exclusivamente a testes funcionais. Portanto, n\u00e3o \u00e9 um ambiente para a\u2026","rel":"","context":"Em &quot;Departamento Pessoal&quot;","block_context":{"text":"Departamento Pessoal","link":"https:\/\/cfcontabil.com\/cf\/category\/dp\/"},"img":{"alt_text":"","src":"https:\/\/i0.wp.com\/cfcontabil.com\/cf\/wp-content\/uploads\/2017\/06\/esocial-462x234-1.png?fit=462%2C234&ssl=1&resize=350%2C200","width":350,"height":200},"classes":[]},{"id":1244,"url":"https:\/\/cfcontabil.com\/cf\/esocial-libera-ambiente-de-testes-para-empresas\/","url_meta":{"origin":1262,"position":1},"title":"eSocial libera ambiente de testes para empresas","author":"Ab\u00edlio Gon\u00e7alves","date":"30 de junho de 2017","format":false,"excerpt":"Processo ocorrer\u00e1 em duas etapas e contemplar\u00e1, neste primeiro momento, empresas de TI. A partir de segunda-feira (26), empresas de tecnologia de informa\u00e7\u00e3o podem testar o eSocial, um sistema para facilitar a administra\u00e7\u00e3o de informa\u00e7\u00f5es relativas aos trabalhadores. As empresas v\u00e3o ter um ganho de produtividade e redu\u00e7\u00e3o de processos.\u2026","rel":"","context":"Em &quot;Departamento Pessoal&quot;","block_context":{"text":"Departamento Pessoal","link":"https:\/\/cfcontabil.com\/cf\/category\/dp\/"},"img":{"alt_text":"","src":"https:\/\/i0.wp.com\/cfcontabil.com\/cf\/wp-content\/uploads\/2017\/06\/esocial-pasta-1.jpg?fit=1000%2C591&ssl=1&resize=350%2C200","width":350,"height":200,"srcset":"https:\/\/i0.wp.com\/cfcontabil.com\/cf\/wp-content\/uploads\/2017\/06\/esocial-pasta-1.jpg?fit=1000%2C591&ssl=1&resize=350%2C200 1x, https:\/\/i0.wp.com\/cfcontabil.com\/cf\/wp-content\/uploads\/2017\/06\/esocial-pasta-1.jpg?fit=1000%2C591&ssl=1&resize=525%2C300 1.5x, https:\/\/i0.wp.com\/cfcontabil.com\/cf\/wp-content\/uploads\/2017\/06\/esocial-pasta-1.jpg?fit=1000%2C591&ssl=1&resize=700%2C400 2x"},"classes":[]},{"id":1272,"url":"https:\/\/cfcontabil.com\/cf\/esocial-libera-ambiente-de-testes-para-todas-as-empresas-do-pais\/","url_meta":{"origin":1262,"position":2},"title":"eSocial libera ambiente de testes para todas as empresas do pa\u00eds","author":"Ab\u00edlio Gon\u00e7alves","date":"7 de agosto de 2017","format":false,"excerpt":"Etapa tem como objetivo preparar o setor produtivo para o in\u00edcio da obrigatoriedade do sistema em 2018 O eSocial disponibiliza, a partir da ter\u00e7a-feira (1\u00b0), o acesso ao ambiente de testes da plataforma para todas as empresas do pa\u00eds. A etapa tem como objetivo preparar o setor produtivo para o\u2026","rel":"","context":"Em &quot;Departamento Fiscal&quot;","block_context":{"text":"Departamento Fiscal","link":"https:\/\/cfcontabil.com\/cf\/category\/df\/"},"img":{"alt_text":"","src":"https:\/\/i0.wp.com\/cfcontabil.com\/cf\/wp-content\/uploads\/2017\/06\/esocial-462x234-1.png?fit=462%2C234&ssl=1&resize=350%2C200","width":350,"height":200},"classes":[]},{"id":1352,"url":"https:\/\/cfcontabil.com\/cf\/esocial-registra-o-ingresso-de-1-milhao-de-empregadores\/","url_meta":{"origin":1262,"position":3},"title":"eSocial registra o ingresso de 1 milh\u00e3o de empregadores","author":"Ab\u00edlio Gon\u00e7alves","date":"21 de agosto de 2018","format":false,"excerpt":"O eSocial est\u00e1 sendo implantado desde o primeiro semestre deste ano contemplando 5 fases. No primeiro momento foi a vez das empresas com faturamento superior a R$ 78 milh\u00f5es anuais, que passaram a ter a utiliza\u00e7\u00e3o obrigat\u00f3ria do programa a partir de 8 de janeiro de 2018. Esse grupo \u00e9\u2026","rel":"","context":"Em &quot;Departamento Pessoal&quot;","block_context":{"text":"Departamento Pessoal","link":"https:\/\/cfcontabil.com\/cf\/category\/dp\/"},"img":{"alt_text":"","src":"https:\/\/i0.wp.com\/cfcontabil.com\/cf\/wp-content\/uploads\/2017\/06\/esocial-462x234-1.png?fit=462%2C234&ssl=1&resize=350%2C200","width":350,"height":200},"classes":[]},{"id":1226,"url":"https:\/\/cfcontabil.com\/cf\/atencao-aos-prazos-esocial-para-empresas-esta-chegando-e-deve-ser-prioridade-em-2017\/","url_meta":{"origin":1262,"position":4},"title":"Aten\u00e7\u00e3o aos prazos: eSocial para empresas est\u00e1 chegando e deve ser prioridade em 2017","author":"Ab\u00edlio Gon\u00e7alves","date":"27 de fevereiro de 2017","format":false,"excerpt":"O eSocial, que faz parte do cotidiano dos empregadores dom\u00e9sticos desde 2015, dever\u00e1 ser adotado por todas as empresas do pa\u00eds a partir de janeiro de 2018. Se a sua organiza\u00e7\u00e3o ainda est\u00e1 confusa com os prazos, fique atento: o ambiente de testes estar\u00e1 dispon\u00edvel a partir de julho deste\u2026","rel":"","context":"Em &quot;Departamento Pessoal&quot;","block_context":{"text":"Departamento Pessoal","link":"https:\/\/cfcontabil.com\/cf\/category\/dp\/"},"img":{"alt_text":"","src":"https:\/\/i0.wp.com\/cfcontabil.com\/cf\/wp-content\/uploads\/2016\/03\/esocial-1374759873-2.png?fit=439%2C339&ssl=1&resize=350%2C200","width":350,"height":200},"classes":[]},{"id":2651,"url":"https:\/\/cfcontabil.com\/cf\/esocial-apresenta-novo-layout-mais-acessivel-e-simplificado\/","url_meta":{"origin":1262,"position":5},"title":"eSocial apresenta novo layout mais acess\u00edvel e simplificado","author":"Ab\u00edlio Gon\u00e7alves","date":"23 de agosto de 2021","format":false,"excerpt":"Atualiza\u00e7\u00e3o no sistema traz novidades que beneficiam e agilizam o envio de informa\u00e7\u00f5es pelos usu\u00e1rios. Anova vers\u00e3o do eSocial j\u00e1 foi implementada e traz novidades, dentre elas, atualiza\u00e7\u00f5es nas solu\u00e7\u00f5es web e no aplicativo mobile. Nesta nova vers\u00e3o, o sistema foi programado para simplificar o envio de informa\u00e7\u00f5es pelos empregadores,\u2026","rel":"","context":"Em &quot;Departamento Pessoal&quot;","block_context":{"text":"Departamento Pessoal","link":"https:\/\/cfcontabil.com\/cf\/category\/dp\/"},"img":{"alt_text":"","src":"https:\/\/i0.wp.com\/cfcontabil.com\/cf\/wp-content\/uploads\/2018\/10\/esocial-24-09-2-750x430-1.jpg?fit=750%2C430&ssl=1&resize=350%2C200","width":350,"height":200,"srcset":"https:\/\/i0.wp.com\/cfcontabil.com\/cf\/wp-content\/uploads\/2018\/10\/esocial-24-09-2-750x430-1.jpg?fit=750%2C430&ssl=1&resize=350%2C200 1x, https:\/\/i0.wp.com\/cfcontabil.com\/cf\/wp-content\/uploads\/2018\/10\/esocial-24-09-2-750x430-1.jpg?fit=750%2C430&ssl=1&resize=525%2C300 1.5x, https:\/\/i0.wp.com\/cfcontabil.com\/cf\/wp-content\/uploads\/2018\/10\/esocial-24-09-2-750x430-1.jpg?fit=750%2C430&ssl=1&resize=700%2C400 2x"},"classes":[]}],"jetpack_likes_enabled":true,"_links":{"self":[{"href":"https:\/\/cfcontabil.com\/cf\/wp-json\/wp\/v2\/posts\/1262","targetHints":{"allow":["GET"]}}],"collection":[{"href":"https:\/\/cfcontabil.com\/cf\/wp-json\/wp\/v2\/posts"}],"about":[{"href":"https:\/\/cfcontabil.com\/cf\/wp-json\/wp\/v2\/types\/post"}],"author":[{"embeddable":true,"href":"https:\/\/cfcontabil.com\/cf\/wp-json\/wp\/v2\/users\/3"}],"replies":[{"embeddable":true,"href":"https:\/\/cfcontabil.com\/cf\/wp-json\/wp\/v2\/comments?post=1262"}],"version-history":[{"count":0,"href":"https:\/\/cfcontabil.com\/cf\/wp-json\/wp\/v2\/posts\/1262\/revisions"}],"wp:featuredmedia":[{"embeddable":true,"href":"https:\/\/cfcontabil.com\/cf\/wp-json\/wp\/v2\/media\/1509"}],"wp:attachment":[{"href":"https:\/\/cfcontabil.com\/cf\/wp-json\/wp\/v2\/media?parent=1262"}],"wp:term":[{"taxonomy":"category","embeddable":true,"href":"https:\/\/cfcontabil.com\/cf\/wp-json\/wp\/v2\/categories?post=1262"},{"taxonomy":"post_tag","embeddable":true,"href":"https:\/\/cfcontabil.com\/cf\/wp-json\/wp\/v2\/tags?post=1262"}],"curies":[{"name":"wp","href":"https:\/\/api.w.org\/{rel}","templated":true}]}}