{"id":1267,"date":"2017-07-28T11:19:15","date_gmt":"2017-07-28T14:19:15","guid":{"rendered":"http:\/\/cfcontabil.com\/cf\/?p=1267"},"modified":"2017-07-28T11:19:15","modified_gmt":"2017-07-28T14:19:15","slug":"termina-em-31-de-julho-prazo-de-entrega-da-escrituracao-contabil-fiscal","status":"publish","type":"post","link":"https:\/\/cfcontabil.com\/cf\/termina-em-31-de-julho-prazo-de-entrega-da-escrituracao-contabil-fiscal\/","title":{"rendered":"Termina em 31 de julho prazo de entrega da Escritura\u00e7\u00e3o Cont\u00e1bil Fiscal"},"content":{"rendered":"<p><strong>Diretor da Fenacon recomenda que n\u00e3o seja deixada para o \u00faltimo dia<\/strong><\/p>\n<p>Empresas que n\u00e3o enviarem as informa\u00e7\u00f5es \u00e0 Receita Federal at\u00e9 a data final ficar\u00e3o impedidas de emitir certid\u00e3o negativa de d\u00e9bitos e ter\u00e3o de pagar multa<\/p>\n<p>O prazo de entrega da Escritura\u00e7\u00e3o Cont\u00e1bil Fiscal (ECF) termina no \u00faltimo dia \u00fatil de julho, na segunda-feira (31). Todas as empresas ativas, exceto as optantes pelo Simples Nacional, s\u00e3o obrigadas a apresentar as informa\u00e7\u00f5es \u00e0 Receita Federal do Brasil (RFB) ou ficar\u00e3o impedidas de emitir certid\u00e3o negativa de d\u00e9bitos e ter\u00e3o de pagar multa. A elabora\u00e7\u00e3o e transmiss\u00e3o do documento, no entanto, demanda muita aten\u00e7\u00e3o e n\u00e3o deve ser deixada para o \u00faltimo dia, alerta a Federa\u00e7\u00e3o Nacional das Empresas de Servi\u00e7os Cont\u00e1beis e das Empresas de Assessoramento, Per\u00edcias, Informa\u00e7\u00f5es e Pesquisas (Fenacon).<\/p>\n<p>Desde 2015, a ECF substitui a Declara\u00e7\u00e3o de Informa\u00e7\u00f5es Econ\u00f4mico-Fiscais da Pessoa Jur\u00eddica (DIPJ). A nova obriga\u00e7\u00e3o passou a ligar a apura\u00e7\u00e3o dos impostos diretamente \u00e0 contabilidade das empresas. Segundo o presidente da Fenacon, Mario Elmir Berti, com as informa\u00e7\u00f5es prestadas na ECF, \u00e9 poss\u00edvel verificar se todos os c\u00e1lculos e pagamentos de tributos foram efetuados corretamente. \u201cSe ocorrer alguma inconsist\u00eancia nos dados, a empresa pode ser notificada pela Receita Federal e at\u00e9 mesmo receber multa\u201d, destaca o presidente.<\/p>\n<p>Por isso, o diretor de assuntos legislativos da Fenacon, Antonino Ferreira Neves, recomenda que elabora\u00e7\u00e3o da ECF n\u00e3o seja deixada para o \u00faltimo dia. \u201cAinda temos problemas na converg\u00eancia de dados e o alinhamento entre o plano de contas da empresa e o plano referencial da Receita Federal. No momento da valida\u00e7\u00e3o, podem ocorrer erros que impe\u00e7am a transmiss\u00e3o ou advert\u00eancias que comprometam a efic\u00e1cia das informa\u00e7\u00f5es\u201d, explica. Se a empresa deixar para transmitir o documento somente em 31 de julho, por exemplo, pode n\u00e3o ser poss\u00edvel corrigir essas inconsist\u00eancias a tempo.<\/p>\n<p>Segundo Neves, as empresas que entregaram a Escritura\u00e7\u00e3o Cont\u00e1bil Digital (ECD) em maio precisam redobrar a aten\u00e7\u00e3o, pois o documento tamb\u00e9m deve compor a obriga\u00e7\u00e3o fiscal. Nesse caso, \u00e9 preciso recuperar a ECD para dentro do programa validador (PVA) antes de iniciar a gera\u00e7\u00e3o do arquivo para a entrega da ECF. Antes de qualquer coisa, atualizar as \u00faltimas vers\u00f5es da ECF, suas tabelas e observar as regras de valida\u00e7\u00e3o tamb\u00e9m s\u00e3o cuidados importantes, conforme alerta o diretor de assuntos legislativos da Fenacon.<\/p>\n<p>Fonte: Fenacon de 26.07.2017<\/p>\n","protected":false},"excerpt":{"rendered":"<p>Diretor da Fenacon recomenda que n\u00e3o seja deixada para o \u00faltimo dia Empresas que n\u00e3o enviarem as informa\u00e7\u00f5es \u00e0 Receita Federal at\u00e9 a data final ficar\u00e3o impedidas de emitir certid\u00e3o negativa de d\u00e9bitos e ter\u00e3o de pagar multa O prazo de entrega da Escritura\u00e7\u00e3o Cont\u00e1bil Fiscal (ECF) termina no \u00faltimo dia \u00fatil de julho, na [&hellip;]<\/p>\n","protected":false},"author":3,"featured_media":1268,"comment_status":"open","ping_status":"open","sticky":false,"template":"","format":"standard","meta":{"jetpack_post_was_ever_published":false,"_jetpack_newsletter_access":"","_jetpack_dont_email_post_to_subs":false,"_jetpack_newsletter_tier_id":0,"_jetpack_memberships_contains_paywalled_content":false,"_jetpack_memberships_contains_paid_content":false,"footnotes":"","jetpack_publicize_message":"","jetpack_publicize_feature_enabled":true,"jetpack_social_post_already_shared":true,"jetpack_social_options":{"image_generator_settings":{"template":"highway","default_image_id":0,"font":"","enabled":false},"version":2}},"categories":[46],"tags":[61,568,569,199,116],"class_list":["post-1267","post","type-post","status-publish","format-standard","has-post-thumbnail","hentry","category-df","tag-contabil","tag-ecf","tag-escrituracao","tag-fiscal","tag-prazo"],"jetpack_publicize_connections":[],"jetpack_featured_media_url":"https:\/\/i0.wp.com\/cfcontabil.com\/cf\/wp-content\/uploads\/2017\/07\/ecf-1406658540-1-1.jpg?fit=800%2C588&ssl=1","jetpack_sharing_enabled":true,"jetpack_shortlink":"https:\/\/wp.me\/p2wklX-kr","jetpack-related-posts":[{"id":2853,"url":"https:\/\/cfcontabil.com\/cf\/dirf-dasn-ecf-ecd-as-principais-declaracoes-anuais-para-empresas\/","url_meta":{"origin":1267,"position":0},"title":"DIRF, DASN, ECF, ECD: as principais declara\u00e7\u00f5es anuais para empresas","author":"Ab\u00edlio Gon\u00e7alves","date":"23 de fevereiro de 2023","format":false,"excerpt":"As empresas s\u00e3o obrigadas a fornecer v\u00e1rias declara\u00e7\u00f5es anuais ao governo para cumprir suas obriga\u00e7\u00f5es fiscais e cont\u00e1beis.","rel":"","context":"Em &quot;Geral&quot;","block_context":{"text":"Geral","link":"https:\/\/cfcontabil.com\/cf\/category\/geral\/"},"img":{"alt_text":"Free business woman with laptop","src":"https:\/\/i0.wp.com\/cfcontabil.com\/cf\/wp-content\/uploads\/2023\/02\/czNmcy1wcml2YXRlL3Jhd3BpeGVsX2ltYWdlcy93ZWJzaXRlX2NvbnRlbnQvbHIvbnMxODExLWltYWdlLWt3dnljbzN4LmpwZw.jpg?fit=1200%2C900&ssl=1&resize=350%2C200","width":350,"height":200,"srcset":"https:\/\/i0.wp.com\/cfcontabil.com\/cf\/wp-content\/uploads\/2023\/02\/czNmcy1wcml2YXRlL3Jhd3BpeGVsX2ltYWdlcy93ZWJzaXRlX2NvbnRlbnQvbHIvbnMxODExLWltYWdlLWt3dnljbzN4LmpwZw.jpg?fit=1200%2C900&ssl=1&resize=350%2C200 1x, https:\/\/i0.wp.com\/cfcontabil.com\/cf\/wp-content\/uploads\/2023\/02\/czNmcy1wcml2YXRlL3Jhd3BpeGVsX2ltYWdlcy93ZWJzaXRlX2NvbnRlbnQvbHIvbnMxODExLWltYWdlLWt3dnljbzN4LmpwZw.jpg?fit=1200%2C900&ssl=1&resize=525%2C300 1.5x, https:\/\/i0.wp.com\/cfcontabil.com\/cf\/wp-content\/uploads\/2023\/02\/czNmcy1wcml2YXRlL3Jhd3BpeGVsX2ltYWdlcy93ZWJzaXRlX2NvbnRlbnQvbHIvbnMxODExLWltYWdlLWt3dnljbzN4LmpwZw.jpg?fit=1200%2C900&ssl=1&resize=700%2C400 2x, https:\/\/i0.wp.com\/cfcontabil.com\/cf\/wp-content\/uploads\/2023\/02\/czNmcy1wcml2YXRlL3Jhd3BpeGVsX2ltYWdlcy93ZWJzaXRlX2NvbnRlbnQvbHIvbnMxODExLWltYWdlLWt3dnljbzN4LmpwZw.jpg?fit=1200%2C900&ssl=1&resize=1050%2C600 3x"},"classes":[]},{"id":2012,"url":"https:\/\/cfcontabil.com\/cf\/receita-federal-notifica-179-mil-empresas-de-todo-pais-por-divergencias-no-irpj-e-na-csll\/","url_meta":{"origin":1267,"position":1},"title":"Receita Federal notifica 17,9 mil empresas de todo pa\u00eds por diverg\u00eancias no IRPJ e na CSLL","author":"Ab\u00edlio Gon\u00e7alves","date":"13 de dezembro de 2019","format":false,"excerpt":"Empresas poder\u00e3o recolher os valores devidos at\u00e9 31 de janeiro. Se n\u00e3o se regularizarem, multa prevista vai de 75% a 225%, al\u00e9m dos juros de mora. A Secretaria da Receita Federal informou nesta quinta-feira (12) que notificou 17.934 empresas de todo o pa\u00eds para pagar diferen\u00e7as relativas ao recolhimento de\u2026","rel":"","context":"Em &quot;Departamento Fiscal&quot;","block_context":{"text":"Departamento Fiscal","link":"https:\/\/cfcontabil.com\/cf\/category\/df\/"},"img":{"alt_text":"","src":"https:\/\/i0.wp.com\/cfcontabil.com\/cf\/wp-content\/uploads\/2019\/12\/imposto-renda.png?fit=1200%2C768&ssl=1&resize=350%2C200","width":350,"height":200,"srcset":"https:\/\/i0.wp.com\/cfcontabil.com\/cf\/wp-content\/uploads\/2019\/12\/imposto-renda.png?fit=1200%2C768&ssl=1&resize=350%2C200 1x, https:\/\/i0.wp.com\/cfcontabil.com\/cf\/wp-content\/uploads\/2019\/12\/imposto-renda.png?fit=1200%2C768&ssl=1&resize=525%2C300 1.5x, https:\/\/i0.wp.com\/cfcontabil.com\/cf\/wp-content\/uploads\/2019\/12\/imposto-renda.png?fit=1200%2C768&ssl=1&resize=700%2C400 2x, https:\/\/i0.wp.com\/cfcontabil.com\/cf\/wp-content\/uploads\/2019\/12\/imposto-renda.png?fit=1200%2C768&ssl=1&resize=1050%2C600 3x"},"classes":[]},{"id":687,"url":"https:\/\/cfcontabil.com\/cf\/empresas-do-simples-devem-entregar-a-defis-ate-31-de-marco\/","url_meta":{"origin":1267,"position":2},"title":"Empresas do Simples devem entregar a Defis at\u00e9 31 de mar\u00e7o","author":"Ab\u00edlio Gon\u00e7alves","date":"20 de mar\u00e7o de 2016","format":false,"excerpt":"Termina em 31 de mar\u00e7o o prazo para a entrega da Declara\u00e7\u00e3o de Informa\u00e7\u00f5es Socioecon\u00f4micas e Fiscais - DEFIS, relacionada \u00e0s empresas do Simples Nacional em situa\u00e7\u00e3o normal, e referente ao ano-calend\u00e1rio 2015. A Defis deve ser preenchida e transmitida pela Internet, por meio do aplicativo dispon\u00edvel na RFB, no\u2026","rel":"","context":"Em &quot;Consultoria Empresarial&quot;","block_context":{"text":"Consultoria Empresarial","link":"https:\/\/cfcontabil.com\/cf\/category\/consultoria\/"},"img":{"alt_text":"","src":"https:\/\/i0.wp.com\/cfcontabil.com\/cf\/wp-content\/uploads\/2016\/03\/DEFIS-Simples-1.png?fit=615%2C300&ssl=1&resize=350%2C200","width":350,"height":200,"srcset":"https:\/\/i0.wp.com\/cfcontabil.com\/cf\/wp-content\/uploads\/2016\/03\/DEFIS-Simples-1.png?fit=615%2C300&ssl=1&resize=350%2C200 1x, https:\/\/i0.wp.com\/cfcontabil.com\/cf\/wp-content\/uploads\/2016\/03\/DEFIS-Simples-1.png?fit=615%2C300&ssl=1&resize=525%2C300 1.5x"},"classes":[]},{"id":100,"url":"https:\/\/cfcontabil.com\/cf\/de-quem-e-a-obrigacao-de-gerar-o-sped-fiscal\/","url_meta":{"origin":1267,"position":3},"title":"De quem \u00e9 a obriga\u00e7\u00e3o de gerar o SPED Fiscal?","author":"Vin\u00edcius Moizinho","date":"1 de agosto de 2012","format":false,"excerpt":"Bom dia! Hoje disponibilizo para voc\u00eas um excelente texto produzido pelo colega\u00a0Leandro Felizali, diretor da Vinco\u00a0(empresa brasileira especializada na integra\u00e7\u00e3o de sistemas e na migra\u00e7\u00e3o de dados). Afinal, de quem \u00e9 a obriga\u00e7\u00e3o de gerar o SPED Fiscal? Leandro tem a resposta. Confira logo a seguir. Boa leitura! As exig\u00eancias\u2026","rel":"","context":"Em &quot;Departamento Fiscal&quot;","block_context":{"text":"Departamento Fiscal","link":"https:\/\/cfcontabil.com\/cf\/category\/df\/"},"img":{"alt_text":"","src":"https:\/\/i0.wp.com\/www.gdcorp.com.br\/neoadmin\/imglib\/fnl\/61.jpg?resize=350%2C200","width":350,"height":200},"classes":[]},{"id":1389,"url":"https:\/\/cfcontabil.com\/cf\/receita-federal-declarara-inaptos-34-milhoes-de-inscritos-no-cnpj\/","url_meta":{"origin":1267,"position":4},"title":"Receita Federal declarar\u00e1 inaptos 3,4 milh\u00f5es de inscritos no CNPJ","author":"Ab\u00edlio Gon\u00e7alves","date":"4 de setembro de 2018","format":false,"excerpt":"O contribuinte deve sanear as omiss\u00f5es de escritura\u00e7\u00f5es e de declara\u00e7\u00f5es dos \u00faltimos 5 anos Receita Federal declarar\u00e1 inaptos 3,4 milh\u00f5es de inscritos no CNPJ por omiss\u00e3o de declara\u00e7\u00e3o Para evitar a declara\u00e7\u00e3o de inaptid\u00e3o de sua inscri\u00e7\u00e3o, o contribuinte deve sanear as omiss\u00f5es de escritura\u00e7\u00f5es e de declara\u00e7\u00f5es dos\u2026","rel":"","context":"Em &quot;Departamento Fiscal&quot;","block_context":{"text":"Departamento Fiscal","link":"https:\/\/cfcontabil.com\/cf\/category\/df\/"},"img":{"alt_text":"","src":"https:\/\/i0.wp.com\/cfcontabil.com\/cf\/wp-content\/uploads\/2018\/09\/cnpjinapto-1.png?fit=1024%2C768&ssl=1&resize=350%2C200","width":350,"height":200,"srcset":"https:\/\/i0.wp.com\/cfcontabil.com\/cf\/wp-content\/uploads\/2018\/09\/cnpjinapto-1.png?fit=1024%2C768&ssl=1&resize=350%2C200 1x, https:\/\/i0.wp.com\/cfcontabil.com\/cf\/wp-content\/uploads\/2018\/09\/cnpjinapto-1.png?fit=1024%2C768&ssl=1&resize=525%2C300 1.5x, https:\/\/i0.wp.com\/cfcontabil.com\/cf\/wp-content\/uploads\/2018\/09\/cnpjinapto-1.png?fit=1024%2C768&ssl=1&resize=700%2C400 2x"},"classes":[]},{"id":1174,"url":"https:\/\/cfcontabil.com\/cf\/prazo-para-entrega-da-declaracao-anual-do-mei-termina-quarta-feira-31\/","url_meta":{"origin":1267,"position":5},"title":"Prazo para entrega da declara\u00e7\u00e3o anual do MEI termina quarta-feira (31)","author":"Ab\u00edlio Gon\u00e7alves","date":"31 de maio de 2017","format":false,"excerpt":"Procurar ajuda de um empres\u00e1rio cont\u00e1bil pode facilitar, destaca o presidente da Fenacon.\u00a0Microempreendedor Individual que enviar o documento ap\u00f3s a data paga multa m\u00ednima de R$ 50. O prazo para entrega da Declara\u00e7\u00e3o Anual Simplificada para o Microempreendedor Individual 2017 (DASN-SIMEI) termina na quarta-feira (31). Todos os MEIs com registro\u2026","rel":"","context":"Em &quot;Departamento Fiscal&quot;","block_context":{"text":"Departamento Fiscal","link":"https:\/\/cfcontabil.com\/cf\/category\/df\/"},"img":{"alt_text":"","src":"https:\/\/i0.wp.com\/cfcontabil.com\/cf\/wp-content\/uploads\/2017\/03\/mei-micro-empreendedor-individual-696x287-1.jpg?fit=696%2C287&ssl=1&resize=350%2C200","width":350,"height":200,"srcset":"https:\/\/i0.wp.com\/cfcontabil.com\/cf\/wp-content\/uploads\/2017\/03\/mei-micro-empreendedor-individual-696x287-1.jpg?fit=696%2C287&ssl=1&resize=350%2C200 1x, https:\/\/i0.wp.com\/cfcontabil.com\/cf\/wp-content\/uploads\/2017\/03\/mei-micro-empreendedor-individual-696x287-1.jpg?fit=696%2C287&ssl=1&resize=525%2C300 1.5x"},"classes":[]}],"jetpack_likes_enabled":true,"_links":{"self":[{"href":"https:\/\/cfcontabil.com\/cf\/wp-json\/wp\/v2\/posts\/1267","targetHints":{"allow":["GET"]}}],"collection":[{"href":"https:\/\/cfcontabil.com\/cf\/wp-json\/wp\/v2\/posts"}],"about":[{"href":"https:\/\/cfcontabil.com\/cf\/wp-json\/wp\/v2\/types\/post"}],"author":[{"embeddable":true,"href":"https:\/\/cfcontabil.com\/cf\/wp-json\/wp\/v2\/users\/3"}],"replies":[{"embeddable":true,"href":"https:\/\/cfcontabil.com\/cf\/wp-json\/wp\/v2\/comments?post=1267"}],"version-history":[{"count":0,"href":"https:\/\/cfcontabil.com\/cf\/wp-json\/wp\/v2\/posts\/1267\/revisions"}],"wp:featuredmedia":[{"embeddable":true,"href":"https:\/\/cfcontabil.com\/cf\/wp-json\/wp\/v2\/media\/1268"}],"wp:attachment":[{"href":"https:\/\/cfcontabil.com\/cf\/wp-json\/wp\/v2\/media?parent=1267"}],"wp:term":[{"taxonomy":"category","embeddable":true,"href":"https:\/\/cfcontabil.com\/cf\/wp-json\/wp\/v2\/categories?post=1267"},{"taxonomy":"post_tag","embeddable":true,"href":"https:\/\/cfcontabil.com\/cf\/wp-json\/wp\/v2\/tags?post=1267"}],"curies":[{"name":"wp","href":"https:\/\/api.w.org\/{rel}","templated":true}]}}