{"id":1272,"date":"2017-08-07T11:58:43","date_gmt":"2017-08-07T14:58:43","guid":{"rendered":"http:\/\/cfcontabil.com\/cf\/?p=1272"},"modified":"2017-08-07T11:58:43","modified_gmt":"2017-08-07T14:58:43","slug":"esocial-libera-ambiente-de-testes-para-todas-as-empresas-do-pais","status":"publish","type":"post","link":"https:\/\/cfcontabil.com\/cf\/esocial-libera-ambiente-de-testes-para-todas-as-empresas-do-pais\/","title":{"rendered":"eSocial libera ambiente de testes para todas as empresas do pa\u00eds"},"content":{"rendered":"<p><strong>Etapa tem como objetivo preparar o setor produtivo para o in\u00edcio da obrigatoriedade do sistema em 2018<\/strong><\/p>\n<p>O eSocial disponibiliza, a partir da ter\u00e7a-feira (1\u00b0), o acesso ao ambiente de testes da plataforma para todas as empresas do pa\u00eds. A etapa tem como objetivo preparar o setor produtivo para o in\u00edcio da utiliza\u00e7\u00e3o obrigat\u00f3ria do sistema que come\u00e7a em 1\u00b0 de janeiro de 2018 para empresas com faturamento superior a R$ 78 milh\u00f5es anuais. A partir de 1\u00b0 de julho de 2018, o eSocial torna-se obrigat\u00f3rio para todos os demais empregadores do pa\u00eds.<\/p>\n<p>Na pr\u00e1tica, o eSocial ser\u00e1 a nova forma de presta\u00e7\u00e3o de informa\u00e7\u00f5es feita pelo empregador que entrar\u00e1 em vigor no Brasil e integrar\u00e1 a rotina de mais de 8 milh\u00f5es de empresas e 40 milh\u00f5es de trabalhadores. O eSocial \u00e9 um projeto conjunto do governo federal que integra Minist\u00e9rio do Trabalho, Caixa Econ\u00f4mica, Secretaria de Previd\u00eancia, INSS e Receita Federal.<\/p>\n<p>A iniciativa permitir\u00e1 que todas as empresas brasileiras possam realizar o cumprimento de suas obriga\u00e7\u00f5es fiscais, trabalhistas e previdenci\u00e1rias de forma unificada, o que reduzir\u00e1 custos, processos e o tempo gastos hoje pelas empresas nessas a\u00e7\u00f5es. A expectativa do governo com a medida \u00e9 melhorar o ambiente de neg\u00f3cios no pa\u00eds.<br \/>\nDe acordo com o Comit\u00ea Gestor do eSocial, a implanta\u00e7\u00e3o deste per\u00edodo de testes tem como foco a adapta\u00e7\u00e3o das empresas ao sistema e o aperfei\u00e7oamento da plataforma por parte do governo federal. Para o Comit\u00ea, este \u00e9 o momento para que as empresas possam aperfei\u00e7oar seus cadastros e validar seus sistemas antes do in\u00edcio da obrigatoriedade oficial do uso do eSocial em 2018.<\/p>\n<p><!--more--><\/p>\n<p><strong>Vantagens<\/strong><br \/>\nO Comit\u00ea Gestor do eSocial enfatiza ainda que o projeto \u00e9 resultado de um esfor\u00e7o conjunto do poder p\u00fablico que institui, na pr\u00e1tica, uma forma mais simples, barata e eficiente para que as empresas possam cumprir suas obriga\u00e7\u00f5es com o poder p\u00fablico e com seus pr\u00f3prios funcion\u00e1rios. Quando totalmente implementado, o eSocial representar\u00e1 a substitui\u00e7\u00e3o de 15 presta\u00e7\u00f5es de informa\u00e7\u00f5es ao governo &#8211; como GFIP, RAIS, CAGED e DIRF &#8211; por apenas uma.<br \/>\nTamb\u00e9m \u00e9 importante esclarecer que o eSocial n\u00e3o introduzir\u00e1 nenhuma nova obriga\u00e7\u00e3o ao setor empresarial. As informa\u00e7\u00f5es que ser\u00e3o encaminhadas ao programa j\u00e1 precisam ser registradas hoje pelas empresas em diferentes datas e meios, alguns deles ainda em papel.<\/p>\n<p>Nesse sentido, o Comit\u00ea Gestor do eSocial destaca o car\u00e1ter abrangente e pioneiro da iniciativa que, al\u00e9m dos avan\u00e7os que traz ao setor empresarial \u2013 por meio da redu\u00e7\u00e3o de burocracia e do ganho de produtividade &#8211; beneficiar\u00e1 diretamente a classe trabalhadora, uma vez que ser\u00e1 capaz de assegurar de forma muito mais efetiva o acesso aos direitos trabalhistas e previdenci\u00e1rios.<\/p>\n<p>Al\u00e9m disso, o Comit\u00ea lembra que o eSocial significa ainda um ganho importante ao poder p\u00fablico, j\u00e1 que facilitar\u00e1 o processo de fiscaliza\u00e7\u00e3o das obriga\u00e7\u00f5es fiscais, trabalhistas e previdenci\u00e1rias, por meio do cruzamento e da verifica\u00e7\u00e3o de dados por parte do governo federal.<\/p>\n<p><strong>Micro e pequenas empresas e MEI<\/strong><br \/>\nOs mais mais de 4,8 milh\u00f5es de micro e pequenos empres\u00e1rios e 7,2 milh\u00f5es de Microempreendedores Individuais (MEIs) do pa\u00eds tamb\u00e9m poder\u00e3o integrar o eSocial a partir de julho de 2018, desde que possuam empregados. Com foco neste p\u00fablico, est\u00e1 sendo desenvolvida uma plataforma simplificada para facilitar o cumprimento das obriga\u00e7\u00f5es fiscais, trabalhistas e previdenci\u00e1rias por parte deste grupo, a exemplo do que j\u00e1 acontece com o eSocial Dom\u00e9stico.<\/p>\n<p><strong>Orienta\u00e7\u00e3o<\/strong><br \/>\nPara apoiar os profissionais das empresas que ter\u00e3o seu acesso liberado ao ambiente de testes a partir de 1\u00ba de agosto, j\u00e1 est\u00e1 dispon\u00edvel no portal do eSocial o<a class=\"external-link\" title=\"\" href=\"https:\/\/portal.esocial.gov.br\/manuais\/manual-orientacao-desenvolvedor-esocial_v1-3.pdf\" target=\"_self\" rel=\"noopener noreferrer\">\u00a0Manual\u00a0<\/a>para desenvolvedores, com as diretrizes de uso do ambiente restrito.<\/p>\n<p>Dessa forma, d\u00favidas, dificuldades e eventuais sugest\u00f5es dever\u00e3o ser encaminhadas para o Canal de Comunica\u00e7\u00e3o criado para promover o contato entre o setor empresarial e a equipe de suporte do eSocial. O canal est\u00e1 dispon\u00edvel no\u00a0<a class=\"external-link\" title=\"\" href=\"http:\/\/portal.esocial.gov.br\/\" target=\"_self\" rel=\"noopener noreferrer\">portal do eSocia<\/a>l, em\u00a0<a class=\"external-link\" title=\"\" href=\"https:\/\/portal.esocial.gov.br\/servicos\/producao-restrita\/producao-restrita\" target=\"_self\" rel=\"noopener noreferrer\">Contato\/Produ\u00e7\u00e3o Restrita<\/a>.<\/p>\n<p>O ambiente de testes ficar\u00e1 dispon\u00edvel de forma cont\u00ednua, inclusive ap\u00f3s o in\u00edcio da obrigatoriedade do sistema. O objetivo \u00e9 promover o aperfei\u00e7oamento constante das empresas, a exemplo do que j\u00e1 acontece, por exemplo, com a iniciativa da Nota Fiscal Eletr\u00f4nica.<\/p>\n<p>Fonte: RFB<\/p>\n","protected":false},"excerpt":{"rendered":"<p>Etapa tem como objetivo preparar o setor produtivo para o in\u00edcio da obrigatoriedade do sistema em 2018 O eSocial disponibiliza, a partir da ter\u00e7a-feira (1\u00b0), o acesso ao ambiente de testes da plataforma para todas as empresas do pa\u00eds. A etapa tem como objetivo preparar o setor produtivo para o in\u00edcio da utiliza\u00e7\u00e3o obrigat\u00f3ria do [&hellip;]<\/p>\n","protected":false},"author":3,"featured_media":1508,"comment_status":"open","ping_status":"open","sticky":false,"template":"","format":"standard","meta":{"jetpack_post_was_ever_published":false,"_jetpack_newsletter_access":"","_jetpack_dont_email_post_to_subs":false,"_jetpack_newsletter_tier_id":0,"_jetpack_memberships_contains_paywalled_content":false,"_jetpack_memberships_contains_paid_content":false,"footnotes":"","jetpack_publicize_message":"","jetpack_publicize_feature_enabled":true,"jetpack_social_post_already_shared":true,"jetpack_social_options":{"image_generator_settings":{"template":"highway","default_image_id":0,"font":"","enabled":false},"version":2}},"categories":[46],"tags":[47,78,79,234,257,570,45],"class_list":["post-1272","post","type-post","status-publish","format-standard","has-post-thumbnail","hentry","category-df","tag-empresas","tag-esocial","tag-fgts","tag-inss","tag-mei","tag-orientacao","tag-trabalho"],"jetpack_publicize_connections":[],"jetpack_featured_media_url":"https:\/\/i0.wp.com\/cfcontabil.com\/cf\/wp-content\/uploads\/2017\/06\/esocial-462x234-1.png?fit=462%2C234&ssl=1","jetpack_sharing_enabled":true,"jetpack_shortlink":"https:\/\/wp.me\/p2wklX-kw","jetpack-related-posts":[{"id":1244,"url":"https:\/\/cfcontabil.com\/cf\/esocial-libera-ambiente-de-testes-para-empresas\/","url_meta":{"origin":1272,"position":0},"title":"eSocial libera ambiente de testes para empresas","author":"Ab\u00edlio Gon\u00e7alves","date":"30 de junho de 2017","format":false,"excerpt":"Processo ocorrer\u00e1 em duas etapas e contemplar\u00e1, neste primeiro momento, empresas de TI. A partir de segunda-feira (26), empresas de tecnologia de informa\u00e7\u00e3o podem testar o eSocial, um sistema para facilitar a administra\u00e7\u00e3o de informa\u00e7\u00f5es relativas aos trabalhadores. As empresas v\u00e3o ter um ganho de produtividade e redu\u00e7\u00e3o de processos.\u2026","rel":"","context":"Em &quot;Departamento Pessoal&quot;","block_context":{"text":"Departamento Pessoal","link":"https:\/\/cfcontabil.com\/cf\/category\/dp\/"},"img":{"alt_text":"","src":"https:\/\/i0.wp.com\/cfcontabil.com\/cf\/wp-content\/uploads\/2017\/06\/esocial-pasta-1.jpg?fit=1000%2C591&ssl=1&resize=350%2C200","width":350,"height":200,"srcset":"https:\/\/i0.wp.com\/cfcontabil.com\/cf\/wp-content\/uploads\/2017\/06\/esocial-pasta-1.jpg?fit=1000%2C591&ssl=1&resize=350%2C200 1x, https:\/\/i0.wp.com\/cfcontabil.com\/cf\/wp-content\/uploads\/2017\/06\/esocial-pasta-1.jpg?fit=1000%2C591&ssl=1&resize=525%2C300 1.5x, https:\/\/i0.wp.com\/cfcontabil.com\/cf\/wp-content\/uploads\/2017\/06\/esocial-pasta-1.jpg?fit=1000%2C591&ssl=1&resize=700%2C400 2x"},"classes":[]},{"id":1352,"url":"https:\/\/cfcontabil.com\/cf\/esocial-registra-o-ingresso-de-1-milhao-de-empregadores\/","url_meta":{"origin":1272,"position":1},"title":"eSocial registra o ingresso de 1 milh\u00e3o de empregadores","author":"Ab\u00edlio Gon\u00e7alves","date":"21 de agosto de 2018","format":false,"excerpt":"O eSocial est\u00e1 sendo implantado desde o primeiro semestre deste ano contemplando 5 fases. No primeiro momento foi a vez das empresas com faturamento superior a R$ 78 milh\u00f5es anuais, que passaram a ter a utiliza\u00e7\u00e3o obrigat\u00f3ria do programa a partir de 8 de janeiro de 2018. Esse grupo \u00e9\u2026","rel":"","context":"Em &quot;Departamento Pessoal&quot;","block_context":{"text":"Departamento Pessoal","link":"https:\/\/cfcontabil.com\/cf\/category\/dp\/"},"img":{"alt_text":"","src":"https:\/\/i0.wp.com\/cfcontabil.com\/cf\/wp-content\/uploads\/2017\/06\/esocial-462x234-1.png?fit=462%2C234&ssl=1&resize=350%2C200","width":350,"height":200},"classes":[]},{"id":1343,"url":"https:\/\/cfcontabil.com\/cf\/esocial-passa-a-valer-para-todas-as-empresas-do-pais-a-partir-de-16-de-julho\/","url_meta":{"origin":1272,"position":2},"title":"ESocial Passa a Valer Para Todas as Empresas do Pa\u00eds a Partir de 16 de Julho","author":"Ab\u00edlio Gon\u00e7alves","date":"14 de julho de 2018","format":false,"excerpt":"A partir do dia 16 de julho, todas as empresas privadas do pa\u00eds, incluindo micro e pequenas empresas e microempreendedores individuais\u00a0(MEIs)\u00a0que possuam empregados, dever\u00e3o utilizar o Sistema de Escritura\u00e7\u00e3o Digital das Obriga\u00e7\u00f5es Fiscais, Previdenci\u00e1rias e Trabalhistas\u00a0(eSocial)\u00a0. Esse grupo representa 4 milh\u00f5es de empregadores e cerca de 30 milh\u00f5es de trabalhadores.\u2026","rel":"","context":"Em &quot;Departamento Pessoal&quot;","block_context":{"text":"Departamento Pessoal","link":"https:\/\/cfcontabil.com\/cf\/category\/dp\/"},"img":{"alt_text":"","src":"https:\/\/i0.wp.com\/cfcontabil.com\/cf\/wp-content\/uploads\/2018\/07\/Cronograma_de_implanta%C3%A7%C3%A3o_do_eSocial-1.png?fit=1024%2C768&ssl=1&resize=350%2C200","width":350,"height":200,"srcset":"https:\/\/i0.wp.com\/cfcontabil.com\/cf\/wp-content\/uploads\/2018\/07\/Cronograma_de_implanta%C3%A7%C3%A3o_do_eSocial-1.png?fit=1024%2C768&ssl=1&resize=350%2C200 1x, https:\/\/i0.wp.com\/cfcontabil.com\/cf\/wp-content\/uploads\/2018\/07\/Cronograma_de_implanta%C3%A7%C3%A3o_do_eSocial-1.png?fit=1024%2C768&ssl=1&resize=525%2C300 1.5x, https:\/\/i0.wp.com\/cfcontabil.com\/cf\/wp-content\/uploads\/2018\/07\/Cronograma_de_implanta%C3%A7%C3%A3o_do_eSocial-1.png?fit=1024%2C768&ssl=1&resize=700%2C400 2x"},"classes":[]},{"id":1262,"url":"https:\/\/cfcontabil.com\/cf\/receita-lanca-ambiente-de-teste-do-esocial-para-empresas\/","url_meta":{"origin":1272,"position":3},"title":"Receita lan\u00e7a ambiente de teste do eSocial para empresas","author":"Ab\u00edlio Gon\u00e7alves","date":"29 de julho de 2017","format":false,"excerpt":"Segundo a Fenacon as empresas tamb\u00e9m poder\u00e3o contribuir para o aprimoramento do ambiente A Secretaria da Receita Federal disponibilizou o ambiente de produ\u00e7\u00e3o restrita do eSocial, que d\u00e1 in\u00edcio a uma fase de testes do projeto para as empresas. O acesso ser\u00e1 permitido em duas etapas, sendo a primeira no\u2026","rel":"","context":"Em &quot;Departamento Pessoal&quot;","block_context":{"text":"Departamento Pessoal","link":"https:\/\/cfcontabil.com\/cf\/category\/dp\/"},"img":{"alt_text":"","src":"https:\/\/i0.wp.com\/cfcontabil.com\/cf\/wp-content\/uploads\/2017\/06\/esocial-pasta-1.jpg?fit=1000%2C591&ssl=1&resize=350%2C200","width":350,"height":200,"srcset":"https:\/\/i0.wp.com\/cfcontabil.com\/cf\/wp-content\/uploads\/2017\/06\/esocial-pasta-1.jpg?fit=1000%2C591&ssl=1&resize=350%2C200 1x, https:\/\/i0.wp.com\/cfcontabil.com\/cf\/wp-content\/uploads\/2017\/06\/esocial-pasta-1.jpg?fit=1000%2C591&ssl=1&resize=525%2C300 1.5x, https:\/\/i0.wp.com\/cfcontabil.com\/cf\/wp-content\/uploads\/2017\/06\/esocial-pasta-1.jpg?fit=1000%2C591&ssl=1&resize=700%2C400 2x"},"classes":[]},{"id":1386,"url":"https:\/\/cfcontabil.com\/cf\/prorrogada-inicio-da-segunda-fase-de-implantacao-empresas-com-faturamento-de-ate-r78-milhoes\/","url_meta":{"origin":1272,"position":4},"title":"Prorrogada in\u00edcio da segunda fase de implanta\u00e7\u00e3o &#8211; empresas com faturamento de at\u00e9 R$78 milh\u00f5es","author":"Ab\u00edlio Gon\u00e7alves","date":"3 de setembro de 2018","format":false,"excerpt":"Primeira fase, que terminaria em agosto, ser\u00e1 estendida at\u00e9 setembro. Segunda fase iniciar\u00e1 em 10 de outubro.\u00a0 Ap\u00f3s ouvir as empresas com faturamento inferior a R$78 milh\u00f5es, o eSocial ampliou o prazo da primeira fase de implanta\u00e7\u00e3o do programa para este grupo, que terminaria neste m\u00eas de agosto. Nesta etapa,\u2026","rel":"","context":"Em &quot;Departamento Pessoal&quot;","block_context":{"text":"Departamento Pessoal","link":"https:\/\/cfcontabil.com\/cf\/category\/dp\/"},"img":{"alt_text":"","src":"https:\/\/i0.wp.com\/cfcontabil.com\/cf\/wp-content\/uploads\/2018\/09\/esocial-1-810x456-1.jpg?fit=810%2C456&ssl=1&resize=350%2C200","width":350,"height":200,"srcset":"https:\/\/i0.wp.com\/cfcontabil.com\/cf\/wp-content\/uploads\/2018\/09\/esocial-1-810x456-1.jpg?fit=810%2C456&ssl=1&resize=350%2C200 1x, https:\/\/i0.wp.com\/cfcontabil.com\/cf\/wp-content\/uploads\/2018\/09\/esocial-1-810x456-1.jpg?fit=810%2C456&ssl=1&resize=525%2C300 1.5x, https:\/\/i0.wp.com\/cfcontabil.com\/cf\/wp-content\/uploads\/2018\/09\/esocial-1-810x456-1.jpg?fit=810%2C456&ssl=1&resize=700%2C400 2x"},"classes":[]},{"id":1396,"url":"https:\/\/cfcontabil.com\/cf\/a-2a-fase-do-esocial\/","url_meta":{"origin":1272,"position":5},"title":"A 2\u00aa fase do eSocial","author":"Ab\u00edlio Gon\u00e7alves","date":"16 de outubro de 2018","format":false,"excerpt":"Empresas com faturamento at\u00e9 R$ 78 milh\u00f5es iniciaram em 10 de outubro de 2018 A\u00a0segunda fase do eSocial tem in\u00edcio nesta quarta-feira, dia 10 de outubro, abrangendo entidades empresariais com faturamento de at\u00e9 R$ 78 milh\u00f5es no ano de 2016 e que n\u00e3o sejam optantes pelo Simples Nacional. Essa etapa\u2026","rel":"","context":"Em &quot;Departamento Pessoal&quot;","block_context":{"text":"Departamento Pessoal","link":"https:\/\/cfcontabil.com\/cf\/category\/dp\/"},"img":{"alt_text":"","src":"https:\/\/i0.wp.com\/cfcontabil.com\/cf\/wp-content\/uploads\/2017\/06\/esocial-462x234-1.png?fit=462%2C234&ssl=1&resize=350%2C200","width":350,"height":200},"classes":[]}],"jetpack_likes_enabled":true,"_links":{"self":[{"href":"https:\/\/cfcontabil.com\/cf\/wp-json\/wp\/v2\/posts\/1272","targetHints":{"allow":["GET"]}}],"collection":[{"href":"https:\/\/cfcontabil.com\/cf\/wp-json\/wp\/v2\/posts"}],"about":[{"href":"https:\/\/cfcontabil.com\/cf\/wp-json\/wp\/v2\/types\/post"}],"author":[{"embeddable":true,"href":"https:\/\/cfcontabil.com\/cf\/wp-json\/wp\/v2\/users\/3"}],"replies":[{"embeddable":true,"href":"https:\/\/cfcontabil.com\/cf\/wp-json\/wp\/v2\/comments?post=1272"}],"version-history":[{"count":0,"href":"https:\/\/cfcontabil.com\/cf\/wp-json\/wp\/v2\/posts\/1272\/revisions"}],"wp:featuredmedia":[{"embeddable":true,"href":"https:\/\/cfcontabil.com\/cf\/wp-json\/wp\/v2\/media\/1508"}],"wp:attachment":[{"href":"https:\/\/cfcontabil.com\/cf\/wp-json\/wp\/v2\/media?parent=1272"}],"wp:term":[{"taxonomy":"category","embeddable":true,"href":"https:\/\/cfcontabil.com\/cf\/wp-json\/wp\/v2\/categories?post=1272"},{"taxonomy":"post_tag","embeddable":true,"href":"https:\/\/cfcontabil.com\/cf\/wp-json\/wp\/v2\/tags?post=1272"}],"curies":[{"name":"wp","href":"https:\/\/api.w.org\/{rel}","templated":true}]}}