{"id":1274,"date":"2017-08-08T05:00:07","date_gmt":"2017-08-08T08:00:07","guid":{"rendered":"http:\/\/cfcontabil.com\/cf\/?p=1274"},"modified":"2017-08-08T05:00:07","modified_gmt":"2017-08-08T08:00:07","slug":"corrigidos-erros-no-sistema-de-adesao-ao-pert","status":"publish","type":"post","link":"https:\/\/cfcontabil.com\/cf\/corrigidos-erros-no-sistema-de-adesao-ao-pert\/","title":{"rendered":"Corrigidos erros no sistema de ades\u00e3o ao Pert"},"content":{"rendered":"<p>Contribuintes podem tentar novamente o procedimento de ades\u00e3o pelo e-CAC PGFN<\/p>\n<p>O sistema de ades\u00e3o ao Programa Especial de Regulariza\u00e7\u00e3o Tribut\u00e1ria (Pert), apresentou dificuldade de acesso e alguns erros at\u00e9 esta quinta-feira (3) da semana passada. A Procuradoria-Geral da Fazenda Nacional (PGFN) esclarece que os problemas foram solucionados.<\/p>\n<p>Caso o contribuinte tenha se deparado com alguma das mensagens abaixo, a orienta\u00e7\u00e3o \u00e9 que fa\u00e7a novamente o procedimento de ades\u00e3o pelo e-CAC PGFN.<\/p>\n<p>&#8211; Indisponibilidade ou demora para acesso ao e-CAC PGFN<\/p>\n<p>Devido ao grande n\u00famero de acessos, o sistema e-CAC PGFN apresentou grande lentid\u00e3o e, em alguns momentos, indisponibilidade.<\/p>\n<p>&#8211; Mensagem de erro \u201cHTTP 404 N\u00e3o encontrado\u201d<\/p>\n<p>Apresentada ao tentar acessar o e-CAC PGFN.<\/p>\n<p>Os demais erros estavam restritos \u00e0 modalidade previdenci\u00e1ria, sendo:<\/p>\n<p>&#8211; Mensagem de erro \u201cO servi\u00e7o Seris retornou um erro &#8211; 21 &#8211; Erro ao consultar v\u00ednculos do optante\u201d<\/p>\n<p>&#8211; Mensagem de erro \u201c99 \u2013 Ocorreu uma falha ao recuperar WSDL do servi\u00e7o Seris\u201d<\/p>\n<p>&#8211; Mensagem de erro \u201cERRO PROGRAMA\u201d<\/p>\n<p>A Ouvidoria-Geral do Minist\u00e9rio da Fazenda (OGMF) disponibilizou canais de atendimento do \u00f3rg\u00e3o aos contribuintes que est\u00e3o com d\u00favidas ou desejam reportar eventuais erros no processo de ades\u00e3o ao Pert da PGFN.<\/p>\n<p>\u00c9 poss\u00edvel acessar o servi\u00e7o pelo portal da Ouvidoria-Geral, na op\u00e7\u00e3o Registre sua mensagem ou pelo telefone 0800 702 1111, no per\u00edodo de 8h \u00e0s 20h de segunda \u00e0 sexta-feira. O atendimento estar\u00e1 acess\u00edvel at\u00e9 31 de agosto, fim do prazo de ades\u00e3o ao Pert.<\/p>\n<p>Para acessar a nota de esclarecimento da PGFN na \u00edntegra com os detalhes dos erros e respectivas solu\u00e7\u00f5es, clique aqui!<\/p>\n<p>Fonte: PGFN de 03.08.2017<\/p>\n","protected":false},"excerpt":{"rendered":"<p>Contribuintes podem tentar novamente o procedimento de ades\u00e3o pelo e-CAC PGFN O sistema de ades\u00e3o ao Programa Especial de Regulariza\u00e7\u00e3o Tribut\u00e1ria (Pert), apresentou dificuldade de acesso e alguns erros at\u00e9 esta quinta-feira (3) da semana passada. A Procuradoria-Geral da Fazenda Nacional (PGFN) esclarece que os problemas foram solucionados. Caso o contribuinte tenha se deparado com [&hellip;]<\/p>\n","protected":false},"author":3,"featured_media":1495,"comment_status":"open","ping_status":"open","sticky":false,"template":"","format":"standard","meta":{"jetpack_post_was_ever_published":false,"_jetpack_newsletter_access":"","_jetpack_dont_email_post_to_subs":false,"_jetpack_newsletter_tier_id":0,"_jetpack_memberships_contains_paywalled_content":false,"_jetpack_memberships_contains_paid_content":false,"footnotes":"","jetpack_publicize_message":"","jetpack_publicize_feature_enabled":true,"jetpack_social_post_already_shared":true,"jetpack_social_options":{"image_generator_settings":{"template":"highway","default_image_id":0,"font":"","enabled":false},"version":2}},"categories":[46],"tags":[571,462,113,520,188,296,297],"class_list":["post-1274","post","type-post","status-publish","format-standard","has-post-thumbnail","hentry","category-df","tag-acesso","tag-especial","tag-parcelamento","tag-pert","tag-programa","tag-regularizacao","tag-tributaria"],"jetpack_publicize_connections":[],"jetpack_featured_media_url":"https:\/\/i0.wp.com\/cfcontabil.com\/cf\/wp-content\/uploads\/2017\/02\/receita-federal-1-1.png?fit=702%2C325&ssl=1","jetpack_sharing_enabled":true,"jetpack_shortlink":"https:\/\/wp.me\/p2wklX-ky","jetpack-related-posts":[{"id":1237,"url":"https:\/\/cfcontabil.com\/cf\/adesoes-ao-prt-da-pgfn-ultrapassam-o-montante-de-r-23-bilhoes-no-primeiro-mes\/","url_meta":{"origin":1274,"position":0},"title":"Ades\u00f5es ao PRT da PGFN ultrapassam o montante de R$ 2,3 bilh\u00f5es no primeiro m\u00eas","author":"Ab\u00edlio Gon\u00e7alves","date":"8 de mar\u00e7o de 2017","format":false,"excerpt":"Mais de 8 mil contribuintes aderiram ao benef\u00edcio. Atente-se para as datas. No primeiro m\u00eas de ades\u00f5es ao Programa de Regulariza\u00e7\u00e3o Tribut\u00e1ria (PRT) da Procuradoria-Geral da Fazenda Nacional (PGFN) mais de 8 mil contribuintes aderiram ao programa, o que representa um montante que supera os R$ 2,3 bilh\u00f5es. O PRT\u2026","rel":"","context":"Em &quot;Departamento Fiscal&quot;","block_context":{"text":"Departamento Fiscal","link":"https:\/\/cfcontabil.com\/cf\/category\/df\/"},"img":{"alt_text":"","src":"https:\/\/i0.wp.com\/cfcontabil.com\/cf\/wp-content\/uploads\/2017\/02\/receita-federal-1-1.png?fit=702%2C325&ssl=1&resize=350%2C200","width":350,"height":200,"srcset":"https:\/\/i0.wp.com\/cfcontabil.com\/cf\/wp-content\/uploads\/2017\/02\/receita-federal-1-1.png?fit=702%2C325&ssl=1&resize=350%2C200 1x, https:\/\/i0.wp.com\/cfcontabil.com\/cf\/wp-content\/uploads\/2017\/02\/receita-federal-1-1.png?fit=702%2C325&ssl=1&resize=525%2C300 1.5x, https:\/\/i0.wp.com\/cfcontabil.com\/cf\/wp-content\/uploads\/2017\/02\/receita-federal-1-1.png?fit=702%2C325&ssl=1&resize=700%2C400 2x"},"classes":[]},{"id":1045,"url":"https:\/\/cfcontabil.com\/cf\/adesao-ao-parcelamento-especial-de-debitos-do-simples-nacional-se-encerra-no-proximo-dia-10\/","url_meta":{"origin":1274,"position":1},"title":"Ades\u00e3o ao parcelamento especial de d\u00e9bitos do Simples Nacional se encerra no pr\u00f3ximo dia 10","author":"Ab\u00edlio Gon\u00e7alves","date":"9 de mar\u00e7o de 2017","format":false,"excerpt":"O contribuinte que pretende aderir ao parcelamento especial de d\u00e9bitos do Simples Nacional inscritos em D\u00edvida Ativa da Uni\u00e3o (DAU) precisa estar atento. O prazo para ades\u00e3o a essa modalidade de parcelamento se encerra no pr\u00f3ximo dia 10 de mar\u00e7o. O parcelamento foi regulamentado pela Portaria PGFN n\u00b0 1.110 de\u2026","rel":"","context":"Em &quot;Departamento Fiscal&quot;","block_context":{"text":"Departamento Fiscal","link":"https:\/\/cfcontabil.com\/cf\/category\/df\/"},"img":{"alt_text":"","src":"https:\/\/i0.wp.com\/cfcontabil.com\/cf\/wp-content\/uploads\/2017\/01\/simples-1.jpg?fit=520%2C271&ssl=1&resize=350%2C200","width":350,"height":200},"classes":[]},{"id":1249,"url":"https:\/\/cfcontabil.com\/cf\/pgfn-publica-regulamentacao-do-parcelamento-especial-de-debitos-previdenciarios-de-entes-federativos\/","url_meta":{"origin":1274,"position":2},"title":"PGFN publica regulamenta\u00e7\u00e3o do parcelamento especial de d\u00e9bitos previdenci\u00e1rios de entes federativos","author":"Ab\u00edlio Gon\u00e7alves","date":"3 de julho de 2017","format":false,"excerpt":"Parcelamento foi institu\u00eddo pela Medida Provis\u00f3ria n\u00b0 778\/2017 A Procuradoria-Geral da Fazenda Nacional (PGFN) publicou em 19 de junho de 2017 no Di\u00e1rio Oficial da Uni\u00e3o (DOU) a Portaria PGFN n\u00b0 645, de 16 de junho de 2017. O texto trata do parcelamento especial de d\u00e9bitos previdenci\u00e1rios junto \u00e0 Uni\u00e3o\u2026","rel":"","context":"Em &quot;Departamento Fiscal&quot;","block_context":{"text":"Departamento Fiscal","link":"https:\/\/cfcontabil.com\/cf\/category\/df\/"},"img":{"alt_text":"","src":"https:\/\/i0.wp.com\/cfcontabil.com\/cf\/wp-content\/uploads\/2016\/03\/dinheiro-1.jpg?fit=661%2C351&ssl=1&resize=350%2C200","width":350,"height":200,"srcset":"https:\/\/i0.wp.com\/cfcontabil.com\/cf\/wp-content\/uploads\/2016\/03\/dinheiro-1.jpg?fit=661%2C351&ssl=1&resize=350%2C200 1x, https:\/\/i0.wp.com\/cfcontabil.com\/cf\/wp-content\/uploads\/2016\/03\/dinheiro-1.jpg?fit=661%2C351&ssl=1&resize=525%2C300 1.5x"},"classes":[]},{"id":1363,"url":"https:\/\/cfcontabil.com\/cf\/termina-dia-31-de-agosto-a-prestacao-das-informacoes-para-consolidacao-do-pert\/","url_meta":{"origin":1274,"position":3},"title":"Termina dia 31 de agosto a presta\u00e7\u00e3o das informa\u00e7\u00f5es para consolida\u00e7\u00e3o do Pert","author":"Ab\u00edlio Gon\u00e7alves","date":"24 de agosto de 2018","format":false,"excerpt":"Roteiro contendo passo a passo para os contribuintes efetivarem a presta\u00e7\u00e3o das informa\u00e7\u00f5es e sanarem as eventuais d\u00favidas relacionadas ao Programa Especial de Regulariza\u00e7\u00e3o Tribut\u00e1ria \u2013 D\u00e9bitos Previdenci\u00e1rios (Pert) pode ser encontrado no site da Receita Federal Dia 31\/8\/2018 termina o prazo para presta\u00e7\u00e3o das informa\u00e7\u00f5es necess\u00e1rias \u00e0 consolida\u00e7\u00e3o do\u2026","rel":"","context":"Em &quot;Departamento Fiscal&quot;","block_context":{"text":"Departamento Fiscal","link":"https:\/\/cfcontabil.com\/cf\/category\/df\/"},"img":{"alt_text":"","src":"https:\/\/i0.wp.com\/cfcontabil.com\/cf\/wp-content\/uploads\/2017\/02\/receita-federal-1-1.png?fit=702%2C325&ssl=1&resize=350%2C200","width":350,"height":200,"srcset":"https:\/\/i0.wp.com\/cfcontabil.com\/cf\/wp-content\/uploads\/2017\/02\/receita-federal-1-1.png?fit=702%2C325&ssl=1&resize=350%2C200 1x, https:\/\/i0.wp.com\/cfcontabil.com\/cf\/wp-content\/uploads\/2017\/02\/receita-federal-1-1.png?fit=702%2C325&ssl=1&resize=525%2C300 1.5x, https:\/\/i0.wp.com\/cfcontabil.com\/cf\/wp-content\/uploads\/2017\/02\/receita-federal-1-1.png?fit=702%2C325&ssl=1&resize=700%2C400 2x"},"classes":[]},{"id":1892,"url":"https:\/\/cfcontabil.com\/cf\/mp-do-contribuinte-legal-negociacao-de-dividas-junto-a-uniao\/","url_meta":{"origin":1274,"position":4},"title":"MP do Contribuinte Legal: negocia\u00e7\u00e3o de d\u00edvidas junto \u00e0 Uni\u00e3o","author":"Ab\u00edlio Gon\u00e7alves","date":"13 de novembro de 2019","format":false,"excerpt":"1\u00ba edital com os crit\u00e9rios de elegibilidade para ades\u00e3o a proposta de transa\u00e7\u00e3o tribut\u00e1ria junto \u00e0 PGFN dever\u00e1 ser publicado at\u00e9 o m\u00eas de dezembro Assinada no dia 16 de outubro, a Medida Provis\u00f3ria do Contribuinte Legal (MP n\u00ba 899\/2019) estabeleceu requisitos e condi\u00e7\u00f5es para a regulariza\u00e7\u00e3o e a resolu\u00e7\u00e3o\u2026","rel":"","context":"Em &quot;Departamento Fiscal&quot;","block_context":{"text":"Departamento Fiscal","link":"https:\/\/cfcontabil.com\/cf\/category\/df\/"},"img":{"alt_text":"","src":"https:\/\/i0.wp.com\/cfcontabil.com\/cf\/wp-content\/uploads\/2019\/11\/mp-contribuinte-legal.jpg?fit=678%2C452&ssl=1&resize=350%2C200","width":350,"height":200,"srcset":"https:\/\/i0.wp.com\/cfcontabil.com\/cf\/wp-content\/uploads\/2019\/11\/mp-contribuinte-legal.jpg?fit=678%2C452&ssl=1&resize=350%2C200 1x, https:\/\/i0.wp.com\/cfcontabil.com\/cf\/wp-content\/uploads\/2019\/11\/mp-contribuinte-legal.jpg?fit=678%2C452&ssl=1&resize=525%2C300 1.5x"},"classes":[]},{"id":1418,"url":"https:\/\/cfcontabil.com\/cf\/receita-federal-realiza-mudancas-no-atendimento\/","url_meta":{"origin":1274,"position":5},"title":"Receita Federal realiza mudan\u00e7as no atendimento","author":"Ab\u00edlio Gon\u00e7alves","date":"31 de outubro de 2018","format":false,"excerpt":"Para\u00a0servi\u00e7os Pessoa Jur\u00eddica em Minas Gerais e em Bras\u00edlia visando maior agilidade A partir do dia 5 de novembro de 2018, alguns servi\u00e7os de pessoa jur\u00eddica nas unidades de atendimento da Receita Federal em Minas Gerais e no Centro de Atendimento ao Contribuinte (CAC) em Bras\u00edlia ter\u00e3o o fluxo de\u2026","rel":"","context":"Em &quot;Departamento Fiscal&quot;","block_context":{"text":"Departamento Fiscal","link":"https:\/\/cfcontabil.com\/cf\/category\/df\/"},"img":{"alt_text":"","src":"https:\/\/i0.wp.com\/cfcontabil.com\/cf\/wp-content\/uploads\/2017\/02\/receita-federal-1-1.png?fit=702%2C325&ssl=1&resize=350%2C200","width":350,"height":200,"srcset":"https:\/\/i0.wp.com\/cfcontabil.com\/cf\/wp-content\/uploads\/2017\/02\/receita-federal-1-1.png?fit=702%2C325&ssl=1&resize=350%2C200 1x, https:\/\/i0.wp.com\/cfcontabil.com\/cf\/wp-content\/uploads\/2017\/02\/receita-federal-1-1.png?fit=702%2C325&ssl=1&resize=525%2C300 1.5x, https:\/\/i0.wp.com\/cfcontabil.com\/cf\/wp-content\/uploads\/2017\/02\/receita-federal-1-1.png?fit=702%2C325&ssl=1&resize=700%2C400 2x"},"classes":[]}],"jetpack_likes_enabled":true,"_links":{"self":[{"href":"https:\/\/cfcontabil.com\/cf\/wp-json\/wp\/v2\/posts\/1274","targetHints":{"allow":["GET"]}}],"collection":[{"href":"https:\/\/cfcontabil.com\/cf\/wp-json\/wp\/v2\/posts"}],"about":[{"href":"https:\/\/cfcontabil.com\/cf\/wp-json\/wp\/v2\/types\/post"}],"author":[{"embeddable":true,"href":"https:\/\/cfcontabil.com\/cf\/wp-json\/wp\/v2\/users\/3"}],"replies":[{"embeddable":true,"href":"https:\/\/cfcontabil.com\/cf\/wp-json\/wp\/v2\/comments?post=1274"}],"version-history":[{"count":0,"href":"https:\/\/cfcontabil.com\/cf\/wp-json\/wp\/v2\/posts\/1274\/revisions"}],"wp:featuredmedia":[{"embeddable":true,"href":"https:\/\/cfcontabil.com\/cf\/wp-json\/wp\/v2\/media\/1495"}],"wp:attachment":[{"href":"https:\/\/cfcontabil.com\/cf\/wp-json\/wp\/v2\/media?parent=1274"}],"wp:term":[{"taxonomy":"category","embeddable":true,"href":"https:\/\/cfcontabil.com\/cf\/wp-json\/wp\/v2\/categories?post=1274"},{"taxonomy":"post_tag","embeddable":true,"href":"https:\/\/cfcontabil.com\/cf\/wp-json\/wp\/v2\/tags?post=1274"}],"curies":[{"name":"wp","href":"https:\/\/api.w.org\/{rel}","templated":true}]}}