{"id":1278,"date":"2017-08-21T15:13:00","date_gmt":"2017-08-21T18:13:00","guid":{"rendered":"http:\/\/cfcontabil.com\/cf\/?p=1278"},"modified":"2017-08-21T15:13:00","modified_gmt":"2017-08-21T18:13:00","slug":"novo-canal-de-atendimento-whatsapp-cf-contabil","status":"publish","type":"post","link":"https:\/\/cfcontabil.com\/cf\/novo-canal-de-atendimento-whatsapp-cf-contabil\/","title":{"rendered":"Novo Canal de Atendimento &#8211; WhatsApp CF Cont\u00e1bil"},"content":{"rendered":"<p><a href=\"https:\/\/i0.wp.com\/cfcontabil.com\/cf\/wp-content\/uploads\/2017\/08\/WhatsAppCFCont%C3%A1bil.png\"><img data-recalc-dims=\"1\" fetchpriority=\"high\" decoding=\"async\" data-attachment-id=\"1279\" data-permalink=\"https:\/\/cfcontabil.com\/cf\/whatsappcfcontabil\/\" data-orig-file=\"https:\/\/i0.wp.com\/cfcontabil.com\/cf\/wp-content\/uploads\/2017\/08\/WhatsAppCFCont%C3%A1bil-1.png?fit=560%2C397&amp;ssl=1\" data-orig-size=\"560,397\" data-comments-opened=\"1\" data-image-meta=\"{&quot;aperture&quot;:&quot;0&quot;,&quot;credit&quot;:&quot;&quot;,&quot;camera&quot;:&quot;&quot;,&quot;caption&quot;:&quot;&quot;,&quot;created_timestamp&quot;:&quot;0&quot;,&quot;copyright&quot;:&quot;&quot;,&quot;focal_length&quot;:&quot;0&quot;,&quot;iso&quot;:&quot;0&quot;,&quot;shutter_speed&quot;:&quot;0&quot;,&quot;title&quot;:&quot;&quot;,&quot;orientation&quot;:&quot;0&quot;}\" data-image-title=\"WhatsAppCFCont\u00e1bil\" data-image-description=\"\" data-image-caption=\"\" data-large-file=\"https:\/\/i0.wp.com\/cfcontabil.com\/cf\/wp-content\/uploads\/2017\/08\/WhatsAppCFCont%C3%A1bil-1.png?fit=560%2C397&amp;ssl=1\" class=\"aligncenter size-full wp-image-1279\" src=\"https:\/\/i0.wp.com\/cfcontabil.com\/cf\/wp-content\/uploads\/2017\/08\/WhatsAppCFCont%C3%A1bil.png?resize=560%2C397\" alt=\"\" width=\"560\" height=\"397\" \/><\/a><\/p>\n","protected":false},"excerpt":{"rendered":"","protected":false},"author":3,"featured_media":1280,"comment_status":"open","ping_status":"open","sticky":false,"template":"","format":"standard","meta":{"jetpack_post_was_ever_published":false,"_jetpack_newsletter_access":"","_jetpack_dont_email_post_to_subs":false,"_jetpack_newsletter_tier_id":0,"_jetpack_memberships_contains_paywalled_content":false,"_jetpack_memberships_contains_paid_content":false,"footnotes":"","jetpack_publicize_message":"","jetpack_publicize_feature_enabled":true,"jetpack_social_post_already_shared":true,"jetpack_social_options":{"image_generator_settings":{"template":"highway","default_image_id":0,"font":"","enabled":false},"version":2}},"categories":[22],"tags":[246,572,21,573,551],"class_list":["post-1278","post","type-post","status-publish","format-standard","has-post-thumbnail","hentry","category-geral","tag-atendimento","tag-celular","tag-contabilidade","tag-numero","tag-whatsapp"],"jetpack_publicize_connections":[],"jetpack_featured_media_url":"https:\/\/i0.wp.com\/cfcontabil.com\/cf\/wp-content\/uploads\/2017\/08\/WhatsApp_images-1.png?fit=377%2C134&ssl=1","jetpack_sharing_enabled":true,"jetpack_shortlink":"https:\/\/wp.me\/p2wklX-kC","jetpack-related-posts":[{"id":2162,"url":"https:\/\/cfcontabil.com\/cf\/comunidado-importante-covid19-coronavirus\/","url_meta":{"origin":1278,"position":0},"title":"COMUNIDADO IMPORTANTE &#8211; COVID19 (CORONAV\u00cdRUS)","author":"Ab\u00edlio Gon\u00e7alves","date":"19 de mar\u00e7o de 2020","format":false,"excerpt":"Prezados clientes e parceiros. Em decorr\u00eancia da pandemia do COVID19 (coronav\u00edrus) e pensando no bem-estar e sa\u00fade de todos, informamos que estamos priorizando nosso atendimento virtual (n\u00e3o presencial) a fim de evitar a propaga\u00e7\u00e3o do v\u00edrus. Estamos trabalhando internamente de forma remota garantindo o atendimento de todas as solicita\u00e7\u00f5es externas\u2026","rel":"","context":"Em &quot;Geral&quot;","block_context":{"text":"Geral","link":"https:\/\/cfcontabil.com\/cf\/category\/geral\/"},"img":{"alt_text":"","src":"https:\/\/i0.wp.com\/cfcontabil.com\/cf\/wp-content\/uploads\/2020\/03\/WhatsApp-1.jpg?fit=739%2C415&ssl=1&resize=350%2C200","width":350,"height":200,"srcset":"https:\/\/i0.wp.com\/cfcontabil.com\/cf\/wp-content\/uploads\/2020\/03\/WhatsApp-1.jpg?fit=739%2C415&ssl=1&resize=350%2C200 1x, https:\/\/i0.wp.com\/cfcontabil.com\/cf\/wp-content\/uploads\/2020\/03\/WhatsApp-1.jpg?fit=739%2C415&ssl=1&resize=525%2C300 1.5x, https:\/\/i0.wp.com\/cfcontabil.com\/cf\/wp-content\/uploads\/2020\/03\/WhatsApp-1.jpg?fit=739%2C415&ssl=1&resize=700%2C400 2x"},"classes":[]},{"id":3435,"url":"https:\/\/cfcontabil.com\/cf\/da-automacao-a-inteligencia-o-futuro-da-contabilidade-ja-comecou\/","url_meta":{"origin":1278,"position":1},"title":"Da Automa\u00e7\u00e3o \u00e0 Intelig\u00eancia: O Futuro da Contabilidade j\u00e1 Come\u00e7ou","author":"Ab\u00edlio Gon\u00e7alves","date":"10 de setembro de 2025","format":false,"excerpt":"Na \u00faltima edi\u00e7\u00e3o do Conta Azul Con 2025, participei da palestra conduzida por Rodrigo Bogoni e Dercio Bolais, representantes da Thomson Reuters e da Dom\u00ednio. O tema n\u00e3o poderia ser mais atual: como os servi\u00e7os digitais e embarcados est\u00e3o transformando a contabilidade em uma verdadeira consultoria estrat\u00e9gica para empresas de\u2026","rel":"","context":"Em &quot;Geral&quot;","block_context":{"text":"Geral","link":"https:\/\/cfcontabil.com\/cf\/category\/geral\/"},"img":{"alt_text":"","src":"https:\/\/i0.wp.com\/cfcontabil.com\/cf\/wp-content\/uploads\/2025\/09\/conta-azul-con25.png?fit=992%2C388&ssl=1&resize=350%2C200","width":350,"height":200,"srcset":"https:\/\/i0.wp.com\/cfcontabil.com\/cf\/wp-content\/uploads\/2025\/09\/conta-azul-con25.png?fit=992%2C388&ssl=1&resize=350%2C200 1x, https:\/\/i0.wp.com\/cfcontabil.com\/cf\/wp-content\/uploads\/2025\/09\/conta-azul-con25.png?fit=992%2C388&ssl=1&resize=525%2C300 1.5x, https:\/\/i0.wp.com\/cfcontabil.com\/cf\/wp-content\/uploads\/2025\/09\/conta-azul-con25.png?fit=992%2C388&ssl=1&resize=700%2C400 2x"},"classes":[]},{"id":563,"url":"https:\/\/cfcontabil.com\/cf\/como-ter-uma-boa-contabilidade-na-sua-empresa\/","url_meta":{"origin":1278,"position":2},"title":"Como ter uma boa contabilidade na sua empresa","author":"Vin\u00edcius Moizinho","date":"17 de novembro de 2014","format":"aside","excerpt":"\u00c9 importante encarar a contabilidade como uma ferramenta que contribui para o gerenciamento do neg\u00f3cio, independente do tamanho ou ramo de atividade da empresa. Pensar dessa forma traz muitas vantagens corporativas, principalmente quanto \u00e0 transpar\u00eancia das transa\u00e7\u00f5es e a real apura\u00e7\u00e3o do lucro ou preju\u00edzo. A primeira dica e a\u2026","rel":"","context":"Em &quot;Geral&quot;","block_context":{"text":"Geral","link":"https:\/\/cfcontabil.com\/cf\/category\/geral\/"},"img":{"alt_text":"","src":"","width":0,"height":0},"classes":[]},{"id":2079,"url":"https:\/\/cfcontabil.com\/cf\/conheca-nossa-solucao-digital-para-gestao-de-empresas\/","url_meta":{"origin":1278,"position":3},"title":"Conhe\u00e7a nossa solu\u00e7\u00e3o digital para gest\u00e3o de empresas!","author":"Ab\u00edlio Gon\u00e7alves","date":"16 de janeiro de 2020","format":false,"excerpt":"Queremos que seu neg\u00f3cio permane\u00e7a no AZUL neste novo ano! Semana passada apresentamos ao vivo no Instagram @cfcontabil uma plataforma completa para gest\u00e3o financeira e cont\u00e1bil para pequenas e m\u00e9dias empresas que desejam organiza\u00e7\u00e3o, agilidade e crescimento em 2020. Assista um pouco do que conversamos: https:\/\/www.youtube.com\/watch?v=zsbrNVJ1WCU Acreditamos que a contabilidade\u2026","rel":"","context":"Em &quot;Consultoria Empresarial&quot;","block_context":{"text":"Consultoria Empresarial","link":"https:\/\/cfcontabil.com\/cf\/category\/consultoria\/"},"img":{"alt_text":"","src":"https:\/\/i0.wp.com\/cfcontabil.com\/cf\/wp-content\/uploads\/2020\/01\/tudo-azul-1.jpeg?fit=1200%2C675&ssl=1&resize=350%2C200","width":350,"height":200,"srcset":"https:\/\/i0.wp.com\/cfcontabil.com\/cf\/wp-content\/uploads\/2020\/01\/tudo-azul-1.jpeg?fit=1200%2C675&ssl=1&resize=350%2C200 1x, https:\/\/i0.wp.com\/cfcontabil.com\/cf\/wp-content\/uploads\/2020\/01\/tudo-azul-1.jpeg?fit=1200%2C675&ssl=1&resize=525%2C300 1.5x, https:\/\/i0.wp.com\/cfcontabil.com\/cf\/wp-content\/uploads\/2020\/01\/tudo-azul-1.jpeg?fit=1200%2C675&ssl=1&resize=700%2C400 2x, https:\/\/i0.wp.com\/cfcontabil.com\/cf\/wp-content\/uploads\/2020\/01\/tudo-azul-1.jpeg?fit=1200%2C675&ssl=1&resize=1050%2C600 3x"},"classes":[]},{"id":1027,"url":"https:\/\/cfcontabil.com\/cf\/homenagem-ao-contabilista-convite\/","url_meta":{"origin":1278,"position":4},"title":"Homenagem ao Contabilista (convite)","author":"Vin\u00edcius Moizinho","date":"25 de setembro de 2012","format":false,"excerpt":"","rel":"","context":"Em &quot;Geral&quot;","block_context":{"text":"Geral","link":"https:\/\/cfcontabil.com\/cf\/category\/geral\/"},"img":{"alt_text":"","src":"https:\/\/i0.wp.com\/cfcontabil.com\/cf\/wp-content\/uploads\/2012\/09\/Convite.jpg?resize=350%2C200","width":350,"height":200,"srcset":"https:\/\/i0.wp.com\/cfcontabil.com\/cf\/wp-content\/uploads\/2012\/09\/Convite.jpg?resize=350%2C200 1x, https:\/\/i0.wp.com\/cfcontabil.com\/cf\/wp-content\/uploads\/2012\/09\/Convite.jpg?resize=525%2C300 1.5x"},"classes":[]},{"id":416,"url":"https:\/\/cfcontabil.com\/cf\/valorizeocontador\/","url_meta":{"origin":1278,"position":5},"title":"#ValorizeOContador","author":"Ab\u00edlio Gon\u00e7alves","date":"5 de dezembro de 2013","format":false,"excerpt":"Hoje a partir das 16h vamos todos participar do Twitta\u00e7o #ValorizeOContador! \u00a0 E deixe uma mensagem valorizando o trabalho da contabilidade! \u00a0 Fonte:\u00a0http:\/\/www.facebook.com\/AnoDaContabilidade","rel":"","context":"Em &quot;Contabilidade em geral&quot;","block_context":{"text":"Contabilidade em geral","link":"https:\/\/cfcontabil.com\/cf\/category\/contabilidade-2\/"},"img":{"alt_text":"","src":"","width":0,"height":0},"classes":[]}],"jetpack_likes_enabled":true,"_links":{"self":[{"href":"https:\/\/cfcontabil.com\/cf\/wp-json\/wp\/v2\/posts\/1278","targetHints":{"allow":["GET"]}}],"collection":[{"href":"https:\/\/cfcontabil.com\/cf\/wp-json\/wp\/v2\/posts"}],"about":[{"href":"https:\/\/cfcontabil.com\/cf\/wp-json\/wp\/v2\/types\/post"}],"author":[{"embeddable":true,"href":"https:\/\/cfcontabil.com\/cf\/wp-json\/wp\/v2\/users\/3"}],"replies":[{"embeddable":true,"href":"https:\/\/cfcontabil.com\/cf\/wp-json\/wp\/v2\/comments?post=1278"}],"version-history":[{"count":0,"href":"https:\/\/cfcontabil.com\/cf\/wp-json\/wp\/v2\/posts\/1278\/revisions"}],"wp:featuredmedia":[{"embeddable":true,"href":"https:\/\/cfcontabil.com\/cf\/wp-json\/wp\/v2\/media\/1280"}],"wp:attachment":[{"href":"https:\/\/cfcontabil.com\/cf\/wp-json\/wp\/v2\/media?parent=1278"}],"wp:term":[{"taxonomy":"category","embeddable":true,"href":"https:\/\/cfcontabil.com\/cf\/wp-json\/wp\/v2\/categories?post=1278"},{"taxonomy":"post_tag","embeddable":true,"href":"https:\/\/cfcontabil.com\/cf\/wp-json\/wp\/v2\/tags?post=1278"}],"curies":[{"name":"wp","href":"https:\/\/api.w.org\/{rel}","templated":true}]}}