{"id":1282,"date":"2017-08-29T13:03:02","date_gmt":"2017-08-29T16:03:02","guid":{"rendered":"http:\/\/cfcontabil.com\/cf\/?p=1282"},"modified":"2017-08-29T13:03:02","modified_gmt":"2017-08-29T16:03:02","slug":"receita-federal-encaminhara-debitos-para-inscricao-em-divida-ativa-da-uniao-em-setembro","status":"publish","type":"post","link":"https:\/\/cfcontabil.com\/cf\/receita-federal-encaminhara-debitos-para-inscricao-em-divida-ativa-da-uniao-em-setembro\/","title":{"rendered":"Receita Federal encaminhar\u00e1 d\u00e9bitos para inscri\u00e7\u00e3o em D\u00edvida Ativa da Uni\u00e3o em setembro"},"content":{"rendered":"<p>A inscri\u00e7\u00e3o em d\u00edvida ativa implica a incid\u00eancias de encargos legais no \u00e2mbito da execu\u00e7\u00e3o fiscal<\/p>\n<p>A Receita Federal informa que no in\u00edcio de setembro de 2017 encaminhar\u00e1 para inscri\u00e7\u00e3o em D\u00edvida Ativa da Uni\u00e3o os d\u00e9bitos para os quais j\u00e1 se encerraram as a\u00e7\u00f5es administrativas de cobran\u00e7a e que n\u00e3o foram regularizados por meio de ades\u00e3o ao Programa de Regulariza\u00e7\u00e3o Tribut\u00e1ria (PRT) ou ao Programa Especial de Regulariza\u00e7\u00e3o Tribut\u00e1ria (Pert).<\/p>\n<p>A inscri\u00e7\u00e3o em d\u00edvida ativa implica a incid\u00eancias de encargos legais no \u00e2mbito da execu\u00e7\u00e3o fiscal. Desta forma, o contribuinte ainda tem a op\u00e7\u00e3o de aderir, at\u00e9 o pr\u00f3ximo dia 31 de agosto, ao Programa Especial de Regulariza\u00e7\u00e3o Tribut\u00e1ria (Pert) no \u00e2mbito da Receita Federal, com a possibilidade de utiliza\u00e7\u00e3o de cr\u00e9ditos de preju\u00edzo fiscal e base de c\u00e1lculo negativa da Contribui\u00e7\u00e3o Social sobre o Lucro L\u00edquido &#8211; CSLL ou de outros cr\u00e9ditos pr\u00f3prios, com redu\u00e7\u00e3o de juros e multas e com prazos de parcelamento em at\u00e9 180 meses.<\/p>\n<p>A ades\u00e3o dever\u00e1 ser feita at\u00e9 o dia 31 de agosto de 2017, exclusivamente pelo s\u00edtio da RFB na Internet. O deferimento do pedido de ades\u00e3o ao Pert fica condicionado ao pagamento do valor \u00e0 vista ou da 1\u00aa presta\u00e7\u00e3o, que dever\u00e1 ocorrer tamb\u00e9m at\u00e9 31 de agosto de 2017.<\/p>\n<p>Para mais informa\u00e7\u00f5es, clique aqui: <a href=\"http:\/\/idg.receita.fazenda.gov.br\/orientacao\/tributaria\/pagamentos-e-parcelamentos\/parcelamentos-especiais\/programa-especial-de-regularizacao-tributaria\/programa-especial-de-regularizacao-tributaria\">http:\/\/idg.receita.fazenda.gov.br\/orientacao\/tributaria\/pagamentos-e-parcelamentos\/parcelamentos-especiais\/programa-especial-de-regularizacao-tributaria\/programa-especial-de-regularizacao-tributaria<\/a><\/p>\n<p>Fonte: Receita Federal do Brasil, em 26.08.2017<\/p>\n","protected":false},"excerpt":{"rendered":"<p>A inscri\u00e7\u00e3o em d\u00edvida ativa implica a incid\u00eancias de encargos legais no \u00e2mbito da execu\u00e7\u00e3o fiscal A Receita Federal informa que no in\u00edcio de setembro de 2017 encaminhar\u00e1 para inscri\u00e7\u00e3o em D\u00edvida Ativa da Uni\u00e3o os d\u00e9bitos para os quais j\u00e1 se encerraram as a\u00e7\u00f5es administrativas de cobran\u00e7a e que n\u00e3o foram regularizados por meio [&hellip;]<\/p>\n","protected":false},"author":3,"featured_media":1495,"comment_status":"open","ping_status":"open","sticky":false,"template":"","format":"standard","meta":{"jetpack_post_was_ever_published":false,"_jetpack_newsletter_access":"","_jetpack_dont_email_post_to_subs":false,"_jetpack_newsletter_tier_id":0,"_jetpack_memberships_contains_paywalled_content":false,"_jetpack_memberships_contains_paid_content":false,"footnotes":"","jetpack_publicize_message":"","jetpack_publicize_feature_enabled":true,"jetpack_social_post_already_shared":true,"jetpack_social_options":{"image_generator_settings":{"template":"highway","default_image_id":0,"font":"","enabled":false},"version":2}},"categories":[46],"tags":[449,432,96,520,399,74],"class_list":["post-1282","post","type-post","status-publish","format-standard","has-post-thumbnail","hentry","category-df","tag-ativa","tag-divida","tag-pagamento","tag-pert","tag-prt","tag-receita"],"jetpack_publicize_connections":[],"jetpack_featured_media_url":"https:\/\/i0.wp.com\/cfcontabil.com\/cf\/wp-content\/uploads\/2017\/02\/receita-federal-1-1.png?fit=702%2C325&ssl=1","jetpack_sharing_enabled":true,"jetpack_shortlink":"https:\/\/wp.me\/p2wklX-kG","jetpack-related-posts":[{"id":1230,"url":"https:\/\/cfcontabil.com\/cf\/programa-de-regularizacao-tributaria-prt-e-oportunidade-para-retomada-de-negocios\/","url_meta":{"origin":1282,"position":0},"title":"Programa de Regulariza\u00e7\u00e3o Tribut\u00e1ria (PRT) \u00e9 oportunidade para retomada de neg\u00f3cios","author":"Ab\u00edlio Gon\u00e7alves","date":"6 de mar\u00e7o de 2017","format":false,"excerpt":"O PRT estabeleceu condi\u00e7\u00f5es especiais para pagamento de d\u00edvidas de empresas e pessoas f\u00edsicas Com os objetivos de reduzir lit\u00edgios tribut\u00e1rios e promover a regulariza\u00e7\u00e3o fiscal, o Governo Federal lan\u00e7ou, por meio da Medida Provis\u00f3ria 766, de 2017, o Programa de Regulariza\u00e7\u00e3o Tribut\u00e1ria (PRT), por meio do qual poder\u00e3o ser\u2026","rel":"","context":"Em &quot;Departamento Fiscal&quot;","block_context":{"text":"Departamento Fiscal","link":"https:\/\/cfcontabil.com\/cf\/category\/df\/"},"img":{"alt_text":"","src":"https:\/\/i0.wp.com\/cfcontabil.com\/cf\/wp-content\/uploads\/2017\/02\/receita-federal-1-1.png?fit=702%2C325&ssl=1&resize=350%2C200","width":350,"height":200,"srcset":"https:\/\/i0.wp.com\/cfcontabil.com\/cf\/wp-content\/uploads\/2017\/02\/receita-federal-1-1.png?fit=702%2C325&ssl=1&resize=350%2C200 1x, https:\/\/i0.wp.com\/cfcontabil.com\/cf\/wp-content\/uploads\/2017\/02\/receita-federal-1-1.png?fit=702%2C325&ssl=1&resize=525%2C300 1.5x, https:\/\/i0.wp.com\/cfcontabil.com\/cf\/wp-content\/uploads\/2017\/02\/receita-federal-1-1.png?fit=702%2C325&ssl=1&resize=700%2C400 2x"},"classes":[]},{"id":2653,"url":"https:\/\/cfcontabil.com\/cf\/mei-precisa-pagar-suas-dividas-ate-o-final-de-agosto\/","url_meta":{"origin":1282,"position":1},"title":"MEI precisa pagar suas d\u00edvidas at\u00e9 o final de agosto","author":"Ab\u00edlio Gon\u00e7alves","date":"23 de agosto de 2021","format":false,"excerpt":"A partir de setembro, a Receita Federal encaminhar\u00e1 os d\u00e9bitos n\u00e3o regularizados para a D\u00edvida Ativa, e elas ser\u00e3o cobradas com juros. Os microempreendedores individuais (MEI) que est\u00e3o devendo impostos poder\u00e3o regularizar suas d\u00edvidas at\u00e9 o final deste m\u00eas. A situa\u00e7\u00e3o pode ser resolvida pelo pagamento dos d\u00e9bitos, utilizando o\u2026","rel":"","context":"Em &quot;Departamento Fiscal&quot;","block_context":{"text":"Departamento Fiscal","link":"https:\/\/cfcontabil.com\/cf\/category\/df\/"},"img":{"alt_text":"","src":"https:\/\/i0.wp.com\/cfcontabil.com\/cf\/wp-content\/uploads\/2020\/04\/MEI-1200x675-1.png?fit=1200%2C675&ssl=1&resize=350%2C200","width":350,"height":200,"srcset":"https:\/\/i0.wp.com\/cfcontabil.com\/cf\/wp-content\/uploads\/2020\/04\/MEI-1200x675-1.png?fit=1200%2C675&ssl=1&resize=350%2C200 1x, https:\/\/i0.wp.com\/cfcontabil.com\/cf\/wp-content\/uploads\/2020\/04\/MEI-1200x675-1.png?fit=1200%2C675&ssl=1&resize=525%2C300 1.5x, https:\/\/i0.wp.com\/cfcontabil.com\/cf\/wp-content\/uploads\/2020\/04\/MEI-1200x675-1.png?fit=1200%2C675&ssl=1&resize=700%2C400 2x, https:\/\/i0.wp.com\/cfcontabil.com\/cf\/wp-content\/uploads\/2020\/04\/MEI-1200x675-1.png?fit=1200%2C675&ssl=1&resize=1050%2C600 3x"},"classes":[]},{"id":1327,"url":"https:\/\/cfcontabil.com\/cf\/receita-federal-regulamenta-prestacoes-de-informacoes-no-ambito-do-prt\/","url_meta":{"origin":1282,"position":2},"title":"Receita Federal regulamenta presta\u00e7\u00f5es de informa\u00e7\u00f5es no \u00e2mbito do PRT","author":"Ab\u00edlio Gon\u00e7alves","date":"12 de junho de 2018","format":false,"excerpt":"As informa\u00e7\u00f5es s\u00e3o necess\u00e1rias \u00e0 consolida\u00e7\u00e3o dos demais d\u00e9bitos Foi\u00a0publicada, no Di\u00e1rio Oficial da Uni\u00e3o desta\u00a0segunda-feira, dia 11 de junho, a\u00a0Instru\u00e7\u00e3o Normativa RFB n\u00ba 1.809, de 2018, que disp\u00f5e sobre a presta\u00e7\u00e3o das informa\u00e7\u00f5es necess\u00e1rias \u00e0 consolida\u00e7\u00e3o dos demais d\u00e9bitos ( n\u00e3o previdenci\u00e1rios) a serem regularizados na forma do Programa\u2026","rel":"","context":"Em &quot;Departamento Fiscal&quot;","block_context":{"text":"Departamento Fiscal","link":"https:\/\/cfcontabil.com\/cf\/category\/df\/"},"img":{"alt_text":"","src":"https:\/\/i0.wp.com\/cfcontabil.com\/cf\/wp-content\/uploads\/2017\/02\/receita-federal-1-1.png?fit=702%2C325&ssl=1&resize=350%2C200","width":350,"height":200,"srcset":"https:\/\/i0.wp.com\/cfcontabil.com\/cf\/wp-content\/uploads\/2017\/02\/receita-federal-1-1.png?fit=702%2C325&ssl=1&resize=350%2C200 1x, https:\/\/i0.wp.com\/cfcontabil.com\/cf\/wp-content\/uploads\/2017\/02\/receita-federal-1-1.png?fit=702%2C325&ssl=1&resize=525%2C300 1.5x, https:\/\/i0.wp.com\/cfcontabil.com\/cf\/wp-content\/uploads\/2017\/02\/receita-federal-1-1.png?fit=702%2C325&ssl=1&resize=700%2C400 2x"},"classes":[]},{"id":2613,"url":"https:\/\/cfcontabil.com\/cf\/microempreendedores-individuais-mei-devem-regularizar-dividas-ate-31-de-agosto\/","url_meta":{"origin":1282,"position":3},"title":"Microempreendedores Individuais (MEI) devem regularizar d\u00edvidas at\u00e9 31 de agosto","author":"Ab\u00edlio Gon\u00e7alves","date":"10 de agosto de 2021","format":false,"excerpt":"Os Microempreendedores Individuais (MEI) que est\u00e3o devendo impostos, poder\u00e3o regularizar suas d\u00edvidas at\u00e9 o final deste m\u00eas. A situa\u00e7\u00e3o pode ser resolvida pelo pagamento dos d\u00e9bitos, utilizando o Documento de Arrecada\u00e7\u00e3o do Simples Nacional (DAS), ou parcelamento, que deve ser realizado at\u00e9 o dia 31\/08\/2021.\u00a0Tanto a emiss\u00e3o do DAS para\u2026","rel":"","context":"Em &quot;Geral&quot;","block_context":{"text":"Geral","link":"https:\/\/cfcontabil.com\/cf\/category\/geral\/"},"img":{"alt_text":"","src":"https:\/\/i0.wp.com\/cfcontabil.com\/cf\/wp-content\/uploads\/2020\/04\/MEI-1200x675-1.png?fit=1200%2C675&ssl=1&resize=350%2C200","width":350,"height":200,"srcset":"https:\/\/i0.wp.com\/cfcontabil.com\/cf\/wp-content\/uploads\/2020\/04\/MEI-1200x675-1.png?fit=1200%2C675&ssl=1&resize=350%2C200 1x, https:\/\/i0.wp.com\/cfcontabil.com\/cf\/wp-content\/uploads\/2020\/04\/MEI-1200x675-1.png?fit=1200%2C675&ssl=1&resize=525%2C300 1.5x, https:\/\/i0.wp.com\/cfcontabil.com\/cf\/wp-content\/uploads\/2020\/04\/MEI-1200x675-1.png?fit=1200%2C675&ssl=1&resize=700%2C400 2x, https:\/\/i0.wp.com\/cfcontabil.com\/cf\/wp-content\/uploads\/2020\/04\/MEI-1200x675-1.png?fit=1200%2C675&ssl=1&resize=1050%2C600 3x"},"classes":[]},{"id":2533,"url":"https:\/\/cfcontabil.com\/cf\/mei-tem-ate-31-de-agosto-de-2021-para-regularizar-seus-debitos\/","url_meta":{"origin":1282,"position":4},"title":"MEI tem at\u00e9 31 de agosto de 2021 para regularizar seus d\u00e9bitos","author":"Ab\u00edlio Gon\u00e7alves","date":"5 de agosto de 2021","format":false,"excerpt":"At\u00e9 o dia 31\/08\/2021, o MEI\u00a0poder\u00e1\u00a0regularizar\u00a0seus d\u00e9bitos (INSS, ISS e ICMS)\u00a0por meio de recolhimento em DAS, acessando o\u00a0PGMEI,\u00a0ou\u00a0parcelando.\u00a0 A\u00a0partir de setembro, a Receita Federal (RFB) encaminhar\u00e1\u00a0os d\u00e9bitos\u00a0apurados nas\u00a0Declara\u00e7\u00f5es Anuais Simplificadas para o Microempreendedor Individual\u00a0(DASN-Simei), n\u00e3o regularizados, para inscri\u00e7\u00e3o em D\u00edvida Ativa. O envio \u00e0 D\u00edvida Ativa ser\u00e1 da seguinte forma:\u2013\u2026","rel":"","context":"Em &quot;Geral&quot;","block_context":{"text":"Geral","link":"https:\/\/cfcontabil.com\/cf\/category\/geral\/"},"img":{"alt_text":"","src":"https:\/\/i0.wp.com\/cfcontabil.com\/cf\/wp-content\/uploads\/2017\/03\/mei-micro-empreendedor-individual-696x287-1.jpg?fit=696%2C287&ssl=1&resize=350%2C200","width":350,"height":200,"srcset":"https:\/\/i0.wp.com\/cfcontabil.com\/cf\/wp-content\/uploads\/2017\/03\/mei-micro-empreendedor-individual-696x287-1.jpg?fit=696%2C287&ssl=1&resize=350%2C200 1x, https:\/\/i0.wp.com\/cfcontabil.com\/cf\/wp-content\/uploads\/2017\/03\/mei-micro-empreendedor-individual-696x287-1.jpg?fit=696%2C287&ssl=1&resize=525%2C300 1.5x"},"classes":[]},{"id":925,"url":"https:\/\/cfcontabil.com\/cf\/empresas-pessoas-fisicas-e-orgaos-publicos-poderao-pagar-dividas-vencidas-ate-30-11-2016-usando-creditos-de-prejuizo-fiscal-inclusive-com-a-previdencia\/","url_meta":{"origin":1282,"position":5},"title":"Empresas, pessoas f\u00edsicas e \u00f3rg\u00e3os p\u00fablicos poder\u00e3o pagar d\u00edvidas vencidas at\u00e9 30.11.2016 usando cr\u00e9ditos de preju\u00edzo fiscal, inclusive com a Previd\u00eancia","author":"Ab\u00edlio Gon\u00e7alves","date":"9 de fevereiro de 2017","format":false,"excerpt":"A partir de quarta (01\/02) os contribuintes - tanto pessoas f\u00edsicas quanto jur\u00eddicas e \u00f3rg\u00e3os do poder p\u00fablico - poder\u00e3o regularizar sua situa\u00e7\u00e3o tribut\u00e1ria perante a Receita Federal do Brasil, seguindo as condi\u00e7\u00f5es especiais determinadas pelo Programa de Regulariza\u00e7\u00e3o Tribut\u00e1ria(PRT). A ades\u00e3o poder\u00e1 ser feita por um prazo de 120\u2026","rel":"","context":"Em &quot;Geral&quot;","block_context":{"text":"Geral","link":"https:\/\/cfcontabil.com\/cf\/category\/geral\/"},"img":{"alt_text":"","src":"https:\/\/i0.wp.com\/cfcontabil.com\/cf\/wp-content\/uploads\/2016\/03\/dinheiro-1.jpg?fit=661%2C351&ssl=1&resize=350%2C200","width":350,"height":200,"srcset":"https:\/\/i0.wp.com\/cfcontabil.com\/cf\/wp-content\/uploads\/2016\/03\/dinheiro-1.jpg?fit=661%2C351&ssl=1&resize=350%2C200 1x, https:\/\/i0.wp.com\/cfcontabil.com\/cf\/wp-content\/uploads\/2016\/03\/dinheiro-1.jpg?fit=661%2C351&ssl=1&resize=525%2C300 1.5x"},"classes":[]}],"jetpack_likes_enabled":true,"_links":{"self":[{"href":"https:\/\/cfcontabil.com\/cf\/wp-json\/wp\/v2\/posts\/1282","targetHints":{"allow":["GET"]}}],"collection":[{"href":"https:\/\/cfcontabil.com\/cf\/wp-json\/wp\/v2\/posts"}],"about":[{"href":"https:\/\/cfcontabil.com\/cf\/wp-json\/wp\/v2\/types\/post"}],"author":[{"embeddable":true,"href":"https:\/\/cfcontabil.com\/cf\/wp-json\/wp\/v2\/users\/3"}],"replies":[{"embeddable":true,"href":"https:\/\/cfcontabil.com\/cf\/wp-json\/wp\/v2\/comments?post=1282"}],"version-history":[{"count":0,"href":"https:\/\/cfcontabil.com\/cf\/wp-json\/wp\/v2\/posts\/1282\/revisions"}],"wp:featuredmedia":[{"embeddable":true,"href":"https:\/\/cfcontabil.com\/cf\/wp-json\/wp\/v2\/media\/1495"}],"wp:attachment":[{"href":"https:\/\/cfcontabil.com\/cf\/wp-json\/wp\/v2\/media?parent=1282"}],"wp:term":[{"taxonomy":"category","embeddable":true,"href":"https:\/\/cfcontabil.com\/cf\/wp-json\/wp\/v2\/categories?post=1282"},{"taxonomy":"post_tag","embeddable":true,"href":"https:\/\/cfcontabil.com\/cf\/wp-json\/wp\/v2\/tags?post=1282"}],"curies":[{"name":"wp","href":"https:\/\/api.w.org\/{rel}","templated":true}]}}