{"id":1285,"date":"2017-08-31T14:22:05","date_gmt":"2017-08-31T17:22:05","guid":{"rendered":"http:\/\/cfcontabil.com\/cf\/?p=1285"},"modified":"2017-08-31T14:22:05","modified_gmt":"2017-08-31T17:22:05","slug":"adesao-ao-refis-podera-ser-feita-ate-29-de-setembro","status":"publish","type":"post","link":"https:\/\/cfcontabil.com\/cf\/adesao-ao-refis-podera-ser-feita-ate-29-de-setembro\/","title":{"rendered":"Ades\u00e3o ao Refis poder\u00e1 ser feita at\u00e9 29 de setembro"},"content":{"rendered":"<p>O presidente da Rep\u00fablica em exerc\u00edcio,\u00a0Rodrigo Maia, editou medida provis\u00f3ria (MP) prorrogando o prazo de ades\u00e3o ao novo refinanciamento de d\u00edvidas de empres\u00e1rios com a Receita Federal para o pr\u00f3ximo dia 29 de setembro.<\/p>\n<p>Os l\u00edderes da C\u00e2mara dos Deputados est\u00e3o em busca de acordo para votar a proposta at\u00e9 a semana que vem \u2013 se n\u00e3o fosse editada nova MP, o prazo de ades\u00e3o terminaria quinta-feira (31\/08).<\/p>\n<p>As negocia\u00e7\u00f5es envolvem a tentativa de aprovar um Programa de Recupera\u00e7\u00e3o Fiscal (Refis) que seja um \u201cponto de equil\u00edbrio\u201d entre os diferentes interesses.<\/p>\n<p>De acordo com o l\u00edder do governo na C\u00e2mara dos Deputados, Aguinaldo Ribeiro (PP-PB), o acordo deve ser fechado at\u00e9 quinta para que o texto principal seja alterado sem deixar de preservar a \u201cpedagogia\u201d de n\u00e3o incentivar os maus pagadores a continuar em d\u00edvida com o Fisco.<\/p>\n<p>\u201cN\u00f3s temos uma limita\u00e7\u00e3o. Por se tratar de MP, s\u00f3 podemos trazer \u00e0 baila aquilo que est\u00e1 contido no texto aprovado na comiss\u00e3o [formada por senadores e deputados para discutir inicialmente a proposta]. E isso \u00e9 um pouco da limita\u00e7\u00e3o que temos para atender a tudo aquilo que est\u00e1 sendo acordado\u201d, afirmou.<\/p>\n<p>Segundo Rodrigo Maia, o acordo que est\u00e1 sendo constru\u00eddo n\u00e3o trar\u00e1 toda a arrecada\u00e7\u00e3o esperada pelo governo inicialmente, mas deve chegar perto.<\/p>\n<p>\u201cNunca achei que o governo teria\u00a0capacidade de arrecadar\u00a0R$ 13 bilh\u00f5es. Acho que j\u00e1 se vinha trabalhando com mais clareza, e os R$ 13 bilh\u00f5es estavam muito longe da realidade. Mas eu acho que est\u00e1 a\u00ed na ordem de R$ 7, R$ 8 ou R$ 9 bilh\u00f5es. \u00c9 um n\u00famero importante\u201d, disse, ressalvando que n\u00e3o trabalhava com estimativas da equipe econ\u00f4mica.<\/p>\n<p>O relat\u00f3rio do deputado Newton Cardoso (PMDB-MG) j\u00e1 foi aprovado na comiss\u00e3o especial mista que analisou o texto enviado pelo governo. No entanto, o parecer ainda precisa ser votado pelo plen\u00e1rio da C\u00e2mara e tamb\u00e9m pelo Senado.<\/p>\n<p>A mat\u00e9ria tem sido alvo de desentendimentos entre a equipe econ\u00f4mica do governo e a base aliada. Isso porque o texto enviado pelo Planalto ao Congresso Nacional n\u00e3o concede desconto no valor dos\u00a0<a class=\"classtermo\" href=\"http:\/\/www.contabeis.com.br\/termos-contabeis\/juros\">juros<\/a>\u00a0e das multas, mas o relator da MP alterou a proposta e incluiu no texto, aprovado pela comiss\u00e3o especial, desconto nas multas e nos\u00a0<a class=\"classtermo\" href=\"http:\/\/www.contabeis.com.br\/termos-contabeis\/juros\">juros<\/a>\u00a0das d\u00edvidas parceladas.<\/p>\n<p>Al\u00e9m disso, autorizou a participa\u00e7\u00e3o no Refis de empresas em recupera\u00e7\u00e3o judicial e dobrou o prazo m\u00e1ximo de parcelamento.<\/p>\n<p>De acordo com Maia, o objetivo \u00e9 buscar um ponto de equil\u00edbrio entre o ideal, do ponto de vista fiscal, e o que pede a sociedade.<\/p>\n<p>\u201cMuitas empresas que teriam condi\u00e7\u00f5es de pagar seus impostos n\u00e3o est\u00e3o pagando porque \u00e9 mais barato n\u00e3o pagar do que financiar isso no mercado financeiro. Mas tem empresas que n\u00e3o t\u00eam a menor condi\u00e7\u00e3o, pela crise que o Brasil vive, de pagar, da noite para o dia, os impostos atrasados. Se n\u00e3o reorganizarmos isso, n\u00e3o teremos condi\u00e7\u00f5es que milhares de empresas voltem a gerar emprego no Brasil\u201d, afirmou Maia.<\/p>\n<p>Fonte: Fonte: Ag\u00eancia Brasil<\/p>\n","protected":false},"excerpt":{"rendered":"<p>O presidente da Rep\u00fablica em exerc\u00edcio,\u00a0Rodrigo Maia, editou medida provis\u00f3ria (MP) prorrogando o prazo de ades\u00e3o ao novo refinanciamento de d\u00edvidas de empres\u00e1rios com a Receita Federal para o pr\u00f3ximo dia 29 de setembro. Os l\u00edderes da C\u00e2mara dos Deputados est\u00e3o em busca de acordo para votar a proposta at\u00e9 a semana que vem \u2013 [&hellip;]<\/p>\n","protected":false},"author":3,"featured_media":1286,"comment_status":"open","ping_status":"open","sticky":false,"template":"","format":"standard","meta":{"jetpack_post_was_ever_published":false,"_jetpack_newsletter_access":"","_jetpack_dont_email_post_to_subs":false,"_jetpack_newsletter_tier_id":0,"_jetpack_memberships_contains_paywalled_content":false,"_jetpack_memberships_contains_paid_content":false,"footnotes":"","jetpack_publicize_message":"","jetpack_publicize_feature_enabled":true,"jetpack_social_post_already_shared":true,"jetpack_social_options":{"image_generator_settings":{"template":"highway","default_image_id":0,"font":"","enabled":false},"version":2}},"categories":[46],"tags":[449,123,432,462,113,520,188,482,126,297],"class_list":["post-1285","post","type-post","status-publish","format-standard","has-post-thumbnail","hentry","category-df","tag-ativa","tag-debitos","tag-divida","tag-especial","tag-parcelamento","tag-pert","tag-programa","tag-recuperacao","tag-refis","tag-tributaria"],"jetpack_publicize_connections":[],"jetpack_featured_media_url":"https:\/\/i0.wp.com\/cfcontabil.com\/cf\/wp-content\/uploads\/2017\/08\/refis-1.jpg?fit=300%2C157&ssl=1","jetpack_sharing_enabled":true,"jetpack_shortlink":"https:\/\/wp.me\/p2wklX-kJ","jetpack-related-posts":[{"id":1289,"url":"https:\/\/cfcontabil.com\/cf\/prazo-de-adesao-ao-pert-e-prorrogado-para-29-9-2017\/","url_meta":{"origin":1285,"position":0},"title":"Prazo de ades\u00e3o ao Pert \u00e9 prorrogado para 29-9-2017","author":"Ab\u00edlio Gon\u00e7alves","date":"13 de setembro de 2017","format":false,"excerpt":"MEDIDA PROVIS\u00d3RIA 798, DE 30-8-2017 (DO-U DE 31-8-2017) Exposi\u00e7\u00e3o de Motivos D\u00c9BITO FISCAL \u2013 Parcelamento \u00a0 Prazo de ades\u00e3o ao Pert \u00e9 prorrogado para 29-9-2017 Esta Medida Provis\u00f3ria, que altera a Medida Provis\u00f3ria 783, de 31-5-2017, prorroga o prazo de ades\u00e3o ao Pert (Programa Especial de Regulariza\u00e7\u00e3o Tribut\u00e1ria) para at\u00e9\u2026","rel":"","context":"Em &quot;Departamento Fiscal&quot;","block_context":{"text":"Departamento Fiscal","link":"https:\/\/cfcontabil.com\/cf\/category\/df\/"},"img":{"alt_text":"","src":"https:\/\/i0.wp.com\/cfcontabil.com\/cf\/wp-content\/uploads\/2017\/02\/receita-federal-1-1.png?fit=702%2C325&ssl=1&resize=350%2C200","width":350,"height":200,"srcset":"https:\/\/i0.wp.com\/cfcontabil.com\/cf\/wp-content\/uploads\/2017\/02\/receita-federal-1-1.png?fit=702%2C325&ssl=1&resize=350%2C200 1x, https:\/\/i0.wp.com\/cfcontabil.com\/cf\/wp-content\/uploads\/2017\/02\/receita-federal-1-1.png?fit=702%2C325&ssl=1&resize=525%2C300 1.5x, https:\/\/i0.wp.com\/cfcontabil.com\/cf\/wp-content\/uploads\/2017\/02\/receita-federal-1-1.png?fit=702%2C325&ssl=1&resize=700%2C400 2x"},"classes":[]},{"id":840,"url":"https:\/\/cfcontabil.com\/cf\/vice-presidente-do-cfc-alerta-contribuinte-ja-pode-se-preparar-para-novo-refis\/","url_meta":{"origin":1285,"position":1},"title":"Vice-presidente do CFC alerta: Contribuinte j\u00e1 pode se preparar para \u201cnovo Refis\u201d","author":"Ab\u00edlio Gon\u00e7alves","date":"20 de janeiro de 2017","format":false,"excerpt":"Separar d\u00e9bitos at\u00e9 a data estipulada pelo governo \u00e9 o primeiro passo para quem pretende aderir ao Programa Ap\u00f3s o an\u00fancio pelo governo da Medida Provis\u00f3ria (MP) 766, que institui o Programa de Regulariza\u00e7\u00e3o Tribut\u00e1ria (PRT), os contribuintes - pessoas f\u00edsicas e empresas - j\u00e1 podem se preparar para regularizar\u2026","rel":"","context":"Em &quot;Consultoria Empresarial&quot;","block_context":{"text":"Consultoria Empresarial","link":"https:\/\/cfcontabil.com\/cf\/category\/consultoria\/"},"img":{"alt_text":"","src":"https:\/\/i0.wp.com\/cfcontabil.com\/cf\/wp-content\/uploads\/2017\/01\/PLANEJAMENTO_ESTRATGICO_2-1.jpg?fit=580%2C400&ssl=1&resize=350%2C200","width":350,"height":200,"srcset":"https:\/\/i0.wp.com\/cfcontabil.com\/cf\/wp-content\/uploads\/2017\/01\/PLANEJAMENTO_ESTRATGICO_2-1.jpg?fit=580%2C400&ssl=1&resize=350%2C200 1x, https:\/\/i0.wp.com\/cfcontabil.com\/cf\/wp-content\/uploads\/2017\/01\/PLANEJAMENTO_ESTRATGICO_2-1.jpg?fit=580%2C400&ssl=1&resize=525%2C300 1.5x"},"classes":[]},{"id":1768,"url":"https:\/\/cfcontabil.com\/cf\/confaz-autoriza-df-mais-sete-estados-a-fazer-novo-refis-em-2020\/","url_meta":{"origin":1285,"position":2},"title":"Confaz autoriza DF mais sete estados a fazer novo Refis em 2020","author":"Ab\u00edlio Gon\u00e7alves","date":"16 de outubro de 2019","format":false,"excerpt":"O\u00a0Conselho Nacional de Pol\u00edtica Fazend\u00e1ria (Confaz)\u00a0autorizou o Distrito Federal e sete estados a lan\u00e7ar um novo\u00a0Programa de Refinanciamento de D\u00edvidas (Refis)\u00a0em 2020. A medida permite que empresas com d\u00e9bitos relativos ao\u00a0Imposto sobre Circula\u00e7\u00e3o de Mercadorias e Servi\u00e7os (ICMS)\u00a0tenham mais prazo para quit\u00e1-los, com descontos nas multas. No caso do DF,\u2026","rel":"","context":"Em &quot;Departamento Fiscal&quot;","block_context":{"text":"Departamento Fiscal","link":"https:\/\/cfcontabil.com\/cf\/category\/df\/"},"img":{"alt_text":"","src":"https:\/\/i0.wp.com\/cfcontabil.com\/cf\/wp-content\/uploads\/2019\/10\/imposto.jpg?fit=715%2C300&ssl=1&resize=350%2C200","width":350,"height":200,"srcset":"https:\/\/i0.wp.com\/cfcontabil.com\/cf\/wp-content\/uploads\/2019\/10\/imposto.jpg?fit=715%2C300&ssl=1&resize=350%2C200 1x, https:\/\/i0.wp.com\/cfcontabil.com\/cf\/wp-content\/uploads\/2019\/10\/imposto.jpg?fit=715%2C300&ssl=1&resize=525%2C300 1.5x, https:\/\/i0.wp.com\/cfcontabil.com\/cf\/wp-content\/uploads\/2019\/10\/imposto.jpg?fit=715%2C300&ssl=1&resize=700%2C400 2x"},"classes":[]},{"id":1808,"url":"https:\/\/cfcontabil.com\/cf\/bolsonaro-assina-mp-de-incentivo-a-regularizacao-de-dividas-com-a-uniao-desconto-e-de-ate-70-2\/","url_meta":{"origin":1285,"position":3},"title":"Bolsonaro assina MP de incentivo \u00e0 regulariza\u00e7\u00e3o de d\u00edvidas com a Uni\u00e3o; desconto \u00e9 de at\u00e9 70%","author":"Ab\u00edlio Gon\u00e7alves","date":"23 de outubro de 2019","format":false,"excerpt":"Desconto poder\u00e1 chegar a 70% para pessoa f\u00edsica e microempresa. Governo calcula que, na cobran\u00e7a da d\u00edvida ativa, 1,9 milh\u00e3o de devedores poder\u00e3o regularizar d\u00e9bitos. O presidente\u00a0Jair Bolsonaro\u00a0assinou nesta quarta-feira (16), em cerim\u00f4nia no Pal\u00e1cio do Planalto, uma medida provis\u00f3ria com regras para facilitar acordos entre a Uni\u00e3o e seus\u2026","rel":"","context":"Em &quot;Consultoria Empresarial&quot;","block_context":{"text":"Consultoria Empresarial","link":"https:\/\/cfcontabil.com\/cf\/category\/consultoria\/"},"img":{"alt_text":"","src":"https:\/\/i0.wp.com\/cfcontabil.com\/cf\/wp-content\/uploads\/2019\/10\/documento-assinado.jpg?fit=635%2C396&ssl=1&resize=350%2C200","width":350,"height":200,"srcset":"https:\/\/i0.wp.com\/cfcontabil.com\/cf\/wp-content\/uploads\/2019\/10\/documento-assinado.jpg?fit=635%2C396&ssl=1&resize=350%2C200 1x, https:\/\/i0.wp.com\/cfcontabil.com\/cf\/wp-content\/uploads\/2019\/10\/documento-assinado.jpg?fit=635%2C396&ssl=1&resize=525%2C300 1.5x"},"classes":[]},{"id":2604,"url":"https:\/\/cfcontabil.com\/cf\/senado-aprova-parcelamento-de-dividas-fiscais-de-micro-e-pequenas-empresas\/","url_meta":{"origin":1285,"position":4},"title":"Senado aprova parcelamento de d\u00edvidas fiscais de micro e pequenas empresas","author":"Ab\u00edlio Gon\u00e7alves","date":"6 de agosto de 2021","format":false,"excerpt":"Por 68 votos favor\u00e1veis e nenhum contr\u00e1rio, os senadores aprovaram, nesta quinta-feira (5), substitutivo do senador Fernando Bezerra Coelho (MDB-PE) que permite o pagamento em at\u00e9 15 anos das d\u00edvidas das micro e pequenas empresas com a Uni\u00e3o, inclusive de microempreendedores individuais. O Projeto de Lei Complementar (PLP)\u00a046\/2021, que apresenta\u2026","rel":"","context":"Em &quot;Geral&quot;","block_context":{"text":"Geral","link":"https:\/\/cfcontabil.com\/cf\/category\/geral\/"},"img":{"alt_text":"","src":"https:\/\/i0.wp.com\/cfcontabil.com\/cf\/wp-content\/uploads\/2021\/08\/parcelamento-dinheiro.jpg?fit=600%2C310&ssl=1&resize=350%2C200","width":350,"height":200,"srcset":"https:\/\/i0.wp.com\/cfcontabil.com\/cf\/wp-content\/uploads\/2021\/08\/parcelamento-dinheiro.jpg?fit=600%2C310&ssl=1&resize=350%2C200 1x, https:\/\/i0.wp.com\/cfcontabil.com\/cf\/wp-content\/uploads\/2021\/08\/parcelamento-dinheiro.jpg?fit=600%2C310&ssl=1&resize=525%2C300 1.5x"},"classes":[]},{"id":1240,"url":"https:\/\/cfcontabil.com\/cf\/novas-regras-para-aderir-ao-pert\/","url_meta":{"origin":1285,"position":5},"title":"Novas regras para aderir ao PERT","author":"Ab\u00edlio Gon\u00e7alves","date":"28 de junho de 2017","format":false,"excerpt":"A\u00a0Receita Federal do Brasil e a Procuradoria Geral da Fazenda Nacional\u00a0publicaram na \u00faltima semana as regras para ades\u00e3o ao seu\u00a0Programa de Parcelamento de D\u00edvidas Tribut\u00e1rias, conhecido como\u00a0PERT. O intuito destes \u00f3rg\u00e3os \u00e9\u00a0aumentar a arrecada\u00e7\u00e3o\u00a0ao\u00a0facilitar o pagamento\u00a0de d\u00e9bitos dos contribuintes. Sendo assim, o papel do Contador nesta hist\u00f3ria \u00e9 ajudar o\u2026","rel":"","context":"Em &quot;Departamento Fiscal&quot;","block_context":{"text":"Departamento Fiscal","link":"https:\/\/cfcontabil.com\/cf\/category\/df\/"},"img":{"alt_text":"","src":"","width":0,"height":0},"classes":[]}],"jetpack_likes_enabled":true,"_links":{"self":[{"href":"https:\/\/cfcontabil.com\/cf\/wp-json\/wp\/v2\/posts\/1285","targetHints":{"allow":["GET"]}}],"collection":[{"href":"https:\/\/cfcontabil.com\/cf\/wp-json\/wp\/v2\/posts"}],"about":[{"href":"https:\/\/cfcontabil.com\/cf\/wp-json\/wp\/v2\/types\/post"}],"author":[{"embeddable":true,"href":"https:\/\/cfcontabil.com\/cf\/wp-json\/wp\/v2\/users\/3"}],"replies":[{"embeddable":true,"href":"https:\/\/cfcontabil.com\/cf\/wp-json\/wp\/v2\/comments?post=1285"}],"version-history":[{"count":0,"href":"https:\/\/cfcontabil.com\/cf\/wp-json\/wp\/v2\/posts\/1285\/revisions"}],"wp:featuredmedia":[{"embeddable":true,"href":"https:\/\/cfcontabil.com\/cf\/wp-json\/wp\/v2\/media\/1286"}],"wp:attachment":[{"href":"https:\/\/cfcontabil.com\/cf\/wp-json\/wp\/v2\/media?parent=1285"}],"wp:term":[{"taxonomy":"category","embeddable":true,"href":"https:\/\/cfcontabil.com\/cf\/wp-json\/wp\/v2\/categories?post=1285"},{"taxonomy":"post_tag","embeddable":true,"href":"https:\/\/cfcontabil.com\/cf\/wp-json\/wp\/v2\/tags?post=1285"}],"curies":[{"name":"wp","href":"https:\/\/api.w.org\/{rel}","templated":true}]}}