{"id":1289,"date":"2017-09-13T15:45:51","date_gmt":"2017-09-13T18:45:51","guid":{"rendered":"http:\/\/cfcontabil.com\/cf\/?p=1289"},"modified":"2017-09-13T15:45:51","modified_gmt":"2017-09-13T18:45:51","slug":"prazo-de-adesao-ao-pert-e-prorrogado-para-29-9-2017","status":"publish","type":"post","link":"https:\/\/cfcontabil.com\/cf\/prazo-de-adesao-ao-pert-e-prorrogado-para-29-9-2017\/","title":{"rendered":"Prazo de ades\u00e3o ao Pert \u00e9 prorrogado para 29-9-2017"},"content":{"rendered":"<div align=\"center\"><strong><span style=\"font-family: helvetica; font-size: medium;\">MEDIDA PROVIS\u00d3RIA 798, DE 30-8-2017<\/span><br \/>\n<span style=\"font-family: helvetica; font-size: small;\">(DO-U DE 31-8-2017)<\/span><\/strong><\/div>\n<p><span style=\"font-family: helvetica; font-size: small;\"><br \/>\nExposi\u00e7\u00e3o de Motivos<\/p>\n<p><\/span><\/p>\n<div align=\"left\"><strong><span style=\"font-family: helvetica; font-size: small;\">D\u00c9BITO FISCAL \u2013 Parcelamento<\/span><\/strong><\/div>\n<p><span style=\"font-family: helvetica; font-size: small;\">\u00a0<\/span><\/p>\n<div align=\"center\"><em><strong><span style=\"font-family: helvetica; font-size: small;\">Prazo de ades\u00e3o ao Pert \u00e9 prorrogado para 29-9-2017<\/span><\/strong><\/em><\/div>\n<div align=\"center\"><em><span style=\"font-family: helvetica; font-size: small;\">Esta Medida Provis\u00f3ria, que altera a Medida Provis\u00f3ria 783, de 31-5-2017, prorroga o prazo de ades\u00e3o ao Pert (Programa Especial de Regulariza\u00e7\u00e3o Tribut\u00e1ria) para at\u00e9 o dia 29-9-2017. A previs\u00e3o original era at\u00e9 o dia 31-8-2017. A MP estabelece, ainda, que os contribuintes que aderirem ao Pert no m\u00eas de setembro dever\u00e3o efetuar o pagamento cumulativo das presta\u00e7\u00f5es de agosto e setembro at\u00e9 o dia 29-9-2017, conforme a modalidade requerida. As demais condi\u00e7\u00f5es de ades\u00e3o n\u00e3o foram alteradas.<\/span><\/em><\/div>\n<p><span style=\"font-family: helvetica; font-size: small;\"><br \/>\n<strong>O PRESIDENTE DA C\u00c2MARA DOS DEPUTADOS,<\/strong>\u00a0no exerc\u00edcio do cargo de PRESIDENTE DA REP\u00daBLICA, no uso da atribui\u00e7\u00e3o que lhe confere o art. 62 da Constitui\u00e7\u00e3o, adota a seguinte Medida Provis\u00f3ria, com for\u00e7a de lei:<\/p>\n<p><strong>Art. 1\u00ba<\/strong>\u00a0A Medida Provis\u00f3ria n\u00ba 783, de 31 de maio de 2017, passa a vigorar com as seguintes altera\u00e7\u00f5es:<\/p>\n<p>&#8220;Art. 1\u00ba &#8230;&#8230;&#8230;&#8230;&#8230;&#8230;&#8230;&#8230;&#8230;.<br \/>\n&#8230;&#8230;&#8230;&#8230;&#8230;&#8230;&#8230;&#8230;&#8230;&#8230;&#8230;&#8230;&#8230;.<\/p>\n<p>\u00a7 3\u00ba A ades\u00e3o ao PERT ocorrer\u00e1 por meio de requerimento a ser efetuado at\u00e9 29 de setembro de 2017 e abranger\u00e1 os d\u00e9bitos indicados pelo sujeito passivo, na condi\u00e7\u00e3o de contribuinte ou respons\u00e1vel, sendo que, para os requerimentos realizados no m\u00eas de setembro de 2017 por meio da op\u00e7\u00e3o por uma das modalidades de que tratam:<\/p>\n<p>I &#8211; os incisos I e III do caput do art. 2\u00ba e o inciso II do caput do art. 3\u00ba, o pagamento \u00e0 vista e em esp\u00e9cie de percentual do valor da d\u00edvida consolidada referente \u00e0 parcela do m\u00eas de agosto de 2017 de que tratam os incisos I e III do caput do art. 2\u00ba, o inciso I do \u00a7 1\u00ba do art. 2\u00ba, o inciso II do caput do art. 3\u00ba e o inciso I do \u00a7 1\u00ba do art. 3\u00ba, ser\u00e1 efetuada cumulativamente \u00e0 parcela do pagamento \u00e0 vista referente ao m\u00eas de setembro de 2017; e<\/p>\n<p>II &#8211; o inciso II do caput do art. 2\u00ba e o inciso I do caput do art. 3\u00ba, os pagamentos da primeira e da segunda presta\u00e7\u00e3o, nos percentuais m\u00ednimos para cada presta\u00e7\u00e3o de quatro d\u00e9cimos por cento da d\u00edvida consolidada, ser\u00e3o realizados cumulativamente no m\u00eas de setembro de 2017.<\/p>\n<p>&#8230;&#8230;&#8230;&#8230;&#8230;&#8230;&#8230;&#8230;&#8230;&#8230;&#8230;&#8230;..&#8221; (NR)<\/p>\n<p><strong>Art. 2\u00ba<\/strong>\u00a0Esta Medida Provis\u00f3ria entra em vigor na data de sua publica\u00e7\u00e3o.<\/p>\n<p><\/span><\/p>\n<div align=\"center\"><span style=\"font-family: helvetica; font-size: small;\">RODRIGO MAIA<\/span><\/p>\n<p><span style=\"font-family: helvetica; font-size: small;\">Henrique Meirelles<\/span><\/div>\n","protected":false},"excerpt":{"rendered":"<p>MEDIDA PROVIS\u00d3RIA 798, DE 30-8-2017 (DO-U DE 31-8-2017) Exposi\u00e7\u00e3o de Motivos D\u00c9BITO FISCAL \u2013 Parcelamento \u00a0 Prazo de ades\u00e3o ao Pert \u00e9 prorrogado para 29-9-2017 Esta Medida Provis\u00f3ria, que altera a Medida Provis\u00f3ria 783, de 31-5-2017, prorroga o prazo de ades\u00e3o ao Pert (Programa Especial de Regulariza\u00e7\u00e3o Tribut\u00e1ria) para at\u00e9 o dia 29-9-2017. A previs\u00e3o [&hellip;]<\/p>\n","protected":false},"author":3,"featured_media":1495,"comment_status":"open","ping_status":"open","sticky":false,"template":"","format":"standard","meta":{"jetpack_post_was_ever_published":false,"_jetpack_newsletter_access":"","_jetpack_dont_email_post_to_subs":false,"_jetpack_newsletter_tier_id":0,"_jetpack_memberships_contains_paywalled_content":false,"_jetpack_memberships_contains_paid_content":false,"footnotes":"","jetpack_publicize_message":"","jetpack_publicize_feature_enabled":true,"jetpack_social_post_already_shared":true,"jetpack_social_options":{"image_generator_settings":{"template":"highway","default_image_id":0,"font":"","enabled":false},"version":2}},"categories":[46],"tags":[71,113,520,74],"class_list":["post-1289","post","type-post","status-publish","format-standard","has-post-thumbnail","hentry","category-df","tag-federal","tag-parcelamento","tag-pert","tag-receita"],"jetpack_publicize_connections":[],"jetpack_featured_media_url":"https:\/\/i0.wp.com\/cfcontabil.com\/cf\/wp-content\/uploads\/2017\/02\/receita-federal-1-1.png?fit=702%2C325&ssl=1","jetpack_sharing_enabled":true,"jetpack_shortlink":"https:\/\/wp.me\/p2wklX-kN","jetpack-related-posts":[{"id":1285,"url":"https:\/\/cfcontabil.com\/cf\/adesao-ao-refis-podera-ser-feita-ate-29-de-setembro\/","url_meta":{"origin":1289,"position":0},"title":"Ades\u00e3o ao Refis poder\u00e1 ser feita at\u00e9 29 de setembro","author":"Ab\u00edlio Gon\u00e7alves","date":"31 de agosto de 2017","format":false,"excerpt":"O presidente da Rep\u00fablica em exerc\u00edcio,\u00a0Rodrigo Maia, editou medida provis\u00f3ria (MP) prorrogando o prazo de ades\u00e3o ao novo refinanciamento de d\u00edvidas de empres\u00e1rios com a Receita Federal para o pr\u00f3ximo dia 29 de setembro. Os l\u00edderes da C\u00e2mara dos Deputados est\u00e3o em busca de acordo para votar a proposta at\u00e9\u2026","rel":"","context":"Em &quot;Departamento Fiscal&quot;","block_context":{"text":"Departamento Fiscal","link":"https:\/\/cfcontabil.com\/cf\/category\/df\/"},"img":{"alt_text":"","src":"","width":0,"height":0},"classes":[]},{"id":1282,"url":"https:\/\/cfcontabil.com\/cf\/receita-federal-encaminhara-debitos-para-inscricao-em-divida-ativa-da-uniao-em-setembro\/","url_meta":{"origin":1289,"position":1},"title":"Receita Federal encaminhar\u00e1 d\u00e9bitos para inscri\u00e7\u00e3o em D\u00edvida Ativa da Uni\u00e3o em setembro","author":"Ab\u00edlio Gon\u00e7alves","date":"29 de agosto de 2017","format":false,"excerpt":"A inscri\u00e7\u00e3o em d\u00edvida ativa implica a incid\u00eancias de encargos legais no \u00e2mbito da execu\u00e7\u00e3o fiscal A Receita Federal informa que no in\u00edcio de setembro de 2017 encaminhar\u00e1 para inscri\u00e7\u00e3o em D\u00edvida Ativa da Uni\u00e3o os d\u00e9bitos para os quais j\u00e1 se encerraram as a\u00e7\u00f5es administrativas de cobran\u00e7a e que\u2026","rel":"","context":"Em &quot;Departamento Fiscal&quot;","block_context":{"text":"Departamento Fiscal","link":"https:\/\/cfcontabil.com\/cf\/category\/df\/"},"img":{"alt_text":"","src":"https:\/\/i0.wp.com\/cfcontabil.com\/cf\/wp-content\/uploads\/2017\/02\/receita-federal-1-1.png?fit=702%2C325&ssl=1&resize=350%2C200","width":350,"height":200,"srcset":"https:\/\/i0.wp.com\/cfcontabil.com\/cf\/wp-content\/uploads\/2017\/02\/receita-federal-1-1.png?fit=702%2C325&ssl=1&resize=350%2C200 1x, https:\/\/i0.wp.com\/cfcontabil.com\/cf\/wp-content\/uploads\/2017\/02\/receita-federal-1-1.png?fit=702%2C325&ssl=1&resize=525%2C300 1.5x, https:\/\/i0.wp.com\/cfcontabil.com\/cf\/wp-content\/uploads\/2017\/02\/receita-federal-1-1.png?fit=702%2C325&ssl=1&resize=700%2C400 2x"},"classes":[]},{"id":1363,"url":"https:\/\/cfcontabil.com\/cf\/termina-dia-31-de-agosto-a-prestacao-das-informacoes-para-consolidacao-do-pert\/","url_meta":{"origin":1289,"position":2},"title":"Termina dia 31 de agosto a presta\u00e7\u00e3o das informa\u00e7\u00f5es para consolida\u00e7\u00e3o do Pert","author":"Ab\u00edlio Gon\u00e7alves","date":"24 de agosto de 2018","format":false,"excerpt":"Roteiro contendo passo a passo para os contribuintes efetivarem a presta\u00e7\u00e3o das informa\u00e7\u00f5es e sanarem as eventuais d\u00favidas relacionadas ao Programa Especial de Regulariza\u00e7\u00e3o Tribut\u00e1ria \u2013 D\u00e9bitos Previdenci\u00e1rios (Pert) pode ser encontrado no site da Receita Federal Dia 31\/8\/2018 termina o prazo para presta\u00e7\u00e3o das informa\u00e7\u00f5es necess\u00e1rias \u00e0 consolida\u00e7\u00e3o do\u2026","rel":"","context":"Em &quot;Departamento Fiscal&quot;","block_context":{"text":"Departamento Fiscal","link":"https:\/\/cfcontabil.com\/cf\/category\/df\/"},"img":{"alt_text":"","src":"https:\/\/i0.wp.com\/cfcontabil.com\/cf\/wp-content\/uploads\/2017\/02\/receita-federal-1-1.png?fit=702%2C325&ssl=1&resize=350%2C200","width":350,"height":200,"srcset":"https:\/\/i0.wp.com\/cfcontabil.com\/cf\/wp-content\/uploads\/2017\/02\/receita-federal-1-1.png?fit=702%2C325&ssl=1&resize=350%2C200 1x, https:\/\/i0.wp.com\/cfcontabil.com\/cf\/wp-content\/uploads\/2017\/02\/receita-federal-1-1.png?fit=702%2C325&ssl=1&resize=525%2C300 1.5x, https:\/\/i0.wp.com\/cfcontabil.com\/cf\/wp-content\/uploads\/2017\/02\/receita-federal-1-1.png?fit=702%2C325&ssl=1&resize=700%2C400 2x"},"classes":[]},{"id":1377,"url":"https:\/\/cfcontabil.com\/cf\/termina-sexta-feira-o-prazo-para-prestacao-de-informacoes-relacionadas-ao-pert\/","url_meta":{"origin":1289,"position":3},"title":"Termina sexta-feira o prazo para presta\u00e7\u00e3o de informa\u00e7\u00f5es relacionadas ao Pert","author":"Ab\u00edlio Gon\u00e7alves","date":"30 de agosto de 2018","format":false,"excerpt":"O n\u00e3o cumprimento dessa exig\u00eancia implica exclus\u00e3o do Pert Dia 31\/8\/2018 termina o prazo para a presta\u00e7\u00e3o das informa\u00e7\u00f5es necess\u00e1rias \u00e0 consolida\u00e7\u00e3o do Pert. Devem prestar as informa\u00e7\u00f5es os contribuintes que fizeram ades\u00e3o ao Pert na modalidade d\u00e9bitos previdenci\u00e1rios para parcelamento ou para pagamento a vista com utiliza\u00e7\u00e3o de cr\u00e9ditos\u2026","rel":"","context":"Em &quot;Geral&quot;","block_context":{"text":"Geral","link":"https:\/\/cfcontabil.com\/cf\/category\/geral\/"},"img":{"alt_text":"","src":"https:\/\/i0.wp.com\/cfcontabil.com\/cf\/wp-content\/uploads\/2018\/08\/pert-1.png?fit=735%2C250&ssl=1&resize=350%2C200","width":350,"height":200,"srcset":"https:\/\/i0.wp.com\/cfcontabil.com\/cf\/wp-content\/uploads\/2018\/08\/pert-1.png?fit=735%2C250&ssl=1&resize=350%2C200 1x, https:\/\/i0.wp.com\/cfcontabil.com\/cf\/wp-content\/uploads\/2018\/08\/pert-1.png?fit=735%2C250&ssl=1&resize=525%2C300 1.5x, https:\/\/i0.wp.com\/cfcontabil.com\/cf\/wp-content\/uploads\/2018\/08\/pert-1.png?fit=735%2C250&ssl=1&resize=700%2C400 2x"},"classes":[]},{"id":1195,"url":"https:\/\/cfcontabil.com\/cf\/receita-federal-regulamenta-o-programa-especial-de-regularizacao-tributaria-pert\/","url_meta":{"origin":1289,"position":4},"title":"Receita Federal regulamenta o Programa Especial de Regulariza\u00e7\u00e3o Tribut\u00e1ria (PERT)","author":"Ab\u00edlio Gon\u00e7alves","date":"22 de junho de 2017","format":false,"excerpt":"O PERT permite que quaisquer d\u00edvidas para com a Fazenda Nacional, vencidas at\u00e9 30 de abril de 2017, de pessoas f\u00edsicas ou jur\u00eddicas, sejam negociadas em condi\u00e7\u00f5es especiais Foi publicada hoje no Di\u00e1rio Oficial da Uni\u00e3o a Instru\u00e7\u00e3o Normativa RFB n\u00b0 1711\/2017 que trata da renegocia\u00e7\u00e3o de d\u00edvidas lan\u00e7ada pela\u2026","rel":"","context":"Em &quot;Departamento Fiscal&quot;","block_context":{"text":"Departamento Fiscal","link":"https:\/\/cfcontabil.com\/cf\/category\/df\/"},"img":{"alt_text":"","src":"https:\/\/i0.wp.com\/cfcontabil.com\/cf\/wp-content\/uploads\/2016\/03\/dinheiro-1.jpg?fit=661%2C351&ssl=1&resize=350%2C200","width":350,"height":200,"srcset":"https:\/\/i0.wp.com\/cfcontabil.com\/cf\/wp-content\/uploads\/2016\/03\/dinheiro-1.jpg?fit=661%2C351&ssl=1&resize=350%2C200 1x, https:\/\/i0.wp.com\/cfcontabil.com\/cf\/wp-content\/uploads\/2016\/03\/dinheiro-1.jpg?fit=661%2C351&ssl=1&resize=525%2C300 1.5x"},"classes":[]},{"id":1240,"url":"https:\/\/cfcontabil.com\/cf\/novas-regras-para-aderir-ao-pert\/","url_meta":{"origin":1289,"position":5},"title":"Novas regras para aderir ao PERT","author":"Ab\u00edlio Gon\u00e7alves","date":"28 de junho de 2017","format":false,"excerpt":"A\u00a0Receita Federal do Brasil e a Procuradoria Geral da Fazenda Nacional\u00a0publicaram na \u00faltima semana as regras para ades\u00e3o ao seu\u00a0Programa de Parcelamento de D\u00edvidas Tribut\u00e1rias, conhecido como\u00a0PERT. O intuito destes \u00f3rg\u00e3os \u00e9\u00a0aumentar a arrecada\u00e7\u00e3o\u00a0ao\u00a0facilitar o pagamento\u00a0de d\u00e9bitos dos contribuintes. Sendo assim, o papel do Contador nesta hist\u00f3ria \u00e9 ajudar o\u2026","rel":"","context":"Em &quot;Departamento Fiscal&quot;","block_context":{"text":"Departamento Fiscal","link":"https:\/\/cfcontabil.com\/cf\/category\/df\/"},"img":{"alt_text":"","src":"","width":0,"height":0},"classes":[]}],"jetpack_likes_enabled":true,"_links":{"self":[{"href":"https:\/\/cfcontabil.com\/cf\/wp-json\/wp\/v2\/posts\/1289","targetHints":{"allow":["GET"]}}],"collection":[{"href":"https:\/\/cfcontabil.com\/cf\/wp-json\/wp\/v2\/posts"}],"about":[{"href":"https:\/\/cfcontabil.com\/cf\/wp-json\/wp\/v2\/types\/post"}],"author":[{"embeddable":true,"href":"https:\/\/cfcontabil.com\/cf\/wp-json\/wp\/v2\/users\/3"}],"replies":[{"embeddable":true,"href":"https:\/\/cfcontabil.com\/cf\/wp-json\/wp\/v2\/comments?post=1289"}],"version-history":[{"count":0,"href":"https:\/\/cfcontabil.com\/cf\/wp-json\/wp\/v2\/posts\/1289\/revisions"}],"wp:featuredmedia":[{"embeddable":true,"href":"https:\/\/cfcontabil.com\/cf\/wp-json\/wp\/v2\/media\/1495"}],"wp:attachment":[{"href":"https:\/\/cfcontabil.com\/cf\/wp-json\/wp\/v2\/media?parent=1289"}],"wp:term":[{"taxonomy":"category","embeddable":true,"href":"https:\/\/cfcontabil.com\/cf\/wp-json\/wp\/v2\/categories?post=1289"},{"taxonomy":"post_tag","embeddable":true,"href":"https:\/\/cfcontabil.com\/cf\/wp-json\/wp\/v2\/tags?post=1289"}],"curies":[{"name":"wp","href":"https:\/\/api.w.org\/{rel}","templated":true}]}}