{"id":1587,"date":"2019-09-16T08:45:07","date_gmt":"2019-09-16T11:45:07","guid":{"rendered":"http:\/\/cfcontabil.com\/cf\/?p=1587"},"modified":"2019-09-13T13:00:05","modified_gmt":"2019-09-13T16:00:05","slug":"tecnologia-e-contabilidade","status":"publish","type":"post","link":"https:\/\/cfcontabil.com\/cf\/tecnologia-e-contabilidade\/","title":{"rendered":"Tecnologia e Contabilidade"},"content":{"rendered":"\n<p> Como surpreende o ritmo das inova\u00e7\u00f5es e a tend\u00eancia mundial com os r\u00e1pidos avan\u00e7os tecnol\u00f3gicos atualmente. \u00c9 um processo sem volta, que vislumbra um tempo novo surgindo. \u00c9 poss\u00edvel ressaltar que o impacto \u00e9 sentindo em todas as \u00e1reas de neg\u00f3cios e at\u00e9 da vida cotidiana. <\/p>\n\n\n\n<div class=\"wp-block-image\"><figure class=\"aligncenter\"><img fetchpriority=\"high\" decoding=\"async\" width=\"3416\" height=\"1920\" data-attachment-id=\"1591\" data-permalink=\"https:\/\/cfcontabil.com\/cf\/tecnologia-e-contabilidade\/sebrae-capital-digital\/\" data-orig-file=\"https:\/\/i0.wp.com\/cfcontabil.com\/cf\/wp-content\/uploads\/2019\/09\/Sebrae-Capital-Digital.jpg?fit=3416%2C1920&amp;ssl=1\" data-orig-size=\"3416,1920\" data-comments-opened=\"1\" data-image-meta=\"{&quot;aperture&quot;:&quot;0&quot;,&quot;credit&quot;:&quot;&quot;,&quot;camera&quot;:&quot;&quot;,&quot;caption&quot;:&quot;&quot;,&quot;created_timestamp&quot;:&quot;0&quot;,&quot;copyright&quot;:&quot;&quot;,&quot;focal_length&quot;:&quot;0&quot;,&quot;iso&quot;:&quot;0&quot;,&quot;shutter_speed&quot;:&quot;0&quot;,&quot;title&quot;:&quot;&quot;,&quot;orientation&quot;:&quot;0&quot;}\" data-image-title=\"Sebrae-Capital-Digital\" data-image-description=\"\" data-image-caption=\"\" data-large-file=\"https:\/\/i0.wp.com\/cfcontabil.com\/cf\/wp-content\/uploads\/2019\/09\/Sebrae-Capital-Digital.jpg?fit=1024%2C576&amp;ssl=1\" src=\"https:\/\/i2.wp.com\/cfcontabil.com\/cf\/wp-content\/uploads\/2019\/09\/Sebrae-Capital-Digital.jpg?fit=525%2C295\" alt=\"\" class=\"wp-image-1591\" srcset=\"https:\/\/i0.wp.com\/cfcontabil.com\/cf\/wp-content\/uploads\/2019\/09\/Sebrae-Capital-Digital.jpg?w=3416&amp;ssl=1 3416w, https:\/\/i0.wp.com\/cfcontabil.com\/cf\/wp-content\/uploads\/2019\/09\/Sebrae-Capital-Digital.jpg?resize=300%2C169&amp;ssl=1 300w, https:\/\/i0.wp.com\/cfcontabil.com\/cf\/wp-content\/uploads\/2019\/09\/Sebrae-Capital-Digital.jpg?resize=768%2C432&amp;ssl=1 768w, https:\/\/i0.wp.com\/cfcontabil.com\/cf\/wp-content\/uploads\/2019\/09\/Sebrae-Capital-Digital.jpg?resize=1024%2C576&amp;ssl=1 1024w, https:\/\/i0.wp.com\/cfcontabil.com\/cf\/wp-content\/uploads\/2019\/09\/Sebrae-Capital-Digital.jpg?resize=1170%2C658&amp;ssl=1 1170w, https:\/\/i0.wp.com\/cfcontabil.com\/cf\/wp-content\/uploads\/2019\/09\/Sebrae-Capital-Digital.jpg?resize=770%2C433&amp;ssl=1 770w, https:\/\/i0.wp.com\/cfcontabil.com\/cf\/wp-content\/uploads\/2019\/09\/Sebrae-Capital-Digital.jpg?resize=370%2C208&amp;ssl=1 370w, https:\/\/i0.wp.com\/cfcontabil.com\/cf\/wp-content\/uploads\/2019\/09\/Sebrae-Capital-Digital.jpg?resize=270%2C152&amp;ssl=1 270w, https:\/\/i0.wp.com\/cfcontabil.com\/cf\/wp-content\/uploads\/2019\/09\/Sebrae-Capital-Digital.jpg?w=2340 2340w\" sizes=\"(max-width: 1170px) 100vw, 1170px\" \/><\/figure><\/div>\n\n\n\n<p>A evolu\u00e7\u00e3o \u00e9 um fato que atualmente se sabe \u00e9 necess\u00e1rio, se aperfei\u00e7oar intelectualmente e uma atualiza\u00e7\u00e3o constante s\u00e3o primordiais para qualquer profiss\u00e3o, pois as mudan\u00e7as acontecem numa velocidade impressionante. <\/p>\n\n\n\n<p>Quando soube da ideia do Sebrae de realizar um evento in\u00e9dito em Bras\u00edlia para ensinar empres\u00e1rios a se adaptarem \u00e0s novas tend\u00eancias tecnol\u00f3gicas do mercado, o Sebrae Capital Digital, marcamos presen\u00e7a. E nos impressionou superando as expectativas.<\/p>\n\n\n\n<blockquote class=\"wp-block-quote is-layout-flow wp-block-quote-is-layout-flow\"><p>\u201cEstamos aqui para preparar um lojista, um comerciante, um prestador de servi\u00e7os. Ele precisa usar o canal digital como ferramenta de intera\u00e7\u00e3o com o cliente\u201d<\/p><cite> Valdir Oliveira, superintendente do Servi\u00e7o Brasileiro de Apoio \u00e0s Micro e Pequenas Empresas do Distrito Federal (Sebrae-DF) <\/cite><\/blockquote>\n\n\n\n<p>Um grande momento para capacita\u00e7\u00e3o em empreendedorismo, marketing digital, aplicativos e novas tecnologia, e dando  o suporte para podermos gerar conte\u00fados novos, ajudar os futuros empres\u00e1rios nos desafios de empreender e trazer mais inova\u00e7\u00f5es para as nossos clientes.<\/p>\n\n\n\n<p>Ent\u00e3o, ap\u00f3s o evento, surgiu uma reflex\u00e3o sobre qual \u00e9 o perfil dos profissionais exigida pelo mercado neste ambiente digital.  Acompanhe alguns pontos que destaquei.<\/p>\n\n\n\n<!--more-->\n\n\n\n<p>Primeiro, temos que ter a ideia do que seria um <strong>perfil ideal<\/strong>: seria aquele que busca uma melhor e maior qualifica\u00e7\u00e3o t\u00e9cnica alinhada a uma vis\u00e3o de neg\u00f3cios e habilidades consultivas e de alta comunica\u00e7\u00e3o s\u00e3o os principais. <\/p>\n\n\n\n<p>Ou seja, colocando em pr\u00e1tica \u00e9 deixar definitivamente de executar uma tarefa exclusivamente operacional, e abandonado o apelido de &#8220;despachante do governo&#8221; de vez  para tornar-se <strong>aliado das empresas <\/strong>a um ponto mais estrat\u00e9gico nas tomadas de decis\u00f5es e gest\u00e3o de neg\u00f3cios. <\/p>\n\n\n\n<p>E veja que o avan\u00e7o da tecnologia nos traz in\u00fameros benef\u00edcios, como seguran\u00e7a de dados, tempestividade nos processos e uma qualidade nas informa\u00e7\u00f5es recebidas e prestadas, especialmente com a difus\u00e3o dos celulares e dispositivos m\u00f3veis com internet r\u00e1pida e a tecnologia em nuvem.<\/p>\n\n\n\n<div class=\"wp-block-image\"><figure class=\"aligncenter\"><img data-recalc-dims=\"1\" decoding=\"async\" width=\"426\" height=\"294\" data-attachment-id=\"1590\" data-permalink=\"https:\/\/cfcontabil.com\/cf\/tecnologia-e-contabilidade\/883a99_6439040f9eb74dda972a7c4138aab4e1\/\" data-orig-file=\"https:\/\/i0.wp.com\/cfcontabil.com\/cf\/wp-content\/uploads\/2019\/09\/883a99_6439040f9eb74dda972a7c4138aab4e1.png?fit=426%2C294&amp;ssl=1\" data-orig-size=\"426,294\" data-comments-opened=\"1\" data-image-meta=\"{&quot;aperture&quot;:&quot;0&quot;,&quot;credit&quot;:&quot;&quot;,&quot;camera&quot;:&quot;&quot;,&quot;caption&quot;:&quot;&quot;,&quot;created_timestamp&quot;:&quot;0&quot;,&quot;copyright&quot;:&quot;&quot;,&quot;focal_length&quot;:&quot;0&quot;,&quot;iso&quot;:&quot;0&quot;,&quot;shutter_speed&quot;:&quot;0&quot;,&quot;title&quot;:&quot;&quot;,&quot;orientation&quot;:&quot;0&quot;}\" data-image-title=\"883a99_6439040f9eb74dda972a7c4138aab4e1\" data-image-description=\"\" data-image-caption=\"\" data-large-file=\"https:\/\/i0.wp.com\/cfcontabil.com\/cf\/wp-content\/uploads\/2019\/09\/883a99_6439040f9eb74dda972a7c4138aab4e1.png?fit=426%2C294&amp;ssl=1\" src=\"https:\/\/i0.wp.com\/cfcontabil.com\/cf\/wp-content\/uploads\/2019\/09\/883a99_6439040f9eb74dda972a7c4138aab4e1.png?resize=426%2C294\" alt=\"\" class=\"wp-image-1590\" srcset=\"https:\/\/i0.wp.com\/cfcontabil.com\/cf\/wp-content\/uploads\/2019\/09\/883a99_6439040f9eb74dda972a7c4138aab4e1.png?w=426&amp;ssl=1 426w, https:\/\/i0.wp.com\/cfcontabil.com\/cf\/wp-content\/uploads\/2019\/09\/883a99_6439040f9eb74dda972a7c4138aab4e1.png?resize=300%2C207&amp;ssl=1 300w, https:\/\/i0.wp.com\/cfcontabil.com\/cf\/wp-content\/uploads\/2019\/09\/883a99_6439040f9eb74dda972a7c4138aab4e1.png?resize=370%2C255&amp;ssl=1 370w\" sizes=\"(max-width: 426px) 100vw, 426px\" \/><\/figure><\/div>\n\n\n\n<p>Contudo tamb\u00e9m n\u00e3o podemos descartar alguns riscos que somos expostos quando ocorre mudan\u00e7as de sistemas e adapta\u00e7\u00f5es novas ao modelo da antiga Contabilidade. <\/p>\n\n\n\n<p>E ser\u00e1 que os profissionais ser\u00e3o substitu\u00eddos por rob\u00f4s inteligentes ou plataformas aut\u00f4nomas de gest\u00e3o? Seguindo esse pensamento e houver alguma falha sist\u00eamica, a quem seria atribu\u00edda a responsabilidade dos erros? Ou a quest\u00e3o da vulnerabilidade como no caso de um ataque hacker, ou mesmo em situa\u00e7\u00f5es que podem ferir o c\u00f3digo de \u00e9tica? Afinal, um computador ou um sistema n\u00e3o percebe valores e princ\u00edpios, e \u00e9 neste ponto que entra o<strong> importante e insubstitu\u00edvel<\/strong> papel do contador.<\/p>\n\n\n\n<p>Alguns sistemas nasceram com a apar\u00eancia de que n\u00e3o \u00e9 necess\u00e1rio um contador , um exemplo seria a contabilidade dita &#8220;on-line&#8221;, onde o empres\u00e1rio \u00e9 respons\u00e1vel por alimentar e executar os procedimentos cont\u00e1beis dentro de um sistema integrado ao financeiro que compilaria todos os dados e onde todo o processamento seria de certar forma &#8220;automatizado&#8221;. Este \u00e9 um exemplo de processo que pode permitir distor\u00e7\u00f5es, pois as informa\u00e7\u00f5es produzidas podem n\u00e3o s\u00e3o ser submetidas a supervis\u00e3o direta de um profissional da contabilidade, confiando t\u00e3o  somente que o sistema realiza a verifica\u00e7\u00e3o das informa\u00e7\u00f5es.<\/p>\n\n\n\n<blockquote class=\"wp-block-quote is-layout-flow wp-block-quote-is-layout-flow\"><p>&#8220;O contador, no papel de preparador das demonstra\u00e7\u00f5es cont\u00e1beis e, tamb\u00e9m, o auditor, no papel de revisor dessas mesmas demonstra\u00e7\u00f5es, t\u00eam o compromisso p\u00fablico de levar toda a verdade aos usu\u00e1rios das informa\u00e7\u00f5es produzidas. Esta \u00e9 a postura que a sociedade espera do profissional da contabilidade e \u00e9, tamb\u00e9m, a \u00fanica raz\u00e3o pela qual a profiss\u00e3o \u00e9 regulamentada em lei.&#8221;  <\/p><cite> <em>Zulmir Iv\u00e2nio Breda &#8211; Presidente do CFC <\/em> <\/cite><\/blockquote>\n\n\n\n<p>Finalizando, a nova era da tecnologia est\u00e1 a\u00ed para quem quer estudar, se aprimorar e inovar no mercado.   Entender a necessidade das organiza\u00e7\u00f5es, realizar um planejamento eficiente e preciso ao neg\u00f3cio das empresas e escutar as &#8220;dores&#8221; dos clientes e buscar as solu\u00e7\u00f5es assertivas n\u00e3o ser\u00e3o servi\u00e7os realizados por um rob\u00f4, e sim por um profissional antenado, aberto a mudan\u00e7as e repleto de orgulho por auxiliar na supera\u00e7\u00e3o das dificuldades dos empres\u00e1rios e no alcance do sucesso nos empreendimentos dos clientes!<\/p>\n\n\n\n<p>Em nossas redes sociais estamos trabalhando para disponibilizar um conte\u00fado pr\u00e1tico, para ser executado e aplicado de forma imediata, para auxiliar no seu neg\u00f3cio e na sua qualidade de vida. <\/p>\n\n\n\n<p>Colabore tamb\u00e9m com suas d\u00favidas e experi\u00eancias, e compartilhe!<\/p>\n\n\n\n<p><strong>Instagram:<\/strong>  <a href=\"https:\/\/www.instagram.com\/cfcontabil\">https:\/\/instagram.com\/cfcontabil<\/a> <\/p>\n\n\n\n<p><strong>Facebook: <\/strong> <a href=\"https:\/\/www.facebook.com\/cfcontabil\">https:\/\/www.facebook.com\/cfcontabil<\/a> <\/p>\n\n\n\n<figure class=\"wp-block-image\"><img decoding=\"async\" width=\"3968\" height=\"2232\" data-attachment-id=\"1592\" data-permalink=\"https:\/\/cfcontabil.com\/cf\/tecnologia-e-contabilidade\/sebrae-capital-digital-antonio\/\" data-orig-file=\"https:\/\/i0.wp.com\/cfcontabil.com\/cf\/wp-content\/uploads\/2019\/09\/Sebrae-Capital-Digital-Antonio.jpg?fit=3968%2C2232&amp;ssl=1\" data-orig-size=\"3968,2232\" data-comments-opened=\"1\" data-image-meta=\"{&quot;aperture&quot;:&quot;1.9&quot;,&quot;credit&quot;:&quot;&quot;,&quot;camera&quot;:&quot;SM-G975F&quot;,&quot;caption&quot;:&quot;&quot;,&quot;created_timestamp&quot;:&quot;1566573275&quot;,&quot;copyright&quot;:&quot;&quot;,&quot;focal_length&quot;:&quot;3.3&quot;,&quot;iso&quot;:&quot;50&quot;,&quot;shutter_speed&quot;:&quot;0.0027397260274&quot;,&quot;title&quot;:&quot;&quot;,&quot;orientation&quot;:&quot;1&quot;}\" data-image-title=\"Sebrae-Capital-Digital-Antonio\" data-image-description=\"\" data-image-caption=\"\" data-large-file=\"https:\/\/i0.wp.com\/cfcontabil.com\/cf\/wp-content\/uploads\/2019\/09\/Sebrae-Capital-Digital-Antonio.jpg?fit=1024%2C576&amp;ssl=1\" src=\"https:\/\/i1.wp.com\/cfcontabil.com\/cf\/wp-content\/uploads\/2019\/09\/Sebrae-Capital-Digital-Antonio.jpg?fit=525%2C295\" alt=\"\" class=\"wp-image-1592\" srcset=\"https:\/\/i0.wp.com\/cfcontabil.com\/cf\/wp-content\/uploads\/2019\/09\/Sebrae-Capital-Digital-Antonio.jpg?w=3968&amp;ssl=1 3968w, https:\/\/i0.wp.com\/cfcontabil.com\/cf\/wp-content\/uploads\/2019\/09\/Sebrae-Capital-Digital-Antonio.jpg?resize=300%2C169&amp;ssl=1 300w, https:\/\/i0.wp.com\/cfcontabil.com\/cf\/wp-content\/uploads\/2019\/09\/Sebrae-Capital-Digital-Antonio.jpg?resize=768%2C432&amp;ssl=1 768w, https:\/\/i0.wp.com\/cfcontabil.com\/cf\/wp-content\/uploads\/2019\/09\/Sebrae-Capital-Digital-Antonio.jpg?resize=1024%2C576&amp;ssl=1 1024w, https:\/\/i0.wp.com\/cfcontabil.com\/cf\/wp-content\/uploads\/2019\/09\/Sebrae-Capital-Digital-Antonio.jpg?resize=1170%2C658&amp;ssl=1 1170w, https:\/\/i0.wp.com\/cfcontabil.com\/cf\/wp-content\/uploads\/2019\/09\/Sebrae-Capital-Digital-Antonio.jpg?resize=770%2C433&amp;ssl=1 770w, https:\/\/i0.wp.com\/cfcontabil.com\/cf\/wp-content\/uploads\/2019\/09\/Sebrae-Capital-Digital-Antonio.jpg?resize=370%2C208&amp;ssl=1 370w, https:\/\/i0.wp.com\/cfcontabil.com\/cf\/wp-content\/uploads\/2019\/09\/Sebrae-Capital-Digital-Antonio.jpg?resize=270%2C152&amp;ssl=1 270w, https:\/\/i0.wp.com\/cfcontabil.com\/cf\/wp-content\/uploads\/2019\/09\/Sebrae-Capital-Digital-Antonio.jpg?w=2340 2340w, https:\/\/i0.wp.com\/cfcontabil.com\/cf\/wp-content\/uploads\/2019\/09\/Sebrae-Capital-Digital-Antonio.jpg?w=3510 3510w\" sizes=\"(max-width: 1170px) 100vw, 1170px\" \/><figcaption> Valdir Oliveira , Sebrae-DF<\/figcaption><\/figure>\n\n\n\n<figure class=\"wp-block-image\"><img loading=\"lazy\" decoding=\"async\" width=\"4032\" height=\"2268\" data-attachment-id=\"1593\" data-permalink=\"https:\/\/cfcontabil.com\/cf\/tecnologia-e-contabilidade\/sebrae-capital-digital-alfredo\/\" data-orig-file=\"https:\/\/i0.wp.com\/cfcontabil.com\/cf\/wp-content\/uploads\/2019\/09\/Sebrae-Capital-Digital-Alfredo.jpg?fit=4032%2C2268&amp;ssl=1\" data-orig-size=\"4032,2268\" data-comments-opened=\"1\" data-image-meta=\"{&quot;aperture&quot;:&quot;2.4&quot;,&quot;credit&quot;:&quot;&quot;,&quot;camera&quot;:&quot;SM-G975F&quot;,&quot;caption&quot;:&quot;&quot;,&quot;created_timestamp&quot;:&quot;1566661158&quot;,&quot;copyright&quot;:&quot;&quot;,&quot;focal_length&quot;:&quot;6&quot;,&quot;iso&quot;:&quot;50&quot;,&quot;shutter_speed&quot;:&quot;0.030303030303&quot;,&quot;title&quot;:&quot;&quot;,&quot;orientation&quot;:&quot;1&quot;}\" data-image-title=\"Sebrae-Capital-Digital-Alfredo\" data-image-description=\"\" data-image-caption=\"\" data-large-file=\"https:\/\/i0.wp.com\/cfcontabil.com\/cf\/wp-content\/uploads\/2019\/09\/Sebrae-Capital-Digital-Alfredo.jpg?fit=1024%2C576&amp;ssl=1\" src=\"https:\/\/i1.wp.com\/cfcontabil.com\/cf\/wp-content\/uploads\/2019\/09\/Sebrae-Capital-Digital-Alfredo.jpg?fit=525%2C295\" alt=\"\" class=\"wp-image-1593\" srcset=\"https:\/\/i0.wp.com\/cfcontabil.com\/cf\/wp-content\/uploads\/2019\/09\/Sebrae-Capital-Digital-Alfredo.jpg?w=4032&amp;ssl=1 4032w, https:\/\/i0.wp.com\/cfcontabil.com\/cf\/wp-content\/uploads\/2019\/09\/Sebrae-Capital-Digital-Alfredo.jpg?resize=300%2C169&amp;ssl=1 300w, https:\/\/i0.wp.com\/cfcontabil.com\/cf\/wp-content\/uploads\/2019\/09\/Sebrae-Capital-Digital-Alfredo.jpg?resize=768%2C432&amp;ssl=1 768w, https:\/\/i0.wp.com\/cfcontabil.com\/cf\/wp-content\/uploads\/2019\/09\/Sebrae-Capital-Digital-Alfredo.jpg?resize=1024%2C576&amp;ssl=1 1024w, https:\/\/i0.wp.com\/cfcontabil.com\/cf\/wp-content\/uploads\/2019\/09\/Sebrae-Capital-Digital-Alfredo.jpg?resize=1170%2C658&amp;ssl=1 1170w, https:\/\/i0.wp.com\/cfcontabil.com\/cf\/wp-content\/uploads\/2019\/09\/Sebrae-Capital-Digital-Alfredo.jpg?resize=770%2C433&amp;ssl=1 770w, https:\/\/i0.wp.com\/cfcontabil.com\/cf\/wp-content\/uploads\/2019\/09\/Sebrae-Capital-Digital-Alfredo.jpg?resize=370%2C208&amp;ssl=1 370w, https:\/\/i0.wp.com\/cfcontabil.com\/cf\/wp-content\/uploads\/2019\/09\/Sebrae-Capital-Digital-Alfredo.jpg?resize=270%2C152&amp;ssl=1 270w, https:\/\/i0.wp.com\/cfcontabil.com\/cf\/wp-content\/uploads\/2019\/09\/Sebrae-Capital-Digital-Alfredo.jpg?w=2340 2340w, https:\/\/i0.wp.com\/cfcontabil.com\/cf\/wp-content\/uploads\/2019\/09\/Sebrae-Capital-Digital-Alfredo.jpg?w=3510 3510w\" sizes=\"(max-width: 1170px) 100vw, 1170px\" \/><\/figure>\n","protected":false},"excerpt":{"rendered":"<p>Como surpreende o ritmo das inova\u00e7\u00f5es e a tend\u00eancia mundial com os r\u00e1pidos avan\u00e7os tecnol\u00f3gicos atualmente. \u00c9 um processo sem volta, que vislumbra um tempo novo surgindo. \u00c9 poss\u00edvel ressaltar que o impacto \u00e9 sentindo em todas as \u00e1reas de neg\u00f3cios e at\u00e9 da vida cotidiana. A evolu\u00e7\u00e3o \u00e9 um fato que atualmente se sabe [&hellip;]<\/p>\n","protected":false},"author":1,"featured_media":1588,"comment_status":"open","ping_status":"open","sticky":false,"template":"","format":"standard","meta":{"jetpack_post_was_ever_published":false,"_jetpack_newsletter_access":"","_jetpack_dont_email_post_to_subs":false,"_jetpack_newsletter_tier_id":0,"_jetpack_memberships_contains_paywalled_content":false,"_jetpack_memberships_contains_paid_content":false,"footnotes":"","jetpack_publicize_message":"","jetpack_publicize_feature_enabled":true,"jetpack_social_post_already_shared":true,"jetpack_social_options":{"image_generator_settings":{"template":"highway","default_image_id":0,"font":"","enabled":false},"version":2}},"categories":[60],"tags":[21,134,444],"class_list":["post-1587","post","type-post","status-publish","format-standard","has-post-thumbnail","hentry","category-consultoria","tag-contabilidade","tag-contador","tag-digital"],"jetpack_publicize_connections":[],"jetpack_featured_media_url":"https:\/\/i0.wp.com\/cfcontabil.com\/cf\/wp-content\/uploads\/2019\/09\/tecnologia-na-contabilidade-vantagens-1024x633.jpg?fit=1024%2C633&ssl=1","jetpack_sharing_enabled":true,"jetpack_shortlink":"https:\/\/wp.me\/p2wklX-pB","jetpack-related-posts":[{"id":2293,"url":"https:\/\/cfcontabil.com\/cf\/dia-do-trabalho-pandemia-da-covid-19-trouxe-mudancas-na-rotina-dos-profissionais-da-contabilidade\/","url_meta":{"origin":1587,"position":0},"title":"Dia do Trabalho: Pandemia da Covid-19 trouxe mudan\u00e7as na rotina dos profissionais da contabilidade","author":"Ab\u00edlio Gon\u00e7alves","date":"5 de maio de 2020","format":false,"excerpt":"A limita\u00e7\u00e3o do contato social e da circula\u00e7\u00e3o de pessoas, como forma de combate e controle \u00e0 pandemia da Covid-19, e a crise econ\u00f4mica gerada pela doen\u00e7a impactaram diretamente na vida do trabalhador. Como um elo importante da cadeia econ\u00f4mica dos pa\u00edses, os profissionais da contabilidade sentem os efeitos da\u2026","rel":"","context":"Em &quot;Geral&quot;","block_context":{"text":"Geral","link":"https:\/\/cfcontabil.com\/cf\/category\/geral\/"},"img":{"alt_text":"","src":"https:\/\/i0.wp.com\/cfcontabil.com\/cf\/wp-content\/uploads\/2020\/04\/coronavirus-continentes-mundo.jpeg?resize=350%2C200","width":350,"height":200,"srcset":"https:\/\/i0.wp.com\/cfcontabil.com\/cf\/wp-content\/uploads\/2020\/04\/coronavirus-continentes-mundo.jpeg?resize=350%2C200 1x, https:\/\/i0.wp.com\/cfcontabil.com\/cf\/wp-content\/uploads\/2020\/04\/coronavirus-continentes-mundo.jpeg?resize=525%2C300 1.5x"},"classes":[]},{"id":367,"url":"https:\/\/cfcontabil.com\/cf\/o-contador-na-era-tecnologica\/","url_meta":{"origin":1587,"position":1},"title":"O Contador na Era Tecnol\u00f3gica","author":"Vin\u00edcius Moizinho","date":"18 de setembro de 2013","format":false,"excerpt":"Bom dia, prezados! \u00c9 fato que a internacionaliza\u00e7\u00e3o das normas cont\u00e1beis deu ao contador outro perfil. A ultrapassada imagem que vinculada ao contador brasileiro, como sendo o guarda-livros de caneta atr\u00e1s da orelha, n\u00e3o passa hoje de folclore e caricatura. A abertura dos mercados globais tornou a Contabilidade a quarta\u2026","rel":"","context":"Em &quot;Consultoria Empresarial&quot;","block_context":{"text":"Consultoria Empresarial","link":"https:\/\/cfcontabil.com\/cf\/category\/consultoria\/"},"img":{"alt_text":"","src":"https:\/\/i0.wp.com\/www.serkat.com.br\/img\/topo\/servicos.jpg?resize=350%2C200","width":350,"height":200},"classes":[]},{"id":1202,"url":"https:\/\/cfcontabil.com\/cf\/2013-ano-da-contabilidade-no-brasil\/","url_meta":{"origin":1587,"position":2},"title":"2013: ano da Contabilidade no Brasil","author":"Vin\u00edcius Moizinho","date":"9 de janeiro de 2013","format":false,"excerpt":"\u00a0 O ano de 2013 ser\u00e1, sem d\u00favida, um dos mais importantes para a Contabilidade brasileira. Lideran\u00e7as e \u00f3rg\u00e3os ligados \u00e0 profiss\u00e3o est\u00e3o se unindo para que toda a sociedade saiba e reconhe\u00e7a o verdadeiro papel do profissional da contabilidade. \u00a0 \u00a0 \u00a0 Conhe\u00e7a, a seguir, um pouco do projeto.\u2026","rel":"","context":"Em &quot;Consultoria Empresarial&quot;","block_context":{"text":"Consultoria Empresarial","link":"https:\/\/cfcontabil.com\/cf\/category\/consultoria\/"},"img":{"alt_text":"Ano da Contabilidade no Brasil","src":"http:\/\/www.crcsc.org.br\/arquivosSGC\/BANNER_20121211103353Ano20da20Contabilidade.jpg&w=418&h=238&c=s","width":350,"height":200},"classes":[]},{"id":1,"url":"https:\/\/cfcontabil.com\/cf\/seja-bem-vindo\/","url_meta":{"origin":1587,"position":3},"title":"Seja Bem Vindo! Blog da CF Cont\u00e1bil","author":"Ab\u00edlio Gon\u00e7alves","date":"3 de fevereiro de 2012","format":false,"excerpt":"NOVO SITE! O mercado cont\u00e1bil vem passando por diversas mudan\u00e7as, sendo imprescind\u00edvel maior capacita\u00e7\u00e3o por parte dos profissionais que atuam nesse seguimento. A CF Cont\u00e1bil entendendo a necessidade de manter-se atualizada, busca constantemente se aperfei\u00e7oar, tornando-se parceira de seus clientes para gerar informa\u00e7\u00f5es mais detalhadas, precisas e que sejam mais\u2026","rel":"","context":"Em &quot;Geral&quot;","block_context":{"text":"Geral","link":"https:\/\/cfcontabil.com\/cf\/category\/geral\/"},"img":{"alt_text":"","src":"","width":0,"height":0},"classes":[]},{"id":3435,"url":"https:\/\/cfcontabil.com\/cf\/da-automacao-a-inteligencia-o-futuro-da-contabilidade-ja-comecou\/","url_meta":{"origin":1587,"position":4},"title":"Da Automa\u00e7\u00e3o \u00e0 Intelig\u00eancia: O Futuro da Contabilidade j\u00e1 Come\u00e7ou","author":"Ab\u00edlio Gon\u00e7alves","date":"10 de setembro de 2025","format":false,"excerpt":"Na \u00faltima edi\u00e7\u00e3o do Conta Azul Con 2025, participei da palestra conduzida por Rodrigo Bogoni e Dercio Bolais, representantes da Thomson Reuters e da Dom\u00ednio. O tema n\u00e3o poderia ser mais atual: como os servi\u00e7os digitais e embarcados est\u00e3o transformando a contabilidade em uma verdadeira consultoria estrat\u00e9gica para empresas de\u2026","rel":"","context":"Em &quot;Geral&quot;","block_context":{"text":"Geral","link":"https:\/\/cfcontabil.com\/cf\/category\/geral\/"},"img":{"alt_text":"","src":"https:\/\/i0.wp.com\/cfcontabil.com\/cf\/wp-content\/uploads\/2025\/09\/conta-azul-con25.png?fit=992%2C388&ssl=1&resize=350%2C200","width":350,"height":200,"srcset":"https:\/\/i0.wp.com\/cfcontabil.com\/cf\/wp-content\/uploads\/2025\/09\/conta-azul-con25.png?fit=992%2C388&ssl=1&resize=350%2C200 1x, https:\/\/i0.wp.com\/cfcontabil.com\/cf\/wp-content\/uploads\/2025\/09\/conta-azul-con25.png?fit=992%2C388&ssl=1&resize=525%2C300 1.5x, https:\/\/i0.wp.com\/cfcontabil.com\/cf\/wp-content\/uploads\/2025\/09\/conta-azul-con25.png?fit=992%2C388&ssl=1&resize=700%2C400 2x"},"classes":[]},{"id":1830,"url":"https:\/\/cfcontabil.com\/cf\/o-futuro-do-profissional-de-contabilidade-e-a-inteligencia-artificial\/","url_meta":{"origin":1587,"position":5},"title":"O futuro do Profissional de Contabilidade e a Intelig\u00eancia Artificial","author":"Ab\u00edlio Gon\u00e7alves","date":"30 de outubro de 2019","format":false,"excerpt":"Vivemos num tempo de grande avan\u00e7o tecnol\u00f3gico. Esse avan\u00e7o atingiu praticamente todas as \u00e1reas do conhecimento humano e em velocidade exponencial. Como ficam o contabilista e a Contabilidade nesse contexto? Vivemos num tempo de grande avan\u00e7o tecnol\u00f3gico. Esse avan\u00e7o atingiu praticamente todas as \u00e1reas do conhecimento humano e em velocidade\u2026","rel":"","context":"Em &quot;Contabilidade em geral&quot;","block_context":{"text":"Contabilidade em geral","link":"https:\/\/cfcontabil.com\/cf\/category\/contabilidade-2\/"},"img":{"alt_text":"","src":"https:\/\/i0.wp.com\/cfcontabil.com\/cf\/wp-content\/uploads\/2019\/10\/servi%C3%A7o_software.jpg?fit=701%2C438&ssl=1&resize=350%2C200","width":350,"height":200,"srcset":"https:\/\/i0.wp.com\/cfcontabil.com\/cf\/wp-content\/uploads\/2019\/10\/servi%C3%A7o_software.jpg?fit=701%2C438&ssl=1&resize=350%2C200 1x, https:\/\/i0.wp.com\/cfcontabil.com\/cf\/wp-content\/uploads\/2019\/10\/servi%C3%A7o_software.jpg?fit=701%2C438&ssl=1&resize=525%2C300 1.5x, https:\/\/i0.wp.com\/cfcontabil.com\/cf\/wp-content\/uploads\/2019\/10\/servi%C3%A7o_software.jpg?fit=701%2C438&ssl=1&resize=700%2C400 2x"},"classes":[]}],"jetpack_likes_enabled":true,"_links":{"self":[{"href":"https:\/\/cfcontabil.com\/cf\/wp-json\/wp\/v2\/posts\/1587","targetHints":{"allow":["GET"]}}],"collection":[{"href":"https:\/\/cfcontabil.com\/cf\/wp-json\/wp\/v2\/posts"}],"about":[{"href":"https:\/\/cfcontabil.com\/cf\/wp-json\/wp\/v2\/types\/post"}],"author":[{"embeddable":true,"href":"https:\/\/cfcontabil.com\/cf\/wp-json\/wp\/v2\/users\/1"}],"replies":[{"embeddable":true,"href":"https:\/\/cfcontabil.com\/cf\/wp-json\/wp\/v2\/comments?post=1587"}],"version-history":[{"count":1,"href":"https:\/\/cfcontabil.com\/cf\/wp-json\/wp\/v2\/posts\/1587\/revisions"}],"predecessor-version":[{"id":1594,"href":"https:\/\/cfcontabil.com\/cf\/wp-json\/wp\/v2\/posts\/1587\/revisions\/1594"}],"wp:featuredmedia":[{"embeddable":true,"href":"https:\/\/cfcontabil.com\/cf\/wp-json\/wp\/v2\/media\/1588"}],"wp:attachment":[{"href":"https:\/\/cfcontabil.com\/cf\/wp-json\/wp\/v2\/media?parent=1587"}],"wp:term":[{"taxonomy":"category","embeddable":true,"href":"https:\/\/cfcontabil.com\/cf\/wp-json\/wp\/v2\/categories?post=1587"},{"taxonomy":"post_tag","embeddable":true,"href":"https:\/\/cfcontabil.com\/cf\/wp-json\/wp\/v2\/tags?post=1587"}],"curies":[{"name":"wp","href":"https:\/\/api.w.org\/{rel}","templated":true}]}}