{"id":1772,"date":"2019-10-16T07:50:40","date_gmt":"2019-10-16T10:50:40","guid":{"rendered":"http:\/\/cfcontabil.com\/cf\/?p=1772"},"modified":"2019-10-16T07:50:40","modified_gmt":"2019-10-16T10:50:40","slug":"ibaneis-aprova-lei-fixando-prazo-de-7-dias-para-o-governo-liberar-alvara-de-construcao-no-df","status":"publish","type":"post","link":"https:\/\/cfcontabil.com\/cf\/ibaneis-aprova-lei-fixando-prazo-de-7-dias-para-o-governo-liberar-alvara-de-construcao-no-df\/","title":{"rendered":"Ibaneis aprova lei fixando prazo de 7 dias para o governo liberar alvar\u00e1 de constru\u00e7\u00e3o no DF"},"content":{"rendered":"<p><strong>Tamb\u00e9m foram criados pontos de apoio para caminhoneiros nas vias de acesso \u00e0s cidades do DF<\/strong><\/p>\n<p><a href=\"https:\/\/i0.wp.com\/cfcontabil.com\/cf\/wp-content\/uploads\/2019\/10\/ibaneisgovernador.jpg\"><img data-recalc-dims=\"1\" fetchpriority=\"high\" decoding=\"async\" data-attachment-id=\"1773\" data-permalink=\"https:\/\/cfcontabil.com\/cf\/ibaneis-aprova-lei-fixando-prazo-de-7-dias-para-o-governo-liberar-alvara-de-construcao-no-df\/ibaneisgovernador\/\" data-orig-file=\"https:\/\/i0.wp.com\/cfcontabil.com\/cf\/wp-content\/uploads\/2019\/10\/ibaneisgovernador.jpg?fit=739%2C415&amp;ssl=1\" data-orig-size=\"739,415\" data-comments-opened=\"1\" data-image-meta=\"{&quot;aperture&quot;:&quot;0&quot;,&quot;credit&quot;:&quot;&quot;,&quot;camera&quot;:&quot;&quot;,&quot;caption&quot;:&quot;&quot;,&quot;created_timestamp&quot;:&quot;0&quot;,&quot;copyright&quot;:&quot;&quot;,&quot;focal_length&quot;:&quot;0&quot;,&quot;iso&quot;:&quot;0&quot;,&quot;shutter_speed&quot;:&quot;0&quot;,&quot;title&quot;:&quot;&quot;,&quot;orientation&quot;:&quot;0&quot;}\" data-image-title=\"ibaneisgovernador\" data-image-description=\"\" data-image-caption=\"\" data-large-file=\"https:\/\/i0.wp.com\/cfcontabil.com\/cf\/wp-content\/uploads\/2019\/10\/ibaneisgovernador.jpg?fit=739%2C415&amp;ssl=1\" class=\"aligncenter size-full wp-image-1773\" src=\"https:\/\/i0.wp.com\/cfcontabil.com\/cf\/wp-content\/uploads\/2019\/10\/ibaneisgovernador.jpg?resize=739%2C415\" alt=\"\" width=\"739\" height=\"415\" srcset=\"https:\/\/i0.wp.com\/cfcontabil.com\/cf\/wp-content\/uploads\/2019\/10\/ibaneisgovernador.jpg?w=739&amp;ssl=1 739w, https:\/\/i0.wp.com\/cfcontabil.com\/cf\/wp-content\/uploads\/2019\/10\/ibaneisgovernador.jpg?resize=300%2C168&amp;ssl=1 300w, https:\/\/i0.wp.com\/cfcontabil.com\/cf\/wp-content\/uploads\/2019\/10\/ibaneisgovernador.jpg?resize=370%2C208&amp;ssl=1 370w, https:\/\/i0.wp.com\/cfcontabil.com\/cf\/wp-content\/uploads\/2019\/10\/ibaneisgovernador.jpg?resize=270%2C152&amp;ssl=1 270w\" sizes=\"(max-width: 739px) 100vw, 739px\" \/><\/a><\/p>\n<p>O governador do Distrito Federal, Ibaneis Rocha (MDB), obteve vit\u00f3rias expressivas na vota\u00e7\u00e3o de projetos de origem do Poder Executivo nesta ter\u00e7a-feira (15), na C\u00e2mara Legislativa.<\/p>\n<p>Foram seus projetos aprovados no total, incluindo o C\u00f3digo de Obras e Edifica\u00e7\u00f5es do Distrito Federal, que trata do licenciamento de projetos arquitet\u00f4nicos de resid\u00eancias exclusivamente unifamiliares.<\/p>\n<p>De acordo com o projeto, haver\u00e1 a descentraliza\u00e7\u00e3o no exame dos projetos e o governo do DF ter\u00e1 de conceder alvar\u00e1 de constru\u00e7\u00e3o no prazo m\u00e1ximo de sete dias. Esse projeto incentivar\u00e1 a regulariza\u00e7\u00e3o das edifica\u00e7\u00f5es erguidas sem licenciamento e que ainda n\u00e3o possuem o certificado conclus\u00e3o de obras.<\/p>\n<p>Foram aprovados projetos que abrem cr\u00e9dito \u00e0 Lei Or\u00e7ament\u00e1ria Anual, incluindo as dota\u00e7\u00f5es necess\u00e1rias para implanta\u00e7\u00e3o e moderniza\u00e7\u00e3o da Junta Comercial, finalmente colocada sob a responsabilidade do DF, e a cria\u00e7\u00e3o de pontos de apoio para caminhoneiros nas vias de acesso as Regi\u00f5es Administrativas.<\/p>\n<p>O ex-deputado distrital Bispo Renato, agora respons\u00e1vel pelas rela\u00e7\u00f5es institucionais do GDF com a C\u00e2mara Legislativa, explicou que a aprova\u00e7\u00e3o contou com o aval do presidente da Casa, deputado Rafael Prudente, seu presidente, apesar de estar viajando \u00e0 Finl\u00e2ndia, e de outro aliado, o vice-presidente Rodrigo Delmasso, que est\u00e1 em Macau, na China.<\/p>\n<p><strong>Veja a lista de projetos aprovados pela C\u00e2mara Legislativa, nesta ter\u00e7a-feira:<\/strong><\/p>\n<p>PL 573\/19 \u2013 Abre cr\u00e9dito especial \u00e0 Lei Or\u00e7ament\u00e1ria Anual do Distrito Federal, no valor de R$ 6.507.432,00.<\/p>\n<p>PL 574\/19 \u2013 Abre cr\u00e9dito especial \u00e0 Lei Or\u00e7ament\u00e1ria Anual do Distrito Federal, no valor de R$ 17.527.597.00.<\/p>\n<p>PL 707\/19 \u2013 Disp\u00f5e sobre os pontos de apoio para caminhoneiros nas vias de acesso as Regi\u00f5es Administrativas do Distrito Federal.<\/p>\n<p>PLC 18\/19 \u2013 Altera a Lei Complementar n\u00ba 840, de 23 de dezembro de 2011, que disp\u00f5e sobre o regime jur\u00eddico dos servidores p\u00fablicos civis do Distrito Federal, das autarquias e das funda\u00e7\u00f5es p\u00fablica.<\/p>\n<p>PL 580\/19 \u2013 Altera a Lei n\u00ba 6.138, de 26 de abril de 2018, que institui o C\u00f3digo de Obras e Edifica\u00e7\u00f5es do Distrito Federal.<\/p>\n<p>PL 619\/19 \u2013 Abre cr\u00e9dito especial \u00e0 Lei Or\u00e7ament\u00e1ria Anual do Distrito Federal no valor de R$ 1.069.517,00.<\/p>\n","protected":false},"excerpt":{"rendered":"<p>Tamb\u00e9m foram criados pontos de apoio para caminhoneiros nas vias de acesso \u00e0s cidades do DF O governador do Distrito Federal, Ibaneis Rocha (MDB), obteve vit\u00f3rias expressivas na vota\u00e7\u00e3o de projetos de origem do Poder Executivo nesta ter\u00e7a-feira (15), na C\u00e2mara Legislativa. Foram seus projetos aprovados no total, incluindo o C\u00f3digo de Obras e Edifica\u00e7\u00f5es [&hellip;]<\/p>\n","protected":false},"author":1,"featured_media":1774,"comment_status":"open","ping_status":"open","sticky":false,"template":"","format":"standard","meta":{"jetpack_post_was_ever_published":false,"_jetpack_newsletter_access":"","_jetpack_dont_email_post_to_subs":false,"_jetpack_newsletter_tier_id":0,"_jetpack_memberships_contains_paywalled_content":false,"_jetpack_memberships_contains_paid_content":false,"footnotes":"","jetpack_publicize_message":"","jetpack_publicize_feature_enabled":true,"jetpack_social_post_already_shared":true,"jetpack_social_options":{"image_generator_settings":{"template":"highway","default_image_id":0,"font":"","enabled":false},"version":2}},"categories":[60],"tags":[671,672,296],"class_list":["post-1772","post","type-post","status-publish","format-standard","has-post-thumbnail","hentry","category-consultoria","tag-alvara","tag-licenciamento","tag-regularizacao"],"jetpack_publicize_connections":[],"jetpack_featured_media_url":"https:\/\/i0.wp.com\/cfcontabil.com\/cf\/wp-content\/uploads\/2019\/10\/alvara.jpg?fit=767%2C400&ssl=1","jetpack_sharing_enabled":true,"jetpack_shortlink":"https:\/\/wp.me\/p2wklX-sA","jetpack-related-posts":[{"id":2357,"url":"https:\/\/cfcontabil.com\/cf\/aprovacao-do-refis-salvara-diversas-empresas-afirma-fecomercio-df\/","url_meta":{"origin":1772,"position":0},"title":"\u201cAprova\u00e7\u00e3o do Refis salvar\u00e1 diversas empresas\u201d, afirma Fecom\u00e9rcio-DF","author":"Ab\u00edlio Gon\u00e7alves","date":"4 de novembro de 2020","format":false,"excerpt":"Projeto foi aprovado nesta ter\u00e7a-feira na CLDF e seguiu para san\u00e7\u00e3o do governador Ibaneis Rocha Muito aguardado pelo setor produtivo do Distrito Federal, o Programa de Incentivo \u00e0 Regulariza\u00e7\u00e3o Fiscal do Distrito Federal (Refis-DF) foi aprovado pela C\u00e2mara Legislativa na noite desta ter\u00e7a-feira (3\/11). Agora, o texto segue para an\u00e1lise\u2026","rel":"","context":"Em &quot;Departamento Fiscal&quot;","block_context":{"text":"Departamento Fiscal","link":"https:\/\/cfcontabil.com\/cf\/category\/df\/"},"img":{"alt_text":"","src":"https:\/\/i0.wp.com\/cfcontabil.com\/cf\/wp-content\/uploads\/2020\/11\/cldf-01-fb.jpg?fit=600%2C315&ssl=1&resize=350%2C200","width":350,"height":200,"srcset":"https:\/\/i0.wp.com\/cfcontabil.com\/cf\/wp-content\/uploads\/2020\/11\/cldf-01-fb.jpg?fit=600%2C315&ssl=1&resize=350%2C200 1x, https:\/\/i0.wp.com\/cfcontabil.com\/cf\/wp-content\/uploads\/2020\/11\/cldf-01-fb.jpg?fit=600%2C315&ssl=1&resize=525%2C300 1.5x"},"classes":[]},{"id":2361,"url":"https:\/\/cfcontabil.com\/cf\/ibaneis-sanciona-novo-refis-para-ajudar-no-resgate-da-economia-do-distrito-federal\/","url_meta":{"origin":1772,"position":1},"title":"Ibaneis sanciona novo Refis para ajudar no resgate da economia do Distrito Federal","author":"Ab\u00edlio Gon\u00e7alves","date":"9 de novembro de 2020","format":false,"excerpt":"Foi sancionada\u00a0 nesta segunda-feira (9), pelo governador Ibaneis Rocha, a lei do novo Programa de Incentivo \u00e0 Regulariza\u00e7\u00e3o Fiscal (Refis 2020). A medida, aprovada\u00a0 pela C\u00e2mara Legislativa, tem como objetivo, segundo o chefe do Executivo local, de resgatar a economia do DF. O governador disse que\u00a0 o novo refis era\u2026","rel":"","context":"Em &quot;Departamento Fiscal&quot;","block_context":{"text":"Departamento Fiscal","link":"https:\/\/cfcontabil.com\/cf\/category\/df\/"},"img":{"alt_text":"","src":"https:\/\/i0.wp.com\/cfcontabil.com\/cf\/wp-content\/uploads\/2020\/11\/ibaneis-refis.jpg?fit=971%2C533&ssl=1&resize=350%2C200","width":350,"height":200,"srcset":"https:\/\/i0.wp.com\/cfcontabil.com\/cf\/wp-content\/uploads\/2020\/11\/ibaneis-refis.jpg?fit=971%2C533&ssl=1&resize=350%2C200 1x, https:\/\/i0.wp.com\/cfcontabil.com\/cf\/wp-content\/uploads\/2020\/11\/ibaneis-refis.jpg?fit=971%2C533&ssl=1&resize=525%2C300 1.5x, https:\/\/i0.wp.com\/cfcontabil.com\/cf\/wp-content\/uploads\/2020\/11\/ibaneis-refis.jpg?fit=971%2C533&ssl=1&resize=700%2C400 2x"},"classes":[]},{"id":2010,"url":"https:\/\/cfcontabil.com\/cf\/cresceu-19-a-economia-do-df-no-terceiro-trimestre-de-2019\/","url_meta":{"origin":1772,"position":2},"title":"Cresceu 1,9% a economia do DF no terceiro trimestre de 2019","author":"Ab\u00edlio Gon\u00e7alves","date":"12 de dezembro de 2019","format":false,"excerpt":"Todos os setores locais evolu\u00edram, com destaque para a Constru\u00e7\u00e3o Civil que reverteu uma s\u00e9rie de resultados negativos desde 2013 e ascendeu 0,8% Segundo o \u00cdndice de Desempenho Econ\u00f4mico do Distrito Federal (Idecon-DF), a economia do Distrito Federal cresceu 1,8% no terceiro trimestre de 2019 na compara\u00e7\u00e3o com o mesmo\u2026","rel":"","context":"Em &quot;Consultoria Empresarial&quot;","block_context":{"text":"Consultoria Empresarial","link":"https:\/\/cfcontabil.com\/cf\/category\/consultoria\/"},"img":{"alt_text":"","src":"https:\/\/i0.wp.com\/cfcontabil.com\/cf\/wp-content\/uploads\/2019\/10\/empresarios.jpg?fit=640%2C433&ssl=1&resize=350%2C200","width":350,"height":200,"srcset":"https:\/\/i0.wp.com\/cfcontabil.com\/cf\/wp-content\/uploads\/2019\/10\/empresarios.jpg?fit=640%2C433&ssl=1&resize=350%2C200 1x, https:\/\/i0.wp.com\/cfcontabil.com\/cf\/wp-content\/uploads\/2019\/10\/empresarios.jpg?fit=640%2C433&ssl=1&resize=525%2C300 1.5x"},"classes":[]},{"id":1978,"url":"https:\/\/cfcontabil.com\/cf\/mutirao-da-simplificacao-atende-quase-15-mil-pessoas-em-taguatinga\/","url_meta":{"origin":1772,"position":3},"title":"Mutir\u00e3o da Simplifica\u00e7\u00e3o atende quase 1,5 mil pessoas em Taguatinga","author":"Ab\u00edlio Gon\u00e7alves","date":"4 de dezembro de 2019","format":false,"excerpt":"Iniciativa do governo e do Sebrae-DF promoveu orienta\u00e7\u00f5es sobre abertura de empresas e capacita\u00e7\u00f5es relacionadas \u00e0 atividade empreendedora O\u00a0Mutir\u00e3o da Simplifica\u00e7\u00e3o\u00a0atendeu, em quatro dias, quase 1,5 mil empres\u00e1rios e potenciais empreendedores na regi\u00e3o de\u00a0Taguatinga. Entre os dias 26 e 29, a iniciativa promoveu o acesso a orienta\u00e7\u00f5es sobre registro e\u2026","rel":"","context":"Em &quot;Consultoria Empresarial&quot;","block_context":{"text":"Consultoria Empresarial","link":"https:\/\/cfcontabil.com\/cf\/category\/consultoria\/"},"img":{"alt_text":"","src":"https:\/\/i0.wp.com\/cfcontabil.com\/cf\/wp-content\/uploads\/2019\/12\/sebrae-no-df.jpg?fit=678%2C452&ssl=1&resize=350%2C200","width":350,"height":200,"srcset":"https:\/\/i0.wp.com\/cfcontabil.com\/cf\/wp-content\/uploads\/2019\/12\/sebrae-no-df.jpg?fit=678%2C452&ssl=1&resize=350%2C200 1x, https:\/\/i0.wp.com\/cfcontabil.com\/cf\/wp-content\/uploads\/2019\/12\/sebrae-no-df.jpg?fit=678%2C452&ssl=1&resize=525%2C300 1.5x"},"classes":[]},{"id":2321,"url":"https:\/\/cfcontabil.com\/cf\/distrito-federal-ajuda-empresas-a-abrirem-mais-rapido\/","url_meta":{"origin":1772,"position":4},"title":"Distrito Federal ajuda empresas a abrirem mais r\u00e1pido","author":"Ab\u00edlio Gon\u00e7alves","date":"14 de julho de 2020","format":false,"excerpt":"Etapas de an\u00e1lise para obter registro empresarial tiveram, em junho, o menor tempo de execu\u00e7\u00e3o em todo o pa\u00eds Gra\u00e7as ao ambiente 100% digital, \u00e0 integra\u00e7\u00e3o entre os \u00f3rg\u00e3os e ao regime de teletrabalho implementados pela Junta Comercial, Industrial e Servi\u00e7os do Distrito Federal (Jucis-DF), empres\u00e1rios e contadores podem contar\u2026","rel":"","context":"Em \"abertura\"","block_context":{"text":"abertura","link":"https:\/\/cfcontabil.com\/cf\/tag\/abertura\/"},"img":{"alt_text":"","src":"https:\/\/i0.wp.com\/cfcontabil.com\/cf\/wp-content\/uploads\/2019\/12\/abertura-de-Empresas.jpg?fit=1080%2C640&ssl=1&resize=350%2C200","width":350,"height":200,"srcset":"https:\/\/i0.wp.com\/cfcontabil.com\/cf\/wp-content\/uploads\/2019\/12\/abertura-de-Empresas.jpg?fit=1080%2C640&ssl=1&resize=350%2C200 1x, https:\/\/i0.wp.com\/cfcontabil.com\/cf\/wp-content\/uploads\/2019\/12\/abertura-de-Empresas.jpg?fit=1080%2C640&ssl=1&resize=525%2C300 1.5x, https:\/\/i0.wp.com\/cfcontabil.com\/cf\/wp-content\/uploads\/2019\/12\/abertura-de-Empresas.jpg?fit=1080%2C640&ssl=1&resize=700%2C400 2x, https:\/\/i0.wp.com\/cfcontabil.com\/cf\/wp-content\/uploads\/2019\/12\/abertura-de-Empresas.jpg?fit=1080%2C640&ssl=1&resize=1050%2C600 3x"},"classes":[]},{"id":1989,"url":"https:\/\/cfcontabil.com\/cf\/junta-comercial-passara-a-receber-apenas-documentos-digitais\/","url_meta":{"origin":1772,"position":5},"title":"Junta Comercial passar\u00e1 a receber apenas documentos digitais","author":"Ab\u00edlio Gon\u00e7alves","date":"6 de dezembro de 2019","format":false,"excerpt":"Objetivo \u00e9 dar fim \u00e0s filas no local. Atendimento presencial ser\u00e1 realizado apenas por agendamento Para acabar com filas e longas esperas, a partir do pr\u00f3ximo dia 16 de dezembro, a Junta Comercial, Industrial e Servi\u00e7os do Distrito Federal (Jucis-DF) s\u00f3 receber\u00e1 documentos digitalizados. O site do \u00f3rg\u00e3o oferecer\u00e1 um\u2026","rel":"","context":"Em &quot;Consultoria Empresarial&quot;","block_context":{"text":"Consultoria Empresarial","link":"https:\/\/cfcontabil.com\/cf\/category\/consultoria\/"},"img":{"alt_text":"","src":"","width":0,"height":0},"classes":[]}],"jetpack_likes_enabled":true,"_links":{"self":[{"href":"https:\/\/cfcontabil.com\/cf\/wp-json\/wp\/v2\/posts\/1772","targetHints":{"allow":["GET"]}}],"collection":[{"href":"https:\/\/cfcontabil.com\/cf\/wp-json\/wp\/v2\/posts"}],"about":[{"href":"https:\/\/cfcontabil.com\/cf\/wp-json\/wp\/v2\/types\/post"}],"author":[{"embeddable":true,"href":"https:\/\/cfcontabil.com\/cf\/wp-json\/wp\/v2\/users\/1"}],"replies":[{"embeddable":true,"href":"https:\/\/cfcontabil.com\/cf\/wp-json\/wp\/v2\/comments?post=1772"}],"version-history":[{"count":1,"href":"https:\/\/cfcontabil.com\/cf\/wp-json\/wp\/v2\/posts\/1772\/revisions"}],"predecessor-version":[{"id":1775,"href":"https:\/\/cfcontabil.com\/cf\/wp-json\/wp\/v2\/posts\/1772\/revisions\/1775"}],"wp:featuredmedia":[{"embeddable":true,"href":"https:\/\/cfcontabil.com\/cf\/wp-json\/wp\/v2\/media\/1774"}],"wp:attachment":[{"href":"https:\/\/cfcontabil.com\/cf\/wp-json\/wp\/v2\/media?parent=1772"}],"wp:term":[{"taxonomy":"category","embeddable":true,"href":"https:\/\/cfcontabil.com\/cf\/wp-json\/wp\/v2\/categories?post=1772"},{"taxonomy":"post_tag","embeddable":true,"href":"https:\/\/cfcontabil.com\/cf\/wp-json\/wp\/v2\/tags?post=1772"}],"curies":[{"name":"wp","href":"https:\/\/api.w.org\/{rel}","templated":true}]}}