{"id":1776,"date":"2019-10-17T05:00:59","date_gmt":"2019-10-17T08:00:59","guid":{"rendered":"http:\/\/cfcontabil.com\/cf\/?p=1776"},"modified":"2019-10-16T13:40:09","modified_gmt":"2019-10-16T16:40:09","slug":"recebeu-uma-notificacao-de-debito-do-fgts-o-que-fazer","status":"publish","type":"post","link":"https:\/\/cfcontabil.com\/cf\/recebeu-uma-notificacao-de-debito-do-fgts-o-que-fazer\/","title":{"rendered":"Recebeu uma Notifica\u00e7\u00e3o de D\u00e9bito do FGTS? O que fazer?"},"content":{"rendered":"<p data-adtags-visited=\"true\">O Governo Federal vem atuando de forma mais acirrada para combater fraudes e sonega\u00e7\u00e3o, agindo atrav\u00e9s de seus Minist\u00e9rios na busca de diminuir os gastos p\u00fablicos e aprimorar a arrecada\u00e7\u00e3o.<\/p>\n<p data-adtags-visited=\"true\"><a href=\"https:\/\/i0.wp.com\/cfcontabil.com\/cf\/wp-content\/uploads\/2016\/03\/FGTS-1.jpg\"><img data-recalc-dims=\"1\" fetchpriority=\"high\" decoding=\"async\" data-attachment-id=\"715\" data-permalink=\"https:\/\/cfcontabil.com\/cf\/recebeu-uma-notificacao-de-debito-do-fgts-o-que-fazer\/fgts\/\" data-orig-file=\"https:\/\/i0.wp.com\/cfcontabil.com\/cf\/wp-content\/uploads\/2016\/03\/FGTS-1.jpg?fit=715%2C270&amp;ssl=1\" data-orig-size=\"715,270\" data-comments-opened=\"1\" data-image-meta=\"{&quot;aperture&quot;:&quot;0&quot;,&quot;credit&quot;:&quot;&quot;,&quot;camera&quot;:&quot;&quot;,&quot;caption&quot;:&quot;&quot;,&quot;created_timestamp&quot;:&quot;0&quot;,&quot;copyright&quot;:&quot;&quot;,&quot;focal_length&quot;:&quot;0&quot;,&quot;iso&quot;:&quot;0&quot;,&quot;shutter_speed&quot;:&quot;0&quot;,&quot;title&quot;:&quot;&quot;,&quot;orientation&quot;:&quot;1&quot;}\" data-image-title=\"FGTS\" data-image-description=\"\" data-image-caption=\"\" data-large-file=\"https:\/\/i0.wp.com\/cfcontabil.com\/cf\/wp-content\/uploads\/2016\/03\/FGTS-1.jpg?fit=715%2C270&amp;ssl=1\" class=\"aligncenter size-full wp-image-715\" src=\"https:\/\/i0.wp.com\/cfcontabil.com\/cf\/wp-content\/uploads\/2016\/03\/FGTS-1.jpg?resize=715%2C270\" alt=\"\" width=\"715\" height=\"270\" srcset=\"https:\/\/i0.wp.com\/cfcontabil.com\/cf\/wp-content\/uploads\/2016\/03\/FGTS-1.jpg?w=715&amp;ssl=1 715w, https:\/\/i0.wp.com\/cfcontabil.com\/cf\/wp-content\/uploads\/2016\/03\/FGTS-1.jpg?resize=300%2C113&amp;ssl=1 300w, https:\/\/i0.wp.com\/cfcontabil.com\/cf\/wp-content\/uploads\/2016\/03\/FGTS-1.jpg?resize=370%2C140&amp;ssl=1 370w\" sizes=\"(max-width: 715px) 100vw, 715px\" \/><\/a><\/p>\n<p data-adtags-visited=\"true\">Com base no\u00a0art. 18, II do Decreto 4.552\/2002, foi criada a Malha Fiscal do\u00a0FGTS, atrav\u00e9s da\u00a0<span class=\"fontstyle0\"><strong>Nota T\u00e9cnica SEI n\u00ba 2\/2019\/DFGTS\/CGFIT\/SIT\/STRAB\/SEPRT-ME<\/strong>,\u00a0<\/span>para a orienta\u00e7\u00e3o dos empregadores e acompanhamento dos ind\u00edcios de d\u00e9bito do\u00a0FGTS, ampliando assim o alcance da Inspe\u00e7\u00e3o do Trabalho e tornando a fiscaliza\u00e7\u00e3o mais eficaz, por meio dos auditores fiscais.<\/p>\n<p data-adtags-visited=\"true\">O empregador inclu\u00eddo em Malha Fiscal receber\u00e1 uma <strong>Notifica\u00e7\u00e3o de Ind\u00edcios de D\u00e9bitos do\u00a0FGTS\u00a0\u2013 NDF<\/strong>.<\/p>\n<p data-adtags-visited=\"true\">A NDF encaminhada ao empregador conter\u00e1 a sua qualifica\u00e7\u00e3o, os esclarecimentos necess\u00e1rios e o prazo para a regulariza\u00e7\u00e3o espont\u00e2nea de d\u00e9bitos existentes, bem como endere\u00e7o de internet e c\u00f3digo de acesso para que a empresa consulte a individualiza\u00e7\u00e3o dos ind\u00edcios de d\u00e9bito encontrados.<\/p>\n<p data-adtags-visited=\"true\">Caso o empregador j\u00e1 tenha recebido a NDF, mas tenha encontrado todos os comprovantes de pagamento das guias de FGTS constantes na notifica\u00e7\u00e3o, basta aguardar a nova notifica\u00e7\u00e3o\u00a0para apresenta\u00e7\u00e3o da documenta\u00e7\u00e3o pertinente para an\u00e1lise que,\u00a0<strong>uma vez constatada a inexist\u00eancia de d\u00e9bitos, o procedimento ser\u00e1 automaticamente encerrado<\/strong>.<\/p>\n<p data-adtags-visited=\"true\">Ap\u00f3s a an\u00e1lise, caso seja constatada a falta de algum comprovante dentre os meses indicados na NDF, o empregador poder\u00e1 efetuar o recolhimento devido, sob pena da lavratura dos Autos de Infra\u00e7\u00e3o e da Notifica\u00e7\u00e3o de D\u00e9bito do Fundo de Garantia e da Contribui\u00e7\u00e3o Social \u2013 NDFC.<\/p>\n<p data-adtags-visited=\"true\">Fonte:\u00a0<a href=\"http:\/\/www.guiatrabalhista.com.br\/\">Guia Trabalhista<\/a>.<\/p>\n","protected":false},"excerpt":{"rendered":"<p>O Governo Federal vem atuando de forma mais acirrada para combater fraudes e sonega\u00e7\u00e3o, agindo atrav\u00e9s de seus Minist\u00e9rios na busca de diminuir os gastos p\u00fablicos e aprimorar a arrecada\u00e7\u00e3o. Com base no\u00a0art. 18, II do Decreto 4.552\/2002, foi criada a Malha Fiscal do\u00a0FGTS, atrav\u00e9s da\u00a0Nota T\u00e9cnica SEI n\u00ba 2\/2019\/DFGTS\/CGFIT\/SIT\/STRAB\/SEPRT-ME,\u00a0para a orienta\u00e7\u00e3o dos empregadores e [&hellip;]<\/p>\n","protected":false},"author":1,"featured_media":1501,"comment_status":"open","ping_status":"open","sticky":false,"template":"","format":"standard","meta":{"jetpack_post_was_ever_published":false,"_jetpack_newsletter_access":"","_jetpack_dont_email_post_to_subs":false,"_jetpack_newsletter_tier_id":0,"_jetpack_memberships_contains_paywalled_content":false,"_jetpack_memberships_contains_paid_content":false,"footnotes":"","jetpack_publicize_message":"","jetpack_publicize_feature_enabled":true,"jetpack_social_post_already_shared":true,"jetpack_social_options":{"image_generator_settings":{"template":"highway","default_image_id":0,"font":"","enabled":false},"version":2}},"categories":[29],"tags":[429,79,401,96],"class_list":["post-1776","post","type-post","status-publish","format-standard","has-post-thumbnail","hentry","category-dp","tag-debito","tag-fgts","tag-notificacao","tag-pagamento"],"jetpack_publicize_connections":[],"jetpack_featured_media_url":"https:\/\/i0.wp.com\/cfcontabil.com\/cf\/wp-content\/uploads\/2017\/03\/FGTS1-1.jpg?fit=1200%2C702&ssl=1","jetpack_sharing_enabled":true,"jetpack_shortlink":"https:\/\/wp.me\/p2wklX-sE","jetpack-related-posts":[{"id":1778,"url":"https:\/\/cfcontabil.com\/cf\/criterios-de-parcelamento-de-debitos-de-contribuicoes-devidas-ao-fgts\/","url_meta":{"origin":1776,"position":0},"title":"Crit\u00e9rios de Parcelamento de D\u00e9bitos de Contribui\u00e7\u00f5es Devidas ao FGTS","author":"Ab\u00edlio Gon\u00e7alves","date":"18 de outubro de 2019","format":false,"excerpt":"O CODEFAT estabeleceu, atrav\u00e9s da\u00a0Resolu\u00e7\u00e3o CC-FGTS 940\/2019, as normas para parcelamento de d\u00e9bito de contribui\u00e7\u00f5es devidas ao\u00a0FGTS\u00a0e modelo de apresenta\u00e7\u00e3o de informa\u00e7\u00f5es da carteira de cr\u00e9ditos do\u00a0FGTS. Os parcelamentos de d\u00e9bitos, inclusive aqueles realizados por meio eletr\u00f4nico, ser\u00e3o operacionalizados pelo Agente Operador, em nome da Secretaria de Trabalho ou em\u2026","rel":"","context":"Em &quot;Departamento Pessoal&quot;","block_context":{"text":"Departamento Pessoal","link":"https:\/\/cfcontabil.com\/cf\/category\/dp\/"},"img":{"alt_text":"","src":"https:\/\/i0.wp.com\/cfcontabil.com\/cf\/wp-content\/uploads\/2019\/10\/fgts-online.jpg?fit=739%2C415&ssl=1&resize=350%2C200","width":350,"height":200,"srcset":"https:\/\/i0.wp.com\/cfcontabil.com\/cf\/wp-content\/uploads\/2019\/10\/fgts-online.jpg?fit=739%2C415&ssl=1&resize=350%2C200 1x, https:\/\/i0.wp.com\/cfcontabil.com\/cf\/wp-content\/uploads\/2019\/10\/fgts-online.jpg?fit=739%2C415&ssl=1&resize=525%2C300 1.5x, https:\/\/i0.wp.com\/cfcontabil.com\/cf\/wp-content\/uploads\/2019\/10\/fgts-online.jpg?fit=739%2C415&ssl=1&resize=700%2C400 2x"},"classes":[]},{"id":1455,"url":"https:\/\/cfcontabil.com\/cf\/o-perigo-da-divida-do-fgts-no-esocial\/","url_meta":{"origin":1776,"position":1},"title":"O perigo da d\u00edvida do FGTS no eSocial","author":"Ab\u00edlio Gon\u00e7alves","date":"22 de fevereiro de 2019","format":false,"excerpt":"Caso voc\u00ea ainda n\u00e3o tenha ci\u00eancia, o governo federal recentemente expediu uma lei proibindo o cr\u00e9dito a empresas devedoras do FGTS. E se voc\u00ea est\u00e1 em d\u00e9bito com o FGTS, todo o cuidado \u00e9 pouco: notifica\u00e7\u00e3o, multa e autua\u00e7\u00e3o podem bater na sua porta. A Lei n\u00ba 13.805\/19 prev\u00ea que\u2026","rel":"","context":"Em &quot;Departamento Pessoal&quot;","block_context":{"text":"Departamento Pessoal","link":"https:\/\/cfcontabil.com\/cf\/category\/dp\/"},"img":{"alt_text":"","src":"https:\/\/i0.wp.com\/cfcontabil.com\/cf\/wp-content\/uploads\/2019\/02\/fgtsCAIXA-1.jpg?fit=600%2C293&ssl=1&resize=350%2C200","width":350,"height":200,"srcset":"https:\/\/i0.wp.com\/cfcontabil.com\/cf\/wp-content\/uploads\/2019\/02\/fgtsCAIXA-1.jpg?fit=600%2C293&ssl=1&resize=350%2C200 1x, https:\/\/i0.wp.com\/cfcontabil.com\/cf\/wp-content\/uploads\/2019\/02\/fgtsCAIXA-1.jpg?fit=600%2C293&ssl=1&resize=525%2C300 1.5x"},"classes":[]},{"id":1228,"url":"https:\/\/cfcontabil.com\/cf\/quase-200-mil-empresas-devem-fgts-de-empregados-e-ex-funcionarios\/","url_meta":{"origin":1776,"position":2},"title":"Quase 200 mil empresas devem FGTS de empregados e ex-funcion\u00e1rios","author":"Ab\u00edlio Gon\u00e7alves","date":"2 de mar\u00e7o de 2017","format":false,"excerpt":"Cerca de 7 milh\u00f5es de trabalhadores n\u00e3o tiveram dep\u00f3sitos do Fundo de Garantia do Tempo de Servi\u00e7o (FGTS), incluindo contas ativas e inativas, feitos corretamente pelos seus empregadores. S\u00e3o 198,7 mil empresas devedoras de dep\u00f3sitos de FGTS, segundo informa\u00e7\u00f5es da Procuradoria-Geral da Fazenda Nacional (PGFN), \u00f3rg\u00e3o vinculado ao Minist\u00e9rio da\u2026","rel":"","context":"Em &quot;Departamento Pessoal&quot;","block_context":{"text":"Departamento Pessoal","link":"https:\/\/cfcontabil.com\/cf\/category\/dp\/"},"img":{"alt_text":"","src":"https:\/\/i0.wp.com\/cfcontabil.com\/cf\/wp-content\/uploads\/2016\/03\/FGTS-1.jpg?fit=715%2C270&ssl=1&resize=350%2C200","width":350,"height":200,"srcset":"https:\/\/i0.wp.com\/cfcontabil.com\/cf\/wp-content\/uploads\/2016\/03\/FGTS-1.jpg?fit=715%2C270&ssl=1&resize=350%2C200 1x, https:\/\/i0.wp.com\/cfcontabil.com\/cf\/wp-content\/uploads\/2016\/03\/FGTS-1.jpg?fit=715%2C270&ssl=1&resize=525%2C300 1.5x, https:\/\/i0.wp.com\/cfcontabil.com\/cf\/wp-content\/uploads\/2016\/03\/FGTS-1.jpg?fit=715%2C270&ssl=1&resize=700%2C400 2x"},"classes":[]},{"id":1802,"url":"https:\/\/cfcontabil.com\/cf\/cobrancas-do-fgts-so-poderao-ser-feitas-para-dividas-de-ate-5-anos\/","url_meta":{"origin":1776,"position":3},"title":"Cobran\u00e7as do FGTS s\u00f3 poder\u00e3o ser feitas para d\u00edvidas de at\u00e9 5 anos","author":"Ab\u00edlio Gon\u00e7alves","date":"21 de outubro de 2019","format":false,"excerpt":"Uma medida aprovada em 2014 pelo STF reduziu o prazo de cobran\u00e7a de 30 anos para cinco anos. Atualmente, mais de 220 mil empresas est\u00e3o devendo. A partir de novembro, o trabalhador s\u00f3 poder\u00e1 entrar na Justi\u00e7a do Trabalho para cobrar pend\u00eancias do\u00a0Fundo de Garantia do Tempo de Servi\u00e7o (FGTS)\u00a0dos\u2026","rel":"","context":"Em &quot;Departamento Pessoal&quot;","block_context":{"text":"Departamento Pessoal","link":"https:\/\/cfcontabil.com\/cf\/category\/dp\/"},"img":{"alt_text":"","src":"https:\/\/i0.wp.com\/cfcontabil.com\/cf\/wp-content\/uploads\/2019\/10\/FGTS-TRABALHADOR-AGENCIA.jpg?fit=1200%2C1006&ssl=1&resize=350%2C200","width":350,"height":200,"srcset":"https:\/\/i0.wp.com\/cfcontabil.com\/cf\/wp-content\/uploads\/2019\/10\/FGTS-TRABALHADOR-AGENCIA.jpg?fit=1200%2C1006&ssl=1&resize=350%2C200 1x, https:\/\/i0.wp.com\/cfcontabil.com\/cf\/wp-content\/uploads\/2019\/10\/FGTS-TRABALHADOR-AGENCIA.jpg?fit=1200%2C1006&ssl=1&resize=525%2C300 1.5x, https:\/\/i0.wp.com\/cfcontabil.com\/cf\/wp-content\/uploads\/2019\/10\/FGTS-TRABALHADOR-AGENCIA.jpg?fit=1200%2C1006&ssl=1&resize=700%2C400 2x, https:\/\/i0.wp.com\/cfcontabil.com\/cf\/wp-content\/uploads\/2019\/10\/FGTS-TRABALHADOR-AGENCIA.jpg?fit=1200%2C1006&ssl=1&resize=1050%2C600 3x"},"classes":[]},{"id":1215,"url":"https:\/\/cfcontabil.com\/cf\/receita-federal-vai-notificar-14-mil-empresas-suspeitas-de-sonegacao\/","url_meta":{"origin":1776,"position":4},"title":"Receita Federal vai notificar 14 mil empresas suspeitas de sonega\u00e7\u00e3o","author":"Ab\u00edlio Gon\u00e7alves","date":"17 de fevereiro de 2017","format":false,"excerpt":"Contribuintes prestaram informa\u00e7\u00f5es incorretas para n\u00e3o pagar al\u00edquota de 20% da contribui\u00e7\u00e3o patronal BRAS\u00cdLIA - A Receita Federal come\u00e7ou, nesta quarta-feira, a notificar 14 mil empresas que foram inclu\u00eddas na malha fina das pessoas jur\u00eddicas por suspeita de sonega\u00e7\u00e3o. De acordo com o Fisco, essa \u00e9 a primeira etapa de\u2026","rel":"","context":"Em &quot;Departamento Fiscal&quot;","block_context":{"text":"Departamento Fiscal","link":"https:\/\/cfcontabil.com\/cf\/category\/df\/"},"img":{"alt_text":"","src":"https:\/\/i0.wp.com\/ogimg.infoglobo.com.br\/economia\/19926885-a76-0ae\/FT1086A\/420\/dinheiro5.jpg?resize=350%2C200&ssl=1","width":350,"height":200,"srcset":"https:\/\/i0.wp.com\/ogimg.infoglobo.com.br\/economia\/19926885-a76-0ae\/FT1086A\/420\/dinheiro5.jpg?resize=350%2C200&ssl=1 1x, https:\/\/i0.wp.com\/ogimg.infoglobo.com.br\/economia\/19926885-a76-0ae\/FT1086A\/420\/dinheiro5.jpg?resize=525%2C300&ssl=1 1.5x"},"classes":[]},{"id":2425,"url":"https:\/\/cfcontabil.com\/cf\/mp-1-046-altera-regras-para-teletrabalho-antecipacao-de-ferias-e-feriados-e-fgts\/","url_meta":{"origin":1776,"position":5},"title":"MP 1.046 altera regras para teletrabalho, antecipa\u00e7\u00e3o de f\u00e9rias e feriados e FGTS","author":"Ab\u00edlio Gon\u00e7alves","date":"29 de abril de 2021","format":false,"excerpt":"O Di\u00e1rio Oficial da Uni\u00e3o publicou nesta quarta-feira (28) a Medida Provis\u00f3ria 1.046\/2021 que flexibiliza as regras trabalhistas para permitir teletrabalho, antecipa\u00e7\u00e3o de\u00a0f\u00e9rias\u00a0individuais, concess\u00e3o de\u00a0f\u00e9rias\u00a0coletivas e diferimento do recolhimento das contribui\u00e7\u00f5es ao Fundo de Garantia do Tempo de Servi\u00e7o\u00a0(FGTS)\u00a0. Segundo o governo, o objetivo da MP \u00e9 atenuar o impacto\u2026","rel":"","context":"Em &quot;Geral&quot;","block_context":{"text":"Geral","link":"https:\/\/cfcontabil.com\/cf\/category\/geral\/"},"img":{"alt_text":"","src":"https:\/\/i0.wp.com\/cfcontabil.com\/cf\/wp-content\/uploads\/2021\/04\/teletrabalho.jpeg?fit=512%2C213&ssl=1&resize=350%2C200","width":350,"height":200},"classes":[]}],"jetpack_likes_enabled":true,"_links":{"self":[{"href":"https:\/\/cfcontabil.com\/cf\/wp-json\/wp\/v2\/posts\/1776","targetHints":{"allow":["GET"]}}],"collection":[{"href":"https:\/\/cfcontabil.com\/cf\/wp-json\/wp\/v2\/posts"}],"about":[{"href":"https:\/\/cfcontabil.com\/cf\/wp-json\/wp\/v2\/types\/post"}],"author":[{"embeddable":true,"href":"https:\/\/cfcontabil.com\/cf\/wp-json\/wp\/v2\/users\/1"}],"replies":[{"embeddable":true,"href":"https:\/\/cfcontabil.com\/cf\/wp-json\/wp\/v2\/comments?post=1776"}],"version-history":[{"count":1,"href":"https:\/\/cfcontabil.com\/cf\/wp-json\/wp\/v2\/posts\/1776\/revisions"}],"predecessor-version":[{"id":1777,"href":"https:\/\/cfcontabil.com\/cf\/wp-json\/wp\/v2\/posts\/1776\/revisions\/1777"}],"wp:featuredmedia":[{"embeddable":true,"href":"https:\/\/cfcontabil.com\/cf\/wp-json\/wp\/v2\/media\/1501"}],"wp:attachment":[{"href":"https:\/\/cfcontabil.com\/cf\/wp-json\/wp\/v2\/media?parent=1776"}],"wp:term":[{"taxonomy":"category","embeddable":true,"href":"https:\/\/cfcontabil.com\/cf\/wp-json\/wp\/v2\/categories?post=1776"},{"taxonomy":"post_tag","embeddable":true,"href":"https:\/\/cfcontabil.com\/cf\/wp-json\/wp\/v2\/tags?post=1776"}],"curies":[{"name":"wp","href":"https:\/\/api.w.org\/{rel}","templated":true}]}}