{"id":1796,"date":"2019-10-18T08:13:30","date_gmt":"2019-10-18T11:13:30","guid":{"rendered":"http:\/\/cfcontabil.com\/cf\/?p=1796"},"modified":"2019-10-18T08:13:30","modified_gmt":"2019-10-18T11:13:30","slug":"comeca-nesta-sexta-18-os-saques-do-fgts-para-quem-nao-tem-conta-na-caixa","status":"publish","type":"post","link":"https:\/\/cfcontabil.com\/cf\/comeca-nesta-sexta-18-os-saques-do-fgts-para-quem-nao-tem-conta-na-caixa\/","title":{"rendered":"Come\u00e7a nesta sexta (18) os saques do FGTS para quem n\u00e3o tem conta na Caixa"},"content":{"rendered":"<h2 class=\"content-head__subtitle\">O saque \u00e9 de at\u00e9 R$ 500 por conta. A data de in\u00edcio da retirada do dinheiro depende do m\u00eas de anivers\u00e1rio do trabalhador.<\/h2>\n<p><a href=\"https:\/\/i0.wp.com\/cfcontabil.com\/cf\/wp-content\/uploads\/2019\/10\/fgts-online.jpg\"><img data-recalc-dims=\"1\" fetchpriority=\"high\" decoding=\"async\" data-attachment-id=\"1780\" data-permalink=\"https:\/\/cfcontabil.com\/cf\/criterios-de-parcelamento-de-debitos-de-contribuicoes-devidas-ao-fgts\/fgts-online\/\" data-orig-file=\"https:\/\/i0.wp.com\/cfcontabil.com\/cf\/wp-content\/uploads\/2019\/10\/fgts-online.jpg?fit=739%2C415&amp;ssl=1\" data-orig-size=\"739,415\" data-comments-opened=\"1\" data-image-meta=\"{&quot;aperture&quot;:&quot;0&quot;,&quot;credit&quot;:&quot;&quot;,&quot;camera&quot;:&quot;&quot;,&quot;caption&quot;:&quot;&quot;,&quot;created_timestamp&quot;:&quot;0&quot;,&quot;copyright&quot;:&quot;&quot;,&quot;focal_length&quot;:&quot;0&quot;,&quot;iso&quot;:&quot;0&quot;,&quot;shutter_speed&quot;:&quot;0&quot;,&quot;title&quot;:&quot;&quot;,&quot;orientation&quot;:&quot;0&quot;}\" data-image-title=\"fgts online\" data-image-description=\"\" data-image-caption=\"\" data-large-file=\"https:\/\/i0.wp.com\/cfcontabil.com\/cf\/wp-content\/uploads\/2019\/10\/fgts-online.jpg?fit=739%2C415&amp;ssl=1\" class=\"aligncenter size-full wp-image-1780\" src=\"https:\/\/i0.wp.com\/cfcontabil.com\/cf\/wp-content\/uploads\/2019\/10\/fgts-online.jpg?resize=739%2C415\" alt=\"\" width=\"739\" height=\"415\" srcset=\"https:\/\/i0.wp.com\/cfcontabil.com\/cf\/wp-content\/uploads\/2019\/10\/fgts-online.jpg?w=739&amp;ssl=1 739w, https:\/\/i0.wp.com\/cfcontabil.com\/cf\/wp-content\/uploads\/2019\/10\/fgts-online.jpg?resize=300%2C168&amp;ssl=1 300w, https:\/\/i0.wp.com\/cfcontabil.com\/cf\/wp-content\/uploads\/2019\/10\/fgts-online.jpg?resize=370%2C208&amp;ssl=1 370w, https:\/\/i0.wp.com\/cfcontabil.com\/cf\/wp-content\/uploads\/2019\/10\/fgts-online.jpg?resize=270%2C152&amp;ssl=1 270w\" sizes=\"(max-width: 739px) 100vw, 739px\" \/><\/a><\/p>\n<div class=\"mc-column content-text active-extra-styles \" data-block-type=\"unstyled\" data-block-weight=\"27\" data-block-id=\"2\">\n<p class=\"content-text__container \" data-track-category=\"Link no Texto\" data-track-links=\"\">A partir desta sexta-feira (18), quem n\u00e3o tem conta na Caixa Econ\u00f4mica Federal tamb\u00e9m vai poder sacar dinheiro do FGTS. S\u00e3o mais de 59 milh\u00f5es de pessoas.<\/p>\n<\/div>\n<div class=\"wall protected-content\">\n<div class=\"mc-column content-text active-extra-styles \" data-block-type=\"unstyled\" data-block-weight=\"29\" data-block-id=\"3\">\n<p class=\"content-text__container \" data-track-category=\"Link no Texto\" data-track-links=\"\">O saque \u00e9 de at\u00e9 R$ 500 por conta. Seja ela ativa ou inativa. A data de in\u00edcio da retirada do dinheiro depende do m\u00eas de anivers\u00e1rio do trabalhador.<\/p>\n<\/div>\n<div class=\"mc-column content-text active-extra-styles \" data-block-type=\"unstyled\" data-block-weight=\"11\" data-block-id=\"4\">\n<p class=\"content-text__container \" data-track-category=\"Link no Texto\" data-track-links=\"\">Quem nasceu em janeiro, pode sacar a partir de sexta-feira (18).<\/p>\n<\/div>\n<div class=\"mc-column content-text active-extra-styles \" data-block-type=\"unstyled\" data-block-weight=\"9\" data-block-id=\"5\">\n<p class=\"content-text__container \" data-track-category=\"Link no Texto\" data-track-links=\"\">Nascidos em fevereiro, a partir de 25 de outubro.<\/p>\n<\/div>\n<div class=\"mc-column content-text active-extra-styles \" data-block-type=\"unstyled\" data-block-weight=\"4\" data-block-id=\"6\">\n<p class=\"content-text__container \" data-track-category=\"Link no Texto\" data-track-links=\"\">Mar\u00e7o, 8 de novembro.<\/p>\n<\/div>\n<div class=\"mc-column content-text active-extra-styles \" data-block-type=\"unstyled\" data-block-weight=\"4\" data-block-id=\"7\">\n<p class=\"content-text__container \" data-track-category=\"Link no Texto\" data-track-links=\"\">Abril, 22 de novembro.<\/p>\n<\/div>\n<div class=\"mc-column content-text active-extra-styles \" data-block-type=\"unstyled\" data-block-weight=\"14\" data-block-id=\"8\">\n<p class=\"content-text__container \" data-track-category=\"Link no Texto\" data-track-links=\"\">Quem aniversaria em maio vai pode sacar a partir do dia 6 de dezembro.<\/p>\n<\/div>\n<div class=\"mc-column content-text active-extra-styles \" data-block-type=\"unstyled\" data-block-weight=\"6\" data-block-id=\"9\">\n<p class=\"content-text__container \" data-track-category=\"Link no Texto\" data-track-links=\"\">Nascidos em junho, 18 de dezembro.<\/p>\n<\/div>\n<div class=\"mc-column content-text active-extra-styles \" data-block-type=\"unstyled\" data-block-weight=\"8\" data-block-id=\"10\">\n<p class=\"content-text__container \" data-track-category=\"Link no Texto\" data-track-links=\"\">Julho, 10 de janeiro do ano que vem.<\/p>\n<\/div>\n<div class=\"mc-column content-text active-extra-styles \" data-block-type=\"unstyled\" data-block-weight=\"4\" data-block-id=\"11\">\n<p class=\"content-text__container \" data-track-category=\"Link no Texto\" data-track-links=\"\">Agosto, 17 de janeiro.<\/p>\n<\/div>\n<div class=\"mc-column content-text active-extra-styles \" data-block-type=\"unstyled\" data-block-weight=\"4\" data-block-id=\"12\">\n<p class=\"content-text__container \" data-track-category=\"Link no Texto\" data-track-links=\"\">Setembro, 24 de janeiro.<\/p>\n<\/div>\n<div class=\"mc-column content-text active-extra-styles \" data-block-type=\"unstyled\" data-block-weight=\"6\" data-block-id=\"13\">\n<p class=\"content-text__container \" data-track-category=\"Link no Texto\" data-track-links=\"\">Outubro, 7 de fevereiro de 2020.<\/p>\n<\/div>\n<div class=\"mc-column content-text active-extra-styles \" data-block-type=\"unstyled\" data-block-weight=\"4\" data-block-id=\"14\">\n<p class=\"content-text__container \" data-track-category=\"Link no Texto\" data-track-links=\"\">Novembro, 14 de fevereiro.<\/p>\n<\/div>\n<div class=\"mc-column content-text active-extra-styles \" data-block-type=\"unstyled\" data-block-weight=\"19\" data-block-id=\"15\">\n<p class=\"content-text__container \" data-track-category=\"Link no Texto\" data-track-links=\"\">E os nascidos em dezembro v\u00e3o come\u00e7ar a retirar o dinheiro em 6 de mar\u00e7o do ano que vem.<\/p>\n<\/div>\n<div class=\"mc-column content-text active-extra-styles \" data-block-type=\"unstyled\" data-block-weight=\"11\" data-block-id=\"16\">\n<p class=\"content-text__container \" data-track-category=\"Link no Texto\" data-track-links=\"\">O prazo final de saque para todos \u00e9 31 de mar\u00e7o.<\/p>\n<\/div>\n<div class=\"mc-column content-text active-extra-styles \" data-block-type=\"unstyled\" data-block-weight=\"35\" data-block-id=\"17\">\n<p class=\"content-text__container \" data-track-category=\"Link no Texto\" data-track-links=\"\">Quem tem at\u00e9 R$ 100 por conta vai poder sacar em casas lot\u00e9ricas. Acima desse valor, al\u00e9m das lot\u00e9ricas, tamb\u00e9m v\u00e3o poder retirar o dinheiro em ag\u00eancias, terminais de autoatendimento e correspondentes Caixa Aqui.<\/p>\n<\/div>\n<\/div>\n","protected":false},"excerpt":{"rendered":"<p>O saque \u00e9 de at\u00e9 R$ 500 por conta. A data de in\u00edcio da retirada do dinheiro depende do m\u00eas de anivers\u00e1rio do trabalhador. A partir desta sexta-feira (18), quem n\u00e3o tem conta na Caixa Econ\u00f4mica Federal tamb\u00e9m vai poder sacar dinheiro do FGTS. S\u00e3o mais de 59 milh\u00f5es de pessoas. O saque \u00e9 de [&hellip;]<\/p>\n","protected":false},"author":1,"featured_media":1781,"comment_status":"open","ping_status":"open","sticky":false,"template":"","format":"standard","meta":{"jetpack_post_was_ever_published":false,"_jetpack_newsletter_access":"","_jetpack_dont_email_post_to_subs":false,"_jetpack_newsletter_tier_id":0,"_jetpack_memberships_contains_paywalled_content":false,"_jetpack_memberships_contains_paid_content":false,"footnotes":"","jetpack_publicize_message":"","jetpack_publicize_feature_enabled":true,"jetpack_social_post_already_shared":true,"jetpack_social_options":{"image_generator_settings":{"template":"highway","default_image_id":0,"font":"","enabled":false},"version":2}},"categories":[29],"tags":[79,403,313],"class_list":["post-1796","post","type-post","status-publish","format-standard","has-post-thumbnail","hentry","category-dp","tag-fgts","tag-regras","tag-saque"],"jetpack_publicize_connections":[],"jetpack_featured_media_url":"https:\/\/i0.wp.com\/cfcontabil.com\/cf\/wp-content\/uploads\/2019\/10\/fgts-parcela.jpg?fit=600%2C310&ssl=1","jetpack_sharing_enabled":true,"jetpack_shortlink":"https:\/\/wp.me\/p2wklX-sY","jetpack-related-posts":[{"id":1800,"url":"https:\/\/cfcontabil.com\/cf\/fgts-divergencias-no-cadastro-do-trabalhador-podem-impedir-saque-imediato-de-ate-r-500\/","url_meta":{"origin":1796,"position":0},"title":"FGTS: Diverg\u00eancias no cadastro do trabalhador podem impedir saque imediato de at\u00e9 R$ 500","author":"Ab\u00edlio Gon\u00e7alves","date":"22 de outubro de 2019","format":false,"excerpt":"Dentre as principais diverg\u00eancias est\u00e1 o cadastro do n\u00famero errado do PIS, abrevia\u00e7\u00e3o err\u00f4nea no nome e at\u00e9 mesmo o nome completo. Saiba como solucionar! O pr\u00f3ximo lote referente ao\u00a0saque imediato\u00a0de at\u00e9 R$ 500 de contas ativas e inativas do\u00a0FGTS\u00a0ser\u00e1 liberado amanh\u00e3, 18. Esse ser\u00e1 o primeiro lote destinado aos\u2026","rel":"","context":"Em &quot;Departamento Pessoal&quot;","block_context":{"text":"Departamento Pessoal","link":"https:\/\/cfcontabil.com\/cf\/category\/dp\/"},"img":{"alt_text":"","src":"https:\/\/i0.wp.com\/cfcontabil.com\/cf\/wp-content\/uploads\/2016\/03\/dinheiro-1.jpg?fit=661%2C351&ssl=1&resize=350%2C200","width":350,"height":200,"srcset":"https:\/\/i0.wp.com\/cfcontabil.com\/cf\/wp-content\/uploads\/2016\/03\/dinheiro-1.jpg?fit=661%2C351&ssl=1&resize=350%2C200 1x, https:\/\/i0.wp.com\/cfcontabil.com\/cf\/wp-content\/uploads\/2016\/03\/dinheiro-1.jpg?fit=661%2C351&ssl=1&resize=525%2C300 1.5x"},"classes":[]},{"id":2015,"url":"https:\/\/cfcontabil.com\/cf\/governo-extingue-multa-de-10-sobre-fgts-paga-por-empresas\/","url_meta":{"origin":1796,"position":1},"title":"Governo extingue multa de 10% sobre FGTS paga por empresas","author":"Ab\u00edlio Gon\u00e7alves","date":"13 de dezembro de 2019","format":false,"excerpt":"Lei publicada no Di\u00e1rio Oficial autoriza saque-anivers\u00e1rio e traz mudan\u00e7as no Fundo, entre elas, o fim da contribui\u00e7\u00e3o em caso de demiss\u00e3o sem justa causa As empresas passar\u00e3o a pagar menos encargos em casos de demiss\u00e3o sem justa causa. A\u00a0Lei n\u00ba 13.932, publicada no DOU (Di\u00e1rio Oficial da Uni\u00e3o) nesta\u2026","rel":"","context":"Em &quot;Departamento Pessoal&quot;","block_context":{"text":"Departamento Pessoal","link":"https:\/\/cfcontabil.com\/cf\/category\/dp\/"},"img":{"alt_text":"","src":"https:\/\/i0.wp.com\/cfcontabil.com\/cf\/wp-content\/uploads\/2019\/12\/FGTS-ctps.jpg?fit=600%2C335&ssl=1&resize=350%2C200","width":350,"height":200,"srcset":"https:\/\/i0.wp.com\/cfcontabil.com\/cf\/wp-content\/uploads\/2019\/12\/FGTS-ctps.jpg?fit=600%2C335&ssl=1&resize=350%2C200 1x, https:\/\/i0.wp.com\/cfcontabil.com\/cf\/wp-content\/uploads\/2019\/12\/FGTS-ctps.jpg?fit=600%2C335&ssl=1&resize=525%2C300 1.5x"},"classes":[]},{"id":1229,"url":"https:\/\/cfcontabil.com\/cf\/governo-regulamenta-saque-das-contas-inativas-do-fgts-previsto-na-mp-7632016\/","url_meta":{"origin":1796,"position":2},"title":"Governo regulamenta saque das contas inativas do FGTS previsto na MP 763\/2016","author":"Ab\u00edlio Gon\u00e7alves","date":"3 de mar\u00e7o de 2017","format":false,"excerpt":"DECRETO 8.989, DE 14-2-2017 (DO-U DE 15-2-2017) \u00a0 MOVIMENTA\u00c7\u00c3O DA CONTA \u2013 Hip\u00f3teses \u00a0 Governo regulamenta saque das contas inativas do FGTS previsto na MP 763\/2016 O Ato em refer\u00eancia acrescenta os \u00a7\u00a7 9\u00ba e 10 ao artigo 35 do\u00a0Decreto 99.684, de 8-11-90, que consolida as normas relativas ao FGTS,\u2026","rel":"","context":"Em &quot;Departamento Pessoal&quot;","block_context":{"text":"Departamento Pessoal","link":"https:\/\/cfcontabil.com\/cf\/category\/dp\/"},"img":{"alt_text":"","src":"https:\/\/i0.wp.com\/cfcontabil.com\/cf\/wp-content\/uploads\/2017\/03\/FGTS1-1.jpg?fit=1200%2C702&ssl=1&resize=350%2C200","width":350,"height":200,"srcset":"https:\/\/i0.wp.com\/cfcontabil.com\/cf\/wp-content\/uploads\/2017\/03\/FGTS1-1.jpg?fit=1200%2C702&ssl=1&resize=350%2C200 1x, https:\/\/i0.wp.com\/cfcontabil.com\/cf\/wp-content\/uploads\/2017\/03\/FGTS1-1.jpg?fit=1200%2C702&ssl=1&resize=525%2C300 1.5x, https:\/\/i0.wp.com\/cfcontabil.com\/cf\/wp-content\/uploads\/2017\/03\/FGTS1-1.jpg?fit=1200%2C702&ssl=1&resize=700%2C400 2x, https:\/\/i0.wp.com\/cfcontabil.com\/cf\/wp-content\/uploads\/2017\/03\/FGTS1-1.jpg?fit=1200%2C702&ssl=1&resize=1050%2C600 3x"},"classes":[]},{"id":1930,"url":"https:\/\/cfcontabil.com\/cf\/mais-de-800-mil-brasileiros-optaram-por-saque-aniversario-do-fgts-para-2020\/","url_meta":{"origin":1796,"position":3},"title":"Mais de 800 mil brasileiros optaram por saque anivers\u00e1rio do FGTS para 2020","author":"Ab\u00edlio Gon\u00e7alves","date":"20 de novembro de 2019","format":false,"excerpt":"No saque anivers\u00e1rio, o trabalhador pode retirar anualmente uma parcela do saldo da conta do FGTS, o que permitir\u00e1 uma renda extra opcional Mais de 823 mil pessoas j\u00e1 optaram pelo saque anivers\u00e1rio do Fundo de Garantia do Tempo de Servi\u00e7o (FGTS) para 2020, de acordo com o secret\u00e1rio de\u2026","rel":"","context":"Em &quot;Geral&quot;","block_context":{"text":"Geral","link":"https:\/\/cfcontabil.com\/cf\/category\/geral\/"},"img":{"alt_text":"","src":"https:\/\/i0.wp.com\/cfcontabil.com\/cf\/wp-content\/uploads\/2017\/03\/FGTS1-1.jpg?fit=1200%2C702&ssl=1&resize=350%2C200","width":350,"height":200,"srcset":"https:\/\/i0.wp.com\/cfcontabil.com\/cf\/wp-content\/uploads\/2017\/03\/FGTS1-1.jpg?fit=1200%2C702&ssl=1&resize=350%2C200 1x, https:\/\/i0.wp.com\/cfcontabil.com\/cf\/wp-content\/uploads\/2017\/03\/FGTS1-1.jpg?fit=1200%2C702&ssl=1&resize=525%2C300 1.5x, https:\/\/i0.wp.com\/cfcontabil.com\/cf\/wp-content\/uploads\/2017\/03\/FGTS1-1.jpg?fit=1200%2C702&ssl=1&resize=700%2C400 2x, https:\/\/i0.wp.com\/cfcontabil.com\/cf\/wp-content\/uploads\/2017\/03\/FGTS1-1.jpg?fit=1200%2C702&ssl=1&resize=1050%2C600 3x"},"classes":[]},{"id":853,"url":"https:\/\/cfcontabil.com\/cf\/saiba-como-sacar-o-fundo-de-garantia-de-contas-inativas-do-fundo-de-garantia\/","url_meta":{"origin":1796,"position":4},"title":"Saiba como sacar o Fundo de Garantia de contas inativas do Fundo de Garantia","author":"Ab\u00edlio Gon\u00e7alves","date":"24 de janeiro de 2017","format":false,"excerpt":"Calend\u00e1rio de saques e locais para retiradas deve ser divulgado a partir de fevereiro e o saldo j\u00e1 pode ser consultado na internet. Em fevereiro, o governo federal vai divulgar um calend\u00e1rio que possibilitar\u00e1 aos trabalhadores o saque integral do Fundo de Garantia do Tempo de Servi\u00e7o (FGTS). A retirada\u2026","rel":"","context":"Em &quot;Departamento Pessoal&quot;","block_context":{"text":"Departamento Pessoal","link":"https:\/\/cfcontabil.com\/cf\/category\/dp\/"},"img":{"alt_text":"","src":"https:\/\/i0.wp.com\/cfcontabil.com\/cf\/wp-content\/uploads\/2017\/01\/fgts-inativo-1.jpg?fit=580%2C273&ssl=1&resize=350%2C200","width":350,"height":200,"srcset":"https:\/\/i0.wp.com\/cfcontabil.com\/cf\/wp-content\/uploads\/2017\/01\/fgts-inativo-1.jpg?fit=580%2C273&ssl=1&resize=350%2C200 1x, https:\/\/i0.wp.com\/cfcontabil.com\/cf\/wp-content\/uploads\/2017\/01\/fgts-inativo-1.jpg?fit=580%2C273&ssl=1&resize=525%2C300 1.5x"},"classes":[]},{"id":252,"url":"https:\/\/cfcontabil.com\/cf\/fundo-de-garantia-do-tempo-de-servico-fgts\/","url_meta":{"origin":1796,"position":5},"title":"Fundo de Garantia do Tempo de Servi\u00e7o &#8211; FGTS","author":"Juc\u00e9lia Martins","date":"6 de dezembro de 2012","format":false,"excerpt":"Oi pessoal! Como est\u00e3o? Animados para as festas de final de ano? \u00a0 Muitas pessoas me perguntam como sacar o FGTS, ent\u00e3o resolvi colocar algumas informa\u00e7\u00f5es aqui. \u00a0 Voc\u00ea sabe o que \u00e9 FGTS? O FGTS foi institu\u00eddo pela Lei n\u00ba 5.107, de 13\/09\/66 e \u00a0regulamentado pelo Decreto n\u00ba 59.820,\u2026","rel":"","context":"Em &quot;Geral&quot;","block_context":{"text":"Geral","link":"https:\/\/cfcontabil.com\/cf\/category\/geral\/"},"img":{"alt_text":"","src":"https:\/\/i0.wp.com\/www.fgts.gov.br\/resources\/logofgts_v2.jpg?resize=350%2C200","width":350,"height":200},"classes":[]}],"jetpack_likes_enabled":true,"_links":{"self":[{"href":"https:\/\/cfcontabil.com\/cf\/wp-json\/wp\/v2\/posts\/1796","targetHints":{"allow":["GET"]}}],"collection":[{"href":"https:\/\/cfcontabil.com\/cf\/wp-json\/wp\/v2\/posts"}],"about":[{"href":"https:\/\/cfcontabil.com\/cf\/wp-json\/wp\/v2\/types\/post"}],"author":[{"embeddable":true,"href":"https:\/\/cfcontabil.com\/cf\/wp-json\/wp\/v2\/users\/1"}],"replies":[{"embeddable":true,"href":"https:\/\/cfcontabil.com\/cf\/wp-json\/wp\/v2\/comments?post=1796"}],"version-history":[{"count":1,"href":"https:\/\/cfcontabil.com\/cf\/wp-json\/wp\/v2\/posts\/1796\/revisions"}],"predecessor-version":[{"id":1797,"href":"https:\/\/cfcontabil.com\/cf\/wp-json\/wp\/v2\/posts\/1796\/revisions\/1797"}],"wp:featuredmedia":[{"embeddable":true,"href":"https:\/\/cfcontabil.com\/cf\/wp-json\/wp\/v2\/media\/1781"}],"wp:attachment":[{"href":"https:\/\/cfcontabil.com\/cf\/wp-json\/wp\/v2\/media?parent=1796"}],"wp:term":[{"taxonomy":"category","embeddable":true,"href":"https:\/\/cfcontabil.com\/cf\/wp-json\/wp\/v2\/categories?post=1796"},{"taxonomy":"post_tag","embeddable":true,"href":"https:\/\/cfcontabil.com\/cf\/wp-json\/wp\/v2\/tags?post=1796"}],"curies":[{"name":"wp","href":"https:\/\/api.w.org\/{rel}","templated":true}]}}