{"id":1798,"date":"2019-10-18T13:00:20","date_gmt":"2019-10-18T16:00:20","guid":{"rendered":"http:\/\/cfcontabil.com\/cf\/?p=1798"},"modified":"2019-10-18T08:24:16","modified_gmt":"2019-10-18T11:24:16","slug":"exigencia-de-cpf-no-imposto-de-renda-faz-12-milhao-de-dependentes-desaparecer","status":"publish","type":"post","link":"https:\/\/cfcontabil.com\/cf\/exigencia-de-cpf-no-imposto-de-renda-faz-12-milhao-de-dependentes-desaparecer\/","title":{"rendered":"Exig\u00eancia de CPF no Imposto de Renda faz 1,2 milh\u00e3o de dependentes &#8216;desaparecer&#8217;"},"content":{"rendered":"<h2 class=\"c-content-head__subtitle\">Mais rigor do Fisco derruba o n\u00famero de crian\u00e7as e adolescentes na declara\u00e7\u00e3o de pessoa f\u00edsica<\/h2>\n<p><a href=\"https:\/\/i0.wp.com\/cfcontabil.com\/cf\/wp-content\/uploads\/2016\/04\/IRPF-1.jpg\"><img data-recalc-dims=\"1\" fetchpriority=\"high\" decoding=\"async\" data-attachment-id=\"753\" data-permalink=\"https:\/\/cfcontabil.com\/cf\/exigencia-de-cpf-no-imposto-de-renda-faz-12-milhao-de-dependentes-desaparecer\/irpf\/\" data-orig-file=\"https:\/\/i0.wp.com\/cfcontabil.com\/cf\/wp-content\/uploads\/2016\/04\/IRPF-1.jpg?fit=800%2C633&amp;ssl=1\" data-orig-size=\"800,633\" data-comments-opened=\"1\" data-image-meta=\"{&quot;aperture&quot;:&quot;0&quot;,&quot;credit&quot;:&quot;&quot;,&quot;camera&quot;:&quot;&quot;,&quot;caption&quot;:&quot;&quot;,&quot;created_timestamp&quot;:&quot;0&quot;,&quot;copyright&quot;:&quot;&quot;,&quot;focal_length&quot;:&quot;0&quot;,&quot;iso&quot;:&quot;0&quot;,&quot;shutter_speed&quot;:&quot;0&quot;,&quot;title&quot;:&quot;&quot;,&quot;orientation&quot;:&quot;0&quot;}\" data-image-title=\"IRPF\" data-image-description=\"\" data-image-caption=\"\" data-large-file=\"https:\/\/i0.wp.com\/cfcontabil.com\/cf\/wp-content\/uploads\/2016\/04\/IRPF-1.jpg?fit=800%2C633&amp;ssl=1\" class=\"aligncenter size-full wp-image-753\" src=\"https:\/\/i0.wp.com\/cfcontabil.com\/cf\/wp-content\/uploads\/2016\/04\/IRPF-1.jpg?resize=800%2C633\" alt=\"\" width=\"800\" height=\"633\" srcset=\"https:\/\/i0.wp.com\/cfcontabil.com\/cf\/wp-content\/uploads\/2016\/04\/IRPF-1.jpg?w=800&amp;ssl=1 800w, https:\/\/i0.wp.com\/cfcontabil.com\/cf\/wp-content\/uploads\/2016\/04\/IRPF-1.jpg?resize=300%2C237&amp;ssl=1 300w, https:\/\/i0.wp.com\/cfcontabil.com\/cf\/wp-content\/uploads\/2016\/04\/IRPF-1.jpg?resize=768%2C608&amp;ssl=1 768w, https:\/\/i0.wp.com\/cfcontabil.com\/cf\/wp-content\/uploads\/2016\/04\/IRPF-1.jpg?resize=370%2C293&amp;ssl=1 370w, https:\/\/i0.wp.com\/cfcontabil.com\/cf\/wp-content\/uploads\/2016\/04\/IRPF-1.jpg?resize=770%2C609&amp;ssl=1 770w\" sizes=\"(max-width: 800px) 100vw, 800px\" \/><\/a><\/p>\n<p>Em apenas um ano, entre 2017 e 2018, cerca de 1,2 milh\u00e3o de crian\u00e7as e adolescentes desapareceram das declara\u00e7\u00f5es de IR (Imposto de Renda) captadas pela Receita Federal.<\/p>\n<p>Levantamento feito pelo Fisco mostra que o &#8220;sumi\u00e7o&#8221; dos jovens coincide com um aumento nas exig\u00eancias feitas pela Receita com o objetivo de tornar o processo mais r\u00edgido e inibir fraudes. A inclus\u00e3o de pessoas que dependem financeiramente do contribuinte na declara\u00e7\u00e3o anual de renda gera benef\u00edcios ao pagador de impostos.<\/p>\n<p>No c\u00e1lculo do ajuste anual do IR, quando a pessoa fica sabendo se tem direito a uma restitui\u00e7\u00e3o de imposto ou se dever\u00e1 pagar, pode ser deduzido um valor fixo de R$ 2.275,08 por dependente. Tamb\u00e9m s\u00e3o permitidas dedu\u00e7\u00f5es adicionais de despesas m\u00e9dicas e de educa\u00e7\u00e3o desses jovens.<\/p>\n<p>At\u00e9 2017, a Receita exigia que as declara\u00e7\u00f5es inclu\u00edssem o n\u00famero de CPF de dependentes com idade acima de 12 anos.<\/p>\n<p>Para os mais jovens, era necess\u00e1rio preencher apenas o nome e a idade. Em 2018, essa exig\u00eancia foi ampliada, passando a ser obrigat\u00f3rio o preenchimento do n\u00famero do documento para os maiores de 8 anos.<\/p>\n<p>Ap\u00f3s a implementa\u00e7\u00e3o da mudan\u00e7a, o total de dependentes declarados no pa\u00eds caiu de 25,5 milh\u00f5es para 24,3 milh\u00f5es, o que representa uma redu\u00e7\u00e3o de quase 5%. A maior parte dos jovens que deixaram de aparecer nos registros, quase 900 mil, estava exatamente na faixa entre 8 e 12 anos de idade, que passou a exigir os dados do CPF.<\/p>\n<p>De acordo com o supervisor nacional do Imposto de Renda na Receita Federal, Joaquim Adir, a inclus\u00e3o de dependentes de forma incorreta n\u00e3o significa que eventuais tentativas de fraude foram bem-sucedidas. Segundo ele, a maior parte das informa\u00e7\u00f5es erradas cai na malha fina e os contribuintes acabam retificando as declara\u00e7\u00f5es. &#8220;O contribuinte que faz isso sabe do risco&#8221;, disse. &#8220;Claro que passa um ou outro, mas ao longo dos anos, a Receita segura o contribuinte na malha at\u00e9 ele ajustar.<\/p>\n<p>No final, [o impacto] acaba n\u00e3o sendo grande porque a Receita corre atr\u00e1s, faz cruzamentos.&#8221;<\/p>\n<p>A Receita n\u00e3o apresentou estimativa de perdas de arrecada\u00e7\u00e3o.<\/p>\n<p>O supervisor explica que as pessoas que seguem com informa\u00e7\u00f5es irregulares s\u00e3o informadas pela Receita, recebem notifica\u00e7\u00e3o de cobran\u00e7a e podem ir para a d\u00edvida ativa da Uni\u00e3o. Ele pondera que dificilmente essas situa\u00e7\u00f5es chegam \u00e0 esfera criminal.<\/p>\n<p>&#8220;Nesses casos, normalmente se considera um erro. Fica dif\u00edcil provar que tenha dolo, que tenha inten\u00e7\u00e3o e seja um crime\u201d, afirmou. Na avalia\u00e7\u00e3o do advogado tributarista e professor da FGV (Funda\u00e7\u00e3o Get\u00falio Vargas) Linneu de Albuquerque Mello, o desaparecimento em n\u00famero elevado de dependentes na faixa que passou a ter cobran\u00e7a de CPF indica tentativa de fraude. &#8220;As pessoas vinham colocando a exist\u00eancia de um menor dependente, e o Fisco n\u00e3o tinha muito como verificar&#8221;, disse. Mello ressalta que a digitaliza\u00e7\u00e3o e moderniza\u00e7\u00e3o dos sistemas da Receita v\u00eam tornando cada vez mais dif\u00edcil a atua\u00e7\u00e3o de fraudadores. Segundo ele, as novas exig\u00eancias e o cruzamento de dados reduz as tentativas de inclus\u00e3o de dependentes que n\u00e3o existem ou de despesas m\u00e9dicas irregulares.<\/p>\n<p>De acordo com o tributarista, a linha de estudos chamada de psicologia do contribuinte pode ajudar a explicar as tentativas de burlar o sistema. A oferta de servi\u00e7os de baixa qualidade pelo governo poderia estar entre os fatores. &#8220;Quando voc\u00ea v\u00ea o retorno do que voc\u00ea est\u00e1 pagando, voc\u00ea paga o imposto com maior satisfa\u00e7\u00e3o.<\/p>\n<p>A partir do momento em que o contribuinte paga um imposto e n\u00e3o v\u00ea nada em troca, a tentativa de n\u00e3o pagar \u00e9 enorme&#8221;, afirmou. Nas declara\u00e7\u00f5es feitas em 2019, o governo j\u00e1 passou a exigir a inclus\u00e3o do CPF dos dependentes de todas as idades. Para Adir, a obriga\u00e7\u00e3o reduz os riscos de fraude e facilita o trabalho da Receita. Segundo ele, o Fisco espera que haja uma estabilidade no n\u00famero de dependentes neste ano em rela\u00e7\u00e3o a 2018.<\/p>\n<p>Atualmente, \u00e9 poss\u00edvel declarar como dependente o c\u00f4njuge ou o companheiro com que o contribuinte tenha filho ou viva h\u00e1 mais de cinco anos. No caso de filhos e enteados, s\u00e3o eleg\u00edveis aqueles com at\u00e9 21 anos, ou at\u00e9 24 anos se estiverem cursando ensino superior ou t\u00e9cnico, ou a qualquer idade se forem incapacitados f\u00edsica ou mentalmente para o trabalho.<\/p>\n<p>Podem ser inclu\u00eddos irm\u00e3os, netos ou bisnetos de quem o contribuinte tenha guarda judicial, respeitando as mesmas regras de idade.<\/p>\n<p>H\u00e1 tamb\u00e9m previs\u00e3o para menor pobre de at\u00e9 21 anos que seja criado e educado pelo contribuinte, bem como pessoa considerada incapaz, da qual ele seja tutor.<\/p>\n","protected":false},"excerpt":{"rendered":"<p>Mais rigor do Fisco derruba o n\u00famero de crian\u00e7as e adolescentes na declara\u00e7\u00e3o de pessoa f\u00edsica Em apenas um ano, entre 2017 e 2018, cerca de 1,2 milh\u00e3o de crian\u00e7as e adolescentes desapareceram das declara\u00e7\u00f5es de IR (Imposto de Renda) captadas pela Receita Federal. Levantamento feito pelo Fisco mostra que o &#8220;sumi\u00e7o&#8221; dos jovens coincide [&hellip;]<\/p>\n","protected":false},"author":1,"featured_media":1494,"comment_status":"open","ping_status":"open","sticky":false,"template":"","format":"standard","meta":{"jetpack_post_was_ever_published":false,"_jetpack_newsletter_access":"","_jetpack_dont_email_post_to_subs":false,"_jetpack_newsletter_tier_id":0,"_jetpack_memberships_contains_paywalled_content":false,"_jetpack_memberships_contains_paid_content":false,"footnotes":"","jetpack_publicize_message":"","jetpack_publicize_feature_enabled":true,"jetpack_social_post_already_shared":true,"jetpack_social_options":{"image_generator_settings":{"template":"highway","default_image_id":0,"font":"","enabled":false},"version":2}},"categories":[677],"tags":[369,108,115,111],"class_list":["post-1798","post","type-post","status-publish","format-standard","has-post-thumbnail","hentry","category-imposto-de-renda","tag-dependente","tag-imposto","tag-irpf","tag-renda"],"jetpack_publicize_connections":[],"jetpack_featured_media_url":"https:\/\/i0.wp.com\/cfcontabil.com\/cf\/wp-content\/uploads\/2017\/02\/irpfrfb-1.jpg?fit=640%2C340&ssl=1","jetpack_sharing_enabled":true,"jetpack_shortlink":"https:\/\/wp.me\/p2wklX-t0","jetpack-related-posts":[{"id":2976,"url":"https:\/\/cfcontabil.com\/cf\/desvendando-o-dedo-duro-do-imposto-de-renda-o-cruzamento-de-informacoes\/","url_meta":{"origin":1798,"position":0},"title":"Desvendando o &#8220;dedo-duro&#8221; do Imposto de Renda: O Cruzamento de Informa\u00e7\u00f5es","author":"Ab\u00edlio Gon\u00e7alves","date":"7 de maio de 2024","format":false,"excerpt":"Voc\u00ea j\u00e1 se perguntou como a Receita Federal consegue detectar inconsist\u00eancias, omiss\u00f5es, mentiras e fraudes na declara\u00e7\u00e3o de Imposto de Renda? O segredo est\u00e1 no eficiente mecanismo de cruzamento de informa\u00e7\u00f5es. Quando voc\u00ea submete sua declara\u00e7\u00e3o de IR, todas as informa\u00e7\u00f5es fornecidas s\u00e3o minuciosamente comparadas com os dados provenientes de\u2026","rel":"","context":"Em &quot;Geral&quot;","block_context":{"text":"Geral","link":"https:\/\/cfcontabil.com\/cf\/category\/geral\/"},"img":{"alt_text":"","src":"https:\/\/i0.wp.com\/cfcontabil.com\/cf\/wp-content\/uploads\/2024\/05\/cruzamento-cfcontabil.png?fit=1200%2C675&ssl=1&resize=350%2C200","width":350,"height":200,"srcset":"https:\/\/i0.wp.com\/cfcontabil.com\/cf\/wp-content\/uploads\/2024\/05\/cruzamento-cfcontabil.png?fit=1200%2C675&ssl=1&resize=350%2C200 1x, https:\/\/i0.wp.com\/cfcontabil.com\/cf\/wp-content\/uploads\/2024\/05\/cruzamento-cfcontabil.png?fit=1200%2C675&ssl=1&resize=525%2C300 1.5x, https:\/\/i0.wp.com\/cfcontabil.com\/cf\/wp-content\/uploads\/2024\/05\/cruzamento-cfcontabil.png?fit=1200%2C675&ssl=1&resize=700%2C400 2x, https:\/\/i0.wp.com\/cfcontabil.com\/cf\/wp-content\/uploads\/2024\/05\/cruzamento-cfcontabil.png?fit=1200%2C675&ssl=1&resize=1050%2C600 3x"},"classes":[]},{"id":321,"url":"https:\/\/cfcontabil.com\/cf\/imposto-de-renda-pf-2013\/","url_meta":{"origin":1798,"position":1},"title":"Imposto de Renda PF 2013","author":"Ab\u00edlio Gon\u00e7alves","date":"20 de fevereiro de 2013","format":false,"excerpt":"Declara\u00e7\u00e3o de Ajuste do Imposto de Renda Pessoa F\u00edsica 2013 Se aproxima o dia da libera\u00e7\u00e3o do programa para elabora\u00e7\u00e3o da DIRPF 2013 (dispon\u00edvel em 25\/02 \u00e1s 8h) e o prazo para a entrega da declara\u00e7\u00e3o do exerc\u00edcio 2013 inicia em 01 de mar\u00e7o e encerra dia 30 de abril.\u2026","rel":"","context":"Em &quot;Geral&quot;","block_context":{"text":"Geral","link":"https:\/\/cfcontabil.com\/cf\/category\/geral\/"},"img":{"alt_text":"imposto de renda","src":"https:\/\/i0.wp.com\/mundoconectado.net\/wp-content\/uploads\/2013\/02\/entrega-do-imposto-de-renda.jpg?resize=350%2C200","width":350,"height":200,"srcset":"https:\/\/i0.wp.com\/mundoconectado.net\/wp-content\/uploads\/2013\/02\/entrega-do-imposto-de-renda.jpg?resize=350%2C200 1x, https:\/\/i0.wp.com\/mundoconectado.net\/wp-content\/uploads\/2013\/02\/entrega-do-imposto-de-renda.jpg?resize=525%2C300 1.5x"},"classes":[]},{"id":1205,"url":"https:\/\/cfcontabil.com\/cf\/os-dedos-duros-do-ir-que-te-fazem-cair-na-malha-fina\/","url_meta":{"origin":1798,"position":2},"title":"Os dedos-duros do IR que te fazem cair na malha fina","author":"Ab\u00edlio Gon\u00e7alves","date":"12 de abril de 2016","format":false,"excerpt":"O contribuinte que est\u00e1 obrigado a declarar o Imposto de Renda (IR) 2016 precisa ter aten\u00e7\u00e3o redobrada ao preencher alguns dados da declara\u00e7\u00e3o que \"deduram\" ao Fisco eventuais omiss\u00f5es ou inconsist\u00eancias. A cada ano, a Receita Federal exige que mais empresas e entidades enviem informa\u00e7\u00f5es sobre as movimenta\u00e7\u00f5es dos contribuintes\u2026","rel":"","context":"Em &quot;Geral&quot;","block_context":{"text":"Geral","link":"https:\/\/cfcontabil.com\/cf\/category\/geral\/"},"img":{"alt_text":"","src":"","width":0,"height":0},"classes":[]},{"id":939,"url":"https:\/\/cfcontabil.com\/cf\/imposto-de-renda-e-o-tema-do-quadro-saiba-mais-stf\/","url_meta":{"origin":1798,"position":3},"title":"Imposto de Renda \u00e9 o tema do quadro Saiba Mais &#8211; STF","author":"Ab\u00edlio Gon\u00e7alves","date":"11 de fevereiro de 2017","format":false,"excerpt":"https:\/\/www.youtube.com\/watch?v=QNQjJekLGyw O advogado tributarista Manuel Arruda J\u00fanior esclarece d\u00favidas sobre normas da Receita Federal que se aplicam \u00e0 declara\u00e7\u00e3o do tributo. Ele fala sobre a exig\u00eancia de CPF para a inclus\u00e3o de dependente acima de 14 anos e quem pode figurar como dependente na declara\u00e7\u00e3o. O tributarista explica quais as\u2026","rel":"","context":"Em &quot;Geral&quot;","block_context":{"text":"Geral","link":"https:\/\/cfcontabil.com\/cf\/category\/geral\/"},"img":{"alt_text":"","src":"https:\/\/i0.wp.com\/cfcontabil.com\/cf\/wp-content\/uploads\/2017\/02\/imposto-de-renda-2017-1.jpg?fit=640%2C365&ssl=1&resize=350%2C200","width":350,"height":200,"srcset":"https:\/\/i0.wp.com\/cfcontabil.com\/cf\/wp-content\/uploads\/2017\/02\/imposto-de-renda-2017-1.jpg?fit=640%2C365&ssl=1&resize=350%2C200 1x, https:\/\/i0.wp.com\/cfcontabil.com\/cf\/wp-content\/uploads\/2017\/02\/imposto-de-renda-2017-1.jpg?fit=640%2C365&ssl=1&resize=525%2C300 1.5x"},"classes":[]},{"id":1296,"url":"https:\/\/cfcontabil.com\/cf\/imposto-de-renda-2018-veja-13-erros-mais-comuns-na-declaracao-e-evite-cair-na-malha-fina\/","url_meta":{"origin":1798,"position":4},"title":"Imposto de Renda 2018: Veja 13 erros mais comuns na declara\u00e7\u00e3o e evite cair na malha fina","author":"Ab\u00edlio Gon\u00e7alves","date":"3 de mar\u00e7o de 2018","format":false,"excerpt":"Reportagem do G1 Esquecer de informar pens\u00e3o aliment\u00edcia, colocar cursos n\u00e3o autorizados como despesas de educa\u00e7\u00e3o para deduzir imposto e at\u00e9 erros de digita\u00e7\u00e3o s\u00e3o comuns; prazo para declarar at\u00e9 30 de abril Os motivos que levam algu\u00e9m a cair na malha fina s\u00e3o v\u00e1rios e v\u00e3o desde a omiss\u00e3o\u2026","rel":"","context":"Em &quot;Geral&quot;","block_context":{"text":"Geral","link":"https:\/\/cfcontabil.com\/cf\/category\/geral\/"},"img":{"alt_text":"","src":"https:\/\/i0.wp.com\/cfcontabil.com\/cf\/wp-content\/uploads\/2016\/04\/leao_do_imposto_de_renda-1.jpg?fit=620%2C345&ssl=1&resize=350%2C200","width":350,"height":200,"srcset":"https:\/\/i0.wp.com\/cfcontabil.com\/cf\/wp-content\/uploads\/2016\/04\/leao_do_imposto_de_renda-1.jpg?fit=620%2C345&ssl=1&resize=350%2C200 1x, https:\/\/i0.wp.com\/cfcontabil.com\/cf\/wp-content\/uploads\/2016\/04\/leao_do_imposto_de_renda-1.jpg?fit=620%2C345&ssl=1&resize=525%2C300 1.5x"},"classes":[]},{"id":2112,"url":"https:\/\/cfcontabil.com\/cf\/contribuintes-podem-baixar-programa-do-imposto-de-renda-2020-nesta-quinta-feira-20\/","url_meta":{"origin":1798,"position":5},"title":"Contribuintes podem baixar programa do Imposto de Renda 2020 nesta quinta-feira (20)","author":"Ab\u00edlio Gon\u00e7alves","date":"20 de fevereiro de 2020","format":false,"excerpt":"Receita Federal espera receber 32 milh\u00f5es de declara\u00e7\u00f5es de pessoas f\u00edsicas https:\/\/www.youtube.com\/watch?v=UpwbSoIuHaA&feature=youtu.be Contribuinte que atrasar a entrega do IRPF 2020 pagar\u00e1 multa de 1% sobre o imposto devido ao m\u00eas. O valor m\u00ednimo \u00e9 de R$ 165,74. - Foto: Secom\/PR Apartir das 8h desta quinta-feira (20), contribuintes poder\u00e3o baixar o\u2026","rel":"","context":"Em &quot;Departamento Fiscal&quot;","block_context":{"text":"Departamento Fiscal","link":"https:\/\/cfcontabil.com\/cf\/category\/df\/"},"img":{"alt_text":"","src":"https:\/\/i0.wp.com\/cfcontabil.com\/cf\/wp-content\/uploads\/2020\/02\/IRPF-regras-youtube.jpeg?fit=1200%2C675&ssl=1&resize=350%2C200","width":350,"height":200,"srcset":"https:\/\/i0.wp.com\/cfcontabil.com\/cf\/wp-content\/uploads\/2020\/02\/IRPF-regras-youtube.jpeg?fit=1200%2C675&ssl=1&resize=350%2C200 1x, https:\/\/i0.wp.com\/cfcontabil.com\/cf\/wp-content\/uploads\/2020\/02\/IRPF-regras-youtube.jpeg?fit=1200%2C675&ssl=1&resize=525%2C300 1.5x, https:\/\/i0.wp.com\/cfcontabil.com\/cf\/wp-content\/uploads\/2020\/02\/IRPF-regras-youtube.jpeg?fit=1200%2C675&ssl=1&resize=700%2C400 2x, https:\/\/i0.wp.com\/cfcontabil.com\/cf\/wp-content\/uploads\/2020\/02\/IRPF-regras-youtube.jpeg?fit=1200%2C675&ssl=1&resize=1050%2C600 3x"},"classes":[]}],"jetpack_likes_enabled":true,"_links":{"self":[{"href":"https:\/\/cfcontabil.com\/cf\/wp-json\/wp\/v2\/posts\/1798","targetHints":{"allow":["GET"]}}],"collection":[{"href":"https:\/\/cfcontabil.com\/cf\/wp-json\/wp\/v2\/posts"}],"about":[{"href":"https:\/\/cfcontabil.com\/cf\/wp-json\/wp\/v2\/types\/post"}],"author":[{"embeddable":true,"href":"https:\/\/cfcontabil.com\/cf\/wp-json\/wp\/v2\/users\/1"}],"replies":[{"embeddable":true,"href":"https:\/\/cfcontabil.com\/cf\/wp-json\/wp\/v2\/comments?post=1798"}],"version-history":[{"count":1,"href":"https:\/\/cfcontabil.com\/cf\/wp-json\/wp\/v2\/posts\/1798\/revisions"}],"predecessor-version":[{"id":1799,"href":"https:\/\/cfcontabil.com\/cf\/wp-json\/wp\/v2\/posts\/1798\/revisions\/1799"}],"wp:featuredmedia":[{"embeddable":true,"href":"https:\/\/cfcontabil.com\/cf\/wp-json\/wp\/v2\/media\/1494"}],"wp:attachment":[{"href":"https:\/\/cfcontabil.com\/cf\/wp-json\/wp\/v2\/media?parent=1798"}],"wp:term":[{"taxonomy":"category","embeddable":true,"href":"https:\/\/cfcontabil.com\/cf\/wp-json\/wp\/v2\/categories?post=1798"},{"taxonomy":"post_tag","embeddable":true,"href":"https:\/\/cfcontabil.com\/cf\/wp-json\/wp\/v2\/tags?post=1798"}],"curies":[{"name":"wp","href":"https:\/\/api.w.org\/{rel}","templated":true}]}}