{"id":1800,"date":"2019-10-22T05:00:55","date_gmt":"2019-10-22T08:00:55","guid":{"rendered":"http:\/\/cfcontabil.com\/cf\/?p=1800"},"modified":"2019-10-21T13:48:41","modified_gmt":"2019-10-21T16:48:41","slug":"fgts-divergencias-no-cadastro-do-trabalhador-podem-impedir-saque-imediato-de-ate-r-500","status":"publish","type":"post","link":"https:\/\/cfcontabil.com\/cf\/fgts-divergencias-no-cadastro-do-trabalhador-podem-impedir-saque-imediato-de-ate-r-500\/","title":{"rendered":"FGTS: Diverg\u00eancias no cadastro do trabalhador podem impedir saque imediato de at\u00e9 R$ 500"},"content":{"rendered":"<h2 class=\"chamada\">Dentre as principais diverg\u00eancias est\u00e1 o cadastro do n\u00famero errado do PIS, abrevia\u00e7\u00e3o err\u00f4nea no nome e at\u00e9 mesmo o nome completo. Saiba como solucionar!<\/h2>\n<p><a href=\"https:\/\/i0.wp.com\/cfcontabil.com\/cf\/wp-content\/uploads\/2016\/03\/FGTS-1.jpg\"><img data-recalc-dims=\"1\" fetchpriority=\"high\" decoding=\"async\" data-attachment-id=\"715\" data-permalink=\"https:\/\/cfcontabil.com\/cf\/recebeu-uma-notificacao-de-debito-do-fgts-o-que-fazer\/fgts\/\" data-orig-file=\"https:\/\/i0.wp.com\/cfcontabil.com\/cf\/wp-content\/uploads\/2016\/03\/FGTS-1.jpg?fit=715%2C270&amp;ssl=1\" data-orig-size=\"715,270\" data-comments-opened=\"1\" data-image-meta=\"{&quot;aperture&quot;:&quot;0&quot;,&quot;credit&quot;:&quot;&quot;,&quot;camera&quot;:&quot;&quot;,&quot;caption&quot;:&quot;&quot;,&quot;created_timestamp&quot;:&quot;0&quot;,&quot;copyright&quot;:&quot;&quot;,&quot;focal_length&quot;:&quot;0&quot;,&quot;iso&quot;:&quot;0&quot;,&quot;shutter_speed&quot;:&quot;0&quot;,&quot;title&quot;:&quot;&quot;,&quot;orientation&quot;:&quot;1&quot;}\" data-image-title=\"FGTS\" data-image-description=\"\" data-image-caption=\"\" data-large-file=\"https:\/\/i0.wp.com\/cfcontabil.com\/cf\/wp-content\/uploads\/2016\/03\/FGTS-1.jpg?fit=715%2C270&amp;ssl=1\" class=\"aligncenter size-full wp-image-715\" src=\"https:\/\/i0.wp.com\/cfcontabil.com\/cf\/wp-content\/uploads\/2016\/03\/FGTS-1.jpg?resize=715%2C270\" alt=\"\" width=\"715\" height=\"270\" srcset=\"https:\/\/i0.wp.com\/cfcontabil.com\/cf\/wp-content\/uploads\/2016\/03\/FGTS-1.jpg?w=715&amp;ssl=1 715w, https:\/\/i0.wp.com\/cfcontabil.com\/cf\/wp-content\/uploads\/2016\/03\/FGTS-1.jpg?resize=300%2C113&amp;ssl=1 300w, https:\/\/i0.wp.com\/cfcontabil.com\/cf\/wp-content\/uploads\/2016\/03\/FGTS-1.jpg?resize=370%2C140&amp;ssl=1 370w\" sizes=\"(max-width: 715px) 100vw, 715px\" \/><\/a><\/p>\n<p>O pr\u00f3ximo lote referente ao&nbsp;<strong>saque imediato<\/strong>&nbsp;de at\u00e9 R$ 500 de contas ativas e inativas do&nbsp;<strong>FGTS<\/strong>&nbsp;ser\u00e1 liberado amanh\u00e3, 18. Esse ser\u00e1 o primeiro lote destinado aos trabalhadores que n\u00e3o possuem conta na&nbsp;<strong>Caixa Econ\u00f4mica Federal<\/strong>, pago inicialmente para os nascidos em janeiro.<\/p>\n<p>Com isso, \u00e9 de suma import\u00e2ncia que esses trabalhadores utilizem o dia de hoje, 17, para resolver poss\u00edveis pend\u00eancias no cadastro do FGTS, com o intuito de garantir o saque de at\u00e9 R$ 500 por conta. Ao tentar consultar o saldo dispon\u00edvel para a retirada, j\u00e1 ser\u00e1 poss\u00edvel descobrir se h\u00e1 alguma pend\u00eancia.<\/p>\n<p>De acordo com a Caixa, as principais diverg\u00eancias cadastrais s\u00e3o causadas por erros no preenchimento da data de nascimento, nome completo e diverg\u00eancia entre nome de solteiro e casado. Al\u00e9m disso, \u00e9 muito comum tamb\u00e9m que algum n\u00famero do<strong>&nbsp;cadastro do PIS<\/strong>&nbsp;esteja errado, ou por vezes, tenha sido inserido repetidamente.<\/p>\n<h3>Como solucionar as pend\u00eancias<\/h3>\n<p>Em informa\u00e7\u00f5es liberadas pela estatal, grande parte das diverg\u00eancias podem ser resolvidas na pr\u00f3pria ag\u00eancia. Entretanto, \u00e9 poss\u00edvel que o trabalhador seja orientado a solicitar as corre\u00e7\u00f5es com o empregador. Este \u00e9 o caso do lan\u00e7amento errado do n\u00famero do PIS no sistema da empresa na qual trabalha ou trabalhava.<\/p>\n<p>Para solucionar as diverg\u00eancias nas ag\u00eancias da estatal, ser\u00e1 necess\u00e1rio portar consigo os documentos originais e c\u00f3pias de todos os documentos que possam ajudar na corre\u00e7\u00e3o do cadastro. Dentre eles est\u00e1 o CPF, certid\u00e3o de casamento, carteira de trabalho e RG.<\/p>\n<p>Al\u00e9m disso, \u00e9 de suma import\u00e2ncia tirar c\u00f3pias das p\u00e1ginas da carteira de trabalho que possuam suas informa\u00e7\u00f5es. Dentre elas o n\u00famero de inscri\u00e7\u00e3o do PIS, anota\u00e7\u00e3o do v\u00ednculo empregat\u00edcio e escolha pelo FGTS. Assim que o cadastro for realizado, a Caixa possui at\u00e9 cinco dias \u00fateis para liberar os recursos dos trabalhadores que j\u00e1 puderem realizar o saque. No caso deste m\u00eas, os trabalhadores nascidos em janeiro.<\/p>\n<h3>Exemplos de diverg\u00eancias<\/h3>\n<p>Para tornar mais claro ao trabalhador quais s\u00e3o os poss\u00edveis erros no cadastro do FGTS, listaremos abaixo alguns exemplos.<\/p>\n<ul>\n<li><strong>Nome errado:<\/strong>&nbsp;Iasmin x Yasmin;<\/li>\n<li><strong>Abrevia\u00e7\u00e3o do Nome:<\/strong>&nbsp;Maria Ap. Machado Silva;<\/li>\n<li><strong>Nome de solteira e nome de casada em diferentes documentos:<\/strong>&nbsp;Maria Ap. Machado x Maria Ap. Machado Silva.<\/li>\n<\/ul>\n<p>Al\u00e9m disso, \u00e9 poss\u00edvel que, caso o trabalhador n\u00e3o saiba ou n\u00e3o tenha informado \u00e0 empresa j\u00e1 possuir um cadastro no PIS, a empresa tenha realizado uma nova inscri\u00e7\u00e3o. Neste caso, ser\u00e1 necess\u00e1rio que o trabalhador pe\u00e7a a unifica\u00e7\u00e3o das inscri\u00e7\u00f5es em apenas uma.<\/p>\n","protected":false},"excerpt":{"rendered":"<p>Dentre as principais diverg\u00eancias est\u00e1 o cadastro do n\u00famero errado do PIS, abrevia\u00e7\u00e3o err\u00f4nea no nome e at\u00e9 mesmo o nome completo. Saiba como solucionar! O pr\u00f3ximo lote referente ao&nbsp;saque imediato&nbsp;de at\u00e9 R$ 500 de contas ativas e inativas do&nbsp;FGTS&nbsp;ser\u00e1 liberado amanh\u00e3, 18. Esse ser\u00e1 o primeiro lote destinado aos trabalhadores que n\u00e3o possuem conta [&hellip;]<\/p>\n","protected":false},"author":1,"featured_media":695,"comment_status":"open","ping_status":"open","sticky":false,"template":"","format":"standard","meta":{"jetpack_post_was_ever_published":false,"_jetpack_newsletter_access":"","_jetpack_dont_email_post_to_subs":false,"_jetpack_newsletter_tier_id":0,"_jetpack_memberships_contains_paywalled_content":false,"_jetpack_memberships_contains_paid_content":false,"footnotes":"","jetpack_publicize_message":"","jetpack_publicize_feature_enabled":true,"jetpack_social_post_already_shared":true,"jetpack_social_options":{"image_generator_settings":{"template":"highway","default_image_id":0,"font":"","enabled":false},"version":2}},"categories":[29],"tags":[224,79,678,313],"class_list":["post-1800","post","type-post","status-publish","format-standard","has-post-thumbnail","hentry","category-dp","tag-divergencias","tag-fgts","tag-pendencias","tag-saque"],"jetpack_publicize_connections":[],"jetpack_featured_media_url":"https:\/\/i0.wp.com\/cfcontabil.com\/cf\/wp-content\/uploads\/2016\/03\/dinheiro-1.jpg?fit=661%2C351&ssl=1","jetpack_sharing_enabled":true,"jetpack_shortlink":"https:\/\/wp.me\/p2wklX-t2","jetpack-related-posts":[{"id":1796,"url":"https:\/\/cfcontabil.com\/cf\/comeca-nesta-sexta-18-os-saques-do-fgts-para-quem-nao-tem-conta-na-caixa\/","url_meta":{"origin":1800,"position":0},"title":"Come\u00e7a nesta sexta (18) os saques do FGTS para quem n\u00e3o tem conta na Caixa","author":"Ab\u00edlio Gon\u00e7alves","date":"18 de outubro de 2019","format":false,"excerpt":"O saque \u00e9 de at\u00e9 R$ 500 por conta. A data de in\u00edcio da retirada do dinheiro depende do m\u00eas de anivers\u00e1rio do trabalhador. A partir desta sexta-feira (18), quem n\u00e3o tem conta na Caixa Econ\u00f4mica Federal tamb\u00e9m vai poder sacar dinheiro do FGTS. S\u00e3o mais de 59 milh\u00f5es de\u2026","rel":"","context":"Em &quot;Departamento Pessoal&quot;","block_context":{"text":"Departamento Pessoal","link":"https:\/\/cfcontabil.com\/cf\/category\/dp\/"},"img":{"alt_text":"","src":"https:\/\/i0.wp.com\/cfcontabil.com\/cf\/wp-content\/uploads\/2019\/10\/fgts-parcela.jpg?fit=600%2C310&ssl=1&resize=350%2C200","width":350,"height":200,"srcset":"https:\/\/i0.wp.com\/cfcontabil.com\/cf\/wp-content\/uploads\/2019\/10\/fgts-parcela.jpg?fit=600%2C310&ssl=1&resize=350%2C200 1x, https:\/\/i0.wp.com\/cfcontabil.com\/cf\/wp-content\/uploads\/2019\/10\/fgts-parcela.jpg?fit=600%2C310&ssl=1&resize=525%2C300 1.5x"},"classes":[]},{"id":2015,"url":"https:\/\/cfcontabil.com\/cf\/governo-extingue-multa-de-10-sobre-fgts-paga-por-empresas\/","url_meta":{"origin":1800,"position":1},"title":"Governo extingue multa de 10% sobre FGTS paga por empresas","author":"Ab\u00edlio Gon\u00e7alves","date":"13 de dezembro de 2019","format":false,"excerpt":"Lei publicada no Di\u00e1rio Oficial autoriza saque-anivers\u00e1rio e traz mudan\u00e7as no Fundo, entre elas, o fim da contribui\u00e7\u00e3o em caso de demiss\u00e3o sem justa causa As empresas passar\u00e3o a pagar menos encargos em casos de demiss\u00e3o sem justa causa. A\u00a0Lei n\u00ba 13.932, publicada no DOU (Di\u00e1rio Oficial da Uni\u00e3o) nesta\u2026","rel":"","context":"Em &quot;Departamento Pessoal&quot;","block_context":{"text":"Departamento Pessoal","link":"https:\/\/cfcontabil.com\/cf\/category\/dp\/"},"img":{"alt_text":"","src":"https:\/\/i0.wp.com\/cfcontabil.com\/cf\/wp-content\/uploads\/2019\/12\/FGTS-ctps.jpg?fit=600%2C335&ssl=1&resize=350%2C200","width":350,"height":200,"srcset":"https:\/\/i0.wp.com\/cfcontabil.com\/cf\/wp-content\/uploads\/2019\/12\/FGTS-ctps.jpg?fit=600%2C335&ssl=1&resize=350%2C200 1x, https:\/\/i0.wp.com\/cfcontabil.com\/cf\/wp-content\/uploads\/2019\/12\/FGTS-ctps.jpg?fit=600%2C335&ssl=1&resize=525%2C300 1.5x"},"classes":[]},{"id":1930,"url":"https:\/\/cfcontabil.com\/cf\/mais-de-800-mil-brasileiros-optaram-por-saque-aniversario-do-fgts-para-2020\/","url_meta":{"origin":1800,"position":2},"title":"Mais de 800 mil brasileiros optaram por saque anivers\u00e1rio do FGTS para 2020","author":"Ab\u00edlio Gon\u00e7alves","date":"20 de novembro de 2019","format":false,"excerpt":"No saque anivers\u00e1rio, o trabalhador pode retirar anualmente uma parcela do saldo da conta do FGTS, o que permitir\u00e1 uma renda extra opcional Mais de 823 mil pessoas j\u00e1 optaram pelo saque anivers\u00e1rio do Fundo de Garantia do Tempo de Servi\u00e7o (FGTS) para 2020, de acordo com o secret\u00e1rio de\u2026","rel":"","context":"Em &quot;Geral&quot;","block_context":{"text":"Geral","link":"https:\/\/cfcontabil.com\/cf\/category\/geral\/"},"img":{"alt_text":"","src":"https:\/\/i0.wp.com\/cfcontabil.com\/cf\/wp-content\/uploads\/2017\/03\/FGTS1-1.jpg?fit=1200%2C702&ssl=1&resize=350%2C200","width":350,"height":200,"srcset":"https:\/\/i0.wp.com\/cfcontabil.com\/cf\/wp-content\/uploads\/2017\/03\/FGTS1-1.jpg?fit=1200%2C702&ssl=1&resize=350%2C200 1x, https:\/\/i0.wp.com\/cfcontabil.com\/cf\/wp-content\/uploads\/2017\/03\/FGTS1-1.jpg?fit=1200%2C702&ssl=1&resize=525%2C300 1.5x, https:\/\/i0.wp.com\/cfcontabil.com\/cf\/wp-content\/uploads\/2017\/03\/FGTS1-1.jpg?fit=1200%2C702&ssl=1&resize=700%2C400 2x, https:\/\/i0.wp.com\/cfcontabil.com\/cf\/wp-content\/uploads\/2017\/03\/FGTS1-1.jpg?fit=1200%2C702&ssl=1&resize=1050%2C600 3x"},"classes":[]},{"id":853,"url":"https:\/\/cfcontabil.com\/cf\/saiba-como-sacar-o-fundo-de-garantia-de-contas-inativas-do-fundo-de-garantia\/","url_meta":{"origin":1800,"position":3},"title":"Saiba como sacar o Fundo de Garantia de contas inativas do Fundo de Garantia","author":"Ab\u00edlio Gon\u00e7alves","date":"24 de janeiro de 2017","format":false,"excerpt":"Calend\u00e1rio de saques e locais para retiradas deve ser divulgado a partir de fevereiro e o saldo j\u00e1 pode ser consultado na internet. Em fevereiro, o governo federal vai divulgar um calend\u00e1rio que possibilitar\u00e1 aos trabalhadores o saque integral do Fundo de Garantia do Tempo de Servi\u00e7o (FGTS). A retirada\u2026","rel":"","context":"Em &quot;Departamento Pessoal&quot;","block_context":{"text":"Departamento Pessoal","link":"https:\/\/cfcontabil.com\/cf\/category\/dp\/"},"img":{"alt_text":"","src":"https:\/\/i0.wp.com\/cfcontabil.com\/cf\/wp-content\/uploads\/2017\/01\/fgts-inativo-1.jpg?fit=580%2C273&ssl=1&resize=350%2C200","width":350,"height":200,"srcset":"https:\/\/i0.wp.com\/cfcontabil.com\/cf\/wp-content\/uploads\/2017\/01\/fgts-inativo-1.jpg?fit=580%2C273&ssl=1&resize=350%2C200 1x, https:\/\/i0.wp.com\/cfcontabil.com\/cf\/wp-content\/uploads\/2017\/01\/fgts-inativo-1.jpg?fit=580%2C273&ssl=1&resize=525%2C300 1.5x"},"classes":[]},{"id":1229,"url":"https:\/\/cfcontabil.com\/cf\/governo-regulamenta-saque-das-contas-inativas-do-fgts-previsto-na-mp-7632016\/","url_meta":{"origin":1800,"position":4},"title":"Governo regulamenta saque das contas inativas do FGTS previsto na MP 763\/2016","author":"Ab\u00edlio Gon\u00e7alves","date":"3 de mar\u00e7o de 2017","format":false,"excerpt":"DECRETO 8.989, DE 14-2-2017 (DO-U DE 15-2-2017) \u00a0 MOVIMENTA\u00c7\u00c3O DA CONTA \u2013 Hip\u00f3teses \u00a0 Governo regulamenta saque das contas inativas do FGTS previsto na MP 763\/2016 O Ato em refer\u00eancia acrescenta os \u00a7\u00a7 9\u00ba e 10 ao artigo 35 do\u00a0Decreto 99.684, de 8-11-90, que consolida as normas relativas ao FGTS,\u2026","rel":"","context":"Em &quot;Departamento Pessoal&quot;","block_context":{"text":"Departamento Pessoal","link":"https:\/\/cfcontabil.com\/cf\/category\/dp\/"},"img":{"alt_text":"","src":"https:\/\/i0.wp.com\/cfcontabil.com\/cf\/wp-content\/uploads\/2017\/03\/FGTS1-1.jpg?fit=1200%2C702&ssl=1&resize=350%2C200","width":350,"height":200,"srcset":"https:\/\/i0.wp.com\/cfcontabil.com\/cf\/wp-content\/uploads\/2017\/03\/FGTS1-1.jpg?fit=1200%2C702&ssl=1&resize=350%2C200 1x, https:\/\/i0.wp.com\/cfcontabil.com\/cf\/wp-content\/uploads\/2017\/03\/FGTS1-1.jpg?fit=1200%2C702&ssl=1&resize=525%2C300 1.5x, https:\/\/i0.wp.com\/cfcontabil.com\/cf\/wp-content\/uploads\/2017\/03\/FGTS1-1.jpg?fit=1200%2C702&ssl=1&resize=700%2C400 2x, https:\/\/i0.wp.com\/cfcontabil.com\/cf\/wp-content\/uploads\/2017\/03\/FGTS1-1.jpg?fit=1200%2C702&ssl=1&resize=1050%2C600 3x"},"classes":[]},{"id":252,"url":"https:\/\/cfcontabil.com\/cf\/fundo-de-garantia-do-tempo-de-servico-fgts\/","url_meta":{"origin":1800,"position":5},"title":"Fundo de Garantia do Tempo de Servi\u00e7o &#8211; FGTS","author":"Juc\u00e9lia Martins","date":"6 de dezembro de 2012","format":false,"excerpt":"Oi pessoal! Como est\u00e3o? Animados para as festas de final de ano? \u00a0 Muitas pessoas me perguntam como sacar o FGTS, ent\u00e3o resolvi colocar algumas informa\u00e7\u00f5es aqui. \u00a0 Voc\u00ea sabe o que \u00e9 FGTS? O FGTS foi institu\u00eddo pela Lei n\u00ba 5.107, de 13\/09\/66 e \u00a0regulamentado pelo Decreto n\u00ba 59.820,\u2026","rel":"","context":"Em &quot;Geral&quot;","block_context":{"text":"Geral","link":"https:\/\/cfcontabil.com\/cf\/category\/geral\/"},"img":{"alt_text":"","src":"https:\/\/i0.wp.com\/www.fgts.gov.br\/resources\/logofgts_v2.jpg?resize=350%2C200","width":350,"height":200},"classes":[]}],"jetpack_likes_enabled":true,"_links":{"self":[{"href":"https:\/\/cfcontabil.com\/cf\/wp-json\/wp\/v2\/posts\/1800","targetHints":{"allow":["GET"]}}],"collection":[{"href":"https:\/\/cfcontabil.com\/cf\/wp-json\/wp\/v2\/posts"}],"about":[{"href":"https:\/\/cfcontabil.com\/cf\/wp-json\/wp\/v2\/types\/post"}],"author":[{"embeddable":true,"href":"https:\/\/cfcontabil.com\/cf\/wp-json\/wp\/v2\/users\/1"}],"replies":[{"embeddable":true,"href":"https:\/\/cfcontabil.com\/cf\/wp-json\/wp\/v2\/comments?post=1800"}],"version-history":[{"count":2,"href":"https:\/\/cfcontabil.com\/cf\/wp-json\/wp\/v2\/posts\/1800\/revisions"}],"predecessor-version":[{"id":1807,"href":"https:\/\/cfcontabil.com\/cf\/wp-json\/wp\/v2\/posts\/1800\/revisions\/1807"}],"wp:featuredmedia":[{"embeddable":true,"href":"https:\/\/cfcontabil.com\/cf\/wp-json\/wp\/v2\/media\/695"}],"wp:attachment":[{"href":"https:\/\/cfcontabil.com\/cf\/wp-json\/wp\/v2\/media?parent=1800"}],"wp:term":[{"taxonomy":"category","embeddable":true,"href":"https:\/\/cfcontabil.com\/cf\/wp-json\/wp\/v2\/categories?post=1800"},{"taxonomy":"post_tag","embeddable":true,"href":"https:\/\/cfcontabil.com\/cf\/wp-json\/wp\/v2\/tags?post=1800"}],"curies":[{"name":"wp","href":"https:\/\/api.w.org\/{rel}","templated":true}]}}