{"id":1802,"date":"2019-10-21T12:30:39","date_gmt":"2019-10-21T15:30:39","guid":{"rendered":"http:\/\/cfcontabil.com\/cf\/?p=1802"},"modified":"2019-10-18T08:35:20","modified_gmt":"2019-10-18T11:35:20","slug":"cobrancas-do-fgts-so-poderao-ser-feitas-para-dividas-de-ate-5-anos","status":"publish","type":"post","link":"https:\/\/cfcontabil.com\/cf\/cobrancas-do-fgts-so-poderao-ser-feitas-para-dividas-de-ate-5-anos\/","title":{"rendered":"Cobran\u00e7as do FGTS s\u00f3 poder\u00e3o ser feitas para d\u00edvidas de at\u00e9 5 anos"},"content":{"rendered":"<h2 class=\"chamada\">Uma medida aprovada em 2014 pelo STF reduziu o prazo de cobran\u00e7a de 30 anos para cinco anos. Atualmente, mais de 220 mil empresas est\u00e3o devendo.<\/h2>\n<p><a href=\"https:\/\/i0.wp.com\/cfcontabil.com\/cf\/wp-content\/uploads\/2019\/10\/STF-TRIBUNAL.jpg\"><img data-recalc-dims=\"1\" fetchpriority=\"high\" decoding=\"async\" data-attachment-id=\"1804\" data-permalink=\"https:\/\/cfcontabil.com\/cf\/cobrancas-do-fgts-so-poderao-ser-feitas-para-dividas-de-ate-5-anos\/stf-tribunal\/\" data-orig-file=\"https:\/\/i0.wp.com\/cfcontabil.com\/cf\/wp-content\/uploads\/2019\/10\/STF-TRIBUNAL.jpg?fit=284%2C177&amp;ssl=1\" data-orig-size=\"284,177\" data-comments-opened=\"1\" data-image-meta=\"{&quot;aperture&quot;:&quot;0&quot;,&quot;credit&quot;:&quot;&quot;,&quot;camera&quot;:&quot;&quot;,&quot;caption&quot;:&quot;&quot;,&quot;created_timestamp&quot;:&quot;0&quot;,&quot;copyright&quot;:&quot;&quot;,&quot;focal_length&quot;:&quot;0&quot;,&quot;iso&quot;:&quot;0&quot;,&quot;shutter_speed&quot;:&quot;0&quot;,&quot;title&quot;:&quot;&quot;,&quot;orientation&quot;:&quot;0&quot;}\" data-image-title=\"STF TRIBUNAL\" data-image-description=\"\" data-image-caption=\"\" data-large-file=\"https:\/\/i0.wp.com\/cfcontabil.com\/cf\/wp-content\/uploads\/2019\/10\/STF-TRIBUNAL.jpg?fit=284%2C177&amp;ssl=1\" class=\"aligncenter size-full wp-image-1804\" src=\"https:\/\/i0.wp.com\/cfcontabil.com\/cf\/wp-content\/uploads\/2019\/10\/STF-TRIBUNAL.jpg?resize=284%2C177\" alt=\"\" width=\"284\" height=\"177\" \/><\/a><\/p>\n<p>A partir de novembro, o trabalhador s\u00f3 poder\u00e1 entrar na Justi\u00e7a do Trabalho para cobrar pend\u00eancias do<strong>\u00a0Fundo de Garantia do Tempo de Servi\u00e7o (FGTS)<\/strong>\u00a0dos \u00faltimos cinco anos. A mudan\u00e7a se d\u00e1 devido a um julgamento do Supremo Tribunal Federal (STF) em 2014, no qual o ministro Gilmar Mendes reduziu o per\u00edodo de 30 anos para apenas cinco anos.<\/p>\n<p>A justificativa da Corte \u00e9 de que os atrasados do FGTS a serem pagos deveriam seguir o mesmo limite fixado para as demais quest\u00f5es trabalhistas. Al\u00e9m disso, foi estabelecido que as regras passassem a valer a partir do dia 12 de novembro deste ano.<\/p>\n<p>A mudan\u00e7a foi proposta ap\u00f3s uma a\u00e7\u00e3o movida pelo Banco do Brasil contra o ac\u00f3rd\u00e3o do Tribunal Superior do Trabalho (TST), que reconheceu o prazo prescricional de 30 anos referente a cobran\u00e7a de valores n\u00e3o pagos ao FGTS. Ap\u00f3s an\u00e1lise realizada pelo Supremo, foi declarada a inconstitucionalidade de normas que estabeleciam a prescri\u00e7\u00e3o em 30 anos.<\/p>\n<h3>Empresas devem R$ 32 bilh\u00f5es aos trabalhadores<\/h3>\n<p>O recolhimento do FGTS \u00e9 referente a 8% do valor pago pelo sal\u00e1rio do trabalhador, realizado pelo empregador. Mesmo que as empresas sejam obrigadas a depositarem os valores referentes ao FGTS, diversas delas deixam de creditar os recursos nas contas de seus colaboradores.<\/p>\n<p>De acordo com a lei, as empresas possuem at\u00e9 o dia 7 de cada m\u00eas para realizar os dep\u00f3sitos nas contas do FGTS da Caixa, em nome dos empregados que possuem carteira assinada pela empresa. Al\u00e9m disso, o fundo n\u00e3o pode ser descontado do sal\u00e1rio, visto que \u00e9 uma obriga\u00e7\u00e3o do empregador, prevista em lei.<\/p>\n<p>Em um levantamento realizado pela Procuradoria-Geral da Fazenda, 228 mil empresas possuem d\u00edvidas relacionadas ao n\u00e3o pagamento do FGTS. Ao somar as d\u00edvidas, o valor chega a R$ 32 bilh\u00f5es. Entretanto, grande parte dos d\u00e9bitos s\u00e3o de n\u00e3o-pagamentos de at\u00e9 30 anos.<\/p>\n<p>Com isso, s\u00e3o mais de oito milh\u00f5es de trabalhadores que possuem recursos inferiores ao devido no FGTS devido ao n\u00e3o dep\u00f3sito por parte de seus patr\u00f5es.<\/p>\n<p>Al\u00e9m disso, a d\u00edvida afeta tamb\u00e9m o c\u00e1lculo da multa rescis\u00f3ria de 40% em caso de demiss\u00e3o sem justa causa. Com ela, o trabalhador recebe 40% do total de dep\u00f3sitos no FGTS feitos pelo empregador na conta referente ao contrato de trabalho. Sendo assim, ao n\u00e3o possuir registro de todos os dep\u00f3sitos, o trabalhador receber\u00e1 menos que o devido em caso de demiss\u00e3o.<\/p>\n","protected":false},"excerpt":{"rendered":"<p>Uma medida aprovada em 2014 pelo STF reduziu o prazo de cobran\u00e7a de 30 anos para cinco anos. Atualmente, mais de 220 mil empresas est\u00e3o devendo. A partir de novembro, o trabalhador s\u00f3 poder\u00e1 entrar na Justi\u00e7a do Trabalho para cobrar pend\u00eancias do\u00a0Fundo de Garantia do Tempo de Servi\u00e7o (FGTS)\u00a0dos \u00faltimos cinco anos. A mudan\u00e7a [&hellip;]<\/p>\n","protected":false},"author":1,"featured_media":1803,"comment_status":"open","ping_status":"open","sticky":false,"template":"","format":"standard","meta":{"jetpack_post_was_ever_published":false,"_jetpack_newsletter_access":"","_jetpack_dont_email_post_to_subs":false,"_jetpack_newsletter_tier_id":0,"_jetpack_memberships_contains_paywalled_content":false,"_jetpack_memberships_contains_paid_content":false,"footnotes":"","jetpack_publicize_message":"","jetpack_publicize_feature_enabled":true,"jetpack_social_post_already_shared":true,"jetpack_social_options":{"image_generator_settings":{"template":"highway","default_image_id":0,"font":"","enabled":false},"version":2}},"categories":[29],"tags":[363,79,165],"class_list":["post-1802","post","type-post","status-publish","format-standard","has-post-thumbnail","hentry","category-dp","tag-cobranca","tag-fgts","tag-trabalhador"],"jetpack_publicize_connections":[],"jetpack_featured_media_url":"https:\/\/i0.wp.com\/cfcontabil.com\/cf\/wp-content\/uploads\/2019\/10\/FGTS-TRABALHADOR-AGENCIA.jpg?fit=1200%2C1006&ssl=1","jetpack_sharing_enabled":true,"jetpack_shortlink":"https:\/\/wp.me\/p2wklX-t4","jetpack-related-posts":[{"id":2015,"url":"https:\/\/cfcontabil.com\/cf\/governo-extingue-multa-de-10-sobre-fgts-paga-por-empresas\/","url_meta":{"origin":1802,"position":0},"title":"Governo extingue multa de 10% sobre FGTS paga por empresas","author":"Ab\u00edlio Gon\u00e7alves","date":"13 de dezembro de 2019","format":false,"excerpt":"Lei publicada no Di\u00e1rio Oficial autoriza saque-anivers\u00e1rio e traz mudan\u00e7as no Fundo, entre elas, o fim da contribui\u00e7\u00e3o em caso de demiss\u00e3o sem justa causa As empresas passar\u00e3o a pagar menos encargos em casos de demiss\u00e3o sem justa causa. A\u00a0Lei n\u00ba 13.932, publicada no DOU (Di\u00e1rio Oficial da Uni\u00e3o) nesta\u2026","rel":"","context":"Em &quot;Departamento Pessoal&quot;","block_context":{"text":"Departamento Pessoal","link":"https:\/\/cfcontabil.com\/cf\/category\/dp\/"},"img":{"alt_text":"","src":"https:\/\/i0.wp.com\/cfcontabil.com\/cf\/wp-content\/uploads\/2019\/12\/FGTS-ctps.jpg?fit=600%2C335&ssl=1&resize=350%2C200","width":350,"height":200,"srcset":"https:\/\/i0.wp.com\/cfcontabil.com\/cf\/wp-content\/uploads\/2019\/12\/FGTS-ctps.jpg?fit=600%2C335&ssl=1&resize=350%2C200 1x, https:\/\/i0.wp.com\/cfcontabil.com\/cf\/wp-content\/uploads\/2019\/12\/FGTS-ctps.jpg?fit=600%2C335&ssl=1&resize=525%2C300 1.5x"},"classes":[]},{"id":1228,"url":"https:\/\/cfcontabil.com\/cf\/quase-200-mil-empresas-devem-fgts-de-empregados-e-ex-funcionarios\/","url_meta":{"origin":1802,"position":1},"title":"Quase 200 mil empresas devem FGTS de empregados e ex-funcion\u00e1rios","author":"Ab\u00edlio Gon\u00e7alves","date":"2 de mar\u00e7o de 2017","format":false,"excerpt":"Cerca de 7 milh\u00f5es de trabalhadores n\u00e3o tiveram dep\u00f3sitos do Fundo de Garantia do Tempo de Servi\u00e7o (FGTS), incluindo contas ativas e inativas, feitos corretamente pelos seus empregadores. S\u00e3o 198,7 mil empresas devedoras de dep\u00f3sitos de FGTS, segundo informa\u00e7\u00f5es da Procuradoria-Geral da Fazenda Nacional (PGFN), \u00f3rg\u00e3o vinculado ao Minist\u00e9rio da\u2026","rel":"","context":"Em &quot;Departamento Pessoal&quot;","block_context":{"text":"Departamento Pessoal","link":"https:\/\/cfcontabil.com\/cf\/category\/dp\/"},"img":{"alt_text":"","src":"https:\/\/i0.wp.com\/cfcontabil.com\/cf\/wp-content\/uploads\/2016\/03\/FGTS-1.jpg?fit=715%2C270&ssl=1&resize=350%2C200","width":350,"height":200,"srcset":"https:\/\/i0.wp.com\/cfcontabil.com\/cf\/wp-content\/uploads\/2016\/03\/FGTS-1.jpg?fit=715%2C270&ssl=1&resize=350%2C200 1x, https:\/\/i0.wp.com\/cfcontabil.com\/cf\/wp-content\/uploads\/2016\/03\/FGTS-1.jpg?fit=715%2C270&ssl=1&resize=525%2C300 1.5x, https:\/\/i0.wp.com\/cfcontabil.com\/cf\/wp-content\/uploads\/2016\/03\/FGTS-1.jpg?fit=715%2C270&ssl=1&resize=700%2C400 2x"},"classes":[]},{"id":1778,"url":"https:\/\/cfcontabil.com\/cf\/criterios-de-parcelamento-de-debitos-de-contribuicoes-devidas-ao-fgts\/","url_meta":{"origin":1802,"position":2},"title":"Crit\u00e9rios de Parcelamento de D\u00e9bitos de Contribui\u00e7\u00f5es Devidas ao FGTS","author":"Ab\u00edlio Gon\u00e7alves","date":"18 de outubro de 2019","format":false,"excerpt":"O CODEFAT estabeleceu, atrav\u00e9s da\u00a0Resolu\u00e7\u00e3o CC-FGTS 940\/2019, as normas para parcelamento de d\u00e9bito de contribui\u00e7\u00f5es devidas ao\u00a0FGTS\u00a0e modelo de apresenta\u00e7\u00e3o de informa\u00e7\u00f5es da carteira de cr\u00e9ditos do\u00a0FGTS. Os parcelamentos de d\u00e9bitos, inclusive aqueles realizados por meio eletr\u00f4nico, ser\u00e3o operacionalizados pelo Agente Operador, em nome da Secretaria de Trabalho ou em\u2026","rel":"","context":"Em &quot;Departamento Pessoal&quot;","block_context":{"text":"Departamento Pessoal","link":"https:\/\/cfcontabil.com\/cf\/category\/dp\/"},"img":{"alt_text":"","src":"https:\/\/i0.wp.com\/cfcontabil.com\/cf\/wp-content\/uploads\/2019\/10\/fgts-online.jpg?fit=739%2C415&ssl=1&resize=350%2C200","width":350,"height":200,"srcset":"https:\/\/i0.wp.com\/cfcontabil.com\/cf\/wp-content\/uploads\/2019\/10\/fgts-online.jpg?fit=739%2C415&ssl=1&resize=350%2C200 1x, https:\/\/i0.wp.com\/cfcontabil.com\/cf\/wp-content\/uploads\/2019\/10\/fgts-online.jpg?fit=739%2C415&ssl=1&resize=525%2C300 1.5x, https:\/\/i0.wp.com\/cfcontabil.com\/cf\/wp-content\/uploads\/2019\/10\/fgts-online.jpg?fit=739%2C415&ssl=1&resize=700%2C400 2x"},"classes":[]},{"id":713,"url":"https:\/\/cfcontabil.com\/cf\/multa-do-fgts-pode-ameacar-trabalhadores\/","url_meta":{"origin":1802,"position":3},"title":"Multa do FGTS pode amea\u00e7ar trabalhadores","author":"Ab\u00edlio Gon\u00e7alves","date":"31 de mar\u00e7o de 2016","format":false,"excerpt":"Manter um colaborar por mais de 30 anos pode render um \u201cpr\u00eamio\u201d amargo para as empresas brasileiras. Tramita no Senado Federal um projeto de lei que visa aumentar a multa do Fundo de Garantia por Tempo de Servi\u00e7o (FGTS) em at\u00e9 15% para empresas que mantiverem funcion\u00e1rios em seus quadros\u2026","rel":"","context":"Em &quot;Consultoria Empresarial&quot;","block_context":{"text":"Consultoria Empresarial","link":"https:\/\/cfcontabil.com\/cf\/category\/consultoria\/"},"img":{"alt_text":"","src":"https:\/\/i0.wp.com\/cfcontabil.com\/cf\/wp-content\/uploads\/2016\/03\/FGTS-1.jpg?fit=715%2C270&ssl=1&resize=350%2C200","width":350,"height":200,"srcset":"https:\/\/i0.wp.com\/cfcontabil.com\/cf\/wp-content\/uploads\/2016\/03\/FGTS-1.jpg?fit=715%2C270&ssl=1&resize=350%2C200 1x, https:\/\/i0.wp.com\/cfcontabil.com\/cf\/wp-content\/uploads\/2016\/03\/FGTS-1.jpg?fit=715%2C270&ssl=1&resize=525%2C300 1.5x, https:\/\/i0.wp.com\/cfcontabil.com\/cf\/wp-content\/uploads\/2016\/03\/FGTS-1.jpg?fit=715%2C270&ssl=1&resize=700%2C400 2x"},"classes":[]},{"id":853,"url":"https:\/\/cfcontabil.com\/cf\/saiba-como-sacar-o-fundo-de-garantia-de-contas-inativas-do-fundo-de-garantia\/","url_meta":{"origin":1802,"position":4},"title":"Saiba como sacar o Fundo de Garantia de contas inativas do Fundo de Garantia","author":"Ab\u00edlio Gon\u00e7alves","date":"24 de janeiro de 2017","format":false,"excerpt":"Calend\u00e1rio de saques e locais para retiradas deve ser divulgado a partir de fevereiro e o saldo j\u00e1 pode ser consultado na internet. Em fevereiro, o governo federal vai divulgar um calend\u00e1rio que possibilitar\u00e1 aos trabalhadores o saque integral do Fundo de Garantia do Tempo de Servi\u00e7o (FGTS). A retirada\u2026","rel":"","context":"Em &quot;Departamento Pessoal&quot;","block_context":{"text":"Departamento Pessoal","link":"https:\/\/cfcontabil.com\/cf\/category\/dp\/"},"img":{"alt_text":"","src":"https:\/\/i0.wp.com\/cfcontabil.com\/cf\/wp-content\/uploads\/2017\/01\/fgts-inativo-1.jpg?fit=580%2C273&ssl=1&resize=350%2C200","width":350,"height":200,"srcset":"https:\/\/i0.wp.com\/cfcontabil.com\/cf\/wp-content\/uploads\/2017\/01\/fgts-inativo-1.jpg?fit=580%2C273&ssl=1&resize=350%2C200 1x, https:\/\/i0.wp.com\/cfcontabil.com\/cf\/wp-content\/uploads\/2017\/01\/fgts-inativo-1.jpg?fit=580%2C273&ssl=1&resize=525%2C300 1.5x"},"classes":[]},{"id":252,"url":"https:\/\/cfcontabil.com\/cf\/fundo-de-garantia-do-tempo-de-servico-fgts\/","url_meta":{"origin":1802,"position":5},"title":"Fundo de Garantia do Tempo de Servi\u00e7o &#8211; FGTS","author":"Juc\u00e9lia Martins","date":"6 de dezembro de 2012","format":false,"excerpt":"Oi pessoal! Como est\u00e3o? Animados para as festas de final de ano? \u00a0 Muitas pessoas me perguntam como sacar o FGTS, ent\u00e3o resolvi colocar algumas informa\u00e7\u00f5es aqui. \u00a0 Voc\u00ea sabe o que \u00e9 FGTS? O FGTS foi institu\u00eddo pela Lei n\u00ba 5.107, de 13\/09\/66 e \u00a0regulamentado pelo Decreto n\u00ba 59.820,\u2026","rel":"","context":"Em &quot;Geral&quot;","block_context":{"text":"Geral","link":"https:\/\/cfcontabil.com\/cf\/category\/geral\/"},"img":{"alt_text":"","src":"https:\/\/i0.wp.com\/www.fgts.gov.br\/resources\/logofgts_v2.jpg?resize=350%2C200","width":350,"height":200},"classes":[]}],"jetpack_likes_enabled":true,"_links":{"self":[{"href":"https:\/\/cfcontabil.com\/cf\/wp-json\/wp\/v2\/posts\/1802","targetHints":{"allow":["GET"]}}],"collection":[{"href":"https:\/\/cfcontabil.com\/cf\/wp-json\/wp\/v2\/posts"}],"about":[{"href":"https:\/\/cfcontabil.com\/cf\/wp-json\/wp\/v2\/types\/post"}],"author":[{"embeddable":true,"href":"https:\/\/cfcontabil.com\/cf\/wp-json\/wp\/v2\/users\/1"}],"replies":[{"embeddable":true,"href":"https:\/\/cfcontabil.com\/cf\/wp-json\/wp\/v2\/comments?post=1802"}],"version-history":[{"count":1,"href":"https:\/\/cfcontabil.com\/cf\/wp-json\/wp\/v2\/posts\/1802\/revisions"}],"predecessor-version":[{"id":1805,"href":"https:\/\/cfcontabil.com\/cf\/wp-json\/wp\/v2\/posts\/1802\/revisions\/1805"}],"wp:featuredmedia":[{"embeddable":true,"href":"https:\/\/cfcontabil.com\/cf\/wp-json\/wp\/v2\/media\/1803"}],"wp:attachment":[{"href":"https:\/\/cfcontabil.com\/cf\/wp-json\/wp\/v2\/media?parent=1802"}],"wp:term":[{"taxonomy":"category","embeddable":true,"href":"https:\/\/cfcontabil.com\/cf\/wp-json\/wp\/v2\/categories?post=1802"},{"taxonomy":"post_tag","embeddable":true,"href":"https:\/\/cfcontabil.com\/cf\/wp-json\/wp\/v2\/tags?post=1802"}],"curies":[{"name":"wp","href":"https:\/\/api.w.org\/{rel}","templated":true}]}}