{"id":1830,"date":"2019-10-30T06:30:14","date_gmt":"2019-10-30T09:30:14","guid":{"rendered":"http:\/\/cfcontabil.com\/cf\/?p=1830"},"modified":"2019-10-29T16:06:25","modified_gmt":"2019-10-29T19:06:25","slug":"o-futuro-do-profissional-de-contabilidade-e-a-inteligencia-artificial","status":"publish","type":"post","link":"https:\/\/cfcontabil.com\/cf\/o-futuro-do-profissional-de-contabilidade-e-a-inteligencia-artificial\/","title":{"rendered":"O futuro do Profissional de Contabilidade e a Intelig\u00eancia Artificial"},"content":{"rendered":"<h2 class=\"linhadeOlho\">Vivemos num tempo de grande avan\u00e7o tecnol\u00f3gico. Esse avan\u00e7o atingiu praticamente todas as \u00e1reas do conhecimento humano e em velocidade exponencial. Como ficam o contabilista e a Contabilidade nesse contexto?<\/h2>\n<p><a href=\"https:\/\/i0.wp.com\/cfcontabil.com\/cf\/wp-content\/uploads\/2019\/10\/InteligenciaArtificial.jpg\"><img data-recalc-dims=\"1\" fetchpriority=\"high\" decoding=\"async\" data-attachment-id=\"1831\" data-permalink=\"https:\/\/cfcontabil.com\/cf\/o-futuro-do-profissional-de-contabilidade-e-a-inteligencia-artificial\/inteligenciaartificial\/\" data-orig-file=\"https:\/\/i0.wp.com\/cfcontabil.com\/cf\/wp-content\/uploads\/2019\/10\/InteligenciaArtificial.jpg?fit=739%2C415&amp;ssl=1\" data-orig-size=\"739,415\" data-comments-opened=\"1\" data-image-meta=\"{&quot;aperture&quot;:&quot;0&quot;,&quot;credit&quot;:&quot;&quot;,&quot;camera&quot;:&quot;&quot;,&quot;caption&quot;:&quot;&quot;,&quot;created_timestamp&quot;:&quot;0&quot;,&quot;copyright&quot;:&quot;&quot;,&quot;focal_length&quot;:&quot;0&quot;,&quot;iso&quot;:&quot;0&quot;,&quot;shutter_speed&quot;:&quot;0&quot;,&quot;title&quot;:&quot;&quot;,&quot;orientation&quot;:&quot;0&quot;}\" data-image-title=\"InteligenciaArtificial\" data-image-description=\"\" data-image-caption=\"\" data-large-file=\"https:\/\/i0.wp.com\/cfcontabil.com\/cf\/wp-content\/uploads\/2019\/10\/InteligenciaArtificial.jpg?fit=739%2C415&amp;ssl=1\" class=\"aligncenter size-full wp-image-1831\" src=\"https:\/\/i0.wp.com\/cfcontabil.com\/cf\/wp-content\/uploads\/2019\/10\/InteligenciaArtificial.jpg?resize=739%2C415\" alt=\"\" width=\"739\" height=\"415\" srcset=\"https:\/\/i0.wp.com\/cfcontabil.com\/cf\/wp-content\/uploads\/2019\/10\/InteligenciaArtificial.jpg?w=739&amp;ssl=1 739w, https:\/\/i0.wp.com\/cfcontabil.com\/cf\/wp-content\/uploads\/2019\/10\/InteligenciaArtificial.jpg?resize=300%2C168&amp;ssl=1 300w, https:\/\/i0.wp.com\/cfcontabil.com\/cf\/wp-content\/uploads\/2019\/10\/InteligenciaArtificial.jpg?resize=370%2C208&amp;ssl=1 370w, https:\/\/i0.wp.com\/cfcontabil.com\/cf\/wp-content\/uploads\/2019\/10\/InteligenciaArtificial.jpg?resize=270%2C152&amp;ssl=1 270w\" sizes=\"(max-width: 739px) 100vw, 739px\" \/><\/a><\/p>\n<p>Vivemos num tempo de grande avan\u00e7o tecnol\u00f3gico. Esse avan\u00e7o atingiu praticamente todas as \u00e1reas do conhecimento humano e em velocidade exponencial.<br \/>\nS\u00f3 para ficarmos num \u00fanico exemplo atual, recentemente numa galeria de arte em Nova Iorque, um quadro feito por intelig\u00eancia artificial (IA) com base em algor\u00edtimo, foi vendido por U$$ 432.500,00. Fato impens\u00e1vel alguns anos atr\u00e1s, quando se pensava a arte ser exclusiva do ser humano.<br \/>\nNa ci\u00eancia cont\u00e1bil n\u00e3o poderia ser diferente. Nos \u00faltimos 25 anos observamos o grande avan\u00e7o dos softwares nos escrit\u00f3rios, mudando radicalmente a forma de trabalho dos profissionais.<br \/>\nInicialmente os sistemas tinham quase que t\u00e3o somente o objetivo de substituir a escritura\u00e7\u00e3o manual pela digita\u00e7\u00e3o manual de dados. Isso significou a redu\u00e7\u00e3o de tempo com as trabalhosas e minuciosas escritas comerciais e logo a caneta tinteiro e a boa caligrafia foram substitu\u00eddas pelo teclado e o mouse.<br \/>\nEssa simples mudan\u00e7a de meio f\u00edsico para o digital significou ganho de efici\u00eancia no trabalho de escrit\u00f3rios e a demiss\u00e3o de muitos que ganhavam a vida como simples escritur\u00e1rios.<br \/>\nAlguns mais atentos, procuraram &#8220;acompanhar a onda&#8221; e fizeram cursos de inform\u00e1tica, de digita\u00e7\u00e3o, de uso de planilhas e editores de textos eletr\u00f4nicos. Com isso esses mais atentos conseguiram sobreviver \u00e0 essa &#8220;sele\u00e7\u00e3o natural&#8221; inicial.<br \/>\nMas e agora, o que nos reserva o futuro? Alguns dizem que em pouco tempo o\u00a0<a class=\"classtermo\" href=\"https:\/\/www.contabeis.com.br\/termos-contabeis\/contador\/\">contador<\/a>\u00a0ser\u00e1 extinto, porque os computadores com seus softwares, calcular\u00e3o e registrar\u00e3o os fatos de forma autom\u00e1tica e r\u00e1pida.<br \/>\nCita-se como exemplo o recente advento das famosas contabilidades on line de baixo custo, que costumo chamar em tom jocoso de &#8220;contabilidade por R$ 1,99&#8221;, em alus\u00e3o as famosas lojinhas de R$ 1,99 que se proliferaram pelo Brasil em tempos recentes.<br \/>\nMas, ser\u00e1 isso mesmo? N\u00f3s contabilistas seremos substitu\u00eddos pela intelig\u00eancia artificial?<br \/>\nBom, vamos analisar melhor os fatos e nossa profiss\u00e3o. A primeira coisa positiva que podemos observar \u00e9 que em nenhum momento fala-se na extin\u00e7\u00e3o da ci\u00eancia cont\u00e1bil. Essa persiste na humanidade desde os tempos pr\u00e9-hist\u00f3ricos. Sem ela as entidades n\u00e3o tem como mensurar as varia\u00e7\u00f5es patrimoniais e econ\u00f4micas. Isso j\u00e1 \u00e9 um alento.<br \/>\nOutro ponto interessante \u00e9 que esses &#8220;futurologistas&#8221; reduzem as atribui\u00e7\u00f5es do profissional de\u00a0<a class=\"classtermo\" href=\"https:\/\/www.contabeis.com.br\/termos-contabeis\/contabilidade\/\">contabilidade<\/a>\u00a0\u00e0 apenas fun\u00e7\u00f5es burocr\u00e1ticas e que naturalmente podem ser sim, substitu\u00eddas com grande ganho de efici\u00eancia pela intelig\u00eancia artificial. Inclusive \u00e9 disso que se valem as contabilidades de custo inferior a R$ 100,00. Mas ser\u00e1 a fun\u00e7\u00e3o do contabilista apenas digitar e calcular? \u00c9 a\u00a0<a class=\"classtermo\" href=\"https:\/\/www.contabeis.com.br\/termos-contabeis\/contabilidade\/\">contabilidade<\/a>\u00a0uma ci\u00eancia exata e por isso facilmente substitu\u00edvel?<br \/>\nN\u00e3o, a\u00a0<a class=\"classtermo\" href=\"https:\/\/www.contabeis.com.br\/termos-contabeis\/contabilidade\/\">contabilidade<\/a>\u00a0n\u00e3o \u00e9 uma ci\u00eancia exata. Ela se vale da matem\u00e1tica como ferramenta, mas n\u00e3o \u00e9 uma ci\u00eancia irm\u00e3. A\u00a0<a class=\"classtermo\" href=\"https:\/\/www.contabeis.com.br\/termos-contabeis\/contabilidade\/\">contabilidade<\/a>\u00a0\u00e9 uma ci\u00eancia humana e como tal possui peculiaridades que variam de forma n\u00e3o t\u00e3o objetiva como nas ci\u00eancias exatas. Mas mesmo em rela\u00e7\u00e3o \u00e0 \u00e1rea das exatas, interessante destacar que a intelig\u00eancia artificial n\u00e3o extinguiu os matem\u00e1ticos e f\u00edsicos. As calculadoras, os softwares n\u00e3o acabaram com os profissionais. Esses ganharam tempo para expandir seus conhecimentos e evoluir suas ci\u00eancias.<br \/>\nDa mesma maneira, o contabilista tem potencial de atua\u00e7\u00e3o bem mais amplo. At\u00e9 mesmo em rela\u00e7\u00e3o aos impostos, citados por alguns como sendo perfeitamente substitu\u00edvel pela IA. Acontece caro leitor, que em pa\u00edses como o nosso, muita das vezes a parte mais f\u00e1cil \u00e9 o c\u00e1lculo do tributo. O que realmente pode agregar valor \u00e0s entidades \u00e9 saber se com a grande confus\u00e3o tribut\u00e1ria em que vivemos, se existem alternativas legais que possam reduzir esses custos. Isso chama-se na\u00a0<a class=\"classtermo\" href=\"https:\/\/www.contabeis.com.br\/termos-contabeis\/contabilidade\/\">contabilidade<\/a>\u00a0fiscal, planejamento tribut\u00e1rio. Esse planejamento n\u00e3o \u00e9 feito por computadores, pois depende muita das vezes da observa\u00e7\u00e3o humana do todo e da interpreta\u00e7\u00e3o da letra fria da lei.<br \/>\nPor outro lado temos tamb\u00e9m a subutiliza\u00e7\u00e3o do\u00a0<a class=\"classtermo\" href=\"https:\/\/www.contabeis.com.br\/termos-contabeis\/contador\/\">contador.<\/a>\u00a0Isso tanto por parte do cliente\/contratante, como por parte do pr\u00f3prio profissional. Isso mesmo, o pr\u00f3prio profissional tem parcela de culpa nesse caso. O profissional moderno, que deseja sobreviver a revolu\u00e7\u00e3o digita\/informa\u00e7\u00e3o, tem de ser mais do que foi a 30 anos. Esse profissional tem de se aproximar das decis\u00f5es estrat\u00e9gicas das empresas. Tem de mostrar valor al\u00e9m do que simplesmente emitir relat\u00f3rios padronizados com f\u00f3rmulas igualmente est\u00e1ticas, que pode atender a uma parcela de usu\u00e1rios, mas que pode n\u00e3o ser o suficiente a todos.<br \/>\nSe analisarmos pelo lado positivo, a intelig\u00eancia artificial pode at\u00e9 mesmo ser uma aliada. Ela pode automatizar processos repetitivos e liberar tempo ao profissional para se dedicar ao que realmente gera valor e resultado ao cliente. Neste momento o contabilista pode dar um salto de qualidade deixando de ser um simples gerador de relat\u00f3rios e passando a ser um verdadeiro parceiro de seu cliente em rela\u00e7\u00e3o a seu neg\u00f3cio.<br \/>\nPortanto n\u00e3o tenha medo do futuro e dos &#8220;profetas do fim&#8221;! Aproveite os novos desafios apresentados pela tecnologia para que possa renascer como um novo profissional moderno e relevante para a sociedade!<\/p>\n<p>Fontes:<\/p>\n<p>G1 &#8211; https:\/\/g1.globo.com\/pop-arte\/noticia\/2018\/10\/25\/arte-feita-por-algoritmo-e-comprada-por-r-16-milhao-em-leilao-da-christies-em-ny.ghtml<br \/>\nEl Pa\u00eds &#8211; https:\/\/brasil.elpais.com\/brasil\/2018\/11\/09\/tecnologia\/1541765605_369415.html<br \/>\nOutros artigos relacionados:<br \/>\n&#8211;\u00a0<a class=\"classtermo\" href=\"https:\/\/www.contabeis.com.br\/termos-contabeis\/sped\/\">SPED,<\/a>\u00a0o empres\u00e1rio e o\u00a0<a class=\"classtermo\" href=\"https:\/\/www.contabeis.com.br\/termos-contabeis\/contador\/\">contador.<\/a>\u00a0.. &#8211; https:\/\/www.contabeis.com.br\/artigos\/5463\/sped-o-empresario-e-o-contador\/<br \/>\n&#8211; ERP &#8211; Como a escolha correta pode influenciar positivamente seu neg\u00f3cio<br \/>\nhttps:\/\/www.contabeis.com.br\/artigos\/4903\/erp-como-a-escolha-correta-pode-influenciar-positivamente-seu-negocio\/<\/p>\n","protected":false},"excerpt":{"rendered":"<p>Vivemos num tempo de grande avan\u00e7o tecnol\u00f3gico. Esse avan\u00e7o atingiu praticamente todas as \u00e1reas do conhecimento humano e em velocidade exponencial. Como ficam o contabilista e a Contabilidade nesse contexto? Vivemos num tempo de grande avan\u00e7o tecnol\u00f3gico. Esse avan\u00e7o atingiu praticamente todas as \u00e1reas do conhecimento humano e em velocidade exponencial. S\u00f3 para ficarmos num [&hellip;]<\/p>\n","protected":false},"author":1,"featured_media":1832,"comment_status":"open","ping_status":"open","sticky":false,"template":"","format":"standard","meta":{"jetpack_post_was_ever_published":false,"_jetpack_newsletter_access":"","_jetpack_dont_email_post_to_subs":false,"_jetpack_newsletter_tier_id":0,"_jetpack_memberships_contains_paywalled_content":false,"_jetpack_memberships_contains_paid_content":false,"footnotes":"","jetpack_publicize_message":"","jetpack_publicize_feature_enabled":true,"jetpack_social_post_already_shared":true,"jetpack_social_options":{"image_generator_settings":{"template":"highway","default_image_id":0,"font":"","enabled":false},"version":2}},"categories":[69],"tags":[690,21,689,334],"class_list":["post-1830","post","type-post","status-publish","format-standard","has-post-thumbnail","hentry","category-contabilidade-2","tag-artificial","tag-contabilidade","tag-inteligencia","tag-profissional"],"jetpack_publicize_connections":[],"jetpack_featured_media_url":"https:\/\/i0.wp.com\/cfcontabil.com\/cf\/wp-content\/uploads\/2019\/10\/servi%C3%A7o_software.jpg?fit=701%2C438&ssl=1","jetpack_sharing_enabled":true,"jetpack_shortlink":"https:\/\/wp.me\/p2wklX-tw","jetpack-related-posts":[{"id":367,"url":"https:\/\/cfcontabil.com\/cf\/o-contador-na-era-tecnologica\/","url_meta":{"origin":1830,"position":0},"title":"O Contador na Era Tecnol\u00f3gica","author":"Vin\u00edcius Moizinho","date":"18 de setembro de 2013","format":false,"excerpt":"Bom dia, prezados! \u00c9 fato que a internacionaliza\u00e7\u00e3o das normas cont\u00e1beis deu ao contador outro perfil. A ultrapassada imagem que vinculada ao contador brasileiro, como sendo o guarda-livros de caneta atr\u00e1s da orelha, n\u00e3o passa hoje de folclore e caricatura. A abertura dos mercados globais tornou a Contabilidade a quarta\u2026","rel":"","context":"Em &quot;Consultoria Empresarial&quot;","block_context":{"text":"Consultoria Empresarial","link":"https:\/\/cfcontabil.com\/cf\/category\/consultoria\/"},"img":{"alt_text":"","src":"https:\/\/i0.wp.com\/www.serkat.com.br\/img\/topo\/servicos.jpg?resize=350%2C200","width":350,"height":200},"classes":[]},{"id":3435,"url":"https:\/\/cfcontabil.com\/cf\/da-automacao-a-inteligencia-o-futuro-da-contabilidade-ja-comecou\/","url_meta":{"origin":1830,"position":1},"title":"Da Automa\u00e7\u00e3o \u00e0 Intelig\u00eancia: O Futuro da Contabilidade j\u00e1 Come\u00e7ou","author":"Ab\u00edlio Gon\u00e7alves","date":"10 de setembro de 2025","format":false,"excerpt":"Na \u00faltima edi\u00e7\u00e3o do Conta Azul Con 2025, participei da palestra conduzida por Rodrigo Bogoni e Dercio Bolais, representantes da Thomson Reuters e da Dom\u00ednio. O tema n\u00e3o poderia ser mais atual: como os servi\u00e7os digitais e embarcados est\u00e3o transformando a contabilidade em uma verdadeira consultoria estrat\u00e9gica para empresas de\u2026","rel":"","context":"Em &quot;Geral&quot;","block_context":{"text":"Geral","link":"https:\/\/cfcontabil.com\/cf\/category\/geral\/"},"img":{"alt_text":"","src":"https:\/\/i0.wp.com\/cfcontabil.com\/cf\/wp-content\/uploads\/2025\/09\/conta-azul-con25.png?fit=992%2C388&ssl=1&resize=350%2C200","width":350,"height":200,"srcset":"https:\/\/i0.wp.com\/cfcontabil.com\/cf\/wp-content\/uploads\/2025\/09\/conta-azul-con25.png?fit=992%2C388&ssl=1&resize=350%2C200 1x, https:\/\/i0.wp.com\/cfcontabil.com\/cf\/wp-content\/uploads\/2025\/09\/conta-azul-con25.png?fit=992%2C388&ssl=1&resize=525%2C300 1.5x, https:\/\/i0.wp.com\/cfcontabil.com\/cf\/wp-content\/uploads\/2025\/09\/conta-azul-con25.png?fit=992%2C388&ssl=1&resize=700%2C400 2x"},"classes":[]},{"id":1587,"url":"https:\/\/cfcontabil.com\/cf\/tecnologia-e-contabilidade\/","url_meta":{"origin":1830,"position":2},"title":"Tecnologia e Contabilidade","author":"Ab\u00edlio Gon\u00e7alves","date":"16 de setembro de 2019","format":false,"excerpt":"Como surpreende o ritmo das inova\u00e7\u00f5es e a tend\u00eancia mundial com os r\u00e1pidos avan\u00e7os tecnol\u00f3gicos atualmente. \u00c9 um processo sem volta, que vislumbra um tempo novo surgindo. \u00c9 poss\u00edvel ressaltar que o impacto \u00e9 sentindo em todas as \u00e1reas de neg\u00f3cios e at\u00e9 da vida cotidiana. A evolu\u00e7\u00e3o \u00e9 um\u2026","rel":"","context":"Em &quot;Consultoria Empresarial&quot;","block_context":{"text":"Consultoria Empresarial","link":"https:\/\/cfcontabil.com\/cf\/category\/consultoria\/"},"img":{"alt_text":"","src":"https:\/\/i0.wp.com\/cfcontabil.com\/cf\/wp-content\/uploads\/2019\/09\/tecnologia-na-contabilidade-vantagens-1024x633.jpg?fit=1024%2C633&ssl=1&resize=350%2C200","width":350,"height":200,"srcset":"https:\/\/i0.wp.com\/cfcontabil.com\/cf\/wp-content\/uploads\/2019\/09\/tecnologia-na-contabilidade-vantagens-1024x633.jpg?fit=1024%2C633&ssl=1&resize=350%2C200 1x, https:\/\/i0.wp.com\/cfcontabil.com\/cf\/wp-content\/uploads\/2019\/09\/tecnologia-na-contabilidade-vantagens-1024x633.jpg?fit=1024%2C633&ssl=1&resize=525%2C300 1.5x, https:\/\/i0.wp.com\/cfcontabil.com\/cf\/wp-content\/uploads\/2019\/09\/tecnologia-na-contabilidade-vantagens-1024x633.jpg?fit=1024%2C633&ssl=1&resize=700%2C400 2x"},"classes":[]},{"id":1,"url":"https:\/\/cfcontabil.com\/cf\/seja-bem-vindo\/","url_meta":{"origin":1830,"position":3},"title":"Seja Bem Vindo! Blog da CF Cont\u00e1bil","author":"Ab\u00edlio Gon\u00e7alves","date":"3 de fevereiro de 2012","format":false,"excerpt":"NOVO SITE! O mercado cont\u00e1bil vem passando por diversas mudan\u00e7as, sendo imprescind\u00edvel maior capacita\u00e7\u00e3o por parte dos profissionais que atuam nesse seguimento. A CF Cont\u00e1bil entendendo a necessidade de manter-se atualizada, busca constantemente se aperfei\u00e7oar, tornando-se parceira de seus clientes para gerar informa\u00e7\u00f5es mais detalhadas, precisas e que sejam mais\u2026","rel":"","context":"Em &quot;Geral&quot;","block_context":{"text":"Geral","link":"https:\/\/cfcontabil.com\/cf\/category\/geral\/"},"img":{"alt_text":"","src":"","width":0,"height":0},"classes":[]},{"id":3006,"url":"https:\/\/cfcontabil.com\/cf\/contabil-summit-brasilia-2024-transformando-desafios-em-oportunidades\/","url_meta":{"origin":1830,"position":4},"title":"Cont\u00e1bil Summit Bras\u00edlia 2024: Transformando Desafios em Oportunidades\u00a0","author":"Ab\u00edlio Gon\u00e7alves","date":"22 de julho de 2024","format":false,"excerpt":"No dia 17 de julho, o audit\u00f3rio Sicoob (SIG) foi palco de um evento imperd\u00edvel para empreendedores do setor cont\u00e1bil. Organizado pelo Conselho Regional de Contabilidade do Distrito Federal (CRCDF) e SICOOB Executive, o Cont\u00e1bil Summit Bras\u00edlia reuniu grandes nomes do setor para um dia repleto de palestras sobre gest\u00e3o,\u2026","rel":"","context":"Em &quot;Contabilidade em geral&quot;","block_context":{"text":"Contabilidade em geral","link":"https:\/\/cfcontabil.com\/cf\/category\/contabilidade-2\/"},"img":{"alt_text":"","src":"https:\/\/i0.wp.com\/cfcontabil.com\/cf\/wp-content\/uploads\/2024\/07\/Contabil-Summit-Brasilia.png?fit=1200%2C602&ssl=1&resize=350%2C200","width":350,"height":200,"srcset":"https:\/\/i0.wp.com\/cfcontabil.com\/cf\/wp-content\/uploads\/2024\/07\/Contabil-Summit-Brasilia.png?fit=1200%2C602&ssl=1&resize=350%2C200 1x, https:\/\/i0.wp.com\/cfcontabil.com\/cf\/wp-content\/uploads\/2024\/07\/Contabil-Summit-Brasilia.png?fit=1200%2C602&ssl=1&resize=525%2C300 1.5x, https:\/\/i0.wp.com\/cfcontabil.com\/cf\/wp-content\/uploads\/2024\/07\/Contabil-Summit-Brasilia.png?fit=1200%2C602&ssl=1&resize=700%2C400 2x, https:\/\/i0.wp.com\/cfcontabil.com\/cf\/wp-content\/uploads\/2024\/07\/Contabil-Summit-Brasilia.png?fit=1200%2C602&ssl=1&resize=1050%2C600 3x"},"classes":[]},{"id":2293,"url":"https:\/\/cfcontabil.com\/cf\/dia-do-trabalho-pandemia-da-covid-19-trouxe-mudancas-na-rotina-dos-profissionais-da-contabilidade\/","url_meta":{"origin":1830,"position":5},"title":"Dia do Trabalho: Pandemia da Covid-19 trouxe mudan\u00e7as na rotina dos profissionais da contabilidade","author":"Ab\u00edlio Gon\u00e7alves","date":"5 de maio de 2020","format":false,"excerpt":"A limita\u00e7\u00e3o do contato social e da circula\u00e7\u00e3o de pessoas, como forma de combate e controle \u00e0 pandemia da Covid-19, e a crise econ\u00f4mica gerada pela doen\u00e7a impactaram diretamente na vida do trabalhador. Como um elo importante da cadeia econ\u00f4mica dos pa\u00edses, os profissionais da contabilidade sentem os efeitos da\u2026","rel":"","context":"Em &quot;Geral&quot;","block_context":{"text":"Geral","link":"https:\/\/cfcontabil.com\/cf\/category\/geral\/"},"img":{"alt_text":"","src":"https:\/\/i0.wp.com\/cfcontabil.com\/cf\/wp-content\/uploads\/2020\/04\/coronavirus-continentes-mundo.jpeg?resize=350%2C200","width":350,"height":200,"srcset":"https:\/\/i0.wp.com\/cfcontabil.com\/cf\/wp-content\/uploads\/2020\/04\/coronavirus-continentes-mundo.jpeg?resize=350%2C200 1x, https:\/\/i0.wp.com\/cfcontabil.com\/cf\/wp-content\/uploads\/2020\/04\/coronavirus-continentes-mundo.jpeg?resize=525%2C300 1.5x"},"classes":[]}],"jetpack_likes_enabled":true,"_links":{"self":[{"href":"https:\/\/cfcontabil.com\/cf\/wp-json\/wp\/v2\/posts\/1830","targetHints":{"allow":["GET"]}}],"collection":[{"href":"https:\/\/cfcontabil.com\/cf\/wp-json\/wp\/v2\/posts"}],"about":[{"href":"https:\/\/cfcontabil.com\/cf\/wp-json\/wp\/v2\/types\/post"}],"author":[{"embeddable":true,"href":"https:\/\/cfcontabil.com\/cf\/wp-json\/wp\/v2\/users\/1"}],"replies":[{"embeddable":true,"href":"https:\/\/cfcontabil.com\/cf\/wp-json\/wp\/v2\/comments?post=1830"}],"version-history":[{"count":1,"href":"https:\/\/cfcontabil.com\/cf\/wp-json\/wp\/v2\/posts\/1830\/revisions"}],"predecessor-version":[{"id":1833,"href":"https:\/\/cfcontabil.com\/cf\/wp-json\/wp\/v2\/posts\/1830\/revisions\/1833"}],"wp:featuredmedia":[{"embeddable":true,"href":"https:\/\/cfcontabil.com\/cf\/wp-json\/wp\/v2\/media\/1832"}],"wp:attachment":[{"href":"https:\/\/cfcontabil.com\/cf\/wp-json\/wp\/v2\/media?parent=1830"}],"wp:term":[{"taxonomy":"category","embeddable":true,"href":"https:\/\/cfcontabil.com\/cf\/wp-json\/wp\/v2\/categories?post=1830"},{"taxonomy":"post_tag","embeddable":true,"href":"https:\/\/cfcontabil.com\/cf\/wp-json\/wp\/v2\/tags?post=1830"}],"curies":[{"name":"wp","href":"https:\/\/api.w.org\/{rel}","templated":true}]}}