{"id":1840,"date":"2019-11-01T13:00:31","date_gmt":"2019-11-01T16:00:31","guid":{"rendered":"http:\/\/cfcontabil.com\/cf\/?p=1840"},"modified":"2019-11-01T12:33:41","modified_gmt":"2019-11-01T15:33:41","slug":"entregadores-motoboys-e-frentistas-terao-aposentadoria-especial-no-inss","status":"publish","type":"post","link":"https:\/\/cfcontabil.com\/cf\/entregadores-motoboys-e-frentistas-terao-aposentadoria-especial-no-inss\/","title":{"rendered":"Entregadores, motoboys e frentistas ter\u00e3o aposentadoria especial no INSS"},"content":{"rendered":"<p>Muitos destes trabalhadores utilizam aplicativos de entrega de comida ou pequenas encomendas.<\/p>\n<p><a href=\"https:\/\/i0.wp.com\/cfcontabil.com\/cf\/wp-content\/uploads\/2019\/10\/Apps-comida-a-domicilio.jpg\"><img data-recalc-dims=\"1\" fetchpriority=\"high\" decoding=\"async\" data-attachment-id=\"1843\" data-permalink=\"https:\/\/cfcontabil.com\/cf\/entregadores-motoboys-e-frentistas-terao-aposentadoria-especial-no-inss\/apps-comida-a-domicilio\/\" data-orig-file=\"https:\/\/i0.wp.com\/cfcontabil.com\/cf\/wp-content\/uploads\/2019\/10\/Apps-comida-a-domicilio.jpg?fit=750%2C469&amp;ssl=1\" data-orig-size=\"750,469\" data-comments-opened=\"1\" data-image-meta=\"{&quot;aperture&quot;:&quot;0&quot;,&quot;credit&quot;:&quot;&quot;,&quot;camera&quot;:&quot;&quot;,&quot;caption&quot;:&quot;&quot;,&quot;created_timestamp&quot;:&quot;0&quot;,&quot;copyright&quot;:&quot;&quot;,&quot;focal_length&quot;:&quot;0&quot;,&quot;iso&quot;:&quot;0&quot;,&quot;shutter_speed&quot;:&quot;0&quot;,&quot;title&quot;:&quot;&quot;,&quot;orientation&quot;:&quot;0&quot;}\" data-image-title=\"Apps-comida-a-domicilio\" data-image-description=\"\" data-image-caption=\"\" data-large-file=\"https:\/\/i0.wp.com\/cfcontabil.com\/cf\/wp-content\/uploads\/2019\/10\/Apps-comida-a-domicilio.jpg?fit=750%2C469&amp;ssl=1\" class=\"aligncenter size-full wp-image-1843\" src=\"https:\/\/i0.wp.com\/cfcontabil.com\/cf\/wp-content\/uploads\/2019\/10\/Apps-comida-a-domicilio.jpg?resize=750%2C469\" alt=\"\" width=\"750\" height=\"469\" srcset=\"https:\/\/i0.wp.com\/cfcontabil.com\/cf\/wp-content\/uploads\/2019\/10\/Apps-comida-a-domicilio.jpg?w=750&amp;ssl=1 750w, https:\/\/i0.wp.com\/cfcontabil.com\/cf\/wp-content\/uploads\/2019\/10\/Apps-comida-a-domicilio.jpg?resize=300%2C188&amp;ssl=1 300w, https:\/\/i0.wp.com\/cfcontabil.com\/cf\/wp-content\/uploads\/2019\/10\/Apps-comida-a-domicilio.jpg?resize=436%2C272&amp;ssl=1 436w, https:\/\/i0.wp.com\/cfcontabil.com\/cf\/wp-content\/uploads\/2019\/10\/Apps-comida-a-domicilio.jpg?resize=370%2C231&amp;ssl=1 370w\" sizes=\"(max-width: 750px) 100vw, 750px\" \/><\/a><\/p>\n<p>A&nbsp;<strong>Reforma da Previd\u00eancia<\/strong>&nbsp;n\u00e3o vai mexer com a aposentadoria de atividades de risco. Com isso, seguran\u00e7as e vigilantes patrimoniais, frentistas e trabalhadores em postos de combust\u00edveis, motoboys e entregadores, motorista de caminh\u00e3o-tanque, eletricit\u00e1rios expostos a tens\u00e3o acima de 250 volts, trabalhadores em empresas de explosivo, profissionais da constru\u00e7\u00e3o civil que trabalhem em grandes alturas, e trabalhadores que ficam nas esta\u00e7\u00f5es de tratamento de \u00e1gua e esgoto, por exemplo, ter\u00e3o direito a enquadrar a periculosidade de seu trabalho para pleitear&nbsp;<strong>aposentadoria por tempo especial<\/strong>&nbsp;no INSS, que permite aposentar com menos tempo de contribui\u00e7\u00e3o.<\/p>\n<p>A manuten\u00e7\u00e3o do direito s\u00f3 foi poss\u00edvel porque um destaque \u00e0 Proposta de Emenda Constitucional (PEC) 6 foi derrubado por unanimidade no Senado no \u00faltimo dia 23. O t\u00f3pico retirou do texto final da Reforma da Previd\u00eancia a proibi\u00e7\u00e3o da concess\u00e3o de&nbsp;<strong>aposentadoria especial&nbsp;<\/strong>para trabalhadores que buscarem o enquadramento por periculosidade.<\/p>\n<p class=\"texto\">\u201cAprovamos por unanimidade o destaque que defendi da periculosidade. Os 78 senadores no plen\u00e1rio votaram comigo\u201d, conta ao&nbsp;<em>DIA<\/em>&nbsp;o senador Paulo Paim (PT-RS). \u201cSalvamos milh\u00f5es de pessoas que iriam perder o direito de se aposentar\u201d, comemora o senador.<\/p>\n<p class=\"texto\">Desde 1997, o&nbsp;<strong>INSS<\/strong>&nbsp;n\u00e3o considera o conceito de periculosidade no tempo especial, mas esse entendimento \u00e9 usado na Justi\u00e7a para garantir o direito de eletricit\u00e1rios, por exemplo. A diferen\u00e7a entre insalubridade e periculosidade vem da origem do risco. Na primeira, a sa\u00fade \u00e9 afetada. Na outra, o trabalhador corre o risco de morrer.<\/p>\n<p class=\"texto\">\u201cA periculosidade n\u00e3o est\u00e1 ligada ao ambiente, mas \u00e0 pr\u00f3pria profiss\u00e3o do trabalhador\u201d, adverte Guilherme Portanova, do escrit\u00f3rio Portanova &amp; Rom\u00e3o Advogados, do Rio de Janeiro.<\/p>\n<p>O advogado acrescenta mais algumas profiss\u00f5es que se encaixam como perigosas: \u201cO pedreiro que exerce \u00e0s atividades em edif\u00edcios, barragens, pontes e torres, quem trabalha em plataforma de petr\u00f3leo em alto-mar, quem abastece avi\u00e3o, quem faz transporte de valores. Todas essas profiss\u00f5es t\u00eam periculosidade\u201d.<\/p>\n<div id=\"tps_slideContainer_119357\" class=\"theiaPostSlider_slides\">\n<div class=\"theiaPostSlider_preloadedSlide\">\n<p class=\"texto\">E muitos trabalhadores desconhecem que t\u00eam direito a&nbsp;<strong>aposentadoria por tempo especial<\/strong>&nbsp;. Ou seja com 15, 20 ou 25 anos de contribui\u00e7\u00e3o ao INSS. Um deles \u00e9 o frentista Valcir Conrado, de 53 anos, que trabalha em um posto de gasolina na Lapa, Zona Central do Rio, a aposentadoria especial n\u00e3o era uma op\u00e7\u00e3o. O profissional trabalha na \u00e1rea h\u00e1 26 anos.<\/p>\n<\/div>\n<\/div>\n<div class=\"theiaPostSlider_footer _footer\"><\/div>\n<p><a href=\"http:\/\/economia.ig.com.br\/economia.ig.com.br\/2019-10-29\/entregadores-motoboys-e-frentistas-continuam-com-aposentadoria-especial-no-inss.html\">Fonte: IG Economia<\/a><\/p>\n","protected":false},"excerpt":{"rendered":"<p>Muitos destes trabalhadores utilizam aplicativos de entrega de comida ou pequenas encomendas. A&nbsp;Reforma da Previd\u00eancia&nbsp;n\u00e3o vai mexer com a aposentadoria de atividades de risco. Com isso, seguran\u00e7as e vigilantes patrimoniais, frentistas e trabalhadores em postos de combust\u00edveis, motoboys e entregadores, motorista de caminh\u00e3o-tanque, eletricit\u00e1rios expostos a tens\u00e3o acima de 250 volts, trabalhadores em empresas de [&hellip;]<\/p>\n","protected":false},"author":1,"featured_media":1845,"comment_status":"open","ping_status":"open","sticky":false,"template":"","format":"standard","meta":{"jetpack_post_was_ever_published":false,"_jetpack_newsletter_access":"","_jetpack_dont_email_post_to_subs":false,"_jetpack_newsletter_tier_id":0,"_jetpack_memberships_contains_paywalled_content":false,"_jetpack_memberships_contains_paid_content":false,"footnotes":"","jetpack_publicize_message":"","jetpack_publicize_feature_enabled":true,"jetpack_social_post_already_shared":true,"jetpack_social_options":{"image_generator_settings":{"template":"highway","default_image_id":0,"font":"","enabled":false},"version":2}},"categories":[29],"tags":[685,350,234,693],"class_list":["post-1840","post","type-post","status-publish","format-standard","has-post-thumbnail","hentry","category-dp","tag-aposentadoria","tag-entrega","tag-inss","tag-motoboy"],"jetpack_publicize_connections":[],"jetpack_featured_media_url":"https:\/\/i0.wp.com\/cfcontabil.com\/cf\/wp-content\/uploads\/2019\/10\/motoboy.jpg?fit=679%2C452&ssl=1","jetpack_sharing_enabled":true,"jetpack_shortlink":"https:\/\/wp.me\/p2wklX-tG","jetpack-related-posts":[{"id":2041,"url":"https:\/\/cfcontabil.com\/cf\/tres-das-cinco-novas-regras-de-aposentadoria-ja-estao-valendo\/","url_meta":{"origin":1840,"position":0},"title":"Tr\u00eas das cinco novas regras de aposentadoria j\u00e1 est\u00e3o valendo","author":"Ab\u00edlio Gon\u00e7alves","date":"3 de janeiro de 2020","format":false,"excerpt":"Segurados do INSS que est\u00e3o perto de requerer o benef\u00edcio devem ficar atentos \u00e0s normas de transi\u00e7\u00e3o para a Nova Previd\u00eancia. De maneira geral, ser\u00e1 preciso trabalhar mais tempo para poder passar \u00e0 inatividade. Piso e teto foram ampliados Tr\u00eas das cinco regras de transi\u00e7\u00e3o da\u00a0reforma da Previd\u00eancia\u00a0entraram em vigor\u2026","rel":"","context":"Em &quot;Departamento Pessoal&quot;","block_context":{"text":"Departamento Pessoal","link":"https:\/\/cfcontabil.com\/cf\/category\/dp\/"},"img":{"alt_text":"","src":"https:\/\/i0.wp.com\/cfcontabil.com\/cf\/wp-content\/uploads\/2020\/01\/inss-aposentadoria.jpg?fit=790%2C490&ssl=1&resize=350%2C200","width":350,"height":200,"srcset":"https:\/\/i0.wp.com\/cfcontabil.com\/cf\/wp-content\/uploads\/2020\/01\/inss-aposentadoria.jpg?fit=790%2C490&ssl=1&resize=350%2C200 1x, https:\/\/i0.wp.com\/cfcontabil.com\/cf\/wp-content\/uploads\/2020\/01\/inss-aposentadoria.jpg?fit=790%2C490&ssl=1&resize=525%2C300 1.5x, https:\/\/i0.wp.com\/cfcontabil.com\/cf\/wp-content\/uploads\/2020\/01\/inss-aposentadoria.jpg?fit=790%2C490&ssl=1&resize=700%2C400 2x"},"classes":[]},{"id":1911,"url":"https:\/\/cfcontabil.com\/cf\/mudancas-nas-aliquotas-de-contribuicao-previdenciaria-comecarao-a-valer-em-marco-de-2020\/","url_meta":{"origin":1840,"position":1},"title":"Mudan\u00e7as nas al\u00edquotas de contribui\u00e7\u00e3o previdenci\u00e1ria come\u00e7ar\u00e3o a valer em mar\u00e7o de 2020","author":"Ab\u00edlio Gon\u00e7alves","date":"18 de novembro de 2019","format":false,"excerpt":"A\u00a0reforma da Previd\u00eancia\u00a0foi publicada no Di\u00e1rio Oficial na \u00faltima quarta-feira (dia 13) e, com isso, as novas regras de concess\u00e3o de aposentadoria e pens\u00e3o por morte j\u00e1 come\u00e7aram a valer. As\u00a0mudan\u00e7as nas al\u00edquotas de contribui\u00e7\u00e3o previdenci\u00e1ria\u00a0de servidores p\u00fablicos e segurados do Instituto Nacional do Seguro Social (INSS), por\u00e9m, s\u00f3 come\u00e7ar\u00e3o\u2026","rel":"","context":"Em &quot;Departamento Pessoal&quot;","block_context":{"text":"Departamento Pessoal","link":"https:\/\/cfcontabil.com\/cf\/category\/dp\/"},"img":{"alt_text":"","src":"https:\/\/i0.wp.com\/cfcontabil.com\/cf\/wp-content\/uploads\/2017\/01\/logo-inss-previdencia-social-1.png?fit=1000%2C604&ssl=1&resize=350%2C200","width":350,"height":200,"srcset":"https:\/\/i0.wp.com\/cfcontabil.com\/cf\/wp-content\/uploads\/2017\/01\/logo-inss-previdencia-social-1.png?fit=1000%2C604&ssl=1&resize=350%2C200 1x, https:\/\/i0.wp.com\/cfcontabil.com\/cf\/wp-content\/uploads\/2017\/01\/logo-inss-previdencia-social-1.png?fit=1000%2C604&ssl=1&resize=525%2C300 1.5x, https:\/\/i0.wp.com\/cfcontabil.com\/cf\/wp-content\/uploads\/2017\/01\/logo-inss-previdencia-social-1.png?fit=1000%2C604&ssl=1&resize=700%2C400 2x"},"classes":[]},{"id":2544,"url":"https:\/\/cfcontabil.com\/cf\/prova-de-vida-do-inss-e-obrigatoria-para-todos-ha-controversias-entenda\/","url_meta":{"origin":1840,"position":2},"title":"Prova de Vida do INSS \u00e9 obrigat\u00f3ria para todos? H\u00e1 controv\u00e9rsias; entenda","author":"Ab\u00edlio Gon\u00e7alves","date":"6 de agosto de 2021","format":false,"excerpt":"Ap\u00f3s os cancelamentos do calend\u00e1rios e fechamento de ag\u00eancias do Instituto Nacional do Seguro Social (INSS), benefici\u00e1rios ficam em d\u00favida se deveriam, ou n\u00e3o, realizar a Prova de Vida. A atualiza\u00e7\u00e3o de documentos com a comprova\u00e7\u00e3o de vida do benefici\u00e1rio \u00e9 importante para a manuten\u00e7\u00e3o da aposentadoria.\u00a0 A resposta para\u2026","rel":"","context":"Em &quot;Geral&quot;","block_context":{"text":"Geral","link":"https:\/\/cfcontabil.com\/cf\/category\/geral\/"},"img":{"alt_text":"","src":"https:\/\/i0.wp.com\/cfcontabil.com\/cf\/wp-content\/uploads\/2021\/08\/INSS-previdencia-social.jpg?fit=870%2C450&ssl=1&resize=350%2C200","width":350,"height":200,"srcset":"https:\/\/i0.wp.com\/cfcontabil.com\/cf\/wp-content\/uploads\/2021\/08\/INSS-previdencia-social.jpg?fit=870%2C450&ssl=1&resize=350%2C200 1x, https:\/\/i0.wp.com\/cfcontabil.com\/cf\/wp-content\/uploads\/2021\/08\/INSS-previdencia-social.jpg?fit=870%2C450&ssl=1&resize=525%2C300 1.5x, https:\/\/i0.wp.com\/cfcontabil.com\/cf\/wp-content\/uploads\/2021\/08\/INSS-previdencia-social.jpg?fit=870%2C450&ssl=1&resize=700%2C400 2x"},"classes":[]},{"id":2121,"url":"https:\/\/cfcontabil.com\/cf\/irpf-2020-prazo-e-ate-dia-28-para-receber-o-informe-de-rendimentos\/","url_meta":{"origin":1840,"position":3},"title":"IRPF 2020: Prazo \u00e9 at\u00e9 dia 28 para receber o informe de rendimentos","author":"Ab\u00edlio Gon\u00e7alves","date":"26 de fevereiro de 2020","format":false,"excerpt":"Estamos a poucos dias para iniciar a entrega a Declara\u00e7\u00e3o do Imposto de Renda Pessoa F\u00edsica de 2020, portanto \u00e9 importante ter uma aten\u00e7\u00e3o especial a documenta\u00e7\u00e3o necess\u00e1ria. Um dos documentos mais importantes \u00e9 o informe de rendimentos, pois nele cont\u00e9m todas as informa\u00e7\u00f5es prestadas pelas empresas, bancos e corretoras\u2026","rel":"","context":"Em &quot;Departamento Fiscal&quot;","block_context":{"text":"Departamento Fiscal","link":"https:\/\/cfcontabil.com\/cf\/category\/df\/"},"img":{"alt_text":"","src":"https:\/\/i0.wp.com\/cfcontabil.com\/cf\/wp-content\/uploads\/2020\/02\/Informe-de-Rendimentos-IRPF-2.jpg?fit=1080%2C1080&ssl=1&resize=350%2C200","width":350,"height":200,"srcset":"https:\/\/i0.wp.com\/cfcontabil.com\/cf\/wp-content\/uploads\/2020\/02\/Informe-de-Rendimentos-IRPF-2.jpg?fit=1080%2C1080&ssl=1&resize=350%2C200 1x, https:\/\/i0.wp.com\/cfcontabil.com\/cf\/wp-content\/uploads\/2020\/02\/Informe-de-Rendimentos-IRPF-2.jpg?fit=1080%2C1080&ssl=1&resize=525%2C300 1.5x, https:\/\/i0.wp.com\/cfcontabil.com\/cf\/wp-content\/uploads\/2020\/02\/Informe-de-Rendimentos-IRPF-2.jpg?fit=1080%2C1080&ssl=1&resize=700%2C400 2x, https:\/\/i0.wp.com\/cfcontabil.com\/cf\/wp-content\/uploads\/2020\/02\/Informe-de-Rendimentos-IRPF-2.jpg?fit=1080%2C1080&ssl=1&resize=1050%2C600 3x"},"classes":[]},{"id":1823,"url":"https:\/\/cfcontabil.com\/cf\/veja-o-que-mudara-na-aposentadoria-apos-a-promulgacao-da-reforma-da-previdencia\/","url_meta":{"origin":1840,"position":4},"title":"Veja o que mudar\u00e1 na aposentadoria ap\u00f3s a promulga\u00e7\u00e3o da reforma da Previd\u00eancia","author":"Ab\u00edlio Gon\u00e7alves","date":"29 de outubro de 2019","format":false,"excerpt":"Proposta de emenda \u00e0 Constitui\u00e7\u00e3o da reforma da Previd\u00eancia ser\u00e1 promulgada pelo Congresso Nacional nos pr\u00f3ximos dias F\u00e1bio Rodrigues Pozzebom\/Ag\u00eancia Brasil Para quem j\u00e1 est\u00e1 no mercado de trabalho, de modo geral, valem as regras de transi\u00e7\u00e3o As principais mudan\u00e7as na regra geral s\u00e3o o aumento da idade para se\u2026","rel":"","context":"Em &quot;Departamento Pessoal&quot;","block_context":{"text":"Departamento Pessoal","link":"https:\/\/cfcontabil.com\/cf\/category\/dp\/"},"img":{"alt_text":"","src":"https:\/\/i0.wp.com\/cfcontabil.com\/cf\/wp-content\/uploads\/2017\/01\/logo-inss-previdencia-social-1.png?fit=1000%2C604&ssl=1&resize=350%2C200","width":350,"height":200,"srcset":"https:\/\/i0.wp.com\/cfcontabil.com\/cf\/wp-content\/uploads\/2017\/01\/logo-inss-previdencia-social-1.png?fit=1000%2C604&ssl=1&resize=350%2C200 1x, https:\/\/i0.wp.com\/cfcontabil.com\/cf\/wp-content\/uploads\/2017\/01\/logo-inss-previdencia-social-1.png?fit=1000%2C604&ssl=1&resize=525%2C300 1.5x, https:\/\/i0.wp.com\/cfcontabil.com\/cf\/wp-content\/uploads\/2017\/01\/logo-inss-previdencia-social-1.png?fit=1000%2C604&ssl=1&resize=700%2C400 2x"},"classes":[]},{"id":1047,"url":"https:\/\/cfcontabil.com\/cf\/rais-2016-declaracao-garante-pagamento-de-beneficios\/","url_meta":{"origin":1840,"position":5},"title":"RAIS 2016 &#8211; Declara\u00e7\u00e3o garante pagamento de benef\u00edcios","author":"Ab\u00edlio Gon\u00e7alves","date":"10 de mar\u00e7o de 2017","format":false,"excerpt":"Abono Salarial, FGTS e INSS s\u00e3o algumas das informa\u00e7\u00f5es que podem ser checadas pela RAIS. O prazo para entregar a Rela\u00e7\u00e3o Anual de Informa\u00e7\u00f5es Sociais (RAIS) de 2016 termina no pr\u00f3ximo dia 17 de mar\u00e7o.\u00a0 Os contribuintes com CNPJ ativo na Receita Federal em 2016, incluindo os Microempreendedores Individuais (MEI)\u2026","rel":"","context":"Em &quot;Departamento Pessoal&quot;","block_context":{"text":"Departamento Pessoal","link":"https:\/\/cfcontabil.com\/cf\/category\/dp\/"},"img":{"alt_text":"","src":"https:\/\/i0.wp.com\/cfcontabil.com\/cf\/wp-content\/uploads\/2017\/01\/rais-1280x720-1.jpg?fit=1200%2C675&ssl=1&resize=350%2C200","width":350,"height":200,"srcset":"https:\/\/i0.wp.com\/cfcontabil.com\/cf\/wp-content\/uploads\/2017\/01\/rais-1280x720-1.jpg?fit=1200%2C675&ssl=1&resize=350%2C200 1x, https:\/\/i0.wp.com\/cfcontabil.com\/cf\/wp-content\/uploads\/2017\/01\/rais-1280x720-1.jpg?fit=1200%2C675&ssl=1&resize=525%2C300 1.5x, https:\/\/i0.wp.com\/cfcontabil.com\/cf\/wp-content\/uploads\/2017\/01\/rais-1280x720-1.jpg?fit=1200%2C675&ssl=1&resize=700%2C400 2x, https:\/\/i0.wp.com\/cfcontabil.com\/cf\/wp-content\/uploads\/2017\/01\/rais-1280x720-1.jpg?fit=1200%2C675&ssl=1&resize=1050%2C600 3x"},"classes":[]}],"jetpack_likes_enabled":true,"_links":{"self":[{"href":"https:\/\/cfcontabil.com\/cf\/wp-json\/wp\/v2\/posts\/1840","targetHints":{"allow":["GET"]}}],"collection":[{"href":"https:\/\/cfcontabil.com\/cf\/wp-json\/wp\/v2\/posts"}],"about":[{"href":"https:\/\/cfcontabil.com\/cf\/wp-json\/wp\/v2\/types\/post"}],"author":[{"embeddable":true,"href":"https:\/\/cfcontabil.com\/cf\/wp-json\/wp\/v2\/users\/1"}],"replies":[{"embeddable":true,"href":"https:\/\/cfcontabil.com\/cf\/wp-json\/wp\/v2\/comments?post=1840"}],"version-history":[{"count":2,"href":"https:\/\/cfcontabil.com\/cf\/wp-json\/wp\/v2\/posts\/1840\/revisions"}],"predecessor-version":[{"id":1847,"href":"https:\/\/cfcontabil.com\/cf\/wp-json\/wp\/v2\/posts\/1840\/revisions\/1847"}],"wp:featuredmedia":[{"embeddable":true,"href":"https:\/\/cfcontabil.com\/cf\/wp-json\/wp\/v2\/media\/1845"}],"wp:attachment":[{"href":"https:\/\/cfcontabil.com\/cf\/wp-json\/wp\/v2\/media?parent=1840"}],"wp:term":[{"taxonomy":"category","embeddable":true,"href":"https:\/\/cfcontabil.com\/cf\/wp-json\/wp\/v2\/categories?post=1840"},{"taxonomy":"post_tag","embeddable":true,"href":"https:\/\/cfcontabil.com\/cf\/wp-json\/wp\/v2\/tags?post=1840"}],"curies":[{"name":"wp","href":"https:\/\/api.w.org\/{rel}","templated":true}]}}