{"id":1854,"date":"2019-11-07T09:50:28","date_gmt":"2019-11-07T12:50:28","guid":{"rendered":"http:\/\/cfcontabil.com\/cf\/?p=1854"},"modified":"2019-11-07T09:50:28","modified_gmt":"2019-11-07T12:50:28","slug":"adiado-prazo-de-implantacao-do-pje-calc","status":"publish","type":"post","link":"https:\/\/cfcontabil.com\/cf\/adiado-prazo-de-implantacao-do-pje-calc\/","title":{"rendered":"Adiado prazo de implanta\u00e7\u00e3o do PJe-Calc"},"content":{"rendered":"<p style=\"text-align: center;\"><span style=\"font-size: 18pt;\"><strong>Obrigatoriedade passou para julho de 2020<\/strong><\/span><\/p>\n<p><a href=\"https:\/\/i0.wp.com\/cfcontabil.com\/cf\/wp-content\/uploads\/2019\/11\/pje-calc-cidadao-2.png\"><img data-recalc-dims=\"1\" fetchpriority=\"high\" decoding=\"async\" data-attachment-id=\"1856\" data-permalink=\"https:\/\/cfcontabil.com\/cf\/adiado-prazo-de-implantacao-do-pje-calc\/pje-calc-cidadao-2\/\" data-orig-file=\"https:\/\/i0.wp.com\/cfcontabil.com\/cf\/wp-content\/uploads\/2019\/11\/pje-calc-cidadao-2.png?fit=582%2C372&amp;ssl=1\" data-orig-size=\"582,372\" data-comments-opened=\"1\" data-image-meta=\"{&quot;aperture&quot;:&quot;0&quot;,&quot;credit&quot;:&quot;&quot;,&quot;camera&quot;:&quot;&quot;,&quot;caption&quot;:&quot;&quot;,&quot;created_timestamp&quot;:&quot;0&quot;,&quot;copyright&quot;:&quot;&quot;,&quot;focal_length&quot;:&quot;0&quot;,&quot;iso&quot;:&quot;0&quot;,&quot;shutter_speed&quot;:&quot;0&quot;,&quot;title&quot;:&quot;&quot;,&quot;orientation&quot;:&quot;0&quot;}\" data-image-title=\"pje calc cidadao 2\" data-image-description=\"\" data-image-caption=\"\" data-large-file=\"https:\/\/i0.wp.com\/cfcontabil.com\/cf\/wp-content\/uploads\/2019\/11\/pje-calc-cidadao-2.png?fit=582%2C372&amp;ssl=1\" class=\"aligncenter size-full wp-image-1856\" src=\"https:\/\/i0.wp.com\/cfcontabil.com\/cf\/wp-content\/uploads\/2019\/11\/pje-calc-cidadao-2.png?resize=582%2C372\" alt=\"\" width=\"582\" height=\"372\" srcset=\"https:\/\/i0.wp.com\/cfcontabil.com\/cf\/wp-content\/uploads\/2019\/11\/pje-calc-cidadao-2.png?w=582&amp;ssl=1 582w, https:\/\/i0.wp.com\/cfcontabil.com\/cf\/wp-content\/uploads\/2019\/11\/pje-calc-cidadao-2.png?resize=300%2C192&amp;ssl=1 300w, https:\/\/i0.wp.com\/cfcontabil.com\/cf\/wp-content\/uploads\/2019\/11\/pje-calc-cidadao-2.png?resize=370%2C236&amp;ssl=1 370w\" sizes=\"(max-width: 582px) 100vw, 582px\" \/><\/a><\/p>\n<p>Atendido a solicita\u00e7\u00e3o da OAB junto ao Conselho Superior da Justi\u00e7a do Trabalho e ao Comit\u00ea Gestor Nacional do Sistema Pje para o adiamento por seis meses da obrigatoriedade do uso do PJe-Calc pelos advogados, que teriam que utilizar o exclusivamente o sistema a partir de janeiro de 2020, portanto o prazo foi ampliado para <strong>julho de 2020<\/strong>.<\/p>\n<p>O presidente do Tribunal Superior do Trabalho, Jo\u00e3o Batista Brito Pereira, acolheu parcialmente o pedido feito pela representante do Conselho Federal da Ordem no Comit\u00ea Gestor, Tam\u00edride Monteiro Leite, e editou uma nova resolu\u00e7\u00e3o para adiar o prazo por seis meses.<\/p>\n<p>Ap\u00f3s o novo prazo ser\u00e1 obrigat\u00f3rio o uso do sistema PJe-Calc para apresenta\u00e7\u00e3o de c\u00e1lculos trabalhistas e a veda\u00e7\u00e3o do uso de PDF e HTML para essa finalidade.<\/p>\n<p>A OAB contesta a exclusividade de uso deste sistema nos tribunais, como afirma Tam\u00edride:\u00a0 \u201cMesmo com a vit\u00f3ria parcial, a OAB n\u00e3o vai desistir de lutar pelo fim da obrigatoriedade de utiliza\u00e7\u00e3o do PJe-Calc. Teremos mais seis meses para atuar contra esse sistema. A nossa posi\u00e7\u00e3o \u00e9 de que o Conselho da Justi\u00e7a Superior do Trabalho n\u00e3o pode legislar sobre mat\u00e9ria processual e os advogados n\u00e3o podem ser obrigados a atuar como contadores e utilizar o PJe-Calc\u201d.<\/p>\n<p><span style=\"font-size: 18pt;\"><strong>E o que \u00e9 o PJe-Calc?<\/strong><\/span><\/p>\n<p><a href=\"https:\/\/i0.wp.com\/cfcontabil.com\/cf\/wp-content\/uploads\/2019\/11\/pje-calc-cidadao-1.png\"><img data-recalc-dims=\"1\" decoding=\"async\" data-attachment-id=\"1855\" data-permalink=\"https:\/\/cfcontabil.com\/cf\/adiado-prazo-de-implantacao-do-pje-calc\/pje-calc-cidadao-1\/\" data-orig-file=\"https:\/\/i0.wp.com\/cfcontabil.com\/cf\/wp-content\/uploads\/2019\/11\/pje-calc-cidadao-1.png?fit=994%2C676&amp;ssl=1\" data-orig-size=\"994,676\" data-comments-opened=\"1\" data-image-meta=\"{&quot;aperture&quot;:&quot;0&quot;,&quot;credit&quot;:&quot;&quot;,&quot;camera&quot;:&quot;&quot;,&quot;caption&quot;:&quot;&quot;,&quot;created_timestamp&quot;:&quot;0&quot;,&quot;copyright&quot;:&quot;&quot;,&quot;focal_length&quot;:&quot;0&quot;,&quot;iso&quot;:&quot;0&quot;,&quot;shutter_speed&quot;:&quot;0&quot;,&quot;title&quot;:&quot;&quot;,&quot;orientation&quot;:&quot;0&quot;}\" data-image-title=\"pje calc cidadao 1\" data-image-description=\"\" data-image-caption=\"\" data-large-file=\"https:\/\/i0.wp.com\/cfcontabil.com\/cf\/wp-content\/uploads\/2019\/11\/pje-calc-cidadao-1.png?fit=994%2C676&amp;ssl=1\" class=\"aligncenter size-full wp-image-1855\" src=\"https:\/\/i0.wp.com\/cfcontabil.com\/cf\/wp-content\/uploads\/2019\/11\/pje-calc-cidadao-1.png?resize=994%2C676\" alt=\"\" width=\"994\" height=\"676\" srcset=\"https:\/\/i0.wp.com\/cfcontabil.com\/cf\/wp-content\/uploads\/2019\/11\/pje-calc-cidadao-1.png?w=994&amp;ssl=1 994w, https:\/\/i0.wp.com\/cfcontabil.com\/cf\/wp-content\/uploads\/2019\/11\/pje-calc-cidadao-1.png?resize=300%2C204&amp;ssl=1 300w, https:\/\/i0.wp.com\/cfcontabil.com\/cf\/wp-content\/uploads\/2019\/11\/pje-calc-cidadao-1.png?resize=768%2C522&amp;ssl=1 768w, https:\/\/i0.wp.com\/cfcontabil.com\/cf\/wp-content\/uploads\/2019\/11\/pje-calc-cidadao-1.png?resize=770%2C524&amp;ssl=1 770w, https:\/\/i0.wp.com\/cfcontabil.com\/cf\/wp-content\/uploads\/2019\/11\/pje-calc-cidadao-1.png?resize=370%2C252&amp;ssl=1 370w\" sizes=\"(max-width: 994px) 100vw, 994px\" \/><\/a><\/p>\n<p class=\"rtejustify\">O\u00a0<strong>PJe-Calc<\/strong>\u00a0\u00e9 o Sistema de C\u00e1lculo Trabalhista desenvolvido pela Secretaria de Tecnologia da Informa\u00e7\u00e3o do Tribunal Regional do Trabalho da 8\u00aa Regi\u00e3o, a pedido do Conselho Superior da Justi\u00e7a do Trabalho, para utiliza\u00e7\u00e3o em toda a Justi\u00e7a do Trabalho como ferramenta padr\u00e3o de elabora\u00e7\u00e3o de c\u00e1lculos trabalhistas e liquida\u00e7\u00e3o de senten\u00e7as, visando a uniformidade de procedimentos e confiabilidade nos resultados apurados, sendo indicado pela\u00a0Recomenda\u00e7\u00e3o CGJT n\u00ba 4\/2018.<\/p>\n<p class=\"rtejustify\">Na inten\u00e7\u00e3o de ampliar o uso da ferramenta, foi desenvolvido o\u00a0<strong>PJe-Calc Cidad\u00e3o<\/strong>, vers\u00e3o desktop do PJe-Calc, que funciona sem necessidade de conex\u00e3o com a Internet. Esta vers\u00e3o \u00e9 direcionada a advogados, peritos e ao p\u00fablico em geral, e conta com as mesmas funcionalidades da vers\u00e3o utilizada nos Tribunais do Trabalho, o que garante a padroniza\u00e7\u00e3o na elabora\u00e7\u00e3o de c\u00e1lculos trabalhistas a serem apresentados em processos.<\/p>\n<p><img data-recalc-dims=\"1\" decoding=\"async\" class=\"aligncenter\" src=\"https:\/\/i0.wp.com\/www.trt8.jus.br\/sites\/portal\/files\/roles\/pje-calc\/banner-pjecalc.jpg?w=1170&#038;ssl=1\" \/><\/p>\n<h2 class=\"rtejustify\">Estamos preparados para atender ao PJe-Calc.<\/h2>\n<p>Precisa realizar c\u00e1lculos trabalhistas, revis\u00e3o de horas extras e rescis\u00f5es, atualiza\u00e7\u00e3o monet\u00e1ria e liquida\u00e7\u00e3o de senten\u00e7as?<\/p>\n<p>Calculamos todas as verbas rescis\u00f3rias (13\u00ba sal\u00e1rio, f\u00e9rias, horas extras, reflexos, FGTS, DSR, etc).<\/p>\n<p>Para advogados e partes que atuam na condu\u00e7\u00e3o de processos trabalhistas, um c\u00e1lculo realizado por um especialista \u00e9 fundamental para uma reclama\u00e7\u00e3o, liquida\u00e7\u00e3o da senten\u00e7a, contesta\u00e7\u00e3o dos c\u00e1lculos ou para formula\u00e7\u00e3o de acordos entre as partes envolvidas.<\/p>\n<p>Entre em contato: <a href=\"https:\/\/wa.me\/556133816090\">https:\/\/wa.me\/556133816090<\/a><\/p>\n","protected":false},"excerpt":{"rendered":"<p>Obrigatoriedade passou para julho de 2020 Atendido a solicita\u00e7\u00e3o da OAB junto ao Conselho Superior da Justi\u00e7a do Trabalho e ao Comit\u00ea Gestor Nacional do Sistema Pje para o adiamento por seis meses da obrigatoriedade do uso do PJe-Calc pelos advogados, que teriam que utilizar o exclusivamente o sistema a partir de janeiro de 2020, [&hellip;]<\/p>\n","protected":false},"author":1,"featured_media":1857,"comment_status":"open","ping_status":"open","sticky":false,"template":"","format":"standard","meta":{"jetpack_post_was_ever_published":false,"_jetpack_newsletter_access":"","_jetpack_dont_email_post_to_subs":false,"_jetpack_newsletter_tier_id":0,"_jetpack_memberships_contains_paywalled_content":false,"_jetpack_memberships_contains_paid_content":false,"footnotes":"","jetpack_publicize_message":"","jetpack_publicize_feature_enabled":true,"jetpack_social_post_already_shared":true,"jetpack_social_options":{"image_generator_settings":{"template":"highway","default_image_id":0,"font":"","enabled":false},"version":2}},"categories":[29],"tags":[696,94,460,695,41,385,697],"class_list":["post-1854","post","type-post","status-publish","format-standard","has-post-thumbnail","hentry","category-dp","tag-calc","tag-calculo","tag-perito","tag-pje","tag-trabalhista","tag-tribunal","tag-verbas"],"jetpack_publicize_connections":[],"jetpack_featured_media_url":"https:\/\/i0.wp.com\/cfcontabil.com\/cf\/wp-content\/uploads\/2019\/11\/pje-calc-cidadao-cf.jpg?fit=3811%2C1920&ssl=1","jetpack_sharing_enabled":true,"jetpack_shortlink":"https:\/\/wp.me\/p2wklX-tU","jetpack-related-posts":[{"id":1272,"url":"https:\/\/cfcontabil.com\/cf\/esocial-libera-ambiente-de-testes-para-todas-as-empresas-do-pais\/","url_meta":{"origin":1854,"position":0},"title":"eSocial libera ambiente de testes para todas as empresas do pa\u00eds","author":"Ab\u00edlio Gon\u00e7alves","date":"7 de agosto de 2017","format":false,"excerpt":"Etapa tem como objetivo preparar o setor produtivo para o in\u00edcio da obrigatoriedade do sistema em 2018 O eSocial disponibiliza, a partir da ter\u00e7a-feira (1\u00b0), o acesso ao ambiente de testes da plataforma para todas as empresas do pa\u00eds. A etapa tem como objetivo preparar o setor produtivo para o\u2026","rel":"","context":"Em &quot;Departamento Fiscal&quot;","block_context":{"text":"Departamento Fiscal","link":"https:\/\/cfcontabil.com\/cf\/category\/df\/"},"img":{"alt_text":"","src":"https:\/\/i0.wp.com\/cfcontabil.com\/cf\/wp-content\/uploads\/2017\/06\/esocial-462x234-1.png?fit=462%2C234&ssl=1&resize=350%2C200","width":350,"height":200},"classes":[]},{"id":2271,"url":"https:\/\/cfcontabil.com\/cf\/simples-nacional-prorroga-prazo-de-pagamento-para-aliviar-mei\/","url_meta":{"origin":1854,"position":1},"title":"Simples Nacional prorroga prazo de pagamento para aliviar MEI","author":"Ab\u00edlio Gon\u00e7alves","date":"16 de abril de 2020","format":false,"excerpt":"O\u00a0Comit\u00ea Gestor do Simples Nacional\u00a0decidiu, na \u00faltima quarta-feira (18),\u00a0prorrogar o prazo de pagamento de tributos\u00a0para empresas que optam pelo Simples Nacional. Devido a crise do coronav\u00edrus, os vencimentos das cobran\u00e7as a partir de mar\u00e7o foram adiados para o segundo semestre de 2020. Os principais afetados pela medida s\u00e3o os optantes\u2026","rel":"","context":"Em &quot;Departamento Fiscal&quot;","block_context":{"text":"Departamento Fiscal","link":"https:\/\/cfcontabil.com\/cf\/category\/df\/"},"img":{"alt_text":"","src":"https:\/\/i0.wp.com\/cfcontabil.com\/cf\/wp-content\/uploads\/2020\/04\/MEI-1200x675-1.png?fit=1200%2C675&ssl=1&resize=350%2C200","width":350,"height":200,"srcset":"https:\/\/i0.wp.com\/cfcontabil.com\/cf\/wp-content\/uploads\/2020\/04\/MEI-1200x675-1.png?fit=1200%2C675&ssl=1&resize=350%2C200 1x, https:\/\/i0.wp.com\/cfcontabil.com\/cf\/wp-content\/uploads\/2020\/04\/MEI-1200x675-1.png?fit=1200%2C675&ssl=1&resize=525%2C300 1.5x, https:\/\/i0.wp.com\/cfcontabil.com\/cf\/wp-content\/uploads\/2020\/04\/MEI-1200x675-1.png?fit=1200%2C675&ssl=1&resize=700%2C400 2x, https:\/\/i0.wp.com\/cfcontabil.com\/cf\/wp-content\/uploads\/2020\/04\/MEI-1200x675-1.png?fit=1200%2C675&ssl=1&resize=1050%2C600 3x"},"classes":[]},{"id":1244,"url":"https:\/\/cfcontabil.com\/cf\/esocial-libera-ambiente-de-testes-para-empresas\/","url_meta":{"origin":1854,"position":2},"title":"eSocial libera ambiente de testes para empresas","author":"Ab\u00edlio Gon\u00e7alves","date":"30 de junho de 2017","format":false,"excerpt":"Processo ocorrer\u00e1 em duas etapas e contemplar\u00e1, neste primeiro momento, empresas de TI. A partir de segunda-feira (26), empresas de tecnologia de informa\u00e7\u00e3o podem testar o eSocial, um sistema para facilitar a administra\u00e7\u00e3o de informa\u00e7\u00f5es relativas aos trabalhadores. As empresas v\u00e3o ter um ganho de produtividade e redu\u00e7\u00e3o de processos.\u2026","rel":"","context":"Em &quot;Departamento Pessoal&quot;","block_context":{"text":"Departamento Pessoal","link":"https:\/\/cfcontabil.com\/cf\/category\/dp\/"},"img":{"alt_text":"","src":"https:\/\/i0.wp.com\/cfcontabil.com\/cf\/wp-content\/uploads\/2017\/06\/esocial-pasta-1.jpg?fit=1000%2C591&ssl=1&resize=350%2C200","width":350,"height":200,"srcset":"https:\/\/i0.wp.com\/cfcontabil.com\/cf\/wp-content\/uploads\/2017\/06\/esocial-pasta-1.jpg?fit=1000%2C591&ssl=1&resize=350%2C200 1x, https:\/\/i0.wp.com\/cfcontabil.com\/cf\/wp-content\/uploads\/2017\/06\/esocial-pasta-1.jpg?fit=1000%2C591&ssl=1&resize=525%2C300 1.5x, https:\/\/i0.wp.com\/cfcontabil.com\/cf\/wp-content\/uploads\/2017\/06\/esocial-pasta-1.jpg?fit=1000%2C591&ssl=1&resize=700%2C400 2x"},"classes":[]},{"id":2038,"url":"https:\/\/cfcontabil.com\/cf\/cronograma-do-esocial-tem-novas-datas-para-2020-e-2021\/","url_meta":{"origin":1854,"position":3},"title":"Cronograma do eSocial tem novas datas para 2020 e 2021","author":"Ab\u00edlio Gon\u00e7alves","date":"3 de janeiro de 2020","format":false,"excerpt":"Portaria publicada no Di\u00e1rio Oficial da Uni\u00e3o atualiza prazos de implanta\u00e7\u00e3o do sistema em 2020 e 2021 O calend\u00e1rio de implanta\u00e7\u00e3o do\u00a0eSocial\u00a0nas empresas foi alterado.\u00a0Portaria n\u00ba 1.419, de 23 de dezembro de 2019, publicada no Di\u00e1rio Oficial da Uni\u00e3o (DOU) do \u00faltimo dia 24, prorrogou o prazo para a in\u00edcio\u2026","rel":"","context":"Em &quot;Departamento Pessoal&quot;","block_context":{"text":"Departamento Pessoal","link":"https:\/\/cfcontabil.com\/cf\/category\/dp\/"},"img":{"alt_text":"","src":"https:\/\/i0.wp.com\/cfcontabil.com\/cf\/wp-content\/uploads\/2020\/01\/esocial-calendario.jpg?fit=600%2C310&ssl=1&resize=350%2C200","width":350,"height":200,"srcset":"https:\/\/i0.wp.com\/cfcontabil.com\/cf\/wp-content\/uploads\/2020\/01\/esocial-calendario.jpg?fit=600%2C310&ssl=1&resize=350%2C200 1x, https:\/\/i0.wp.com\/cfcontabil.com\/cf\/wp-content\/uploads\/2020\/01\/esocial-calendario.jpg?fit=600%2C310&ssl=1&resize=525%2C300 1.5x"},"classes":[]},{"id":1958,"url":"https:\/\/cfcontabil.com\/cf\/esocial-contabiliza-mais-de-39-milhoes-de-trabalhadores-cadastrados\/","url_meta":{"origin":1854,"position":4},"title":"eSocial contabiliza mais de 39 milh\u00f5es de trabalhadores cadastrados","author":"Ab\u00edlio Gon\u00e7alves","date":"28 de novembro de 2019","format":false,"excerpt":"At\u00e9 julho, \u00faltimo m\u00eas que foi feita a contabilidade oficial, 39.236.553 milh\u00f5es de trabalhadores estavam integrados \u00e0 base do eSocial. O n\u00famero representa a quantidade de empregados de empresas (inclusive empregador pessoa f\u00edsica, como produtores rurais e profissionais liberais), empregados dom\u00e9sticos e demais trabalhadores sem v\u00ednculo de emprego (estagi\u00e1rios, bolsistas,\u2026","rel":"","context":"Em &quot;Departamento Pessoal&quot;","block_context":{"text":"Departamento Pessoal","link":"https:\/\/cfcontabil.com\/cf\/category\/dp\/"},"img":{"alt_text":"","src":"https:\/\/i0.wp.com\/cfcontabil.com\/cf\/wp-content\/uploads\/2018\/09\/esocial-1-810x456-1.jpg?fit=810%2C456&ssl=1&resize=350%2C200","width":350,"height":200,"srcset":"https:\/\/i0.wp.com\/cfcontabil.com\/cf\/wp-content\/uploads\/2018\/09\/esocial-1-810x456-1.jpg?fit=810%2C456&ssl=1&resize=350%2C200 1x, https:\/\/i0.wp.com\/cfcontabil.com\/cf\/wp-content\/uploads\/2018\/09\/esocial-1-810x456-1.jpg?fit=810%2C456&ssl=1&resize=525%2C300 1.5x, https:\/\/i0.wp.com\/cfcontabil.com\/cf\/wp-content\/uploads\/2018\/09\/esocial-1-810x456-1.jpg?fit=810%2C456&ssl=1&resize=700%2C400 2x"},"classes":[]},{"id":2221,"url":"https:\/\/cfcontabil.com\/cf\/alem-da-prorrogacao-do-prazo-de-entrega-irpf-tem-mais-alteracoes\/","url_meta":{"origin":1854,"position":5},"title":"Al\u00e9m da prorroga\u00e7\u00e3o do prazo de entrega, IRPF tem mais altera\u00e7\u00f5es","author":"Ab\u00edlio Gon\u00e7alves","date":"4 de abril de 2020","format":false,"excerpt":"Anunciada pelo Secret\u00e1rio Especial da Receita Federal, Jos\u00e9 Tostes Neto, na \u00faltima quarta-feira (01\/04), a prorroga\u00e7\u00e3o para 30 de junho do prazo de entrega da declara\u00e7\u00e3o do\u00a0Imposto de Renda\u00a0Pessoa F\u00edsica (IRPF) n\u00e3o foi a \u00fanica novidade sobre o tema. A Instru\u00e7\u00e3o Normativa RFB n. 930, publicada no Di\u00e1rio Oficial da\u2026","rel":"","context":"Em &quot;Departamento Fiscal&quot;","block_context":{"text":"Departamento Fiscal","link":"https:\/\/cfcontabil.com\/cf\/category\/df\/"},"img":{"alt_text":"","src":"https:\/\/i0.wp.com\/cfcontabil.com\/cf\/wp-content\/uploads\/2020\/03\/dinheiro-caneta.jpg?fit=600%2C310&ssl=1&resize=350%2C200","width":350,"height":200,"srcset":"https:\/\/i0.wp.com\/cfcontabil.com\/cf\/wp-content\/uploads\/2020\/03\/dinheiro-caneta.jpg?fit=600%2C310&ssl=1&resize=350%2C200 1x, https:\/\/i0.wp.com\/cfcontabil.com\/cf\/wp-content\/uploads\/2020\/03\/dinheiro-caneta.jpg?fit=600%2C310&ssl=1&resize=525%2C300 1.5x"},"classes":[]}],"jetpack_likes_enabled":true,"_links":{"self":[{"href":"https:\/\/cfcontabil.com\/cf\/wp-json\/wp\/v2\/posts\/1854","targetHints":{"allow":["GET"]}}],"collection":[{"href":"https:\/\/cfcontabil.com\/cf\/wp-json\/wp\/v2\/posts"}],"about":[{"href":"https:\/\/cfcontabil.com\/cf\/wp-json\/wp\/v2\/types\/post"}],"author":[{"embeddable":true,"href":"https:\/\/cfcontabil.com\/cf\/wp-json\/wp\/v2\/users\/1"}],"replies":[{"embeddable":true,"href":"https:\/\/cfcontabil.com\/cf\/wp-json\/wp\/v2\/comments?post=1854"}],"version-history":[{"count":1,"href":"https:\/\/cfcontabil.com\/cf\/wp-json\/wp\/v2\/posts\/1854\/revisions"}],"predecessor-version":[{"id":1858,"href":"https:\/\/cfcontabil.com\/cf\/wp-json\/wp\/v2\/posts\/1854\/revisions\/1858"}],"wp:featuredmedia":[{"embeddable":true,"href":"https:\/\/cfcontabil.com\/cf\/wp-json\/wp\/v2\/media\/1857"}],"wp:attachment":[{"href":"https:\/\/cfcontabil.com\/cf\/wp-json\/wp\/v2\/media?parent=1854"}],"wp:term":[{"taxonomy":"category","embeddable":true,"href":"https:\/\/cfcontabil.com\/cf\/wp-json\/wp\/v2\/categories?post=1854"},{"taxonomy":"post_tag","embeddable":true,"href":"https:\/\/cfcontabil.com\/cf\/wp-json\/wp\/v2\/tags?post=1854"}],"curies":[{"name":"wp","href":"https:\/\/api.w.org\/{rel}","templated":true}]}}