{"id":1869,"date":"2019-11-11T09:44:57","date_gmt":"2019-11-11T12:44:57","guid":{"rendered":"http:\/\/cfcontabil.com\/cf\/?p=1869"},"modified":"2019-11-11T09:44:57","modified_gmt":"2019-11-11T12:44:57","slug":"receita-federal-ameaca-17-mil-empresas-por-dividas-no-df","status":"publish","type":"post","link":"https:\/\/cfcontabil.com\/cf\/receita-federal-ameaca-17-mil-empresas-por-dividas-no-df\/","title":{"rendered":"Receita Federal amea\u00e7a 17 mil empresas por d\u00edvidas no DF"},"content":{"rendered":"<div class=\"m-head-single\">\n<h2 class=\"m-resume-single\">Inadimpl\u00eancia deve ser quitada at\u00e9 fim do ano para que empresariado n\u00e3o seja for\u00e7ado a deixar o Simples Nacional e ver riscos ao neg\u00f3cio<\/h2>\n<\/div>\n<div class=\"m-image-single \"><picture class=\"\"><source srcset=\"https:\/\/uploads.metropoles.com\/wp-content\/uploads\/2019\/04\/27132524\/marcello-casal-jr-agencia-brasil-450x300.jpg\" media=\"(max-width: 767px)\" \/><\/picture><\/div>\n<div>\n<p>Receita Federal\u00a0decidiu mirar em 17.304 microempresas e empresas de pequeno porte do Distrito Federal que optaram pelo sistema\u00a0<a href=\"http:\/\/www8.receita.fazenda.gov.br\/SimplesNacional\/\" target=\"_blank\" rel=\"nofollow noopener noreferrer\">Simples Nacional<\/a>\u00a0e mant\u00eam d\u00edvidas com o Fisco nacional. A inadimpl\u00eancia registrada pelo \u00f3rg\u00e3o amea\u00e7a retirar o regime espec\u00edfico de tributa\u00e7\u00e3o, o que pode gerar uma s\u00e9rie de transtornos para os propriet\u00e1rios e s\u00f3cios. H\u00e1 risco tamb\u00e9m de\u00a0cancelamento de CNPJs.<\/p>\n<p>De acordo com a Receita, h\u00e1 quase R$ 505 milh\u00f5es em d\u00e9bitos empresariais apenas no DF. No Brasil, s\u00e3o 738.605 devedores, que respondem por d\u00edvidas no total de R$ 21,5 bilh\u00f5es.<\/p>\n<p>As companhias foram notificadas ainda em setembro sobre as pend\u00eancias federais e tiveram at\u00e9 30 dias para impugnar ou regularizar a inadimpl\u00eancia. As san\u00e7\u00f5es passam a valer a partir de 1\u00ba de janeiro de 2020. A mudan\u00e7a do\u00a0regime tribut\u00e1rio\u00a0implica em problemas \u2013 como a perda de benef\u00edcios fiscais, inclusive.<\/p>\n<div id=\"outbrain_widget_0\" class=\"OUTBRAIN\" data-src=\"https:\/\/www.metropoles.com\/colunas-blogs\/janela-indiscreta\/df-receita-ameaca-17-mil-empresas-por-dividas-de-r-500-milhoes\" data-widget-id=\"AR_6\" data-ob-template=\"\u201cmetropoles&quot;\" data-ob-mark=\"true\" data-browser=\"chrome\" data-os=\"win32\" data-dynload=\"\" data-idx=\"0\">\n<div class=\"ob_box_cont AR_6\"><\/div>\n<\/div>\n<p>Segundo a Receita Federal, os empregadores que regularizarem a totalidade de seus d\u00e9bitos dentro desse prazo \u201cter\u00e3o a exclus\u00e3o do Simples Nacional automaticamente tornada sem efeito\u201d. Na pr\u00e1tica, o contribuinte continuar\u00e1 nesse regime especial e n\u00e3o precisa comparecer \u00e0s unidades da Receita para adotar algum procedimento.<\/p>\n<p>Uma das principais diferen\u00e7as com a mudan\u00e7a ser\u00e1 sentida no bolso dos inadimplentes. Com a altera\u00e7\u00e3o do regime, a folha de pagamento pesa mais nos rendimentos da empresa, e a contribui\u00e7\u00e3o previdenci\u00e1ria tamb\u00e9m aumenta para quem possui quantidade razo\u00e1vel de empregados. H\u00e1 ainda a perda da vantagem de se pagar todos os impostos em um \u00fanico boleto. Al\u00e9m disso, a burocracia aumenta consideravelmente.<\/p>\n<div class=\"m-news-list-content m-related-news\">\n<article class=\"m-feed m-feed-small\">\n<div class=\"m-box-text\">\n<h6 class=\"m-title\">Devedores contumazes da Uni\u00e3o poder\u00e3o ter CNPJ cancelado<\/h6>\n<\/div>\n<\/article>\n<\/div>\n<h6>Varreduras<\/h6>\n<p>Constantemente, a Receita Federal realiza varreduras no cadastro das empresas para se certificar sobre o enquadramento de cada CNPJ com o Simples Nacional. As exclus\u00f5es s\u00e3o realizadas apenas ap\u00f3s constata\u00e7\u00f5es de d\u00edvidas ou irregularidades. Antes da decis\u00e3o final, o \u00f3rg\u00e3o comunica sobre o risco de exclus\u00e3o. O conte\u00fado do Termo Exclus\u00e3o pode ser acessado pelo Portal do Simples Nacional ou pelo\u00a0<a href=\"http:\/\/www8.receita.fazenda.gov.br\/SimplesNacional\/\" target=\"_blank\" rel=\"nofollow noopener noreferrer\">atendimento virtual<\/a>\u00a0do \u00f3rg\u00e3o.<\/p>\n<div id=\"outbrain_widget_1\" class=\"OUTBRAIN\" data-src=\"https:\/\/www.metropoles.com\/colunas-blogs\/janela-indiscreta\/df-receita-ameaca-17-mil-empresas-por-dividas-de-r-500-milhoes\" data-widget-id=\"AR_5\" data-ob-template=\"\u201cmetropoles&quot;\" data-ob-mark=\"true\" data-browser=\"chrome\" data-os=\"win32\" data-dynload=\"\" data-idx=\"1\">\n<div class=\"ob-widget ob-strip-layout AR_5\" data-dynamic-truncate=\"true\"><\/div>\n<\/div>\n<p>\u201cDessa forma, as microempresas (ME) e empresas de pequeno porte (EPP) devem ficar atentas para n\u00e3o serem exclu\u00eddas de of\u00edcio do regime por motivo de inadimpl\u00eancia. A contar da data de ci\u00eancia do Termo de Exclus\u00e3o, o contribuinte ter\u00e1 um prazo de 30 dias para impugnar ou regularizar seus d\u00e9bitos. A regulariza\u00e7\u00e3o pode se dar por pagamento \u00e0 vista, parcelamento ou compensa\u00e7\u00e3o\u201d, explica a Receita Federal.<\/p>\n<p>A Federa\u00e7\u00e3o do Com\u00e9rcio do Distrito Federal (Fecom\u00e9rcio-DF) explicou que a melhor op\u00e7\u00e3o sempre \u00e9 a quita\u00e7\u00e3o das d\u00edvidas pendentes com \u00f3rg\u00e3os p\u00fablicos Receita Federal. A\u00a0entidade afirmou que, \u201cnormalmente, a maioria das pend\u00eancias \u00e9 de empresas optantes pelo Simples que, a princ\u00edpio, para n\u00e3o perderem os benef\u00edcios da modalidade, t\u00eam de regularizar a sua situa\u00e7\u00e3o fiscal. O recolhimento do Simples no DF corresponde a cerca de R$ 30 milh\u00f5es por m\u00eas\u201d, explicou a entidade.<\/p>\n<p>A federa\u00e7\u00e3o adiantou manter a C\u00e2mara de Tributa\u00e7\u00e3o e Finan\u00e7as P\u00fablicas Receita Federal a fim de orientar e assessorar os empres\u00e1rios sobre quest\u00f5es tribut\u00e1rias, al\u00e9m de ajudar no entendimento das pend\u00eancias.<\/p>\n<h6><strong>Simples Nacional<\/strong><\/h6>\n<p>N\u00e3o \u00e9 toda empresa que pode fazer a op\u00e7\u00e3o por esse regime de tributa\u00e7\u00e3o. Normalmente, em raz\u00e3o de suas vantagens, o Simples sempre \u00e9 preferido, mas h\u00e1 uma limita\u00e7\u00e3o de atividades que \u00e9 fruto de uma combina\u00e7\u00e3o de uma s\u00e9rie de fatores. Al\u00e9m da pr\u00f3pria atividade em si ter de estar inserida em algum dos anexos vigentes, \u00e9 necess\u00e1rio verificar algumas outras situa\u00e7\u00f5es.<\/p>\n<p>Entre as principais vantagens est\u00e1 a conhecida simplifica\u00e7\u00e3o na apura\u00e7\u00e3o dos valores. Esse resultado \u00e9 de acordo com a receita bruta (faturamento) das empresas nos \u00faltimos 12 meses. Outra quest\u00e3o \u00e9 o recolhimento de impostos por meio de uma \u00fanica guia, chamada Documento de Arrecada\u00e7\u00e3o do Simples Nacional (DAS).<\/p>\n<p>De acordo com as regras atuais, o limite para faturamento de empresas do Simples \u00e9 de at\u00e9 R$ 4,8 milh\u00f5es por ano, divididos pelos 12 meses. No caso de quem obt\u00e9m CNPJ no meio do ano, nesses moldes, ter\u00e1 apenas R$ 2,4 milh\u00f5es para faturar no decorrer dos seis meses, o que equivale a R$ 400 mil por m\u00eas.<\/p>\n<p class=\"m-img-wrap\"><span class=\"m-credit\">REPRODU\u00c7\u00c3O \/ RECEITA FEDERAL<\/span><\/p>\n<\/div>\n","protected":false},"excerpt":{"rendered":"<p>Inadimpl\u00eancia deve ser quitada at\u00e9 fim do ano para que empresariado n\u00e3o seja for\u00e7ado a deixar o Simples Nacional e ver riscos ao neg\u00f3cio Receita Federal\u00a0decidiu mirar em 17.304 microempresas e empresas de pequeno porte do Distrito Federal que optaram pelo sistema\u00a0Simples Nacional\u00a0e mant\u00eam d\u00edvidas com o Fisco nacional. A inadimpl\u00eancia registrada pelo \u00f3rg\u00e3o amea\u00e7a [&hellip;]<\/p>\n","protected":false},"author":1,"featured_media":1495,"comment_status":"open","ping_status":"open","sticky":false,"template":"","format":"standard","meta":{"jetpack_post_was_ever_published":false,"_jetpack_newsletter_access":"","_jetpack_dont_email_post_to_subs":false,"_jetpack_newsletter_tier_id":0,"_jetpack_memberships_contains_paywalled_content":false,"_jetpack_memberships_contains_paid_content":false,"footnotes":"","jetpack_publicize_message":"","jetpack_publicize_feature_enabled":true,"jetpack_social_post_already_shared":true,"jetpack_social_options":{"image_generator_settings":{"template":"highway","default_image_id":0,"font":"","enabled":false},"version":2}},"categories":[46],"tags":[432,211,213],"class_list":["post-1869","post","type-post","status-publish","format-standard","has-post-thumbnail","hentry","category-df","tag-divida","tag-nacional","tag-simples"],"jetpack_publicize_connections":[],"jetpack_featured_media_url":"https:\/\/i0.wp.com\/cfcontabil.com\/cf\/wp-content\/uploads\/2017\/02\/receita-federal-1-1.png?fit=702%2C325&ssl=1","jetpack_sharing_enabled":true,"jetpack_shortlink":"https:\/\/wp.me\/p2wklX-u9","jetpack-related-posts":[{"id":1950,"url":"https:\/\/cfcontabil.com\/cf\/pequenos-devem-regularizar-debitos-com-a-receita\/","url_meta":{"origin":1869,"position":0},"title":"Pequenos devem regularizar d\u00e9bitos com a Receita","author":"Ab\u00edlio Gon\u00e7alves","date":"27 de novembro de 2019","format":false,"excerpt":"Empresas optantes pelo Simples Nacional com irregularidades t\u00eam at\u00e9 30 dias para quitar d\u00edvidas. Exclus\u00e3o ter\u00e1 efeitos a partir de 2020 A Receita Federal notifica micro e pequenas empresas optantes pelo Simples Nacional com d\u00e9bitos junto \u00e0 Secretaria Especial da Receita Federal ou \u00e0 Procuradoria-Geral da Fazenda Nacional. Ap\u00f3s conhecimento\u2026","rel":"","context":"Em &quot;Departamento Fiscal&quot;","block_context":{"text":"Departamento Fiscal","link":"https:\/\/cfcontabil.com\/cf\/category\/df\/"},"img":{"alt_text":"","src":"https:\/\/i0.wp.com\/cfcontabil.com\/cf\/wp-content\/uploads\/2019\/11\/simples-nacional-empresa.jpg?fit=660%2C350&ssl=1&resize=350%2C200","width":350,"height":200,"srcset":"https:\/\/i0.wp.com\/cfcontabil.com\/cf\/wp-content\/uploads\/2019\/11\/simples-nacional-empresa.jpg?fit=660%2C350&ssl=1&resize=350%2C200 1x, https:\/\/i0.wp.com\/cfcontabil.com\/cf\/wp-content\/uploads\/2019\/11\/simples-nacional-empresa.jpg?fit=660%2C350&ssl=1&resize=525%2C300 1.5x"},"classes":[]},{"id":1384,"url":"https:\/\/cfcontabil.com\/cf\/receita-vai-permitir-novos-parcelamentos-de-dividas-para-empresas-no-simples\/","url_meta":{"origin":1869,"position":1},"title":"Receita vai permitir novos parcelamentos de d\u00edvidas para empresas no Simples","author":"Ab\u00edlio Gon\u00e7alves","date":"1 de setembro de 2018","format":false,"excerpt":"Aten\u00e7\u00e3o que o efeito pr\u00e1tico a partir de 2019 A Receita Federal vai permitir que micro e pequenas empresas optantes do Simples possam fazer novos parcelamentos de d\u00e9bitos. Uma nova resolu\u00e7\u00e3o do Comit\u00ea Gestor do Simples Nacional (142\/18) prev\u00ea a possibilidade de negocia\u00e7\u00e3o de mais de dois reparcelamentos anuais.\u00a0 A\u2026","rel":"","context":"Em &quot;Departamento Fiscal&quot;","block_context":{"text":"Departamento Fiscal","link":"https:\/\/cfcontabil.com\/cf\/category\/df\/"},"img":{"alt_text":"","src":"https:\/\/i0.wp.com\/cfcontabil.com\/cf\/wp-content\/uploads\/2017\/01\/simples-1.jpg?fit=520%2C271&ssl=1&resize=350%2C200","width":350,"height":200},"classes":[]},{"id":2047,"url":"https:\/\/cfcontabil.com\/cf\/empresas-que-nao-regularizaram-pendencias-sao-excluidas-do-simples\/","url_meta":{"origin":1869,"position":2},"title":"Empresas que n\u00e3o regularizaram pend\u00eancias s\u00e3o exclu\u00eddas do Simples","author":"Ab\u00edlio Gon\u00e7alves","date":"14 de janeiro de 2020","format":false,"excerpt":"Contribuinte que resolver situa\u00e7\u00e3o poder\u00e1 pedir reinclus\u00e3o no regime As micro e pequenas empresas que n\u00e3o regularizaram as pend\u00eancias com o Simples Nacional \u2013 regime tribut\u00e1rio especial para pequenos neg\u00f3cios \u2013 foram exclu\u00eddas do programa no in\u00edcio de 2020 (dia 1\u00ba). Elas ter\u00e3o at\u00e9 31 de janeiro para resolverem a\u2026","rel":"","context":"Em \"Exclus\u00e3o\"","block_context":{"text":"Exclus\u00e3o","link":"https:\/\/cfcontabil.com\/cf\/tag\/exclusao\/"},"img":{"alt_text":"","src":"https:\/\/i0.wp.com\/cfcontabil.com\/cf\/wp-content\/uploads\/2020\/01\/exclusao-simples-nacional.jpg?fit=600%2C310&ssl=1&resize=350%2C200","width":350,"height":200,"srcset":"https:\/\/i0.wp.com\/cfcontabil.com\/cf\/wp-content\/uploads\/2020\/01\/exclusao-simples-nacional.jpg?fit=600%2C310&ssl=1&resize=350%2C200 1x, https:\/\/i0.wp.com\/cfcontabil.com\/cf\/wp-content\/uploads\/2020\/01\/exclusao-simples-nacional.jpg?fit=600%2C310&ssl=1&resize=525%2C300 1.5x"},"classes":[]},{"id":2653,"url":"https:\/\/cfcontabil.com\/cf\/mei-precisa-pagar-suas-dividas-ate-o-final-de-agosto\/","url_meta":{"origin":1869,"position":3},"title":"MEI precisa pagar suas d\u00edvidas at\u00e9 o final de agosto","author":"Ab\u00edlio Gon\u00e7alves","date":"23 de agosto de 2021","format":false,"excerpt":"A partir de setembro, a Receita Federal encaminhar\u00e1 os d\u00e9bitos n\u00e3o regularizados para a D\u00edvida Ativa, e elas ser\u00e3o cobradas com juros. Os microempreendedores individuais (MEI) que est\u00e3o devendo impostos poder\u00e3o regularizar suas d\u00edvidas at\u00e9 o final deste m\u00eas. A situa\u00e7\u00e3o pode ser resolvida pelo pagamento dos d\u00e9bitos, utilizando o\u2026","rel":"","context":"Em &quot;Departamento Fiscal&quot;","block_context":{"text":"Departamento Fiscal","link":"https:\/\/cfcontabil.com\/cf\/category\/df\/"},"img":{"alt_text":"","src":"https:\/\/i0.wp.com\/cfcontabil.com\/cf\/wp-content\/uploads\/2020\/04\/MEI-1200x675-1.png?fit=1200%2C675&ssl=1&resize=350%2C200","width":350,"height":200,"srcset":"https:\/\/i0.wp.com\/cfcontabil.com\/cf\/wp-content\/uploads\/2020\/04\/MEI-1200x675-1.png?fit=1200%2C675&ssl=1&resize=350%2C200 1x, https:\/\/i0.wp.com\/cfcontabil.com\/cf\/wp-content\/uploads\/2020\/04\/MEI-1200x675-1.png?fit=1200%2C675&ssl=1&resize=525%2C300 1.5x, https:\/\/i0.wp.com\/cfcontabil.com\/cf\/wp-content\/uploads\/2020\/04\/MEI-1200x675-1.png?fit=1200%2C675&ssl=1&resize=700%2C400 2x, https:\/\/i0.wp.com\/cfcontabil.com\/cf\/wp-content\/uploads\/2020\/04\/MEI-1200x675-1.png?fit=1200%2C675&ssl=1&resize=1050%2C600 3x"},"classes":[]},{"id":687,"url":"https:\/\/cfcontabil.com\/cf\/empresas-do-simples-devem-entregar-a-defis-ate-31-de-marco\/","url_meta":{"origin":1869,"position":4},"title":"Empresas do Simples devem entregar a Defis at\u00e9 31 de mar\u00e7o","author":"Ab\u00edlio Gon\u00e7alves","date":"20 de mar\u00e7o de 2016","format":false,"excerpt":"Termina em 31 de mar\u00e7o o prazo para a entrega da Declara\u00e7\u00e3o de Informa\u00e7\u00f5es Socioecon\u00f4micas e Fiscais - DEFIS, relacionada \u00e0s empresas do Simples Nacional em situa\u00e7\u00e3o normal, e referente ao ano-calend\u00e1rio 2015. A Defis deve ser preenchida e transmitida pela Internet, por meio do aplicativo dispon\u00edvel na RFB, no\u2026","rel":"","context":"Em &quot;Consultoria Empresarial&quot;","block_context":{"text":"Consultoria Empresarial","link":"https:\/\/cfcontabil.com\/cf\/category\/consultoria\/"},"img":{"alt_text":"","src":"https:\/\/i0.wp.com\/cfcontabil.com\/cf\/wp-content\/uploads\/2016\/03\/DEFIS-Simples-1.png?fit=615%2C300&ssl=1&resize=350%2C200","width":350,"height":200,"srcset":"https:\/\/i0.wp.com\/cfcontabil.com\/cf\/wp-content\/uploads\/2016\/03\/DEFIS-Simples-1.png?fit=615%2C300&ssl=1&resize=350%2C200 1x, https:\/\/i0.wp.com\/cfcontabil.com\/cf\/wp-content\/uploads\/2016\/03\/DEFIS-Simples-1.png?fit=615%2C300&ssl=1&resize=525%2C300 1.5x"},"classes":[]},{"id":1236,"url":"https:\/\/cfcontabil.com\/cf\/mei-deve-prestar-contas-a-receita-federal-atraves-da-declaracao-anual-do-simples-nacional\/","url_meta":{"origin":1869,"position":5},"title":"MEI deve prestar contas \u00e0 Receita Federal atrav\u00e9s da Declara\u00e7\u00e3o Anual do Simples Nacional","author":"Ab\u00edlio Gon\u00e7alves","date":"7 de mar\u00e7o de 2017","format":false,"excerpt":"Documento \u00e9 feito de forma gratuita nos postos de atendimento do Sebrae e \u00e9 obriga\u00e7\u00e3o do empres\u00e1rio para que seus direitos sejam assegurados. O Microempreendedor Individual (MEI) j\u00e1 pode procurar um dos postos de atendimento do Sebrae em Alagoas ou uma das Salas do Empreendedor no estado para realizar a\u2026","rel":"","context":"Em &quot;Departamento Fiscal&quot;","block_context":{"text":"Departamento Fiscal","link":"https:\/\/cfcontabil.com\/cf\/category\/df\/"},"img":{"alt_text":"","src":"https:\/\/i0.wp.com\/cfcontabil.com\/cf\/wp-content\/uploads\/2017\/03\/mei-micro-empreendedor-individual-696x287-1.jpg?fit=696%2C287&ssl=1&resize=350%2C200","width":350,"height":200,"srcset":"https:\/\/i0.wp.com\/cfcontabil.com\/cf\/wp-content\/uploads\/2017\/03\/mei-micro-empreendedor-individual-696x287-1.jpg?fit=696%2C287&ssl=1&resize=350%2C200 1x, https:\/\/i0.wp.com\/cfcontabil.com\/cf\/wp-content\/uploads\/2017\/03\/mei-micro-empreendedor-individual-696x287-1.jpg?fit=696%2C287&ssl=1&resize=525%2C300 1.5x"},"classes":[]}],"jetpack_likes_enabled":true,"_links":{"self":[{"href":"https:\/\/cfcontabil.com\/cf\/wp-json\/wp\/v2\/posts\/1869","targetHints":{"allow":["GET"]}}],"collection":[{"href":"https:\/\/cfcontabil.com\/cf\/wp-json\/wp\/v2\/posts"}],"about":[{"href":"https:\/\/cfcontabil.com\/cf\/wp-json\/wp\/v2\/types\/post"}],"author":[{"embeddable":true,"href":"https:\/\/cfcontabil.com\/cf\/wp-json\/wp\/v2\/users\/1"}],"replies":[{"embeddable":true,"href":"https:\/\/cfcontabil.com\/cf\/wp-json\/wp\/v2\/comments?post=1869"}],"version-history":[{"count":1,"href":"https:\/\/cfcontabil.com\/cf\/wp-json\/wp\/v2\/posts\/1869\/revisions"}],"predecessor-version":[{"id":1870,"href":"https:\/\/cfcontabil.com\/cf\/wp-json\/wp\/v2\/posts\/1869\/revisions\/1870"}],"wp:featuredmedia":[{"embeddable":true,"href":"https:\/\/cfcontabil.com\/cf\/wp-json\/wp\/v2\/media\/1495"}],"wp:attachment":[{"href":"https:\/\/cfcontabil.com\/cf\/wp-json\/wp\/v2\/media?parent=1869"}],"wp:term":[{"taxonomy":"category","embeddable":true,"href":"https:\/\/cfcontabil.com\/cf\/wp-json\/wp\/v2\/categories?post=1869"},{"taxonomy":"post_tag","embeddable":true,"href":"https:\/\/cfcontabil.com\/cf\/wp-json\/wp\/v2\/tags?post=1869"}],"curies":[{"name":"wp","href":"https:\/\/api.w.org\/{rel}","templated":true}]}}