{"id":1881,"date":"2019-11-12T11:02:57","date_gmt":"2019-11-12T14:02:57","guid":{"rendered":"http:\/\/cfcontabil.com\/cf\/?p=1881"},"modified":"2019-11-12T11:02:57","modified_gmt":"2019-11-12T14:02:57","slug":"novas-funcionalidades-deixam-o-esocial-web-domestico-ainda-mais-simples","status":"publish","type":"post","link":"https:\/\/cfcontabil.com\/cf\/novas-funcionalidades-deixam-o-esocial-web-domestico-ainda-mais-simples\/","title":{"rendered":"Novas funcionalidades deixam o eSocial Web Dom\u00e9stico ainda mais simples"},"content":{"rendered":"<h4 class=\"subtitulo\">O m\u00f3dulo web dom\u00e9stico passou por grandes mudan\u00e7as a partir desta segunda (11)<\/h4>\n<div class=\"fotodestaque\"><img data-recalc-dims=\"1\" decoding=\"async\" class=\"alignleft\" src=\"https:\/\/i0.wp.com\/fenacon.org.br\/media\/uploads\/noticias\/2019\/11\/b0f0345c-f585-4492-9955-51b1498b899d.jpeg.600x335_q85_box-0%2C3%2C768%2C431_crop_detail.jpg?w=1170\" alt=\"\" \/><\/div>\n<div class=\"articleTexto\">\n<p><strong>Novas ferramentas amig\u00e1veis e intuitivas: assistente &#8220;passo a passo&#8221; para f\u00e9rias e desligamento, lan\u00e7amento autom\u00e1tico da primeira parcela do 13\u00ba, alertas na p\u00e1gina principal, reajuste salarial simplificado. Diversas mudan\u00e7as entraram em vigor nesta segunda-feira\u00a0(11). E ainda h\u00e1 outras ferramentas a serem disponibilizadas em breve.<\/strong><\/p>\n<p>O m\u00f3dulo web dom\u00e9stico passou por grandes mudan\u00e7as a partir desta segunda-feira\u00a0(11). O usu\u00e1rio poder\u00e1 contar com diversas novas ferramentas que prometem facilitar ainda mais a vida de quem tem empregado dom\u00e9stico e usa o eSocial para cumprir suas obriga\u00e7\u00f5es.<\/p>\n<p>Al\u00e9m das ferramentas e automatiza\u00e7\u00f5es que os empregadores dom\u00e9sticos j\u00e1 podiam utilizar, foram implementadas novas funcionalidades e ferramentas, al\u00e9m de terem sido simplificados processos atuais. As novas funcionalidades foram desenvolvidas a partir de um diagn\u00f3stico feito pela Secretaria de Governo Digital que detectou as principais dificuldades dos usu\u00e1rios e se prop\u00f5em a auxiliar nos pontos mais demandados.<\/p>\n<p>Vamos ver as novidades:<\/p>\n<p><strong>Assistente passo a passo de f\u00e9rias<\/strong><\/p>\n<p>O chamado &#8220;wizard&#8221; ou &#8220;assistente&#8221; \u00e9 uma ferramenta que guia o usu\u00e1rio em todos os passos da presta\u00e7\u00e3o da informa\u00e7\u00e3o, de forma intuitiva e simples. Assim, a possibilidade de erro \u00e9 minimizada e as informa\u00e7\u00f5es s\u00e3o apresentadas de maneira clara e transparente, principalmente nos casos em que as f\u00e9rias abrangem mais de um m\u00eas do calend\u00e1rio. Os descontos, adiantamentos e pagamentos ficaram mais f\u00e1ceis de ser entendidos. Voc\u00ea encontra o link para a nova ferramenta diretamente na p\u00e1gina principal do eSocial, no menu de &#8220;Acesso R\u00e1pido&#8221;.<\/p>\n<p><strong>Nova ferramenta completa de f\u00e9rias<\/strong><\/p>\n<p>Para os usu\u00e1rios mais experientes e que preferem ter uma vis\u00e3o completa, est\u00e1 dispon\u00edvel tamb\u00e9m a nova ferramenta de f\u00e9rias. Com ela, ser\u00e1 poss\u00edvel informar as f\u00e9rias em casos de altera\u00e7\u00e3o de sal\u00e1rio base por for\u00e7a de necessidade de c\u00e1lculo de m\u00e9dias salariais, por exemplo. A nova ferramenta est\u00e1 mais limpa, clara e n\u00e3o menos intuitiva, com as informa\u00e7\u00f5es sendo apresentadas em uma \u00fanica tela. Para acessar a ferramenta completa, v\u00e1 em Empregados&gt;Gest\u00e3o de Empregados, selecione o trabalhador e clique no bot\u00e3o &#8220;F\u00e9rias&#8221;.<\/p>\n<p><strong>Novo recibo de f\u00e9rias<\/strong><\/p>\n<p>A emiss\u00e3o do recibo de antecipa\u00e7\u00e3o de f\u00e9rias foi reformulada e o documento passou a ter o padr\u00e3o dos demais do eSocial. As informa\u00e7\u00f5es s\u00e3o inseridas de maneira que tanto empregador quanto trabalhador entendam as verbas pagas e descontos que ocorrer\u00e3o em cada m\u00eas.<\/p>\n<p><strong>Assistente de reajuste salarial<\/strong><\/p>\n<p>Agora o empregador n\u00e3o precisa mais entrar na ferramenta de altera\u00e7\u00e3o contratual para conseguir reajustar o sal\u00e1rio do empregado. A nova funcionalidade \u00e9 simples e direta. Traz apenas os dados necess\u00e1rios para que o empregador informe os reajustes salariais do trabalhador rapidamente, sem complica\u00e7\u00e3o. Voc\u00ea encontra o link para o assistente na tela principal do eSocial, no menu &#8220;Acesso R\u00e1pido&#8221;.<\/p>\n<p><strong>\u00a0Assistente passo a passo de desligamento<\/strong><\/p>\n<p>Um dos momentos em que os empregadores t\u00eam mais d\u00favidas \u00e9 quando precisam desligar o trabalhador. Pensando nisso foi desenvolvida um assistente passo a passo. O preenchimento de campos que muitas vezes traziam termos t\u00e9cnicos desconhecidos pelo empregador foi substitu\u00eddo por perguntas simples e automatiza\u00e7\u00f5es que deixam o desligamento descomplicado e evitam erros. A ferramenta guia o usu\u00e1rio em todos os momentos, trazendo conceitos e explicando os termos que podem n\u00e3o fazer parte do dia a dia do empregador. Tudo para que ele possa ter seguran\u00e7a de que est\u00e1 cumprindo sua obriga\u00e7\u00e3o nesse momento que \u00e9 o mais dif\u00edcil da vida laboral do trabalhador e o que costuma gerar mais d\u00favidas. Para fazer o desligamento do trabalhador com a nova ferramenta, acesse a op\u00e7\u00e3o Gest\u00e3o de Empregados no menu Empregados, selecione o trabalhador e clique no bot\u00e3o Desligamento.<\/p>\n<p><strong>Lan\u00e7amento autom\u00e1tico da primeira parcela do 13\u00ba Sal\u00e1rio<\/strong><\/p>\n<p>Os empregadores j\u00e1 se acostumaram com o c\u00e1lculo autom\u00e1tico da folha do 13\u00ba sal\u00e1rio em dezembro, mas muitos ainda demonstram ter d\u00favidas quando precisam fazer o pagamento da primeira parcela. Com isso em mente, foi implementada uma nova funcionalidade que calcula e insere automaticamente o valor da primeira parcela do 13\u00ba sal\u00e1rio em novembro, caso o empregador j\u00e1 n\u00e3o tenha feito o adiantamento em um m\u00eas anterior. Assim, o fechamento da folha de novembro ficou ainda mais simples, dispensando a edi\u00e7\u00e3o da remunera\u00e7\u00e3o do trabalhador para incluir essa parcela.<\/p>\n<p>A funcionalidade j\u00e1 est\u00e1 valendo para este m\u00eas de novembro e, ao acessar a folha, o empregador que ainda n\u00e3o pagou o adiantamento do 13\u00ba ao longo do ano ver\u00e1 que o sistema j\u00e1 vai ter inserido o valor do adiantamento automaticamente no c\u00e1lculo sugerido pelo eSocial.<\/p>\n<p><strong>Novos alertas, lembretes e atalhos na p\u00e1gina principal<\/strong><\/p>\n<p>Os usu\u00e1rios perceber\u00e3o que o sistema passar\u00e1 a exibir alertas e lembretes na p\u00e1gina principal. Por exemplo, se o usu\u00e1rio se esqueceu de encerrar alguma folha antiga, ser\u00e1 alertado pelo eSocial. Al\u00e9m disso, as funcionalidades dos atalhos do &#8220;Acesso R\u00e1pido&#8221;, na tela principal, direcionar\u00e3o o usu\u00e1rio diretamente para o trabalhador, evitando cliques desnecess\u00e1rios e simplificando o trabalho. Por exemplo, o empregador poder\u00e1 utilizar a nova funcionalidade do assistente de f\u00e9rias simplesmente clicando no acesso r\u00e1pido e, quando tiver mais de um empregado, selecionar\u00e1 ali mesmo o trabalhador para o qual deseja prestar informa\u00e7\u00e3o no sistema. Tudo simples e direto.<\/p>\n<p>Mas as novidades n\u00e3o param por aqui. Fique de olho, porque mais ferramentas de aux\u00edlio e simplifica\u00e7\u00e3o ser\u00e3o apresentadas em breve. Novo eSocial: ainda mais f\u00e1cil. Ainda mais simples.<\/p>\n<\/div>\n","protected":false},"excerpt":{"rendered":"<p>O m\u00f3dulo web dom\u00e9stico passou por grandes mudan\u00e7as a partir desta segunda (11) Novas ferramentas amig\u00e1veis e intuitivas: assistente &#8220;passo a passo&#8221; para f\u00e9rias e desligamento, lan\u00e7amento autom\u00e1tico da primeira parcela do 13\u00ba, alertas na p\u00e1gina principal, reajuste salarial simplificado. Diversas mudan\u00e7as entraram em vigor nesta segunda-feira\u00a0(11). E ainda h\u00e1 outras ferramentas a serem disponibilizadas [&hellip;]<\/p>\n","protected":false},"author":1,"featured_media":1318,"comment_status":"open","ping_status":"open","sticky":false,"template":"","format":"standard","meta":{"jetpack_post_was_ever_published":false,"_jetpack_newsletter_access":"","_jetpack_dont_email_post_to_subs":false,"_jetpack_newsletter_tier_id":0,"_jetpack_memberships_contains_paywalled_content":false,"_jetpack_memberships_contains_paid_content":false,"footnotes":"","jetpack_publicize_message":"","jetpack_publicize_feature_enabled":true,"jetpack_social_post_already_shared":true,"jetpack_social_options":{"image_generator_settings":{"template":"highway","default_image_id":0,"font":"","enabled":false},"version":2}},"categories":[29],"tags":[191,192,78,592],"class_list":["post-1881","post","type-post","status-publish","format-standard","has-post-thumbnail","hentry","category-dp","tag-domestico","tag-empregado","tag-esocial","tag-web"],"jetpack_publicize_connections":[],"jetpack_featured_media_url":"https:\/\/i0.wp.com\/cfcontabil.com\/cf\/wp-content\/uploads\/2018\/06\/esocial-domestico-1.jpg?fit=600%2C450&ssl=1","jetpack_sharing_enabled":true,"jetpack_shortlink":"https:\/\/wp.me\/p2wklX-ul","jetpack-related-posts":[{"id":1374,"url":"https:\/\/cfcontabil.com\/cf\/receita-federal-intensifica-esclarecimentos-sobre-esocial\/","url_meta":{"origin":1881,"position":0},"title":"Receita Federal intensifica esclarecimentos sobre eSocial","author":"Ab\u00edlio Gon\u00e7alves","date":"30 de agosto de 2018","format":false,"excerpt":"Servi\u00e7o gratuito funciona de segunda \u00e0 sexta-feira, das 7h \u00e0s 19h Com objetivo de intensificar informa\u00e7\u00f5es e esclarecer d\u00favidas sobre o funcionamento do Sistema de Escritura\u00e7\u00e3o Digital das Obriga\u00e7\u00f5es Fiscais, Previd\u00eanci\u00e1rias e Trabalhistas (eSocial), a Receita Federal disponibilizou mais uma ferramenta de comunica\u00e7\u00e3o, o servi\u00e7o de 0800. O canal aceitar\u00e1\u2026","rel":"","context":"Em &quot;Departamento Pessoal&quot;","block_context":{"text":"Departamento Pessoal","link":"https:\/\/cfcontabil.com\/cf\/category\/dp\/"},"img":{"alt_text":"","src":"https:\/\/i0.wp.com\/cfcontabil.com\/cf\/wp-content\/uploads\/2017\/02\/receita-federal-1-1.png?fit=702%2C325&ssl=1&resize=350%2C200","width":350,"height":200,"srcset":"https:\/\/i0.wp.com\/cfcontabil.com\/cf\/wp-content\/uploads\/2017\/02\/receita-federal-1-1.png?fit=702%2C325&ssl=1&resize=350%2C200 1x, https:\/\/i0.wp.com\/cfcontabil.com\/cf\/wp-content\/uploads\/2017\/02\/receita-federal-1-1.png?fit=702%2C325&ssl=1&resize=525%2C300 1.5x, https:\/\/i0.wp.com\/cfcontabil.com\/cf\/wp-content\/uploads\/2017\/02\/receita-federal-1-1.png?fit=702%2C325&ssl=1&resize=700%2C400 2x"},"classes":[]},{"id":1339,"url":"https:\/\/cfcontabil.com\/cf\/empregado-domestico-2\/","url_meta":{"origin":1881,"position":1},"title":"Empregado Dom\u00e9stico","author":"Ab\u00edlio Gon\u00e7alves","date":"10 de julho de 2018","format":false,"excerpt":"Considera\u00e7\u00f5es sobre contrato de trabalho, encargos sociais e eSocial O trabalho dom\u00e9stico \u00e9 regido pela Lei Complementar (LC) n\u00ba 150, de 1\u00ba de junho de 2015, que regulamentou os principais direitos da categoria, estabeleceu a aplica\u00e7\u00e3o subsidi\u00e1ria da Consolida\u00e7\u00e3o das Leis do Trabalho\u00a0(CLT)\u00a0e a implanta\u00e7\u00e3o do\u00a0Simples Dom\u00e9sticoconsolidado pelo M\u00f3dulo Web\u2026","rel":"","context":"Em &quot;Geral&quot;","block_context":{"text":"Geral","link":"https:\/\/cfcontabil.com\/cf\/category\/geral\/"},"img":{"alt_text":"","src":"https:\/\/i0.wp.com\/cfcontabil.com\/cf\/wp-content\/uploads\/2016\/03\/domestica-1.jpeg?fit=600%2C315&ssl=1&resize=350%2C200","width":350,"height":200,"srcset":"https:\/\/i0.wp.com\/cfcontabil.com\/cf\/wp-content\/uploads\/2016\/03\/domestica-1.jpeg?fit=600%2C315&ssl=1&resize=350%2C200 1x, https:\/\/i0.wp.com\/cfcontabil.com\/cf\/wp-content\/uploads\/2016\/03\/domestica-1.jpeg?fit=600%2C315&ssl=1&resize=525%2C300 1.5x"},"classes":[]},{"id":1180,"url":"https:\/\/cfcontabil.com\/cf\/novos-tutoriais-em-video-do-esocial-domestico\/","url_meta":{"origin":1881,"position":2},"title":"Novos tutoriais em v\u00eddeo do eSocial Dom\u00e9stico","author":"Ab\u00edlio Gon\u00e7alves","date":"14 de junho de 2017","format":false,"excerpt":"V\u00eddeos abordam todos os itens do eSocial Dom\u00e9stico, da admiss\u00e3o ao desligamento. Podem ser acessados no menu Empregador Dom\u00e9stico Mais uma novidade para auxiliar os empregadores dom\u00e9sticos: Tutoriais em V\u00eddeo. Produzidos pela Escola Nacional da Inspe\u00e7\u00e3o do Trabalho - ENIT, os v\u00eddeos trazem informa\u00e7\u00f5es detalhadas sobre cada tema do eSocial,\u2026","rel":"","context":"Em &quot;Departamento Pessoal&quot;","block_context":{"text":"Departamento Pessoal","link":"https:\/\/cfcontabil.com\/cf\/category\/dp\/"},"img":{"alt_text":"","src":"https:\/\/i0.wp.com\/cfcontabil.com\/cf\/wp-content\/uploads\/2017\/06\/esocial_video-1.jpeg?fit=768%2C453&ssl=1&resize=350%2C200","width":350,"height":200,"srcset":"https:\/\/i0.wp.com\/cfcontabil.com\/cf\/wp-content\/uploads\/2017\/06\/esocial_video-1.jpeg?fit=768%2C453&ssl=1&resize=350%2C200 1x, https:\/\/i0.wp.com\/cfcontabil.com\/cf\/wp-content\/uploads\/2017\/06\/esocial_video-1.jpeg?fit=768%2C453&ssl=1&resize=525%2C300 1.5x, https:\/\/i0.wp.com\/cfcontabil.com\/cf\/wp-content\/uploads\/2017\/06\/esocial_video-1.jpeg?fit=768%2C453&ssl=1&resize=700%2C400 2x"},"classes":[]},{"id":1317,"url":"https:\/\/cfcontabil.com\/cf\/conhece-o-esocial-domestico-nos-podemos-ajudar\/","url_meta":{"origin":1881,"position":3},"title":"Conhece o eSocial Dom\u00e9stico? N\u00f3s podemos ajudar!","author":"Ab\u00edlio Gon\u00e7alves","date":"7 de junho de 2018","format":false,"excerpt":"Ativo desde 2015, o\u00a0e-Social \u00e9 um sistema que foi desenvolvido para minimizar os problemas de pagamentos de direitos aos trabalhadores dom\u00e9sticos, de forma que eles tenham garantido o pagamento de todos os seus direitos por lei. Um sistema que permite o empregador encaminhar informa\u00e7\u00f5es trabalhistas de forma mais pr\u00e1tica para\u2026","rel":"","context":"Em &quot;Departamento Pessoal&quot;","block_context":{"text":"Departamento Pessoal","link":"https:\/\/cfcontabil.com\/cf\/category\/dp\/"},"img":{"alt_text":"","src":"https:\/\/i0.wp.com\/cfcontabil.com\/cf\/wp-content\/uploads\/2018\/06\/esocial-domestico-1.jpg?fit=600%2C450&ssl=1&resize=350%2C200","width":350,"height":200,"srcset":"https:\/\/i0.wp.com\/cfcontabil.com\/cf\/wp-content\/uploads\/2018\/06\/esocial-domestico-1.jpg?fit=600%2C450&ssl=1&resize=350%2C200 1x, https:\/\/i0.wp.com\/cfcontabil.com\/cf\/wp-content\/uploads\/2018\/06\/esocial-domestico-1.jpg?fit=600%2C450&ssl=1&resize=525%2C300 1.5x"},"classes":[]},{"id":1352,"url":"https:\/\/cfcontabil.com\/cf\/esocial-registra-o-ingresso-de-1-milhao-de-empregadores\/","url_meta":{"origin":1881,"position":4},"title":"eSocial registra o ingresso de 1 milh\u00e3o de empregadores","author":"Ab\u00edlio Gon\u00e7alves","date":"21 de agosto de 2018","format":false,"excerpt":"O eSocial est\u00e1 sendo implantado desde o primeiro semestre deste ano contemplando 5 fases. No primeiro momento foi a vez das empresas com faturamento superior a R$ 78 milh\u00f5es anuais, que passaram a ter a utiliza\u00e7\u00e3o obrigat\u00f3ria do programa a partir de 8 de janeiro de 2018. Esse grupo \u00e9\u2026","rel":"","context":"Em &quot;Departamento Pessoal&quot;","block_context":{"text":"Departamento Pessoal","link":"https:\/\/cfcontabil.com\/cf\/category\/dp\/"},"img":{"alt_text":"","src":"https:\/\/i0.wp.com\/cfcontabil.com\/cf\/wp-content\/uploads\/2017\/06\/esocial-462x234-1.png?fit=462%2C234&ssl=1&resize=350%2C200","width":350,"height":200},"classes":[]},{"id":667,"url":"https:\/\/cfcontabil.com\/cf\/empregado-domestico\/","url_meta":{"origin":1881,"position":5},"title":"EMPREGADO DOM\u00c9STICO","author":"Ab\u00edlio Gon\u00e7alves","date":"11 de mar\u00e7o de 2016","format":false,"excerpt":"Portal do eSocial ficar\u00e1 indispon\u00edvel durante duas horas neste s\u00e1bado Medida \u00e9 necess\u00e1ria para a expans\u00e3o do banco de dados do sistema O sistema do eSocial estar\u00e1 indispon\u00edvel neste s\u00e1bado (12), das 10 horas ao meio-dia. A medida, de car\u00e1ter t\u00e9cnico, tem como objetivo a migra\u00e7\u00e3o do banco de dados\u2026","rel":"","context":"Em &quot;Departamento Pessoal&quot;","block_context":{"text":"Departamento Pessoal","link":"https:\/\/cfcontabil.com\/cf\/category\/dp\/"},"img":{"alt_text":"","src":"https:\/\/i0.wp.com\/cfcontabil.com\/cf\/wp-content\/uploads\/2016\/03\/esocial-1374759873-2.png?fit=439%2C339&ssl=1&resize=350%2C200","width":350,"height":200},"classes":[]}],"jetpack_likes_enabled":true,"_links":{"self":[{"href":"https:\/\/cfcontabil.com\/cf\/wp-json\/wp\/v2\/posts\/1881","targetHints":{"allow":["GET"]}}],"collection":[{"href":"https:\/\/cfcontabil.com\/cf\/wp-json\/wp\/v2\/posts"}],"about":[{"href":"https:\/\/cfcontabil.com\/cf\/wp-json\/wp\/v2\/types\/post"}],"author":[{"embeddable":true,"href":"https:\/\/cfcontabil.com\/cf\/wp-json\/wp\/v2\/users\/1"}],"replies":[{"embeddable":true,"href":"https:\/\/cfcontabil.com\/cf\/wp-json\/wp\/v2\/comments?post=1881"}],"version-history":[{"count":1,"href":"https:\/\/cfcontabil.com\/cf\/wp-json\/wp\/v2\/posts\/1881\/revisions"}],"predecessor-version":[{"id":1882,"href":"https:\/\/cfcontabil.com\/cf\/wp-json\/wp\/v2\/posts\/1881\/revisions\/1882"}],"wp:featuredmedia":[{"embeddable":true,"href":"https:\/\/cfcontabil.com\/cf\/wp-json\/wp\/v2\/media\/1318"}],"wp:attachment":[{"href":"https:\/\/cfcontabil.com\/cf\/wp-json\/wp\/v2\/media?parent=1881"}],"wp:term":[{"taxonomy":"category","embeddable":true,"href":"https:\/\/cfcontabil.com\/cf\/wp-json\/wp\/v2\/categories?post=1881"},{"taxonomy":"post_tag","embeddable":true,"href":"https:\/\/cfcontabil.com\/cf\/wp-json\/wp\/v2\/tags?post=1881"}],"curies":[{"name":"wp","href":"https:\/\/api.w.org\/{rel}","templated":true}]}}