{"id":1883,"date":"2019-11-12T15:00:34","date_gmt":"2019-11-12T18:00:34","guid":{"rendered":"http:\/\/cfcontabil.com\/cf\/?p=1883"},"modified":"2019-11-12T11:09:25","modified_gmt":"2019-11-12T14:09:25","slug":"governo-informa-que-cobrara-contribuicao-previdenciaria-de-quem-receber-seguro-desemprego","status":"publish","type":"post","link":"https:\/\/cfcontabil.com\/cf\/governo-informa-que-cobrara-contribuicao-previdenciaria-de-quem-receber-seguro-desemprego\/","title":{"rendered":"Governo informa que cobrar\u00e1 contribui\u00e7\u00e3o previdenci\u00e1ria de quem receber seguro-desemprego"},"content":{"rendered":"<h2 class=\"content-head__subtitle\">Segundo secret\u00e1rio de Previd\u00eancia, medida permitir\u00e1 ao benefici\u00e1rio contar tempo para aposentadoria. Governo estima arrecadar at\u00e9 R$ 12 bi em cinco anos.<\/h2>\n<div class=\"mc-column content-text active-extra-styles active-capital-letter\" data-block-type=\"unstyled\" data-block-weight=\"26\" data-block-id=\"1\">\n<p class=\"content-text__container theme-color-primary-first-letter\" data-track-category=\"Link no Texto\" data-track-links=\"\">O secret\u00e1rio de Previd\u00eancia do\u00a0Minist\u00e9rio da Economia, Rog\u00e9rio Marinho, informou nesta segunda-feira (11) que o governo passar\u00e1 a cobrar contribui\u00e7\u00e3o previdenci\u00e1ria de quem receber seguro-desemprego.<\/p>\n<\/div>\n<div class=\"wall protected-content\">\n<div class=\"mc-column content-text active-extra-styles \" data-block-type=\"unstyled\" data-block-weight=\"29\" data-block-id=\"2\">\n<p class=\"content-text__container \" data-track-category=\"Link no Texto\" data-track-links=\"\">De acordo com o secret\u00e1rio, a contribui\u00e7\u00e3o vai variar de 7,5% a 11%, e a medida permitir\u00e1 ao benefici\u00e1rio contar o tempo de recebimento do seguro-desemprego para a aposentadoria.<\/p>\n<div class=\"mc-column content-text active-extra-styles \" data-block-type=\"unstyled\" data-block-weight=\"33\" data-block-id=\"4\">\n<p class=\"content-text__container \" data-track-category=\"Link no Texto\" data-track-links=\"\">Marinho deu as informa\u00e7\u00f5es no Pal\u00e1cio do Planalto, onde participou do lan\u00e7amento do programa Verde Amarelo, que, segundo o governo, prev\u00ea gerar\u00a01,8 milh\u00e3o de empregos para jovens\u00a0entre 18 e 29 anos.<\/p>\n<\/div>\n<div class=\"mc-column content-text active-extra-styles\" data-block-type=\"raw\" data-block-weight=\"38\" data-block-id=\"5\">\n<blockquote class=\"content-blockquote theme-border-color-primary-before\"><p>&#8220;N\u00f3s vamos passar a cobrar, a partir do per\u00edodo da noventena [prazo para a medida entrar em vigor], a contribui\u00e7\u00e3o m\u00ednima de 7,5%. E, em contrapartida, vamos contar o per\u00edodo do seguro-desemprego para termos de aposentadoria&#8221;, informou Marinho.<\/p><\/blockquote>\n<\/div>\n<\/div>\n<blockquote>\n<div class=\"mc-column content-text active-extra-styles \" data-block-type=\"unstyled\" data-block-weight=\"37\" data-block-id=\"7\">\n<p class=\"content-text__container \" data-track-category=\"Link no Texto\" data-track-links=\"\">A contribui\u00e7\u00e3o previdenci\u00e1ria consta de uma medida provis\u00f3ria assinada nesta segunda pelo presidente Jair Bolsonaro, mas s\u00f3 come\u00e7ar\u00e1 a valer em 90 dias, per\u00edodo exigido por lei para entrar em vigor qualquer altera\u00e7\u00e3o na arrecada\u00e7\u00e3o de impostos.<\/p>\n<\/div>\n<div class=\"mc-column content-text active-extra-styles \" data-block-type=\"unstyled\" data-block-weight=\"44\" data-block-id=\"8\">\n<p class=\"content-text__container \" data-track-category=\"Link no Texto\" data-track-links=\"\">A MP envolve o programa de incentivo \u00e0 gera\u00e7\u00e3o de emprego para jovens e ter\u00e1 for\u00e7a de lei assim que publicada no &#8220;Di\u00e1rio Oficial da Uni\u00e3o&#8221;. Para se tornar uma lei em definitivo, contudo, precisar\u00e1 ser aprovada pelo Congresso Nacional em at\u00e9 120 dias.<\/p>\n<p data-track-category=\"Link no Texto\" data-track-links=\"\">\n<\/div>\n<\/blockquote>\n<\/div>\n","protected":false},"excerpt":{"rendered":"<p>Segundo secret\u00e1rio de Previd\u00eancia, medida permitir\u00e1 ao benefici\u00e1rio contar tempo para aposentadoria. Governo estima arrecadar at\u00e9 R$ 12 bi em cinco anos. O secret\u00e1rio de Previd\u00eancia do\u00a0Minist\u00e9rio da Economia, Rog\u00e9rio Marinho, informou nesta segunda-feira (11) que o governo passar\u00e1 a cobrar contribui\u00e7\u00e3o previdenci\u00e1ria de quem receber seguro-desemprego. De acordo com o secret\u00e1rio, a contribui\u00e7\u00e3o vai [&hellip;]<\/p>\n","protected":false},"author":1,"featured_media":1884,"comment_status":"open","ping_status":"open","sticky":false,"template":"","format":"standard","meta":{"jetpack_post_was_ever_published":false,"_jetpack_newsletter_access":"","_jetpack_dont_email_post_to_subs":false,"_jetpack_newsletter_tier_id":0,"_jetpack_memberships_contains_paywalled_content":false,"_jetpack_memberships_contains_paid_content":false,"footnotes":"","jetpack_publicize_message":"","jetpack_publicize_feature_enabled":true,"jetpack_social_post_already_shared":true,"jetpack_social_options":{"image_generator_settings":{"template":"highway","default_image_id":0,"font":"","enabled":false},"version":2}},"categories":[29],"tags":[315,108,234,317],"class_list":["post-1883","post","type-post","status-publish","format-standard","has-post-thumbnail","hentry","category-dp","tag-desemprego","tag-imposto","tag-inss","tag-seguro"],"jetpack_publicize_connections":[],"jetpack_featured_media_url":"https:\/\/i0.wp.com\/cfcontabil.com\/cf\/wp-content\/uploads\/2019\/11\/salario.jpg?fit=703%2C436&ssl=1","jetpack_sharing_enabled":true,"jetpack_shortlink":"https:\/\/wp.me\/p2wklX-un","jetpack-related-posts":[{"id":1911,"url":"https:\/\/cfcontabil.com\/cf\/mudancas-nas-aliquotas-de-contribuicao-previdenciaria-comecarao-a-valer-em-marco-de-2020\/","url_meta":{"origin":1883,"position":0},"title":"Mudan\u00e7as nas al\u00edquotas de contribui\u00e7\u00e3o previdenci\u00e1ria come\u00e7ar\u00e3o a valer em mar\u00e7o de 2020","author":"Ab\u00edlio Gon\u00e7alves","date":"18 de novembro de 2019","format":false,"excerpt":"A\u00a0reforma da Previd\u00eancia\u00a0foi publicada no Di\u00e1rio Oficial na \u00faltima quarta-feira (dia 13) e, com isso, as novas regras de concess\u00e3o de aposentadoria e pens\u00e3o por morte j\u00e1 come\u00e7aram a valer. As\u00a0mudan\u00e7as nas al\u00edquotas de contribui\u00e7\u00e3o previdenci\u00e1ria\u00a0de servidores p\u00fablicos e segurados do Instituto Nacional do Seguro Social (INSS), por\u00e9m, s\u00f3 come\u00e7ar\u00e3o\u2026","rel":"","context":"Em &quot;Departamento Pessoal&quot;","block_context":{"text":"Departamento Pessoal","link":"https:\/\/cfcontabil.com\/cf\/category\/dp\/"},"img":{"alt_text":"","src":"https:\/\/i0.wp.com\/cfcontabil.com\/cf\/wp-content\/uploads\/2017\/01\/logo-inss-previdencia-social-1.png?fit=1000%2C604&ssl=1&resize=350%2C200","width":350,"height":200,"srcset":"https:\/\/i0.wp.com\/cfcontabil.com\/cf\/wp-content\/uploads\/2017\/01\/logo-inss-previdencia-social-1.png?fit=1000%2C604&ssl=1&resize=350%2C200 1x, https:\/\/i0.wp.com\/cfcontabil.com\/cf\/wp-content\/uploads\/2017\/01\/logo-inss-previdencia-social-1.png?fit=1000%2C604&ssl=1&resize=525%2C300 1.5x, https:\/\/i0.wp.com\/cfcontabil.com\/cf\/wp-content\/uploads\/2017\/01\/logo-inss-previdencia-social-1.png?fit=1000%2C604&ssl=1&resize=700%2C400 2x"},"classes":[]},{"id":1823,"url":"https:\/\/cfcontabil.com\/cf\/veja-o-que-mudara-na-aposentadoria-apos-a-promulgacao-da-reforma-da-previdencia\/","url_meta":{"origin":1883,"position":1},"title":"Veja o que mudar\u00e1 na aposentadoria ap\u00f3s a promulga\u00e7\u00e3o da reforma da Previd\u00eancia","author":"Ab\u00edlio Gon\u00e7alves","date":"29 de outubro de 2019","format":false,"excerpt":"Proposta de emenda \u00e0 Constitui\u00e7\u00e3o da reforma da Previd\u00eancia ser\u00e1 promulgada pelo Congresso Nacional nos pr\u00f3ximos dias F\u00e1bio Rodrigues Pozzebom\/Ag\u00eancia Brasil Para quem j\u00e1 est\u00e1 no mercado de trabalho, de modo geral, valem as regras de transi\u00e7\u00e3o As principais mudan\u00e7as na regra geral s\u00e3o o aumento da idade para se\u2026","rel":"","context":"Em &quot;Departamento Pessoal&quot;","block_context":{"text":"Departamento Pessoal","link":"https:\/\/cfcontabil.com\/cf\/category\/dp\/"},"img":{"alt_text":"","src":"https:\/\/i0.wp.com\/cfcontabil.com\/cf\/wp-content\/uploads\/2017\/01\/logo-inss-previdencia-social-1.png?fit=1000%2C604&ssl=1&resize=350%2C200","width":350,"height":200,"srcset":"https:\/\/i0.wp.com\/cfcontabil.com\/cf\/wp-content\/uploads\/2017\/01\/logo-inss-previdencia-social-1.png?fit=1000%2C604&ssl=1&resize=350%2C200 1x, https:\/\/i0.wp.com\/cfcontabil.com\/cf\/wp-content\/uploads\/2017\/01\/logo-inss-previdencia-social-1.png?fit=1000%2C604&ssl=1&resize=525%2C300 1.5x, https:\/\/i0.wp.com\/cfcontabil.com\/cf\/wp-content\/uploads\/2017\/01\/logo-inss-previdencia-social-1.png?fit=1000%2C604&ssl=1&resize=700%2C400 2x"},"classes":[]},{"id":886,"url":"https:\/\/cfcontabil.com\/cf\/receita-federal-esclarece-regra-de-contribuicao-previdenciaria-devida-por-contribuinte-individual\/","url_meta":{"origin":1883,"position":2},"title":"Receita Federal esclarece regra de contribui\u00e7\u00e3o previdenci\u00e1ria devida por contribuinte individual","author":"Ab\u00edlio Gon\u00e7alves","date":"28 de janeiro de 2017","format":false,"excerpt":"Ato Declarat\u00f3rio Interpretativo (ADI) RFB n\u00b0 1\/2017 explica base de c\u00e1lculo da contribui\u00e7\u00e3o devida por transportador aut\u00f4nomo Foi publicado hoje no Di\u00e1rio Oficial da Uni\u00e3o o ADI n\u00b0 1\/2017 que disp\u00f5e sobre a contribui\u00e7\u00e3o previdenci\u00e1ria devida pelo contribuinte individual que presta servi\u00e7o a empresa por interm\u00e9dio de cooperativa de trabalho.\u2026","rel":"","context":"Em &quot;Departamento Pessoal&quot;","block_context":{"text":"Departamento Pessoal","link":"https:\/\/cfcontabil.com\/cf\/category\/dp\/"},"img":{"alt_text":"","src":"https:\/\/i0.wp.com\/www.inssextrato.org\/wp-content\/uploads\/2016\/06\/inss-contribuinte-individual.gif?resize=350%2C200","width":350,"height":200},"classes":[]},{"id":1339,"url":"https:\/\/cfcontabil.com\/cf\/empregado-domestico-2\/","url_meta":{"origin":1883,"position":3},"title":"Empregado Dom\u00e9stico","author":"Ab\u00edlio Gon\u00e7alves","date":"10 de julho de 2018","format":false,"excerpt":"Considera\u00e7\u00f5es sobre contrato de trabalho, encargos sociais e eSocial O trabalho dom\u00e9stico \u00e9 regido pela Lei Complementar (LC) n\u00ba 150, de 1\u00ba de junho de 2015, que regulamentou os principais direitos da categoria, estabeleceu a aplica\u00e7\u00e3o subsidi\u00e1ria da Consolida\u00e7\u00e3o das Leis do Trabalho\u00a0(CLT)\u00a0e a implanta\u00e7\u00e3o do\u00a0Simples Dom\u00e9sticoconsolidado pelo M\u00f3dulo Web\u2026","rel":"","context":"Em &quot;Geral&quot;","block_context":{"text":"Geral","link":"https:\/\/cfcontabil.com\/cf\/category\/geral\/"},"img":{"alt_text":"","src":"https:\/\/i0.wp.com\/cfcontabil.com\/cf\/wp-content\/uploads\/2016\/03\/domestica-1.jpeg?fit=600%2C315&ssl=1&resize=350%2C200","width":350,"height":200,"srcset":"https:\/\/i0.wp.com\/cfcontabil.com\/cf\/wp-content\/uploads\/2016\/03\/domestica-1.jpeg?fit=600%2C315&ssl=1&resize=350%2C200 1x, https:\/\/i0.wp.com\/cfcontabil.com\/cf\/wp-content\/uploads\/2016\/03\/domestica-1.jpeg?fit=600%2C315&ssl=1&resize=525%2C300 1.5x"},"classes":[]},{"id":1154,"url":"https:\/\/cfcontabil.com\/cf\/governo-estuda-dobrar-isencao-de-irpf-e-tributar-os-dividendos\/","url_meta":{"origin":1883,"position":4},"title":"Governo estuda dobrar isen\u00e7\u00e3o de IRPF e tributar os dividendos","author":"Ab\u00edlio Gon\u00e7alves","date":"15 de maio de 2017","format":false,"excerpt":"Com proposta, governo Temer faz novo aceno \u00e0s classes mais populares Depois da libera\u00e7\u00e3o dos saques das contas inativas do FGTS, o governo prepara um novo \"pacote de bondades\" para neutralizar o impacto negativo da aprova\u00e7\u00e3o das reformas da Previd\u00eancia Social e trabalhista. A principal medida em estudo \u00e9 a\u2026","rel":"","context":"Em &quot;Departamento Fiscal&quot;","block_context":{"text":"Departamento Fiscal","link":"https:\/\/cfcontabil.com\/cf\/category\/df\/"},"img":{"alt_text":"","src":"https:\/\/i0.wp.com\/cfcontabil.com\/cf\/wp-content\/uploads\/2017\/01\/leao-imposto-renda-original1-1.jpeg?fit=620%2C349&ssl=1&resize=350%2C200","width":350,"height":200,"srcset":"https:\/\/i0.wp.com\/cfcontabil.com\/cf\/wp-content\/uploads\/2017\/01\/leao-imposto-renda-original1-1.jpeg?fit=620%2C349&ssl=1&resize=350%2C200 1x, https:\/\/i0.wp.com\/cfcontabil.com\/cf\/wp-content\/uploads\/2017\/01\/leao-imposto-renda-original1-1.jpeg?fit=620%2C349&ssl=1&resize=525%2C300 1.5x"},"classes":[]},{"id":1888,"url":"https:\/\/cfcontabil.com\/cf\/reforma-da-previdencia-novas-regras\/","url_meta":{"origin":1883,"position":5},"title":"Reforma da Previd\u00eancia &#8211; Novas Regras","author":"Ab\u00edlio Gon\u00e7alves","date":"13 de novembro de 2019","format":false,"excerpt":"A reforma da previd\u00eancia, promulgada pelo Congresso Nacional no dia 12 de novembro de 2019, estabelece regras para aposentadoria do Regime Geral (setor privado) e de servidores p\u00fablicos instituindo novas al\u00edquotas de contribui\u00e7\u00e3o para a Previd\u00eancia, al\u00e9m da exig\u00eancia de idade m\u00ednima para que homens e mulheres se aposentem. As\u2026","rel":"","context":"Em &quot;Departamento Pessoal&quot;","block_context":{"text":"Departamento Pessoal","link":"https:\/\/cfcontabil.com\/cf\/category\/dp\/"},"img":{"alt_text":"","src":"https:\/\/i0.wp.com\/cfcontabil.com\/cf\/wp-content\/uploads\/2019\/11\/reforma-previdencia.jpg?fit=736%2C417&ssl=1&resize=350%2C200","width":350,"height":200,"srcset":"https:\/\/i0.wp.com\/cfcontabil.com\/cf\/wp-content\/uploads\/2019\/11\/reforma-previdencia.jpg?fit=736%2C417&ssl=1&resize=350%2C200 1x, https:\/\/i0.wp.com\/cfcontabil.com\/cf\/wp-content\/uploads\/2019\/11\/reforma-previdencia.jpg?fit=736%2C417&ssl=1&resize=525%2C300 1.5x, https:\/\/i0.wp.com\/cfcontabil.com\/cf\/wp-content\/uploads\/2019\/11\/reforma-previdencia.jpg?fit=736%2C417&ssl=1&resize=700%2C400 2x"},"classes":[]}],"jetpack_likes_enabled":true,"_links":{"self":[{"href":"https:\/\/cfcontabil.com\/cf\/wp-json\/wp\/v2\/posts\/1883","targetHints":{"allow":["GET"]}}],"collection":[{"href":"https:\/\/cfcontabil.com\/cf\/wp-json\/wp\/v2\/posts"}],"about":[{"href":"https:\/\/cfcontabil.com\/cf\/wp-json\/wp\/v2\/types\/post"}],"author":[{"embeddable":true,"href":"https:\/\/cfcontabil.com\/cf\/wp-json\/wp\/v2\/users\/1"}],"replies":[{"embeddable":true,"href":"https:\/\/cfcontabil.com\/cf\/wp-json\/wp\/v2\/comments?post=1883"}],"version-history":[{"count":1,"href":"https:\/\/cfcontabil.com\/cf\/wp-json\/wp\/v2\/posts\/1883\/revisions"}],"predecessor-version":[{"id":1885,"href":"https:\/\/cfcontabil.com\/cf\/wp-json\/wp\/v2\/posts\/1883\/revisions\/1885"}],"wp:featuredmedia":[{"embeddable":true,"href":"https:\/\/cfcontabil.com\/cf\/wp-json\/wp\/v2\/media\/1884"}],"wp:attachment":[{"href":"https:\/\/cfcontabil.com\/cf\/wp-json\/wp\/v2\/media?parent=1883"}],"wp:term":[{"taxonomy":"category","embeddable":true,"href":"https:\/\/cfcontabil.com\/cf\/wp-json\/wp\/v2\/categories?post=1883"},{"taxonomy":"post_tag","embeddable":true,"href":"https:\/\/cfcontabil.com\/cf\/wp-json\/wp\/v2\/tags?post=1883"}],"curies":[{"name":"wp","href":"https:\/\/api.w.org\/{rel}","templated":true}]}}