{"id":1892,"date":"2019-11-13T15:08:20","date_gmt":"2019-11-13T18:08:20","guid":{"rendered":"http:\/\/cfcontabil.com\/cf\/?p=1892"},"modified":"2019-11-13T15:08:20","modified_gmt":"2019-11-13T18:08:20","slug":"mp-do-contribuinte-legal-negociacao-de-dividas-junto-a-uniao","status":"publish","type":"post","link":"https:\/\/cfcontabil.com\/cf\/mp-do-contribuinte-legal-negociacao-de-dividas-junto-a-uniao\/","title":{"rendered":"MP do Contribuinte Legal: negocia\u00e7\u00e3o de d\u00edvidas junto \u00e0 Uni\u00e3o"},"content":{"rendered":"<h2 class=\"subtitulo\">1\u00ba edital com os crit\u00e9rios de elegibilidade para ades\u00e3o a proposta de transa\u00e7\u00e3o tribut\u00e1ria junto \u00e0 PGFN dever\u00e1 ser publicado at\u00e9 o m\u00eas de dezembro<\/h2>\n<p><a href=\"https:\/\/i0.wp.com\/cfcontabil.com\/cf\/wp-content\/uploads\/2019\/11\/dinheiro-nota-real.jpg\"><img data-recalc-dims=\"1\" fetchpriority=\"high\" decoding=\"async\" data-attachment-id=\"1895\" data-permalink=\"https:\/\/cfcontabil.com\/cf\/mp-do-contribuinte-legal-negociacao-de-dividas-junto-a-uniao\/dinheiro-nota-real\/\" data-orig-file=\"https:\/\/i0.wp.com\/cfcontabil.com\/cf\/wp-content\/uploads\/2019\/11\/dinheiro-nota-real.jpg?fit=678%2C452&amp;ssl=1\" data-orig-size=\"678,452\" data-comments-opened=\"1\" data-image-meta=\"{&quot;aperture&quot;:&quot;0&quot;,&quot;credit&quot;:&quot;&quot;,&quot;camera&quot;:&quot;&quot;,&quot;caption&quot;:&quot;&quot;,&quot;created_timestamp&quot;:&quot;0&quot;,&quot;copyright&quot;:&quot;&quot;,&quot;focal_length&quot;:&quot;0&quot;,&quot;iso&quot;:&quot;0&quot;,&quot;shutter_speed&quot;:&quot;0&quot;,&quot;title&quot;:&quot;&quot;,&quot;orientation&quot;:&quot;0&quot;}\" data-image-title=\"dinheiro nota real\" data-image-description=\"\" data-image-caption=\"\" data-large-file=\"https:\/\/i0.wp.com\/cfcontabil.com\/cf\/wp-content\/uploads\/2019\/11\/dinheiro-nota-real.jpg?fit=678%2C452&amp;ssl=1\" class=\"aligncenter size-full wp-image-1895\" src=\"https:\/\/i0.wp.com\/cfcontabil.com\/cf\/wp-content\/uploads\/2019\/11\/dinheiro-nota-real.jpg?resize=678%2C452\" alt=\"\" width=\"678\" height=\"452\" srcset=\"https:\/\/i0.wp.com\/cfcontabil.com\/cf\/wp-content\/uploads\/2019\/11\/dinheiro-nota-real.jpg?w=678&amp;ssl=1 678w, https:\/\/i0.wp.com\/cfcontabil.com\/cf\/wp-content\/uploads\/2019\/11\/dinheiro-nota-real.jpg?resize=300%2C200&amp;ssl=1 300w, https:\/\/i0.wp.com\/cfcontabil.com\/cf\/wp-content\/uploads\/2019\/11\/dinheiro-nota-real.jpg?resize=272%2C182&amp;ssl=1 272w, https:\/\/i0.wp.com\/cfcontabil.com\/cf\/wp-content\/uploads\/2019\/11\/dinheiro-nota-real.jpg?resize=370%2C247&amp;ssl=1 370w\" sizes=\"(max-width: 678px) 100vw, 678px\" \/><\/a><\/p>\n<p>Assinada no dia 16 de outubro, a Medida Provis\u00f3ria do Contribuinte Legal (<a href=\"http:\/\/www.in.gov.br\/en\/web\/dou\/-\/medida-provisoria-n-899-de-16-de-outubro-de-2019-222374340\" target=\"_blank\" rel=\"noopener noreferrer\">MP n\u00ba 899\/2019<\/a>) estabeleceu requisitos e condi\u00e7\u00f5es para a regulariza\u00e7\u00e3o e a resolu\u00e7\u00e3o de conflitos fiscais entre a Administra\u00e7\u00e3o Tribut\u00e1ria Federal e os contribuintes com d\u00e9bitos junto \u00e0 Uni\u00e3o, regulamentando o instituto da \u201ctransa\u00e7\u00e3o tribut\u00e1ria\u201d, prevista no C\u00f3digo Tribut\u00e1rio Nacional \u2013 CTN (Art. 171 da\u00a0<a href=\"http:\/\/www.planalto.gov.br\/ccivil_03\/leis\/l5172.htm\" target=\"_blank\" rel=\"noopener noreferrer\">Lei n\u00ba 5.172\/1966<\/a>).<\/p>\n<p>Por\u00e9m, o instituto da transa\u00e7\u00e3o tribut\u00e1ria, aprovado pela MP, ainda depende de regulamenta\u00e7\u00e3o por meio de normas infralegais. No caso da D\u00edvida Ativa da Uni\u00e3o \u2013 DAU, sob gest\u00e3o da Procuradoria-Geral da Fazenda Nacional \u2013 PGFN, a expectativa \u00e9 de que a regulamenta\u00e7\u00e3o seja publicada at\u00e9 o final do m\u00eas de novembro.<\/p>\n<p>Ap\u00f3s a regulamenta\u00e7\u00e3o, a PGFN pretende publicar, em dezembro, o 1\u00ba edital com os crit\u00e9rios de elegibilidade para os contribuintes cujas d\u00edvidas ser\u00e3o pass\u00edveis de proposta de negocia\u00e7\u00e3o junto \u00e0 PGFN, por meio da transa\u00e7\u00e3o tribut\u00e1ria.<\/p>\n<p>A transa\u00e7\u00e3o tribut\u00e1ria representa uma alternativa fiscalmente justa \u00e0 anterior pr\u00e1tica de concess\u00e3o reiterada de parcelamentos especiais (REFIS), que terminaram por impactar negativamente a arrecada\u00e7\u00e3o e por conceder benef\u00edcios a contribuintes com alta capacidade contributiva.<\/p>\n<p>Neste contexto, a MP prev\u00ea que a concess\u00e3o de benef\u00edcios fiscais apenas se dar\u00e1 nos casos de comprovada necessidade e mediante avalia\u00e7\u00e3o individual da capacidade contributiva, realizada caso a caso pela Administra\u00e7\u00e3o Tribut\u00e1ria Federal, e desde que observadas as demais condi\u00e7\u00f5es e limites previstos no texto.<\/p>\n<p>Ou seja, a medida traz importante mudan\u00e7a na rela\u00e7\u00e3o entre o contribuinte devedor e a administra\u00e7\u00e3o tribut\u00e1ria, uma vez que prioriza a busca de solu\u00e7\u00f5es negociadas entre as partes e, com isso, a redu\u00e7\u00e3o de lit\u00edgios.<\/p>\n<p>Como regra geral, qualquer transa\u00e7\u00e3o tribut\u00e1ria dever\u00e1 atender ao interesse p\u00fablico e observar os princ\u00edpios da isonomia, da capacidade contributiva, da transpar\u00eancia, da moralidade, da razo\u00e1vel dura\u00e7\u00e3o dos processos e da efici\u00eancia e, resguardadas as informa\u00e7\u00f5es protegidas por sigilo, o princ\u00edpio da publicidade.<\/p>\n<p>As transa\u00e7\u00f5es tribut\u00e1rias envolvem duas modalidades espec\u00edficas: as \u201cTransa\u00e7\u00f5es na cobran\u00e7a da d\u00edvida ativa\u201d e as \u201cTransa\u00e7\u00f5es no contencioso tribut\u00e1rio\u201d.<\/p>\n<p>Os principais pontos da MP do Contribuinte Legal, envolvendo essas duas transa\u00e7\u00f5es tribut\u00e1rias, s\u00e3o os seguintes:<\/p>\n<p><strong>1) Transa\u00e7\u00f5es na cobran\u00e7a da d\u00edvida ativa:<\/strong><\/p>\n<p>Essas transa\u00e7\u00f5es poder\u00e3o auxiliar na regulariza\u00e7\u00e3o de 1,9 milh\u00e3o de devedores, cujos d\u00e9bitos junto \u00e0 Uni\u00e3o superam R$ 1,4 trilh\u00e3o.<\/p>\n<p><strong>Premissas:<\/strong><\/p>\n<ul>\n<li>D\u00edvidas classificadas como \u201cC\u201d ou \u201cD\u201d no rating da D\u00edvida Ativa da Uni\u00e3o, que n\u00e3o tenham praticado atos fraudulentos ou de concorr\u00eancia desleal, reconhe\u00e7am expressamente o d\u00e9bito junto \u00e0 Uni\u00e3o e que n\u00e3o tenham alienado bens ou direitos, sem pr\u00e9via comunica\u00e7\u00e3o ao fisco, quando exigido por lei.<\/li>\n<\/ul>\n<p><strong>Condi\u00e7\u00f5es pass\u00edveis de negocia\u00e7\u00e3o:<\/strong><\/p>\n<ul>\n<li>Descontos de at\u00e9 50% sobre o total da d\u00edvida, que pode aumentar para at\u00e9 70% no caso de pessoas f\u00edsicas, micro ou pequenas empresas;<\/li>\n<li>Pagamento em at\u00e9 84 meses, que pode aumentar para cem meses no caso de micro ou pequena empresa, al\u00e9m de pessoas f\u00edsicas;<\/li>\n<li>Possibilidade de concess\u00e3o de morat\u00f3ria \u2013 car\u00eancia para in\u00edcio dos pagamentos.<\/li>\n<\/ul>\n<p><strong>Limites nas condi\u00e7\u00f5es de negocia\u00e7\u00e3o:<\/strong><\/p>\n<ul>\n<li>As redu\u00e7\u00f5es ocorrem sobre as parcelas acess\u00f3rias da d\u00edvida (juros, multas, encargos), n\u00e3o atingindo o valor do principal;<\/li>\n<li>N\u00e3o abrange multas criminais nem multas decorrentes de fraudes fiscais.<\/li>\n<\/ul>\n<p><strong>2) Transa\u00e7\u00f5es no contencioso tribut\u00e1rio:<\/strong><\/p>\n<p>Essas transa\u00e7\u00f5es poder\u00e3o encerrar centenas de milhares de processos, envolvendo a um montante superior a R$ 600 bilh\u00f5es no Conselho Administrativo de Recursos Fiscais \u2013 CARF e R$ 40 bilh\u00f5es garantidos por seguro e cau\u00e7\u00e3o.<\/p>\n<p><strong>Premissas:<\/strong><\/p>\n<ul>\n<li>Devedores cujas d\u00edvidas est\u00e3o em fase de discuss\u00e3o no \u00e2mbito do contencioso tribut\u00e1rio administrativo ou judicial, em casos cujas controv\u00e9rsias s\u00e3o consideradas relevantes e disseminadas;<\/li>\n<li>Sempre envolver\u00e1 concess\u00f5es rec\u00edprocas entre as partes.<\/li>\n<\/ul>\n<p><strong>Condi\u00e7\u00f5es pass\u00edveis de negocia\u00e7\u00e3o:<\/strong><\/p>\n<ul>\n<li>Edital poder\u00e1 prever descontos e prazo de at\u00e9 84 meses para pagamento;<\/li>\n<li>Abrange o contencioso administrativo e o judicial;<\/li>\n<li>Reduz substancialmente os custos do lit\u00edgio.<\/li>\n<\/ul>\n<p><strong>Limites nas condi\u00e7\u00f5es de negocia\u00e7\u00e3o:<\/strong><\/p>\n<ul>\n<li>Necessariamente por Edital, que conter\u00e1 as teses abrangidas pelas transa\u00e7\u00f5es no contencioso tribut\u00e1rio e as condi\u00e7\u00f5es para ades\u00e3o;<\/li>\n<li>N\u00e3o poder\u00e1 contrariar decis\u00e3o judicial definitiva;<\/li>\n<li>N\u00e3o autorizar\u00e1 a restitui\u00e7\u00e3o de valores j\u00e1 pagos ou compensados.<a href=\"https:\/\/www.pgfn.gov.br\/noticias\/2019\/mp-do-contribuinte-legal-estimulara-a-regularizacao-de-dividas-junto-a-uniao\/apresentacao_mp-do-contribuinte-legal.pdf\" target=\"_blank\" rel=\"noopener noreferrer\">Clique aqui<\/a>\u00a0para acessar as informa\u00e7\u00f5es sobre a MP do Contribuinte Legal, apresentadas aos jornalistas na coletiva de imprensa realizada logo ap\u00f3s a cerim\u00f4nia de assinatura da Medida Provis\u00f3ria.<\/li>\n<\/ul>\n<p>&nbsp;<\/p>\n<p>Fonte:\u00a0<a title=\"Not\u00edcia retirada da fonte Contabilidade na TV\" href=\"https:\/\/www.contadores.cnt.br\/noticias\/fonte\/contabilidade-na-tv-3.html\" rel=\"nofollow\">Contabilidade na TV<\/a><\/p>\n","protected":false},"excerpt":{"rendered":"<p>1\u00ba edital com os crit\u00e9rios de elegibilidade para ades\u00e3o a proposta de transa\u00e7\u00e3o tribut\u00e1ria junto \u00e0 PGFN dever\u00e1 ser publicado at\u00e9 o m\u00eas de dezembro Assinada no dia 16 de outubro, a Medida Provis\u00f3ria do Contribuinte Legal (MP n\u00ba 899\/2019) estabeleceu requisitos e condi\u00e7\u00f5es para a regulariza\u00e7\u00e3o e a resolu\u00e7\u00e3o de conflitos fiscais entre a [&hellip;]<\/p>\n","protected":false},"author":1,"featured_media":1897,"comment_status":"open","ping_status":"open","sticky":false,"template":"","format":"standard","meta":{"jetpack_post_was_ever_published":false,"_jetpack_newsletter_access":"","_jetpack_dont_email_post_to_subs":false,"_jetpack_newsletter_tier_id":0,"_jetpack_memberships_contains_paywalled_content":false,"_jetpack_memberships_contains_paid_content":false,"footnotes":"","jetpack_publicize_message":"","jetpack_publicize_feature_enabled":true,"jetpack_social_post_already_shared":true,"jetpack_social_options":{"image_generator_settings":{"template":"highway","default_image_id":0,"font":"","enabled":false},"version":2}},"categories":[46],"tags":[247,676,373,681,675,441],"class_list":["post-1892","post","type-post","status-publish","format-standard","has-post-thumbnail","hentry","category-df","tag-contribuinte","tag-desconto","tag-dividas","tag-legal","tag-mp","tag-pgfn"],"jetpack_publicize_connections":[],"jetpack_featured_media_url":"https:\/\/i0.wp.com\/cfcontabil.com\/cf\/wp-content\/uploads\/2019\/11\/mp-contribuinte-legal.jpg?fit=678%2C452&ssl=1","jetpack_sharing_enabled":true,"jetpack_shortlink":"https:\/\/wp.me\/p2wklX-uw","jetpack-related-posts":[{"id":2192,"url":"https:\/\/cfcontabil.com\/cf\/mp-do-contribuinte-legal-e-aprovada\/","url_meta":{"origin":1892,"position":0},"title":"MP do Contribuinte Legal \u00e9 aprovada","author":"Ab\u00edlio Gon\u00e7alves","date":"25 de mar\u00e7o de 2020","format":false,"excerpt":"Medida Provis\u00f3ria do Contribuinte Legal permite a regulariza\u00e7\u00e3o de d\u00edvidas com a Uni\u00e3o Entenda o que muda. Com vota\u00e7\u00e3o remota, o Plen\u00e1rio do Senado aprovou nesta ter\u00e7a-feira (24) a MP 899\/2019, mais conhecida como MP do Contribuinte Legal. Essa medida regulamenta a negocia\u00e7\u00e3o de d\u00edvidas tribut\u00e1ria com a Uni\u00e3o. Foram\u2026","rel":"","context":"Em &quot;Departamento Fiscal&quot;","block_context":{"text":"Departamento Fiscal","link":"https:\/\/cfcontabil.com\/cf\/category\/df\/"},"img":{"alt_text":"","src":"https:\/\/i0.wp.com\/cfcontabil.com\/cf\/wp-content\/uploads\/2020\/03\/dinheiro-caneta.jpg?fit=600%2C310&ssl=1&resize=350%2C200","width":350,"height":200,"srcset":"https:\/\/i0.wp.com\/cfcontabil.com\/cf\/wp-content\/uploads\/2020\/03\/dinheiro-caneta.jpg?fit=600%2C310&ssl=1&resize=350%2C200 1x, https:\/\/i0.wp.com\/cfcontabil.com\/cf\/wp-content\/uploads\/2020\/03\/dinheiro-caneta.jpg?fit=600%2C310&ssl=1&resize=525%2C300 1.5x"},"classes":[]},{"id":1808,"url":"https:\/\/cfcontabil.com\/cf\/bolsonaro-assina-mp-de-incentivo-a-regularizacao-de-dividas-com-a-uniao-desconto-e-de-ate-70-2\/","url_meta":{"origin":1892,"position":1},"title":"Bolsonaro assina MP de incentivo \u00e0 regulariza\u00e7\u00e3o de d\u00edvidas com a Uni\u00e3o; desconto \u00e9 de at\u00e9 70%","author":"Ab\u00edlio Gon\u00e7alves","date":"23 de outubro de 2019","format":false,"excerpt":"Desconto poder\u00e1 chegar a 70% para pessoa f\u00edsica e microempresa. Governo calcula que, na cobran\u00e7a da d\u00edvida ativa, 1,9 milh\u00e3o de devedores poder\u00e3o regularizar d\u00e9bitos. O presidente\u00a0Jair Bolsonaro\u00a0assinou nesta quarta-feira (16), em cerim\u00f4nia no Pal\u00e1cio do Planalto, uma medida provis\u00f3ria com regras para facilitar acordos entre a Uni\u00e3o e seus\u2026","rel":"","context":"Em &quot;Consultoria Empresarial&quot;","block_context":{"text":"Consultoria Empresarial","link":"https:\/\/cfcontabil.com\/cf\/category\/consultoria\/"},"img":{"alt_text":"","src":"https:\/\/i0.wp.com\/cfcontabil.com\/cf\/wp-content\/uploads\/2019\/10\/documento-assinado.jpg?fit=635%2C396&ssl=1&resize=350%2C200","width":350,"height":200,"srcset":"https:\/\/i0.wp.com\/cfcontabil.com\/cf\/wp-content\/uploads\/2019\/10\/documento-assinado.jpg?fit=635%2C396&ssl=1&resize=350%2C200 1x, https:\/\/i0.wp.com\/cfcontabil.com\/cf\/wp-content\/uploads\/2019\/10\/documento-assinado.jpg?fit=635%2C396&ssl=1&resize=525%2C300 1.5x"},"classes":[]},{"id":1794,"url":"https:\/\/cfcontabil.com\/cf\/bolsonaro-assina-mp-de-incentivo-a-regularizacao-de-dividas-com-a-uniao-desconto-e-de-ate-70\/","url_meta":{"origin":1892,"position":2},"title":"Bolsonaro assina MP de incentivo \u00e0 regulariza\u00e7\u00e3o de d\u00edvidas com a Uni\u00e3o; desconto \u00e9 de at\u00e9 70%","author":"Ab\u00edlio Gon\u00e7alves","date":"17 de outubro de 2019","format":false,"excerpt":"O presidente\u00a0Jair Bolsonaro\u00a0assinou nesta quarta-feira (16), em cerim\u00f4nia no Pal\u00e1cio do Planalto, uma medida provis\u00f3ria com regras para facilitar acordos entre a Uni\u00e3o e seus devedores, com o objetivo de quitar as d\u00edvidas. \u00a0 \u00a0 No caso de cobran\u00e7a de d\u00edvida tribut\u00e1ria ativa, o governo informou que a MP poder\u00e1\u2026","rel":"","context":"Em &quot;Consultoria Empresarial&quot;","block_context":{"text":"Consultoria Empresarial","link":"https:\/\/cfcontabil.com\/cf\/category\/consultoria\/"},"img":{"alt_text":"","src":"https:\/\/i0.wp.com\/cfcontabil.com\/cf\/wp-content\/uploads\/2019\/10\/renegociar-dividas.png?fit=707%2C337&ssl=1&resize=350%2C200","width":350,"height":200,"srcset":"https:\/\/i0.wp.com\/cfcontabil.com\/cf\/wp-content\/uploads\/2019\/10\/renegociar-dividas.png?fit=707%2C337&ssl=1&resize=350%2C200 1x, https:\/\/i0.wp.com\/cfcontabil.com\/cf\/wp-content\/uploads\/2019\/10\/renegociar-dividas.png?fit=707%2C337&ssl=1&resize=525%2C300 1.5x, https:\/\/i0.wp.com\/cfcontabil.com\/cf\/wp-content\/uploads\/2019\/10\/renegociar-dividas.png?fit=707%2C337&ssl=1&resize=700%2C400 2x"},"classes":[]},{"id":1237,"url":"https:\/\/cfcontabil.com\/cf\/adesoes-ao-prt-da-pgfn-ultrapassam-o-montante-de-r-23-bilhoes-no-primeiro-mes\/","url_meta":{"origin":1892,"position":3},"title":"Ades\u00f5es ao PRT da PGFN ultrapassam o montante de R$ 2,3 bilh\u00f5es no primeiro m\u00eas","author":"Ab\u00edlio Gon\u00e7alves","date":"8 de mar\u00e7o de 2017","format":false,"excerpt":"Mais de 8 mil contribuintes aderiram ao benef\u00edcio. Atente-se para as datas. No primeiro m\u00eas de ades\u00f5es ao Programa de Regulariza\u00e7\u00e3o Tribut\u00e1ria (PRT) da Procuradoria-Geral da Fazenda Nacional (PGFN) mais de 8 mil contribuintes aderiram ao programa, o que representa um montante que supera os R$ 2,3 bilh\u00f5es. O PRT\u2026","rel":"","context":"Em &quot;Departamento Fiscal&quot;","block_context":{"text":"Departamento Fiscal","link":"https:\/\/cfcontabil.com\/cf\/category\/df\/"},"img":{"alt_text":"","src":"https:\/\/i0.wp.com\/cfcontabil.com\/cf\/wp-content\/uploads\/2017\/02\/receita-federal-1-1.png?fit=702%2C325&ssl=1&resize=350%2C200","width":350,"height":200,"srcset":"https:\/\/i0.wp.com\/cfcontabil.com\/cf\/wp-content\/uploads\/2017\/02\/receita-federal-1-1.png?fit=702%2C325&ssl=1&resize=350%2C200 1x, https:\/\/i0.wp.com\/cfcontabil.com\/cf\/wp-content\/uploads\/2017\/02\/receita-federal-1-1.png?fit=702%2C325&ssl=1&resize=525%2C300 1.5x, https:\/\/i0.wp.com\/cfcontabil.com\/cf\/wp-content\/uploads\/2017\/02\/receita-federal-1-1.png?fit=702%2C325&ssl=1&resize=700%2C400 2x"},"classes":[]},{"id":1045,"url":"https:\/\/cfcontabil.com\/cf\/adesao-ao-parcelamento-especial-de-debitos-do-simples-nacional-se-encerra-no-proximo-dia-10\/","url_meta":{"origin":1892,"position":4},"title":"Ades\u00e3o ao parcelamento especial de d\u00e9bitos do Simples Nacional se encerra no pr\u00f3ximo dia 10","author":"Ab\u00edlio Gon\u00e7alves","date":"9 de mar\u00e7o de 2017","format":false,"excerpt":"O contribuinte que pretende aderir ao parcelamento especial de d\u00e9bitos do Simples Nacional inscritos em D\u00edvida Ativa da Uni\u00e3o (DAU) precisa estar atento. O prazo para ades\u00e3o a essa modalidade de parcelamento se encerra no pr\u00f3ximo dia 10 de mar\u00e7o. O parcelamento foi regulamentado pela Portaria PGFN n\u00b0 1.110 de\u2026","rel":"","context":"Em &quot;Departamento Fiscal&quot;","block_context":{"text":"Departamento Fiscal","link":"https:\/\/cfcontabil.com\/cf\/category\/df\/"},"img":{"alt_text":"","src":"https:\/\/i0.wp.com\/cfcontabil.com\/cf\/wp-content\/uploads\/2017\/01\/simples-1.jpg?fit=520%2C271&ssl=1&resize=350%2C200","width":350,"height":200},"classes":[]},{"id":1230,"url":"https:\/\/cfcontabil.com\/cf\/programa-de-regularizacao-tributaria-prt-e-oportunidade-para-retomada-de-negocios\/","url_meta":{"origin":1892,"position":5},"title":"Programa de Regulariza\u00e7\u00e3o Tribut\u00e1ria (PRT) \u00e9 oportunidade para retomada de neg\u00f3cios","author":"Ab\u00edlio Gon\u00e7alves","date":"6 de mar\u00e7o de 2017","format":false,"excerpt":"O PRT estabeleceu condi\u00e7\u00f5es especiais para pagamento de d\u00edvidas de empresas e pessoas f\u00edsicas Com os objetivos de reduzir lit\u00edgios tribut\u00e1rios e promover a regulariza\u00e7\u00e3o fiscal, o Governo Federal lan\u00e7ou, por meio da Medida Provis\u00f3ria 766, de 2017, o Programa de Regulariza\u00e7\u00e3o Tribut\u00e1ria (PRT), por meio do qual poder\u00e3o ser\u2026","rel":"","context":"Em &quot;Departamento Fiscal&quot;","block_context":{"text":"Departamento Fiscal","link":"https:\/\/cfcontabil.com\/cf\/category\/df\/"},"img":{"alt_text":"","src":"https:\/\/i0.wp.com\/cfcontabil.com\/cf\/wp-content\/uploads\/2017\/02\/receita-federal-1-1.png?fit=702%2C325&ssl=1&resize=350%2C200","width":350,"height":200,"srcset":"https:\/\/i0.wp.com\/cfcontabil.com\/cf\/wp-content\/uploads\/2017\/02\/receita-federal-1-1.png?fit=702%2C325&ssl=1&resize=350%2C200 1x, https:\/\/i0.wp.com\/cfcontabil.com\/cf\/wp-content\/uploads\/2017\/02\/receita-federal-1-1.png?fit=702%2C325&ssl=1&resize=525%2C300 1.5x, https:\/\/i0.wp.com\/cfcontabil.com\/cf\/wp-content\/uploads\/2017\/02\/receita-federal-1-1.png?fit=702%2C325&ssl=1&resize=700%2C400 2x"},"classes":[]}],"jetpack_likes_enabled":true,"_links":{"self":[{"href":"https:\/\/cfcontabil.com\/cf\/wp-json\/wp\/v2\/posts\/1892","targetHints":{"allow":["GET"]}}],"collection":[{"href":"https:\/\/cfcontabil.com\/cf\/wp-json\/wp\/v2\/posts"}],"about":[{"href":"https:\/\/cfcontabil.com\/cf\/wp-json\/wp\/v2\/types\/post"}],"author":[{"embeddable":true,"href":"https:\/\/cfcontabil.com\/cf\/wp-json\/wp\/v2\/users\/1"}],"replies":[{"embeddable":true,"href":"https:\/\/cfcontabil.com\/cf\/wp-json\/wp\/v2\/comments?post=1892"}],"version-history":[{"count":1,"href":"https:\/\/cfcontabil.com\/cf\/wp-json\/wp\/v2\/posts\/1892\/revisions"}],"predecessor-version":[{"id":1898,"href":"https:\/\/cfcontabil.com\/cf\/wp-json\/wp\/v2\/posts\/1892\/revisions\/1898"}],"wp:featuredmedia":[{"embeddable":true,"href":"https:\/\/cfcontabil.com\/cf\/wp-json\/wp\/v2\/media\/1897"}],"wp:attachment":[{"href":"https:\/\/cfcontabil.com\/cf\/wp-json\/wp\/v2\/media?parent=1892"}],"wp:term":[{"taxonomy":"category","embeddable":true,"href":"https:\/\/cfcontabil.com\/cf\/wp-json\/wp\/v2\/categories?post=1892"},{"taxonomy":"post_tag","embeddable":true,"href":"https:\/\/cfcontabil.com\/cf\/wp-json\/wp\/v2\/tags?post=1892"}],"curies":[{"name":"wp","href":"https:\/\/api.w.org\/{rel}","templated":true}]}}