{"id":1914,"date":"2019-11-18T18:00:24","date_gmt":"2019-11-18T21:00:24","guid":{"rendered":"http:\/\/cfcontabil.com\/cf\/?p=1914"},"modified":"2019-11-18T08:34:24","modified_gmt":"2019-11-18T11:34:24","slug":"mp-verde-amarelo-nao-extingue-registro-do-profissional-da-contabilidade","status":"publish","type":"post","link":"https:\/\/cfcontabil.com\/cf\/mp-verde-amarelo-nao-extingue-registro-do-profissional-da-contabilidade\/","title":{"rendered":"MP Verde Amarelo n\u00e3o extingue registro do profissional da contabilidade"},"content":{"rendered":"<p>O Governo Federal lan\u00e7ou, nesta semana, a Medida Provis\u00f3ria n\u00ba 905, de 11 de novembro de 2019, que institui o Contrato de Trabalho Verde e Amarelo, um programa para\u00a0fomentar a cria\u00e7\u00e3o de empregos com carteira assinada no mercado de trabalho.<\/p>\n<p>Entre as altera\u00e7\u00f5es, a MP traz a n\u00e3o obrigatoriedade do registro profissional para algumas categorias. No entanto, em entrevista \u00e0 imprensa, o secret\u00e1rio de Trabalho do Minist\u00e9rio da Economia, Bruno Dalcomo, explicou que a medida n\u00e3o inclui as profiss\u00f5es pertencentes a ordens e conselhos de classe, como o Conselho Federal de Contabilidade.<\/p>\n<p>Diante desse posicionamento do Governo, o presidente do Conselho Federal de Contabilidade, Zulmir Breda, volta a ressaltar a import\u00e2ncia dos conselhos de profiss\u00f5es regulamentadas que, entre outras finalidades, orientam os profissionais sobre o exerc\u00edcio do seu of\u00edcio; zelam pela \u00e9tica em todas as suas \u00e1reas de atua\u00e7\u00e3o; regulam e fiscalizam os limites de atua\u00e7\u00e3o profissional; registram e normatizam as diretrizes de cada profiss\u00e3o.<\/p>\n<p><a href=\"https:\/\/i0.wp.com\/cfcontabil.com\/cf\/wp-content\/uploads\/2019\/11\/CFC-logo-scaled.png\"><img data-recalc-dims=\"1\" decoding=\"async\" data-attachment-id=\"1915\" data-permalink=\"https:\/\/cfcontabil.com\/cf\/mp-verde-amarelo-nao-extingue-registro-do-profissional-da-contabilidade\/cfc-logo\/\" data-orig-file=\"https:\/\/i0.wp.com\/cfcontabil.com\/cf\/wp-content\/uploads\/2019\/11\/CFC-logo-scaled.png?fit=2560%2C990&amp;ssl=1\" data-orig-size=\"2560,990\" data-comments-opened=\"1\" data-image-meta=\"{&quot;aperture&quot;:&quot;0&quot;,&quot;credit&quot;:&quot;&quot;,&quot;camera&quot;:&quot;&quot;,&quot;caption&quot;:&quot;&quot;,&quot;created_timestamp&quot;:&quot;0&quot;,&quot;copyright&quot;:&quot;&quot;,&quot;focal_length&quot;:&quot;0&quot;,&quot;iso&quot;:&quot;0&quot;,&quot;shutter_speed&quot;:&quot;0&quot;,&quot;title&quot;:&quot;&quot;,&quot;orientation&quot;:&quot;0&quot;}\" data-image-title=\"CFC logo\" data-image-description=\"\" data-image-caption=\"\" data-large-file=\"https:\/\/i0.wp.com\/cfcontabil.com\/cf\/wp-content\/uploads\/2019\/11\/CFC-logo-scaled.png?fit=1024%2C396&amp;ssl=1\" class=\"aligncenter  wp-image-1915\" src=\"https:\/\/i0.wp.com\/cfcontabil.com\/cf\/wp-content\/uploads\/2019\/11\/CFC-logo-scaled.png?resize=336%2C130\" alt=\"\" width=\"336\" height=\"130\" srcset=\"https:\/\/i0.wp.com\/cfcontabil.com\/cf\/wp-content\/uploads\/2019\/11\/CFC-logo-scaled.png?w=2560&amp;ssl=1 2560w, https:\/\/i0.wp.com\/cfcontabil.com\/cf\/wp-content\/uploads\/2019\/11\/CFC-logo-scaled.png?resize=300%2C116&amp;ssl=1 300w, https:\/\/i0.wp.com\/cfcontabil.com\/cf\/wp-content\/uploads\/2019\/11\/CFC-logo-scaled.png?resize=1024%2C396&amp;ssl=1 1024w, https:\/\/i0.wp.com\/cfcontabil.com\/cf\/wp-content\/uploads\/2019\/11\/CFC-logo-scaled.png?resize=768%2C297&amp;ssl=1 768w, https:\/\/i0.wp.com\/cfcontabil.com\/cf\/wp-content\/uploads\/2019\/11\/CFC-logo-scaled.png?resize=1536%2C594&amp;ssl=1 1536w, https:\/\/i0.wp.com\/cfcontabil.com\/cf\/wp-content\/uploads\/2019\/11\/CFC-logo-scaled.png?resize=2048%2C792&amp;ssl=1 2048w, https:\/\/i0.wp.com\/cfcontabil.com\/cf\/wp-content\/uploads\/2019\/11\/CFC-logo-scaled.png?resize=770%2C298&amp;ssl=1 770w, https:\/\/i0.wp.com\/cfcontabil.com\/cf\/wp-content\/uploads\/2019\/11\/CFC-logo-scaled.png?resize=370%2C143&amp;ssl=1 370w, https:\/\/i0.wp.com\/cfcontabil.com\/cf\/wp-content\/uploads\/2019\/11\/CFC-logo-scaled.png?w=2340 2340w\" sizes=\"(max-width: 336px) 100vw, 336px\" \/><\/a><\/p>\n<p>\u201cO registro n\u00e3o constitui apenas um aval para o profissional desempenhar suas fun\u00e7\u00f5es, mas representa, acima de tudo, a prote\u00e7\u00e3o da sociedade diante dos riscos que envolvem a aus\u00eancia de fiscaliza\u00e7\u00e3o e de tantos outros fatores que comprometem a qualidade e a confian\u00e7a dos servi\u00e7os prestados\u201d, afirma o presidente.<\/p>\n<p>Para ler a MP 905\/19 na \u00edntegra, clique\u00a0<strong><a href=\"http:\/\/www.in.gov.br\/en\/web\/dou\/-\/medida-provisoria-n-905-de-11-de-novembro-de-2019-227385273\" target=\"_blank\" rel=\"noopener noreferrer\">AQUI<\/a><\/strong>.<\/p>\n<p>Fonte: <a href=\"https:\/\/cfc.org.br\/noticias\/mp-verde-amarelo-nao-extingue-registro-do-profissional-da-contabilidade\/\">CFC<\/a><\/p>\n","protected":false},"excerpt":{"rendered":"<p>O Governo Federal lan\u00e7ou, nesta semana, a Medida Provis\u00f3ria n\u00ba 905, de 11 de novembro de 2019, que institui o Contrato de Trabalho Verde e Amarelo, um programa para\u00a0fomentar a cria\u00e7\u00e3o de empregos com carteira assinada no mercado de trabalho. Entre as altera\u00e7\u00f5es, a MP traz a n\u00e3o obrigatoriedade do registro profissional para algumas categorias. [&hellip;]<\/p>\n","protected":false},"author":1,"featured_media":1916,"comment_status":"open","ping_status":"open","sticky":false,"template":"","format":"standard","meta":{"jetpack_post_was_ever_published":false,"_jetpack_newsletter_access":"","_jetpack_dont_email_post_to_subs":false,"_jetpack_newsletter_tier_id":0,"_jetpack_memberships_contains_paywalled_content":false,"_jetpack_memberships_contains_paid_content":false,"footnotes":"","jetpack_publicize_message":"","jetpack_publicize_feature_enabled":true,"jetpack_social_post_already_shared":true,"jetpack_social_options":{"image_generator_settings":{"template":"highway","default_image_id":0,"font":"","enabled":false},"version":2}},"categories":[22],"tags":[713,61,21,675,334,712],"class_list":["post-1914","post","type-post","status-publish","format-standard","has-post-thumbnail","hentry","category-geral","tag-amarelo","tag-contabil","tag-contabilidade","tag-mp","tag-profissional","tag-verde"],"jetpack_publicize_connections":[],"jetpack_featured_media_url":"https:\/\/i0.wp.com\/cfcontabil.com\/cf\/wp-content\/uploads\/2019\/11\/contabilidade-neg%C3%B3cio.jpg?fit=679%2C451&ssl=1","jetpack_sharing_enabled":true,"jetpack_shortlink":"https:\/\/wp.me\/p2wklX-uS","jetpack-related-posts":[{"id":316,"url":"https:\/\/cfcontabil.com\/cf\/caso-cachoeira-braco-direito-nao-e-contador\/","url_meta":{"origin":1914,"position":0},"title":"Caso Cachoeira: \u201cBra\u00e7o direito\u201d N\u00c3O \u00e9 Contador","author":"Vin\u00edcius Moizinho","date":"25 de janeiro de 2013","format":false,"excerpt":"Bom dia, prezados! Hoje venho lhes trazer uma informa\u00e7\u00e3o relevante que, infelizmente, tem sido negligenciada pela m\u00eddia em geral. \u00c9 a respeito de Geovani Pereira da Silva, preso por ser considerado o contador da quadrilha desmantelada pela Pol\u00edcia Federal na resolu\u00e7\u00e3o do Caso\u00a0Carlinhos Cachoeira. O Conselho Regional de Contabilidade do\u2026","rel":"","context":"Em &quot;Geral&quot;","block_context":{"text":"Geral","link":"https:\/\/cfcontabil.com\/cf\/category\/geral\/"},"img":{"alt_text":"Conselho Regional de Contabilidade do DF","src":"https:\/\/i0.wp.com\/api.ning.com\/files\/dp5RmXzcyHBAaTQGxS-th1QSkWv34NNAjXClDAZf9qtJost6xYP2BTF5WlAXh7b50XStOJdvLZ1G7XiG3i0pF1KC7TJGeZ7G\/LogoCRCDF_peq.gif?resize=350%2C200","width":350,"height":200},"classes":[]},{"id":2006,"url":"https:\/\/cfcontabil.com\/cf\/zorra-e-alvo-de-nota-de-repudio-do-conselho-federal-de-contabilidade\/","url_meta":{"origin":1914,"position":1},"title":"&#8216;Zorra&#8217; \u00e9 alvo de nota de rep\u00fadio do Conselho Federal de Contabilidade","author":"Ab\u00edlio Gon\u00e7alves","date":"11 de dezembro de 2019","format":false,"excerpt":"Esquete de humor\u00edstico da Globo mostrou contador vencendo o 'Trof\u00e9u N\u00e3o Fede e Nem Cheira' O\u00a0Conselho Federal\u00a0de\u00a0Contabilidade\u00a0divulgou uma nota de rep\u00fadio ao\u00a0Zorra, programa de\u00a0humor\u00a0da\u00a0Globo, nesta ter\u00e7a-feira, 10. O motivo foi uma\u00a0esquete\u00a0exibida no \u00faltimo s\u00e1bado, 7, em que o\u00a0\"Trof\u00e9u N\u00e3o Fede e Nem Cheira\"\u00a0\u00e9 entregue a um contador, interpretado por\u00a0Welder Rodrigues.\u2026","rel":"","context":"Em &quot;Geral&quot;","block_context":{"text":"Geral","link":"https:\/\/cfcontabil.com\/cf\/category\/geral\/"},"img":{"alt_text":"","src":"https:\/\/i0.wp.com\/cfcontabil.com\/cf\/wp-content\/uploads\/2019\/12\/CFC.png?fit=500%2C250&ssl=1&resize=350%2C200","width":350,"height":200},"classes":[]},{"id":1202,"url":"https:\/\/cfcontabil.com\/cf\/2013-ano-da-contabilidade-no-brasil\/","url_meta":{"origin":1914,"position":2},"title":"2013: ano da Contabilidade no Brasil","author":"Vin\u00edcius Moizinho","date":"9 de janeiro de 2013","format":false,"excerpt":"\u00a0 O ano de 2013 ser\u00e1, sem d\u00favida, um dos mais importantes para a Contabilidade brasileira. Lideran\u00e7as e \u00f3rg\u00e3os ligados \u00e0 profiss\u00e3o est\u00e3o se unindo para que toda a sociedade saiba e reconhe\u00e7a o verdadeiro papel do profissional da contabilidade. \u00a0 \u00a0 \u00a0 Conhe\u00e7a, a seguir, um pouco do projeto.\u2026","rel":"","context":"Em &quot;Consultoria Empresarial&quot;","block_context":{"text":"Consultoria Empresarial","link":"https:\/\/cfcontabil.com\/cf\/category\/consultoria\/"},"img":{"alt_text":"Ano da Contabilidade no Brasil","src":"http:\/\/www.crcsc.org.br\/arquivosSGC\/BANNER_20121211103353Ano20da20Contabilidade.jpg&w=418&h=238&c=s","width":350,"height":200},"classes":[]},{"id":840,"url":"https:\/\/cfcontabil.com\/cf\/vice-presidente-do-cfc-alerta-contribuinte-ja-pode-se-preparar-para-novo-refis\/","url_meta":{"origin":1914,"position":3},"title":"Vice-presidente do CFC alerta: Contribuinte j\u00e1 pode se preparar para \u201cnovo Refis\u201d","author":"Ab\u00edlio Gon\u00e7alves","date":"20 de janeiro de 2017","format":false,"excerpt":"Separar d\u00e9bitos at\u00e9 a data estipulada pelo governo \u00e9 o primeiro passo para quem pretende aderir ao Programa Ap\u00f3s o an\u00fancio pelo governo da Medida Provis\u00f3ria (MP) 766, que institui o Programa de Regulariza\u00e7\u00e3o Tribut\u00e1ria (PRT), os contribuintes - pessoas f\u00edsicas e empresas - j\u00e1 podem se preparar para regularizar\u2026","rel":"","context":"Em &quot;Consultoria Empresarial&quot;","block_context":{"text":"Consultoria Empresarial","link":"https:\/\/cfcontabil.com\/cf\/category\/consultoria\/"},"img":{"alt_text":"","src":"https:\/\/i0.wp.com\/cfcontabil.com\/cf\/wp-content\/uploads\/2017\/01\/PLANEJAMENTO_ESTRATGICO_2-1.jpg?fit=580%2C400&ssl=1&resize=350%2C200","width":350,"height":200,"srcset":"https:\/\/i0.wp.com\/cfcontabil.com\/cf\/wp-content\/uploads\/2017\/01\/PLANEJAMENTO_ESTRATGICO_2-1.jpg?fit=580%2C400&ssl=1&resize=350%2C200 1x, https:\/\/i0.wp.com\/cfcontabil.com\/cf\/wp-content\/uploads\/2017\/01\/PLANEJAMENTO_ESTRATGICO_2-1.jpg?fit=580%2C400&ssl=1&resize=525%2C300 1.5x"},"classes":[]},{"id":2293,"url":"https:\/\/cfcontabil.com\/cf\/dia-do-trabalho-pandemia-da-covid-19-trouxe-mudancas-na-rotina-dos-profissionais-da-contabilidade\/","url_meta":{"origin":1914,"position":4},"title":"Dia do Trabalho: Pandemia da Covid-19 trouxe mudan\u00e7as na rotina dos profissionais da contabilidade","author":"Ab\u00edlio Gon\u00e7alves","date":"5 de maio de 2020","format":false,"excerpt":"A limita\u00e7\u00e3o do contato social e da circula\u00e7\u00e3o de pessoas, como forma de combate e controle \u00e0 pandemia da Covid-19, e a crise econ\u00f4mica gerada pela doen\u00e7a impactaram diretamente na vida do trabalhador. Como um elo importante da cadeia econ\u00f4mica dos pa\u00edses, os profissionais da contabilidade sentem os efeitos da\u2026","rel":"","context":"Em &quot;Geral&quot;","block_context":{"text":"Geral","link":"https:\/\/cfcontabil.com\/cf\/category\/geral\/"},"img":{"alt_text":"","src":"https:\/\/i0.wp.com\/cfcontabil.com\/cf\/wp-content\/uploads\/2020\/04\/coronavirus-continentes-mundo.jpeg?resize=350%2C200","width":350,"height":200,"srcset":"https:\/\/i0.wp.com\/cfcontabil.com\/cf\/wp-content\/uploads\/2020\/04\/coronavirus-continentes-mundo.jpeg?resize=350%2C200 1x, https:\/\/i0.wp.com\/cfcontabil.com\/cf\/wp-content\/uploads\/2020\/04\/coronavirus-continentes-mundo.jpeg?resize=525%2C300 1.5x"},"classes":[]},{"id":1404,"url":"https:\/\/cfcontabil.com\/cf\/o-papel-do-profissional-da-contabilidade-na-2a-fase-do-esocial\/","url_meta":{"origin":1914,"position":5},"title":"O papel do profissional da contabilidade na 2\u00aa fase do eSocial","author":"Ab\u00edlio Gon\u00e7alves","date":"18 de outubro de 2018","format":false,"excerpt":"\u00c9 importante orientar o empres\u00e1rio para que os dados dos seus funcion\u00e1rios estejam organizados Fonte: CFC - Por Andr\u00e9a Rosa\u00a0Com informa\u00e7\u00f5es da Receita Federal do Brasil A segunda fase do eSocial teve in\u00edcio nesta quarta-feira (10), abrangendo entidades empresariais com faturamento de at\u00e9 R$ 78 milh\u00f5es no ano de 2016\u2026","rel":"","context":"Em &quot;Departamento Pessoal&quot;","block_context":{"text":"Departamento Pessoal","link":"https:\/\/cfcontabil.com\/cf\/category\/dp\/"},"img":{"alt_text":"","src":"https:\/\/i0.wp.com\/cfcontabil.com\/cf\/wp-content\/uploads\/2017\/06\/esocial-pasta-1.jpg?fit=1000%2C591&ssl=1&resize=350%2C200","width":350,"height":200,"srcset":"https:\/\/i0.wp.com\/cfcontabil.com\/cf\/wp-content\/uploads\/2017\/06\/esocial-pasta-1.jpg?fit=1000%2C591&ssl=1&resize=350%2C200 1x, https:\/\/i0.wp.com\/cfcontabil.com\/cf\/wp-content\/uploads\/2017\/06\/esocial-pasta-1.jpg?fit=1000%2C591&ssl=1&resize=525%2C300 1.5x, https:\/\/i0.wp.com\/cfcontabil.com\/cf\/wp-content\/uploads\/2017\/06\/esocial-pasta-1.jpg?fit=1000%2C591&ssl=1&resize=700%2C400 2x"},"classes":[]}],"jetpack_likes_enabled":true,"_links":{"self":[{"href":"https:\/\/cfcontabil.com\/cf\/wp-json\/wp\/v2\/posts\/1914","targetHints":{"allow":["GET"]}}],"collection":[{"href":"https:\/\/cfcontabil.com\/cf\/wp-json\/wp\/v2\/posts"}],"about":[{"href":"https:\/\/cfcontabil.com\/cf\/wp-json\/wp\/v2\/types\/post"}],"author":[{"embeddable":true,"href":"https:\/\/cfcontabil.com\/cf\/wp-json\/wp\/v2\/users\/1"}],"replies":[{"embeddable":true,"href":"https:\/\/cfcontabil.com\/cf\/wp-json\/wp\/v2\/comments?post=1914"}],"version-history":[{"count":1,"href":"https:\/\/cfcontabil.com\/cf\/wp-json\/wp\/v2\/posts\/1914\/revisions"}],"predecessor-version":[{"id":1917,"href":"https:\/\/cfcontabil.com\/cf\/wp-json\/wp\/v2\/posts\/1914\/revisions\/1917"}],"wp:featuredmedia":[{"embeddable":true,"href":"https:\/\/cfcontabil.com\/cf\/wp-json\/wp\/v2\/media\/1916"}],"wp:attachment":[{"href":"https:\/\/cfcontabil.com\/cf\/wp-json\/wp\/v2\/media?parent=1914"}],"wp:term":[{"taxonomy":"category","embeddable":true,"href":"https:\/\/cfcontabil.com\/cf\/wp-json\/wp\/v2\/categories?post=1914"},{"taxonomy":"post_tag","embeddable":true,"href":"https:\/\/cfcontabil.com\/cf\/wp-json\/wp\/v2\/tags?post=1914"}],"curies":[{"name":"wp","href":"https:\/\/api.w.org\/{rel}","templated":true}]}}