{"id":1918,"date":"2019-11-19T13:51:53","date_gmt":"2019-11-19T16:51:53","guid":{"rendered":"http:\/\/cfcontabil.com\/cf\/?p=1918"},"modified":"2019-11-19T13:51:53","modified_gmt":"2019-11-19T16:51:53","slug":"entenda-quais-sao-as-obrigacoes-trabalhistas-com-a-ctps-digital","status":"publish","type":"post","link":"https:\/\/cfcontabil.com\/cf\/entenda-quais-sao-as-obrigacoes-trabalhistas-com-a-ctps-digital\/","title":{"rendered":"Entenda quais s\u00e3o as obriga\u00e7\u00f5es trabalhistas com a CTPS Digital"},"content":{"rendered":"<h2 class=\"linhadeOlho\">Especialista explica que a Carteira de Trabalho Digital traz benef\u00edcios para trabalhadores e empregadores.<\/h2>\n<p><a href=\"https:\/\/i0.wp.com\/cfcontabil.com\/cf\/wp-content\/uploads\/2019\/11\/ctps-digital.jpg\"><img data-recalc-dims=\"1\" fetchpriority=\"high\" decoding=\"async\" data-attachment-id=\"1919\" data-permalink=\"https:\/\/cfcontabil.com\/cf\/entenda-quais-sao-as-obrigacoes-trabalhistas-com-a-ctps-digital\/ctps-digital-2\/\" data-orig-file=\"https:\/\/i0.wp.com\/cfcontabil.com\/cf\/wp-content\/uploads\/2019\/11\/ctps-digital.jpg?fit=600%2C310&amp;ssl=1\" data-orig-size=\"600,310\" data-comments-opened=\"1\" data-image-meta=\"{&quot;aperture&quot;:&quot;0&quot;,&quot;credit&quot;:&quot;&quot;,&quot;camera&quot;:&quot;&quot;,&quot;caption&quot;:&quot;&quot;,&quot;created_timestamp&quot;:&quot;0&quot;,&quot;copyright&quot;:&quot;&quot;,&quot;focal_length&quot;:&quot;0&quot;,&quot;iso&quot;:&quot;0&quot;,&quot;shutter_speed&quot;:&quot;0&quot;,&quot;title&quot;:&quot;&quot;,&quot;orientation&quot;:&quot;0&quot;}\" data-image-title=\"ctps digital\" data-image-description=\"\" data-image-caption=\"\" data-large-file=\"https:\/\/i0.wp.com\/cfcontabil.com\/cf\/wp-content\/uploads\/2019\/11\/ctps-digital.jpg?fit=600%2C310&amp;ssl=1\" class=\"aligncenter size-full wp-image-1919\" src=\"https:\/\/i0.wp.com\/cfcontabil.com\/cf\/wp-content\/uploads\/2019\/11\/ctps-digital.jpg?resize=600%2C310\" alt=\"\" width=\"600\" height=\"310\" srcset=\"https:\/\/i0.wp.com\/cfcontabil.com\/cf\/wp-content\/uploads\/2019\/11\/ctps-digital.jpg?w=600&amp;ssl=1 600w, https:\/\/i0.wp.com\/cfcontabil.com\/cf\/wp-content\/uploads\/2019\/11\/ctps-digital.jpg?resize=300%2C155&amp;ssl=1 300w, https:\/\/i0.wp.com\/cfcontabil.com\/cf\/wp-content\/uploads\/2019\/11\/ctps-digital.jpg?resize=370%2C191&amp;ssl=1 370w\" sizes=\"(max-width: 600px) 100vw, 600px\" \/><\/a><\/p>\n<p>A\u00a0carteira de trabalho\u00a0digital\u00a0entrou em vigor\u00a0h\u00e1 pouco mais de um m\u00eas, mas a nova tecnologia gerou d\u00favidas entre os trabalhadores brasileiros.<\/p>\n<p>A portaria assinada por Rog\u00e9rio Marinho estabelece que o documento f\u00edsico segue v\u00e1lido, mas novas emiss\u00f5es devem ser feitas preferencialmente por meio eletr\u00f4nico, que ter\u00e1 como identifica\u00e7\u00e3o \u00fanica o n\u00famero de inscri\u00e7\u00e3o do trabalhador no CPF.<\/p>\n<p>Os trabalhadores podem habilitar o documento pelo\u00a0site do governo\u00a0ou baixar o aplicativo\u00a0Carteira de Trabalho\u00a0Digital e acompanhar todas as anota\u00e7\u00f5es. O governo receber\u00e1 todas as informa\u00e7\u00f5es relativas aos trabalhadores de forma unificada: os v\u00ednculos empregat\u00edcios, as contribui\u00e7\u00f5es previdenci\u00e1rias e folhas de pagamentos.<\/p>\n<p>Contudo, de acordo com a Marzars &#8211; auditoria e consultoria empresarial, a principal preocupa\u00e7\u00e3o \u00e9 se todas as obriga\u00e7\u00f5es trabalhistas ser\u00e3o respeitadas com a nova tecnologia.<\/p>\n<h3><strong>Aplicativo da\u00a0Carteira de Trabalho\u00a0Digital<\/strong><\/h3>\n<p>Para Juliana Melo, gerente s\u00eanior da \u00e1rea de BPO da Mazars, a equipe de Recursos Humanos das companhias devem realizar a\u00e7\u00f5es de conscientiza\u00e7\u00e3o junto aos colaboradores.<\/p>\n<p>\u201c\u00c9 importante informar que a plataforma \u00e9 segura e, sim, todos os direitos trabalhistas ser\u00e3o cumpridos. Como agora tudo pode ser feito de forma digital, alguns profissionais acham que, se n\u00e3o for registrado na carteira f\u00edsica, poder\u00e1 levar um \u2018golpe\u2019&#8221;.<\/p>\n<p>Juliana ainda acrescenta que ter os dados trabalhistas no aplicativo \u00e9 um benef\u00edcio para o colaborador. &#8220;Com as informa\u00e7\u00f5es digitais ele n\u00e3o corre o risco de perder nada. J\u00e1 a carteira f\u00edsica, pode ser perdida e, quando isso acontece, \u00e9 preciso correr atr\u00e1s de todas as empresas na qual a pessoa trabalhou&#8221;.<\/p>\n<h3><strong>CTPS Digital no eSocial<\/strong><\/h3>\n<p>Para os empregadores, a desburocratiza\u00e7\u00e3o e o ganho de tempo s\u00e3o vantagens fundamentais para o dia a dia. &#8220;Em um processo de admiss\u00e3o, 30% do tempo era perdido com esse tr\u00e2mite para se preencher uma \u00fanica\u00a0carteira de trabalho.\u00a0Quando falamos de uma grande empresa, com 80 mil colaboradores, por exemplo, o tempo para atualizar as carteiras era ainda maior. Como agora todas as informa\u00e7\u00f5es lan\u00e7adas no\u00a0eSocial\u00a0migram de forma autom\u00e1tica para a carteira digital, a otimiza\u00e7\u00e3o de tempo \u00e9 muito grande&#8221;, ressalta Juliana.<\/p>\n<p>Agora, os empregadores dever\u00e3o enviar os eventos previstos no\u00a0eSocial\u00a0para cumprir suas obriga\u00e7\u00f5es. Antes do in\u00edcio das atividades do trabalhador, o empregador dever\u00e1 enviar o evento S-2200 (Cadastramento Inicial do V\u00ednculo e Admiss\u00e3o\/Ingresso de Trabalhador).<\/p>\n<p>Caso n\u00e3o tenha todos os dados nesse momento, poder\u00e1 enviar imediatamente o evento S-2190 (Admiss\u00e3o Preliminar), que possui informa\u00e7\u00f5es simplificadas e depois complementar os demais dados com o evento S-2200, respeitando os prazos previstos no Manual de Orienta\u00e7\u00e3o do\u00a0eSocial.<\/p>\n<p>O envio dessas informa\u00e7\u00f5es ao\u00a0eSocial\u00a0ter\u00e1 valor de assinatura de carteira.<\/p>\n<p>Fonte: <a href=\"https:\/\/www.contabeis.com.br\/noticias\/41412\/entenda-quais-sao-as-obrigacoes-trabalhistas-com-a-ctps-digital\/\">Contabeis<\/a><\/p>\n","protected":false},"excerpt":{"rendered":"<p>Especialista explica que a Carteira de Trabalho Digital traz benef\u00edcios para trabalhadores e empregadores. A\u00a0carteira de trabalho\u00a0digital\u00a0entrou em vigor\u00a0h\u00e1 pouco mais de um m\u00eas, mas a nova tecnologia gerou d\u00favidas entre os trabalhadores brasileiros. A portaria assinada por Rog\u00e9rio Marinho estabelece que o documento f\u00edsico segue v\u00e1lido, mas novas emiss\u00f5es devem ser feitas preferencialmente por [&hellip;]<\/p>\n","protected":false},"author":1,"featured_media":1496,"comment_status":"open","ping_status":"open","sticky":false,"template":"","format":"standard","meta":{"jetpack_post_was_ever_published":false,"_jetpack_newsletter_access":"","_jetpack_dont_email_post_to_subs":false,"_jetpack_newsletter_tier_id":0,"_jetpack_memberships_contains_paywalled_content":false,"_jetpack_memberships_contains_paid_content":false,"footnotes":"","jetpack_publicize_message":"","jetpack_publicize_feature_enabled":true,"jetpack_social_post_already_shared":true,"jetpack_social_options":{"image_generator_settings":{"template":"highway","default_image_id":0,"font":"","enabled":false},"version":2}},"categories":[29],"tags":[521,468,417,78,295,491,45],"class_list":["post-1918","post","type-post","status-publish","format-standard","has-post-thumbnail","hentry","category-dp","tag-aplicativo","tag-carteira","tag-ctps","tag-esocial","tag-previdencia","tag-social","tag-trabalho"],"jetpack_publicize_connections":[],"jetpack_featured_media_url":"https:\/\/i0.wp.com\/cfcontabil.com\/cf\/wp-content\/uploads\/2017\/02\/ctps-digital-1.jpg?fit=1200%2C627&ssl=1","jetpack_sharing_enabled":true,"jetpack_shortlink":"https:\/\/wp.me\/p2wklX-uW","jetpack-related-posts":[{"id":1317,"url":"https:\/\/cfcontabil.com\/cf\/conhece-o-esocial-domestico-nos-podemos-ajudar\/","url_meta":{"origin":1918,"position":0},"title":"Conhece o eSocial Dom\u00e9stico? N\u00f3s podemos ajudar!","author":"Ab\u00edlio Gon\u00e7alves","date":"7 de junho de 2018","format":false,"excerpt":"Ativo desde 2015, o\u00a0e-Social \u00e9 um sistema que foi desenvolvido para minimizar os problemas de pagamentos de direitos aos trabalhadores dom\u00e9sticos, de forma que eles tenham garantido o pagamento de todos os seus direitos por lei. Um sistema que permite o empregador encaminhar informa\u00e7\u00f5es trabalhistas de forma mais pr\u00e1tica para\u2026","rel":"","context":"Em &quot;Departamento Pessoal&quot;","block_context":{"text":"Departamento Pessoal","link":"https:\/\/cfcontabil.com\/cf\/category\/dp\/"},"img":{"alt_text":"","src":"https:\/\/i0.wp.com\/cfcontabil.com\/cf\/wp-content\/uploads\/2018\/06\/esocial-domestico-1.jpg?fit=600%2C450&ssl=1&resize=350%2C200","width":350,"height":200,"srcset":"https:\/\/i0.wp.com\/cfcontabil.com\/cf\/wp-content\/uploads\/2018\/06\/esocial-domestico-1.jpg?fit=600%2C450&ssl=1&resize=350%2C200 1x, https:\/\/i0.wp.com\/cfcontabil.com\/cf\/wp-content\/uploads\/2018\/06\/esocial-domestico-1.jpg?fit=600%2C450&ssl=1&resize=525%2C300 1.5x"},"classes":[]},{"id":1958,"url":"https:\/\/cfcontabil.com\/cf\/esocial-contabiliza-mais-de-39-milhoes-de-trabalhadores-cadastrados\/","url_meta":{"origin":1918,"position":1},"title":"eSocial contabiliza mais de 39 milh\u00f5es de trabalhadores cadastrados","author":"Ab\u00edlio Gon\u00e7alves","date":"28 de novembro de 2019","format":false,"excerpt":"At\u00e9 julho, \u00faltimo m\u00eas que foi feita a contabilidade oficial, 39.236.553 milh\u00f5es de trabalhadores estavam integrados \u00e0 base do eSocial. O n\u00famero representa a quantidade de empregados de empresas (inclusive empregador pessoa f\u00edsica, como produtores rurais e profissionais liberais), empregados dom\u00e9sticos e demais trabalhadores sem v\u00ednculo de emprego (estagi\u00e1rios, bolsistas,\u2026","rel":"","context":"Em &quot;Departamento Pessoal&quot;","block_context":{"text":"Departamento Pessoal","link":"https:\/\/cfcontabil.com\/cf\/category\/dp\/"},"img":{"alt_text":"","src":"https:\/\/i0.wp.com\/cfcontabil.com\/cf\/wp-content\/uploads\/2018\/09\/esocial-1-810x456-1.jpg?fit=810%2C456&ssl=1&resize=350%2C200","width":350,"height":200,"srcset":"https:\/\/i0.wp.com\/cfcontabil.com\/cf\/wp-content\/uploads\/2018\/09\/esocial-1-810x456-1.jpg?fit=810%2C456&ssl=1&resize=350%2C200 1x, https:\/\/i0.wp.com\/cfcontabil.com\/cf\/wp-content\/uploads\/2018\/09\/esocial-1-810x456-1.jpg?fit=810%2C456&ssl=1&resize=525%2C300 1.5x, https:\/\/i0.wp.com\/cfcontabil.com\/cf\/wp-content\/uploads\/2018\/09\/esocial-1-810x456-1.jpg?fit=810%2C456&ssl=1&resize=700%2C400 2x"},"classes":[]},{"id":252,"url":"https:\/\/cfcontabil.com\/cf\/fundo-de-garantia-do-tempo-de-servico-fgts\/","url_meta":{"origin":1918,"position":2},"title":"Fundo de Garantia do Tempo de Servi\u00e7o &#8211; FGTS","author":"Juc\u00e9lia Martins","date":"6 de dezembro de 2012","format":false,"excerpt":"Oi pessoal! Como est\u00e3o? Animados para as festas de final de ano? \u00a0 Muitas pessoas me perguntam como sacar o FGTS, ent\u00e3o resolvi colocar algumas informa\u00e7\u00f5es aqui. \u00a0 Voc\u00ea sabe o que \u00e9 FGTS? O FGTS foi institu\u00eddo pela Lei n\u00ba 5.107, de 13\/09\/66 e \u00a0regulamentado pelo Decreto n\u00ba 59.820,\u2026","rel":"","context":"Em &quot;Geral&quot;","block_context":{"text":"Geral","link":"https:\/\/cfcontabil.com\/cf\/category\/geral\/"},"img":{"alt_text":"","src":"https:\/\/i0.wp.com\/www.fgts.gov.br\/resources\/logofgts_v2.jpg?resize=350%2C200","width":350,"height":200},"classes":[]},{"id":2162,"url":"https:\/\/cfcontabil.com\/cf\/comunidado-importante-covid19-coronavirus\/","url_meta":{"origin":1918,"position":3},"title":"COMUNIDADO IMPORTANTE &#8211; COVID19 (CORONAV\u00cdRUS)","author":"Ab\u00edlio Gon\u00e7alves","date":"19 de mar\u00e7o de 2020","format":false,"excerpt":"Prezados clientes e parceiros. Em decorr\u00eancia da pandemia do COVID19 (coronav\u00edrus) e pensando no bem-estar e sa\u00fade de todos, informamos que estamos priorizando nosso atendimento virtual (n\u00e3o presencial) a fim de evitar a propaga\u00e7\u00e3o do v\u00edrus. Estamos trabalhando internamente de forma remota garantindo o atendimento de todas as solicita\u00e7\u00f5es externas\u2026","rel":"","context":"Em &quot;Geral&quot;","block_context":{"text":"Geral","link":"https:\/\/cfcontabil.com\/cf\/category\/geral\/"},"img":{"alt_text":"","src":"https:\/\/i0.wp.com\/cfcontabil.com\/cf\/wp-content\/uploads\/2020\/03\/WhatsApp-1.jpg?fit=739%2C415&ssl=1&resize=350%2C200","width":350,"height":200,"srcset":"https:\/\/i0.wp.com\/cfcontabil.com\/cf\/wp-content\/uploads\/2020\/03\/WhatsApp-1.jpg?fit=739%2C415&ssl=1&resize=350%2C200 1x, https:\/\/i0.wp.com\/cfcontabil.com\/cf\/wp-content\/uploads\/2020\/03\/WhatsApp-1.jpg?fit=739%2C415&ssl=1&resize=525%2C300 1.5x, https:\/\/i0.wp.com\/cfcontabil.com\/cf\/wp-content\/uploads\/2020\/03\/WhatsApp-1.jpg?fit=739%2C415&ssl=1&resize=700%2C400 2x"},"classes":[]},{"id":1084,"url":"https:\/\/cfcontabil.com\/cf\/ministro-reafirma-compromisso-com-trabalhadores-na-modernizacao-da-clt\/","url_meta":{"origin":1918,"position":4},"title":"Ministro reafirma compromisso com trabalhadores na moderniza\u00e7\u00e3o da CLT","author":"Ab\u00edlio Gon\u00e7alves","date":"24 de mar\u00e7o de 2017","format":false,"excerpt":"Durante reuni\u00e3o de grupo de estudo formado com centrais sindicais, Ronaldo Nogueira garantiu que proposta do governo mant\u00e9m direitos e defendeu o fortalecimento dos sindicatos O ministro do Trabalho, Ronaldo Nogueira, assegurou aos l\u00edderes das principais centrais sindicais que a proposta de moderniza\u00e7\u00e3o da Consolida\u00e7\u00e3o das Leis Trabalhistas (CLT) n\u00e3o\u2026","rel":"","context":"Em &quot;Departamento Pessoal&quot;","block_context":{"text":"Departamento Pessoal","link":"https:\/\/cfcontabil.com\/cf\/category\/dp\/"},"img":{"alt_text":"","src":"https:\/\/i0.wp.com\/cfcontabil.com\/cf\/wp-content\/uploads\/2017\/02\/ctps-digital-1.jpg?fit=1200%2C627&ssl=1&resize=350%2C200","width":350,"height":200,"srcset":"https:\/\/i0.wp.com\/cfcontabil.com\/cf\/wp-content\/uploads\/2017\/02\/ctps-digital-1.jpg?fit=1200%2C627&ssl=1&resize=350%2C200 1x, https:\/\/i0.wp.com\/cfcontabil.com\/cf\/wp-content\/uploads\/2017\/02\/ctps-digital-1.jpg?fit=1200%2C627&ssl=1&resize=525%2C300 1.5x, https:\/\/i0.wp.com\/cfcontabil.com\/cf\/wp-content\/uploads\/2017\/02\/ctps-digital-1.jpg?fit=1200%2C627&ssl=1&resize=700%2C400 2x, https:\/\/i0.wp.com\/cfcontabil.com\/cf\/wp-content\/uploads\/2017\/02\/ctps-digital-1.jpg?fit=1200%2C627&ssl=1&resize=1050%2C600 3x"},"classes":[]},{"id":1343,"url":"https:\/\/cfcontabil.com\/cf\/esocial-passa-a-valer-para-todas-as-empresas-do-pais-a-partir-de-16-de-julho\/","url_meta":{"origin":1918,"position":5},"title":"ESocial Passa a Valer Para Todas as Empresas do Pa\u00eds a Partir de 16 de Julho","author":"Ab\u00edlio Gon\u00e7alves","date":"14 de julho de 2018","format":false,"excerpt":"A partir do dia 16 de julho, todas as empresas privadas do pa\u00eds, incluindo micro e pequenas empresas e microempreendedores individuais\u00a0(MEIs)\u00a0que possuam empregados, dever\u00e3o utilizar o Sistema de Escritura\u00e7\u00e3o Digital das Obriga\u00e7\u00f5es Fiscais, Previdenci\u00e1rias e Trabalhistas\u00a0(eSocial)\u00a0. Esse grupo representa 4 milh\u00f5es de empregadores e cerca de 30 milh\u00f5es de trabalhadores.\u2026","rel":"","context":"Em &quot;Departamento Pessoal&quot;","block_context":{"text":"Departamento Pessoal","link":"https:\/\/cfcontabil.com\/cf\/category\/dp\/"},"img":{"alt_text":"","src":"https:\/\/i0.wp.com\/cfcontabil.com\/cf\/wp-content\/uploads\/2018\/07\/Cronograma_de_implanta%C3%A7%C3%A3o_do_eSocial-1.png?fit=1024%2C768&ssl=1&resize=350%2C200","width":350,"height":200,"srcset":"https:\/\/i0.wp.com\/cfcontabil.com\/cf\/wp-content\/uploads\/2018\/07\/Cronograma_de_implanta%C3%A7%C3%A3o_do_eSocial-1.png?fit=1024%2C768&ssl=1&resize=350%2C200 1x, https:\/\/i0.wp.com\/cfcontabil.com\/cf\/wp-content\/uploads\/2018\/07\/Cronograma_de_implanta%C3%A7%C3%A3o_do_eSocial-1.png?fit=1024%2C768&ssl=1&resize=525%2C300 1.5x, https:\/\/i0.wp.com\/cfcontabil.com\/cf\/wp-content\/uploads\/2018\/07\/Cronograma_de_implanta%C3%A7%C3%A3o_do_eSocial-1.png?fit=1024%2C768&ssl=1&resize=700%2C400 2x"},"classes":[]}],"jetpack_likes_enabled":true,"_links":{"self":[{"href":"https:\/\/cfcontabil.com\/cf\/wp-json\/wp\/v2\/posts\/1918","targetHints":{"allow":["GET"]}}],"collection":[{"href":"https:\/\/cfcontabil.com\/cf\/wp-json\/wp\/v2\/posts"}],"about":[{"href":"https:\/\/cfcontabil.com\/cf\/wp-json\/wp\/v2\/types\/post"}],"author":[{"embeddable":true,"href":"https:\/\/cfcontabil.com\/cf\/wp-json\/wp\/v2\/users\/1"}],"replies":[{"embeddable":true,"href":"https:\/\/cfcontabil.com\/cf\/wp-json\/wp\/v2\/comments?post=1918"}],"version-history":[{"count":1,"href":"https:\/\/cfcontabil.com\/cf\/wp-json\/wp\/v2\/posts\/1918\/revisions"}],"predecessor-version":[{"id":1920,"href":"https:\/\/cfcontabil.com\/cf\/wp-json\/wp\/v2\/posts\/1918\/revisions\/1920"}],"wp:featuredmedia":[{"embeddable":true,"href":"https:\/\/cfcontabil.com\/cf\/wp-json\/wp\/v2\/media\/1496"}],"wp:attachment":[{"href":"https:\/\/cfcontabil.com\/cf\/wp-json\/wp\/v2\/media?parent=1918"}],"wp:term":[{"taxonomy":"category","embeddable":true,"href":"https:\/\/cfcontabil.com\/cf\/wp-json\/wp\/v2\/categories?post=1918"},{"taxonomy":"post_tag","embeddable":true,"href":"https:\/\/cfcontabil.com\/cf\/wp-json\/wp\/v2\/tags?post=1918"}],"curies":[{"name":"wp","href":"https:\/\/api.w.org\/{rel}","templated":true}]}}