{"id":1939,"date":"2019-11-21T18:00:48","date_gmt":"2019-11-21T21:00:48","guid":{"rendered":"http:\/\/cfcontabil.com\/cf\/?p=1939"},"modified":"2019-11-21T11:33:31","modified_gmt":"2019-11-21T14:33:31","slug":"dolar-acima-de-r-420-pressiona-custos-e-preocupa-empresarios","status":"publish","type":"post","link":"https:\/\/cfcontabil.com\/cf\/dolar-acima-de-r-420-pressiona-custos-e-preocupa-empresarios\/","title":{"rendered":"D\u00f3lar acima de R$ 4,20 pressiona custos e preocupa empres\u00e1rios"},"content":{"rendered":"<h2 class=\"txt-gray mb-0 h4\">Cota\u00e7\u00e3o recorde da moeda americana j\u00e1 encarece os combust\u00edveis, afeta compra de produtos no varejo e reacende temor da alta da infla\u00e7\u00e3o<\/h2>\n<p><a href=\"https:\/\/i0.wp.com\/cfcontabil.com\/cf\/wp-content\/uploads\/2019\/11\/dolar.jpg\"><img data-recalc-dims=\"1\" fetchpriority=\"high\" decoding=\"async\" data-attachment-id=\"1942\" data-permalink=\"https:\/\/cfcontabil.com\/cf\/dolar-acima-de-r-420-pressiona-custos-e-preocupa-empresarios\/dolar\/\" data-orig-file=\"https:\/\/i0.wp.com\/cfcontabil.com\/cf\/wp-content\/uploads\/2019\/11\/dolar.jpg?fit=815%2C376&amp;ssl=1\" data-orig-size=\"815,376\" data-comments-opened=\"1\" data-image-meta=\"{&quot;aperture&quot;:&quot;0&quot;,&quot;credit&quot;:&quot;&quot;,&quot;camera&quot;:&quot;&quot;,&quot;caption&quot;:&quot;&quot;,&quot;created_timestamp&quot;:&quot;0&quot;,&quot;copyright&quot;:&quot;&quot;,&quot;focal_length&quot;:&quot;0&quot;,&quot;iso&quot;:&quot;0&quot;,&quot;shutter_speed&quot;:&quot;0&quot;,&quot;title&quot;:&quot;&quot;,&quot;orientation&quot;:&quot;0&quot;}\" data-image-title=\"dolar\" data-image-description=\"\" data-image-caption=\"\" data-large-file=\"https:\/\/i0.wp.com\/cfcontabil.com\/cf\/wp-content\/uploads\/2019\/11\/dolar.jpg?fit=815%2C376&amp;ssl=1\" class=\"aligncenter size-full wp-image-1942\" src=\"https:\/\/i0.wp.com\/cfcontabil.com\/cf\/wp-content\/uploads\/2019\/11\/dolar.jpg?resize=815%2C376\" alt=\"\" width=\"815\" height=\"376\" srcset=\"https:\/\/i0.wp.com\/cfcontabil.com\/cf\/wp-content\/uploads\/2019\/11\/dolar.jpg?w=815&amp;ssl=1 815w, https:\/\/i0.wp.com\/cfcontabil.com\/cf\/wp-content\/uploads\/2019\/11\/dolar.jpg?resize=300%2C138&amp;ssl=1 300w, https:\/\/i0.wp.com\/cfcontabil.com\/cf\/wp-content\/uploads\/2019\/11\/dolar.jpg?resize=768%2C354&amp;ssl=1 768w, https:\/\/i0.wp.com\/cfcontabil.com\/cf\/wp-content\/uploads\/2019\/11\/dolar.jpg?resize=770%2C355&amp;ssl=1 770w, https:\/\/i0.wp.com\/cfcontabil.com\/cf\/wp-content\/uploads\/2019\/11\/dolar.jpg?resize=370%2C171&amp;ssl=1 370w\" sizes=\"(max-width: 815px) 100vw, 815px\" \/><\/a><\/p>\n<p>A Petrobras anunciou nesta ter\u00e7a-feira (19\/11) o reajuste de 2,8% no pre\u00e7o da gasolina nas refinarias, um dia depois de o\u00a0<strong>d\u00f3lar<\/strong>\u00a0alcan\u00e7ar sua\u00a0<strong>maior cota\u00e7\u00e3o nominal\u00a0<\/strong>da hist\u00f3ria e bater R$ 4,20. O aumento de R$ 0,05 no pre\u00e7o m\u00e9dio, alcan\u00e7ando R$ 1,84 por litro, foi o primeiro ap\u00f3s 50 dias sem reajustes. Trata-se do maior valor desde o final de maio, quando o litro chegou a R$ 1,95. Al\u00e9m disso, o diesel subiu 1,2%, ou cerca de R$ 0,03.<\/p>\n<p>\u201cA alta da moeda americana, se continuar subindo, deve pressionar a infla\u00e7\u00e3o de novembro e dezembro, e comprometer a importa\u00e7\u00e3o de produtos para as duas datas mais importantes para o com\u00e9rcio \u2013 Black Friday e Natal\u201d, afirma a economista Karina Mello Ara\u00fajo, especialista em gest\u00e3o de varejo da Funda\u00e7\u00e3o Getulio Vargas (FGV). \u201cO Banco Central precisa agir de forma mais agressiva, para evitar que o d\u00f3lar se acomode em um patamar t\u00e3o elevado.\u201d<\/p>\n<p>A preocupa\u00e7\u00e3o com o d\u00f3lar n\u00e3o afeta apenas o setor dos combust\u00edveis ou o bolso dos turistas que planejam viagens ao exterior. Como quase 18% de tudo que \u00e9 consumido no Brasil vem de fora ou \u00e9 cotado pela moeda americana, h\u00e1 um afeito cascata em toda a economia.<\/p>\n<p>\u201cPara quem importa produtos de fora, a alta do d\u00f3lar \u00e9 aumento de custo efetivo. O empres\u00e1rio tem de pagar o produto e os tributos pela taxa do dia do desembara\u00e7o da mercadoria\u201d, afirma Jos\u00e9 Augusto de Castro, presidente da Associa\u00e7\u00e3o de Com\u00e9rcio Exterior do Brasil. \u201cO d\u00f3lar muito caro n\u00e3o s\u00f3 faz subir os custos como tamb\u00e9m corr\u00f3i as margens de lucro das empresas. Isso, por muito tempo, \u00e9 ruim para toda a economia.\u201d<\/p>\n<p>T\u00e3o ruim quanto o d\u00f3lar caro, segundo Augusto de Castro, \u00e9 a oscila\u00e7\u00e3o do real, movimento que afeta o planejamento das empresas que importam e at\u00e9 os que exportam. \u201cO comportamento atual da moeda americana tamb\u00e9m n\u00e3o aumenta a competitividade de quem vende para fora. Como o d\u00f3lar tem sido muito influenciado por fatores pontuais e especula\u00e7\u00f5es, dificulta na hora de fechar contratos de exporta\u00e7\u00f5es.\u201d<\/p>\n<p>No ano passado, nessa mesma \u00e9poca, a alta do d\u00f3lar provocou um corte de pelo menos 30% nas quantidades importadas de alguns dos produtos mais vendidos no Natal. A queda nos volumes de itens t\u00edpicos dessa \u00e9poca do ano, como alimentos, bebidas e enfeites, especialmente os chineses, ocorre para evitar preju\u00edzos com o poss\u00edvel encalhe.<\/p>\n<p>Com a alta do d\u00f3lar, esses artigos devem ficar mais caros em reais para o consumidor. \u201cA redu\u00e7\u00e3o nas quantidades, dependendo do setor, foi de 30% para mais\u201d, diz Rita de C\u00e1ssia Campagnoli, presidente do Conselho Brasileiro das Empresas Comerciais Importadoras e Exportadoras (Ceciex), entidade que re\u00fane cerca de 800 empresas de m\u00e9dio porte que importam boa parte dos itens vendidos pelas lojas.<\/p>\n<h3><strong>Volatilidade<\/strong><\/h3>\n<p>Diante desse cen\u00e1rio, ind\u00fastria, com\u00e9rcio e prestadores de servi\u00e7os t\u00eam de enfrentar as oscila\u00e7\u00f5es da moeda americana. Exemplo disso \u00e9 a ag\u00eancia de viagens CVC, a maior da Am\u00e9rica Latina. A empresa est\u00e1 conseguindo amortecer o impacto do d\u00f3lar com uma a\u00e7\u00e3o de c\u00e2mbio reduzido em destinos espec\u00edficos. \u201cO problema para n\u00f3s n\u00e3o \u00e9 s\u00f3 o valor da moeda estrangeira, mas a volatilidade, que gera inseguran\u00e7a no consumidor\u201d, diz Sylvio Ferraz, diretor da operadora.<\/p>\n<p>Ao divulgar seu balan\u00e7o, na semana passada, a empresa reconheceu que este cen\u00e1rio imp\u00f5e dificuldades. \u201cO ano de 2019 est\u00e1 sendo marcado por muitos desafios, especialmente relacionados a fatores ex\u00f3genos\u201d, afirma o executivo. \u201cAumentamos nossos investimentos em tecnologia para melhorar a experi\u00eancia do cliente e ampliamos nossos investimentos em marketing.\u201d Com isso, a CVC transportou 9,3 milh\u00f5es de passageiros no ano, crescimento de 18,5%, na compara\u00e7\u00e3o com 2018.<\/p>\n<p>De acordo com economistas, o patamar ideal para o d\u00f3lar no Brasil oscila entre R$ 3,60 e R$ 3,80. Mas, segundo eles, a moeda s\u00f3 vai voltar para essa faixa quando as principais reformas forem aprovadas e se a redu\u00e7\u00e3o do d\u00e9ficit fiscal, anunciada nesta semana, em R$ 80 bilh\u00f5es, pelo ministro Paulo Guedes, confirmar sua trajet\u00f3ria de queda.<\/p>\n<p>\u201cJunto com fatores internos desfavor\u00e1veis para a queda do d\u00f3lar h\u00e1 uma conjuntura no mercado internacional que tamb\u00e9m tem afetado a cota\u00e7\u00e3o. O principal risco \u00e9 o de um acirramento da guerra comercial entre Estados Unidos e China\u201d, afirma o economista Renato Macedo, da consultoria RMF Associados. Soma-se a isso a redu\u00e7\u00e3o da Selic, que achata a rentabilidade dos investidores estrangeiros. Com isso, eles preferem levar seus recursos a outros mercados, com taxas maiores de retorno, como o M\u00e9xico e a Turquia.<\/p>\n<p>Fonte: CB<\/p>\n","protected":false},"excerpt":{"rendered":"<p>Cota\u00e7\u00e3o recorde da moeda americana j\u00e1 encarece os combust\u00edveis, afeta compra de produtos no varejo e reacende temor da alta da infla\u00e7\u00e3o A Petrobras anunciou nesta ter\u00e7a-feira (19\/11) o reajuste de 2,8% no pre\u00e7o da gasolina nas refinarias, um dia depois de o\u00a0d\u00f3lar\u00a0alcan\u00e7ar sua\u00a0maior cota\u00e7\u00e3o nominal\u00a0da hist\u00f3ria e bater R$ 4,20. O aumento de R$ [&hellip;]<\/p>\n","protected":false},"author":1,"featured_media":1941,"comment_status":"open","ping_status":"open","sticky":false,"template":"","format":"standard","meta":{"jetpack_post_was_ever_published":false,"_jetpack_newsletter_access":"","_jetpack_dont_email_post_to_subs":false,"_jetpack_newsletter_tier_id":0,"_jetpack_memberships_contains_paywalled_content":false,"_jetpack_memberships_contains_paid_content":false,"footnotes":"","jetpack_publicize_message":"","jetpack_publicize_feature_enabled":true,"jetpack_social_post_already_shared":true,"jetpack_social_options":{"image_generator_settings":{"template":"highway","default_image_id":0,"font":"","enabled":false},"version":2}},"categories":[22],"tags":[719,718,169,720],"class_list":["post-1939","post","type-post","status-publish","format-standard","has-post-thumbnail","hentry","category-geral","tag-cotacao","tag-dolar","tag-empresario","tag-varejo"],"jetpack_publicize_connections":[],"jetpack_featured_media_url":"https:\/\/i0.wp.com\/cfcontabil.com\/cf\/wp-content\/uploads\/2019\/11\/dolar-notas.jpg?fit=704%2C435&ssl=1","jetpack_sharing_enabled":true,"jetpack_shortlink":"https:\/\/wp.me\/p2wklX-vh","jetpack-related-posts":[{"id":2117,"url":"https:\/\/cfcontabil.com\/cf\/tabela-do-irpf-sem-correcao-aumenta-o-imposto\/","url_meta":{"origin":1939,"position":0},"title":"Tabela do IRPF sem corre\u00e7\u00e3o aumenta o imposto?","author":"Ab\u00edlio Gon\u00e7alves","date":"21 de fevereiro de 2020","format":false,"excerpt":"O an\u00fancio da Receita Federal sobre o Imposto de Renda Pessoa F\u00edsica deste ano confirmou que a tabela continua sem nenhuma corre\u00e7\u00e3o, pois o \u00faltimo reajuste ocorreu no ano de 2015. https:\/\/www.youtube.com\/watch?v=M3-acy47EXQ Em quatro anos consecutivos, a tabela do Imposto de Renda das Pessoas F\u00edsicas n\u00e3o sofreu corre\u00e7\u00e3o sequer pelo\u2026","rel":"","context":"Em &quot;Departamento Fiscal&quot;","block_context":{"text":"Departamento Fiscal","link":"https:\/\/cfcontabil.com\/cf\/category\/df\/"},"img":{"alt_text":"","src":"https:\/\/i0.wp.com\/cfcontabil.com\/cf\/wp-content\/uploads\/2020\/02\/IRPF-antecipa%C3%A7%C3%A3o-restitui%C3%A7%C3%A3o-ajustado.jpeg?fit=1200%2C675&ssl=1&resize=350%2C200","width":350,"height":200,"srcset":"https:\/\/i0.wp.com\/cfcontabil.com\/cf\/wp-content\/uploads\/2020\/02\/IRPF-antecipa%C3%A7%C3%A3o-restitui%C3%A7%C3%A3o-ajustado.jpeg?fit=1200%2C675&ssl=1&resize=350%2C200 1x, https:\/\/i0.wp.com\/cfcontabil.com\/cf\/wp-content\/uploads\/2020\/02\/IRPF-antecipa%C3%A7%C3%A3o-restitui%C3%A7%C3%A3o-ajustado.jpeg?fit=1200%2C675&ssl=1&resize=525%2C300 1.5x, https:\/\/i0.wp.com\/cfcontabil.com\/cf\/wp-content\/uploads\/2020\/02\/IRPF-antecipa%C3%A7%C3%A3o-restitui%C3%A7%C3%A3o-ajustado.jpeg?fit=1200%2C675&ssl=1&resize=700%2C400 2x, https:\/\/i0.wp.com\/cfcontabil.com\/cf\/wp-content\/uploads\/2020\/02\/IRPF-antecipa%C3%A7%C3%A3o-restitui%C3%A7%C3%A3o-ajustado.jpeg?fit=1200%2C675&ssl=1&resize=1050%2C600 3x"},"classes":[]},{"id":2036,"url":"https:\/\/cfcontabil.com\/cf\/salario-minimo-e-de-r-1-039-em-2020\/","url_meta":{"origin":1939,"position":1},"title":"Sal\u00e1rio m\u00ednimo \u00e9 de R$ 1.039 em 2020","author":"Ab\u00edlio Gon\u00e7alves","date":"3 de janeiro de 2020","format":false,"excerpt":"O valor de R$ 1.039 s\u00e3o oito reais acima do valor aprovado pelo Congresso no or\u00e7amento, que era R$ 1.031 O presidente Jair Bolsonaro (Sem partido) assinou no dia 31 de dezembro de 2019, a Medida Provis\u00f3ria (MP) de reajuste do sal\u00e1rio m\u00ednimo. A previs\u00e3o do INPC ficou acima do\u2026","rel":"","context":"Em &quot;Departamento Pessoal&quot;","block_context":{"text":"Departamento Pessoal","link":"https:\/\/cfcontabil.com\/cf\/category\/dp\/"},"img":{"alt_text":"","src":"https:\/\/i0.wp.com\/cfcontabil.com\/cf\/wp-content\/uploads\/2019\/11\/salario.jpg?fit=703%2C436&ssl=1&resize=350%2C200","width":350,"height":200,"srcset":"https:\/\/i0.wp.com\/cfcontabil.com\/cf\/wp-content\/uploads\/2019\/11\/salario.jpg?fit=703%2C436&ssl=1&resize=350%2C200 1x, https:\/\/i0.wp.com\/cfcontabil.com\/cf\/wp-content\/uploads\/2019\/11\/salario.jpg?fit=703%2C436&ssl=1&resize=525%2C300 1.5x, https:\/\/i0.wp.com\/cfcontabil.com\/cf\/wp-content\/uploads\/2019\/11\/salario.jpg?fit=703%2C436&ssl=1&resize=700%2C400 2x"},"classes":[]},{"id":1329,"url":"https:\/\/cfcontabil.com\/cf\/greve-eleicoes-e-copa-do-mundo-podem-desacelerar-receita-de-icms\/","url_meta":{"origin":1939,"position":2},"title":"Greve, elei\u00e7\u00f5es e Copa do Mundo podem desacelerar receita de ICMS","author":"Ab\u00edlio Gon\u00e7alves","date":"13 de junho de 2018","format":false,"excerpt":"Para os pr\u00f3ximos meses, a tend\u00eancia \u00e9 que a arrecada\u00e7\u00e3o de ICMS passe por uma desacelera\u00e7\u00e3o Uma amostra com 20 estados mostrou que a arrecada\u00e7\u00e3o estadual expandiu 5,37% acima da infla\u00e7\u00e3o at\u00e9 abril, para R$ 115 bilh\u00f5es, impulsionada, especialmente, pela alta dos combust\u00edveis A arrecada\u00e7\u00e3o do Imposto sobre a Circula\u00e7\u00e3o\u2026","rel":"","context":"Em &quot;Geral&quot;","block_context":{"text":"Geral","link":"https:\/\/cfcontabil.com\/cf\/category\/geral\/"},"img":{"alt_text":"","src":"https:\/\/i0.wp.com\/cfcontabil.com\/cf\/wp-content\/uploads\/2016\/03\/dinheiro-1.jpg?fit=661%2C351&ssl=1&resize=350%2C200","width":350,"height":200,"srcset":"https:\/\/i0.wp.com\/cfcontabil.com\/cf\/wp-content\/uploads\/2016\/03\/dinheiro-1.jpg?fit=661%2C351&ssl=1&resize=350%2C200 1x, https:\/\/i0.wp.com\/cfcontabil.com\/cf\/wp-content\/uploads\/2016\/03\/dinheiro-1.jpg?fit=661%2C351&ssl=1&resize=525%2C300 1.5x"},"classes":[]},{"id":1835,"url":"https:\/\/cfcontabil.com\/cf\/empresarios-mais-confiantes-e-com-intencao-de-contratar\/","url_meta":{"origin":1939,"position":3},"title":"Empres\u00e1rios: mais confiantes e com inten\u00e7\u00e3o de contratar","author":"Ab\u00edlio Gon\u00e7alves","date":"30 de outubro de 2019","format":false,"excerpt":"Indicador da FecomercioSP registrou a segunda alta consecutiva em outubro, puxada pela queda dos juros com tend\u00eancia de redu\u00e7\u00e3o devido \u00e0 Reforma da Previd\u00eancia A\u00a0confian\u00e7a\u00a0do empres\u00e1rio registrou a segunda alta consecutiva em outubro (2,7%) ao passar de 115,3 pontos, em setembro, para os atuais 118,4. Na compara\u00e7\u00e3o com o mesmo\u2026","rel":"","context":"Em &quot;Consultoria Empresarial&quot;","block_context":{"text":"Consultoria Empresarial","link":"https:\/\/cfcontabil.com\/cf\/category\/consultoria\/"},"img":{"alt_text":"","src":"https:\/\/i0.wp.com\/cfcontabil.com\/cf\/wp-content\/uploads\/2019\/10\/empresarios.jpg?fit=640%2C433&ssl=1&resize=350%2C200","width":350,"height":200,"srcset":"https:\/\/i0.wp.com\/cfcontabil.com\/cf\/wp-content\/uploads\/2019\/10\/empresarios.jpg?fit=640%2C433&ssl=1&resize=350%2C200 1x, https:\/\/i0.wp.com\/cfcontabil.com\/cf\/wp-content\/uploads\/2019\/10\/empresarios.jpg?fit=640%2C433&ssl=1&resize=525%2C300 1.5x"},"classes":[]},{"id":856,"url":"https:\/\/cfcontabil.com\/cf\/tire-suas-duvidas-sobre-o-reajuste-do-seguro-desemprego\/","url_meta":{"origin":1939,"position":4},"title":"Tire suas d\u00favidas sobre o reajuste do seguro-desemprego","author":"Ab\u00edlio Gon\u00e7alves","date":"25 de janeiro de 2017","format":false,"excerpt":"Benef\u00edcio do seguro-desemprego come\u00e7ou a ser pago com reajuste a partir de\u00a0ter\u00e7a-feira (17) O Minist\u00e9rio do Trabalho liberou o lote de pagamento do Seguro-Desemprego com o reajuste das parcelas. Os novos valores levam em conta o sal\u00e1rio m\u00ednimo a partir de 1\u00b0 de janeiro de 2017 e a varia\u00e7\u00e3o do\u2026","rel":"","context":"Em &quot;Departamento Pessoal&quot;","block_context":{"text":"Departamento Pessoal","link":"https:\/\/cfcontabil.com\/cf\/category\/dp\/"},"img":{"alt_text":"","src":"https:\/\/i0.wp.com\/cfcontabil.com\/cf\/wp-content\/uploads\/2017\/01\/CTPStrabalho-1.jpg?fit=1200%2C781&ssl=1&resize=350%2C200","width":350,"height":200,"srcset":"https:\/\/i0.wp.com\/cfcontabil.com\/cf\/wp-content\/uploads\/2017\/01\/CTPStrabalho-1.jpg?fit=1200%2C781&ssl=1&resize=350%2C200 1x, https:\/\/i0.wp.com\/cfcontabil.com\/cf\/wp-content\/uploads\/2017\/01\/CTPStrabalho-1.jpg?fit=1200%2C781&ssl=1&resize=525%2C300 1.5x, https:\/\/i0.wp.com\/cfcontabil.com\/cf\/wp-content\/uploads\/2017\/01\/CTPStrabalho-1.jpg?fit=1200%2C781&ssl=1&resize=700%2C400 2x, https:\/\/i0.wp.com\/cfcontabil.com\/cf\/wp-content\/uploads\/2017\/01\/CTPStrabalho-1.jpg?fit=1200%2C781&ssl=1&resize=1050%2C600 3x"},"classes":[]},{"id":883,"url":"https:\/\/cfcontabil.com\/cf\/oab-pede-a-temer-correcao-da-tabela-de-imposto-de-renda\/","url_meta":{"origin":1939,"position":5},"title":"OAB pede a Temer corre\u00e7\u00e3o da tabela de imposto de renda","author":"Ab\u00edlio Gon\u00e7alves","date":"27 de janeiro de 2017","format":false,"excerpt":"A Ordem dos Advogados do Brasil (OAB) enviou ao presidente Michel Temer of\u00edcio em que pede a corre\u00e7\u00e3o integral da tabela do Imposto de Renda da Pessoa F\u00edsica (IRPF) de acordo com a infla\u00e7\u00e3o. A entidade quer a revis\u00e3o dos valores do IR para evitar que contribuintes isentos passem a\u2026","rel":"","context":"Em &quot;Geral&quot;","block_context":{"text":"Geral","link":"https:\/\/cfcontabil.com\/cf\/category\/geral\/"},"img":{"alt_text":"","src":"https:\/\/i0.wp.com\/s2.glbimg.com\/N18qqXSH8-irSpA9gyCSvQD-7Fo%3D\/560x350\/e.glbimg.com\/og\/ed\/f\/original\/2016\/02\/11\/predio-da-oab.jpg?resize=350%2C200","width":350,"height":200,"srcset":"https:\/\/i0.wp.com\/s2.glbimg.com\/N18qqXSH8-irSpA9gyCSvQD-7Fo%3D\/560x350\/e.glbimg.com\/og\/ed\/f\/original\/2016\/02\/11\/predio-da-oab.jpg?resize=350%2C200 1x, https:\/\/i0.wp.com\/s2.glbimg.com\/N18qqXSH8-irSpA9gyCSvQD-7Fo%3D\/560x350\/e.glbimg.com\/og\/ed\/f\/original\/2016\/02\/11\/predio-da-oab.jpg?resize=525%2C300 1.5x"},"classes":[]}],"jetpack_likes_enabled":true,"_links":{"self":[{"href":"https:\/\/cfcontabil.com\/cf\/wp-json\/wp\/v2\/posts\/1939","targetHints":{"allow":["GET"]}}],"collection":[{"href":"https:\/\/cfcontabil.com\/cf\/wp-json\/wp\/v2\/posts"}],"about":[{"href":"https:\/\/cfcontabil.com\/cf\/wp-json\/wp\/v2\/types\/post"}],"author":[{"embeddable":true,"href":"https:\/\/cfcontabil.com\/cf\/wp-json\/wp\/v2\/users\/1"}],"replies":[{"embeddable":true,"href":"https:\/\/cfcontabil.com\/cf\/wp-json\/wp\/v2\/comments?post=1939"}],"version-history":[{"count":1,"href":"https:\/\/cfcontabil.com\/cf\/wp-json\/wp\/v2\/posts\/1939\/revisions"}],"predecessor-version":[{"id":1943,"href":"https:\/\/cfcontabil.com\/cf\/wp-json\/wp\/v2\/posts\/1939\/revisions\/1943"}],"wp:featuredmedia":[{"embeddable":true,"href":"https:\/\/cfcontabil.com\/cf\/wp-json\/wp\/v2\/media\/1941"}],"wp:attachment":[{"href":"https:\/\/cfcontabil.com\/cf\/wp-json\/wp\/v2\/media?parent=1939"}],"wp:term":[{"taxonomy":"category","embeddable":true,"href":"https:\/\/cfcontabil.com\/cf\/wp-json\/wp\/v2\/categories?post=1939"},{"taxonomy":"post_tag","embeddable":true,"href":"https:\/\/cfcontabil.com\/cf\/wp-json\/wp\/v2\/tags?post=1939"}],"curies":[{"name":"wp","href":"https:\/\/api.w.org\/{rel}","templated":true}]}}