{"id":1946,"date":"2019-11-25T11:05:06","date_gmt":"2019-11-25T14:05:06","guid":{"rendered":"http:\/\/cfcontabil.com\/cf\/?p=1946"},"modified":"2019-11-25T11:05:06","modified_gmt":"2019-11-25T14:05:06","slug":"esocial-domestico-atualizado-com-o-novo-valor-do-salario-familia","status":"publish","type":"post","link":"https:\/\/cfcontabil.com\/cf\/esocial-domestico-atualizado-com-o-novo-valor-do-salario-familia\/","title":{"rendered":"eSocial Dom\u00e9stico atualizado com o novo valor do sal\u00e1rio-fam\u00edlia"},"content":{"rendered":"<p>Emenda Constitucional 103\/2019 altera o valor do sal\u00e1rio-fam\u00edlia que passa a valer a partir de novembro de 2019.<\/p>\n<p><img data-recalc-dims=\"1\" decoding=\"async\" class=\"alignleft\" src=\"https:\/\/i0.wp.com\/portal.esocial.gov.br\/noticias\/esocial-domestico-atualizado-com-o-novo-valor-do-salario-familia\/imagemesocial.jpeg\/%40%40images\/8b4495d7-cfb4-4c56-8413-58b858fad6ff.jpeg?w=1170\" \/><\/p>\n<p>&nbsp;<\/p>\n<p>A Emenda Constitucional 103, que foi promulgada em 12 de novembro de 2019, promoveu altera\u00e7\u00e3o no valor da cota do sal\u00e1rio-fam\u00edlia que passou a ser R$ 46,54 (quarenta e seis reais e cinquenta e quatro centavos), devida aos trabalhadores \u00a0que tenham renda bruta mensal igual ou inferior a R$ 1.364,43 (mil, trezentos e sessenta e quatro reais e quarenta e tr\u00eas centavos).<\/p>\n<p>At\u00e9 outubro de 2019, compet\u00eancia anterior a da promulga\u00e7\u00e3o desta Emenda Constitucional, o valor da cota do sal\u00e1rio-fam\u00edlia paga em raz\u00e3o de cada dependente, variava de acordo com a remunera\u00e7\u00e3o do trabalhador e era dimensionada de acordo com duas faixas: para os empregados que percebiam at\u00e9 R$ 907,77 (novecentos e sete reais e setenta e sete centavos), o valor da cota do sal\u00e1rio-fam\u00edlia era de 46,54 \u00a0(quarenta e seis reais e cinquenta e quatro centavos); e para os empregados com remunera\u00e7\u00e3o superior a R$ 907,78 (novecentos e sete reais e setenta e oito centavos) e igual ou inferior a \u00a0R$ 1.364,43 (mil, trezentos e sessenta e quatro reais e quarenta e tr\u00eas centavos), o valor do sal\u00e1rio-fam\u00edlia era de R$ 32,80 (trinta e dois reais e oitenta centavos).<\/p>\n<p>Para promover a atualiza\u00e7\u00e3o do sistema \u00e0 nova norma legal, que \u00e9 aplic\u00e1vel a todos os trabalhadores com contratos de trabalho vigentes a partir de novembro de 2019, foi publicada uma nova vers\u00e3o do eSocial Dom\u00e9stico no dia 21\/11\/2019 \u00e0s 16:21:15.<\/p>\n<p>Os empregadores que ainda n\u00e3o fecharam a folha de pagamento referente ao m\u00eas de novembro\/2019 j\u00e1 o far\u00e3o na nova vers\u00e3o do sistema que j\u00e1 considera o valor atualizado do sal\u00e1rio-fam\u00edlia.<\/p>\n<p>Os empregadores que porventura j\u00e1 tenham fechado a folha de pagamento da compet\u00eancia novembro\/2019, antes da implanta\u00e7\u00e3o da nova vers\u00e3o do sistema, \u00a0para fins de ajustar-se \u00e0 nova norma legal, dever\u00e3o:<\/p>\n<p>1) reabrir a folha de pagamento;<\/p>\n<p>2) excluir a remunera\u00e7\u00e3o;<\/p>\n<p>3) fechar novamente a folha de pagamento;<\/p>\n<p>4) gerar novo documento de arrecada\u00e7\u00e3o do eSocial &#8211; DAE.<\/p>\n<p>Assim procedendo, o eSocial Dom\u00e9stico assumir\u00e1 o novo valor do sal\u00e1rio do sal\u00e1rio-fam\u00edlia automaticamente e, na reemiss\u00e3o do respectivo DAE, o montante a ser pago j\u00e1 estar\u00e1 considerando o sal\u00e1rio-fam\u00edlia atualizado.<\/p>\n","protected":false},"excerpt":{"rendered":"<p>Emenda Constitucional 103\/2019 altera o valor do sal\u00e1rio-fam\u00edlia que passa a valer a partir de novembro de 2019. &nbsp; A Emenda Constitucional 103, que foi promulgada em 12 de novembro de 2019, promoveu altera\u00e7\u00e3o no valor da cota do sal\u00e1rio-fam\u00edlia que passou a ser R$ 46,54 (quarenta e seis reais e cinquenta e quatro centavos), [&hellip;]<\/p>\n","protected":false},"author":1,"featured_media":1509,"comment_status":"open","ping_status":"open","sticky":false,"template":"","format":"standard","meta":{"jetpack_post_was_ever_published":false,"_jetpack_newsletter_access":"","_jetpack_dont_email_post_to_subs":false,"_jetpack_newsletter_tier_id":0,"_jetpack_memberships_contains_paywalled_content":false,"_jetpack_memberships_contains_paid_content":false,"footnotes":"","jetpack_publicize_message":"","jetpack_publicize_feature_enabled":true,"jetpack_social_post_already_shared":true,"jetpack_social_options":{"image_generator_settings":{"template":"highway","default_image_id":0,"font":"","enabled":false},"version":2}},"categories":[29],"tags":[215,78,290,93],"class_list":["post-1946","post","type-post","status-publish","format-standard","has-post-thumbnail","hentry","category-dp","tag-domestica","tag-esocial","tag-familia","tag-salario"],"jetpack_publicize_connections":[],"jetpack_featured_media_url":"https:\/\/i0.wp.com\/cfcontabil.com\/cf\/wp-content\/uploads\/2017\/06\/esocial-pasta-1.jpg?fit=1000%2C591&ssl=1","jetpack_sharing_enabled":true,"jetpack_shortlink":"https:\/\/wp.me\/p2wklX-vo","jetpack-related-posts":[{"id":1339,"url":"https:\/\/cfcontabil.com\/cf\/empregado-domestico-2\/","url_meta":{"origin":1946,"position":0},"title":"Empregado Dom\u00e9stico","author":"Ab\u00edlio Gon\u00e7alves","date":"10 de julho de 2018","format":false,"excerpt":"Considera\u00e7\u00f5es sobre contrato de trabalho, encargos sociais e eSocial O trabalho dom\u00e9stico \u00e9 regido pela Lei Complementar (LC) n\u00ba 150, de 1\u00ba de junho de 2015, que regulamentou os principais direitos da categoria, estabeleceu a aplica\u00e7\u00e3o subsidi\u00e1ria da Consolida\u00e7\u00e3o das Leis do Trabalho\u00a0(CLT)\u00a0e a implanta\u00e7\u00e3o do\u00a0Simples Dom\u00e9sticoconsolidado pelo M\u00f3dulo Web\u2026","rel":"","context":"Em &quot;Geral&quot;","block_context":{"text":"Geral","link":"https:\/\/cfcontabil.com\/cf\/category\/geral\/"},"img":{"alt_text":"","src":"https:\/\/i0.wp.com\/cfcontabil.com\/cf\/wp-content\/uploads\/2016\/03\/domestica-1.jpeg?fit=600%2C315&ssl=1&resize=350%2C200","width":350,"height":200,"srcset":"https:\/\/i0.wp.com\/cfcontabil.com\/cf\/wp-content\/uploads\/2016\/03\/domestica-1.jpeg?fit=600%2C315&ssl=1&resize=350%2C200 1x, https:\/\/i0.wp.com\/cfcontabil.com\/cf\/wp-content\/uploads\/2016\/03\/domestica-1.jpeg?fit=600%2C315&ssl=1&resize=525%2C300 1.5x"},"classes":[]},{"id":1317,"url":"https:\/\/cfcontabil.com\/cf\/conhece-o-esocial-domestico-nos-podemos-ajudar\/","url_meta":{"origin":1946,"position":1},"title":"Conhece o eSocial Dom\u00e9stico? N\u00f3s podemos ajudar!","author":"Ab\u00edlio Gon\u00e7alves","date":"7 de junho de 2018","format":false,"excerpt":"Ativo desde 2015, o\u00a0e-Social \u00e9 um sistema que foi desenvolvido para minimizar os problemas de pagamentos de direitos aos trabalhadores dom\u00e9sticos, de forma que eles tenham garantido o pagamento de todos os seus direitos por lei. Um sistema que permite o empregador encaminhar informa\u00e7\u00f5es trabalhistas de forma mais pr\u00e1tica para\u2026","rel":"","context":"Em &quot;Departamento Pessoal&quot;","block_context":{"text":"Departamento Pessoal","link":"https:\/\/cfcontabil.com\/cf\/category\/dp\/"},"img":{"alt_text":"","src":"https:\/\/i0.wp.com\/cfcontabil.com\/cf\/wp-content\/uploads\/2018\/06\/esocial-domestico-1.jpg?fit=600%2C450&ssl=1&resize=350%2C200","width":350,"height":200,"srcset":"https:\/\/i0.wp.com\/cfcontabil.com\/cf\/wp-content\/uploads\/2018\/06\/esocial-domestico-1.jpg?fit=600%2C450&ssl=1&resize=350%2C200 1x, https:\/\/i0.wp.com\/cfcontabil.com\/cf\/wp-content\/uploads\/2018\/06\/esocial-domestico-1.jpg?fit=600%2C450&ssl=1&resize=525%2C300 1.5x"},"classes":[]},{"id":1911,"url":"https:\/\/cfcontabil.com\/cf\/mudancas-nas-aliquotas-de-contribuicao-previdenciaria-comecarao-a-valer-em-marco-de-2020\/","url_meta":{"origin":1946,"position":2},"title":"Mudan\u00e7as nas al\u00edquotas de contribui\u00e7\u00e3o previdenci\u00e1ria come\u00e7ar\u00e3o a valer em mar\u00e7o de 2020","author":"Ab\u00edlio Gon\u00e7alves","date":"18 de novembro de 2019","format":false,"excerpt":"A\u00a0reforma da Previd\u00eancia\u00a0foi publicada no Di\u00e1rio Oficial na \u00faltima quarta-feira (dia 13) e, com isso, as novas regras de concess\u00e3o de aposentadoria e pens\u00e3o por morte j\u00e1 come\u00e7aram a valer. As\u00a0mudan\u00e7as nas al\u00edquotas de contribui\u00e7\u00e3o previdenci\u00e1ria\u00a0de servidores p\u00fablicos e segurados do Instituto Nacional do Seguro Social (INSS), por\u00e9m, s\u00f3 come\u00e7ar\u00e3o\u2026","rel":"","context":"Em &quot;Departamento Pessoal&quot;","block_context":{"text":"Departamento Pessoal","link":"https:\/\/cfcontabil.com\/cf\/category\/dp\/"},"img":{"alt_text":"","src":"https:\/\/i0.wp.com\/cfcontabil.com\/cf\/wp-content\/uploads\/2017\/01\/logo-inss-previdencia-social-1.png?fit=1000%2C604&ssl=1&resize=350%2C200","width":350,"height":200,"srcset":"https:\/\/i0.wp.com\/cfcontabil.com\/cf\/wp-content\/uploads\/2017\/01\/logo-inss-previdencia-social-1.png?fit=1000%2C604&ssl=1&resize=350%2C200 1x, https:\/\/i0.wp.com\/cfcontabil.com\/cf\/wp-content\/uploads\/2017\/01\/logo-inss-previdencia-social-1.png?fit=1000%2C604&ssl=1&resize=525%2C300 1.5x, https:\/\/i0.wp.com\/cfcontabil.com\/cf\/wp-content\/uploads\/2017\/01\/logo-inss-previdencia-social-1.png?fit=1000%2C604&ssl=1&resize=700%2C400 2x"},"classes":[]},{"id":1881,"url":"https:\/\/cfcontabil.com\/cf\/novas-funcionalidades-deixam-o-esocial-web-domestico-ainda-mais-simples\/","url_meta":{"origin":1946,"position":3},"title":"Novas funcionalidades deixam o eSocial Web Dom\u00e9stico ainda mais simples","author":"Ab\u00edlio Gon\u00e7alves","date":"12 de novembro de 2019","format":false,"excerpt":"O m\u00f3dulo web dom\u00e9stico passou por grandes mudan\u00e7as a partir desta segunda (11) Novas ferramentas amig\u00e1veis e intuitivas: assistente \"passo a passo\" para f\u00e9rias e desligamento, lan\u00e7amento autom\u00e1tico da primeira parcela do 13\u00ba, alertas na p\u00e1gina principal, reajuste salarial simplificado. Diversas mudan\u00e7as entraram em vigor nesta segunda-feira\u00a0(11). E ainda h\u00e1\u2026","rel":"","context":"Em &quot;Departamento Pessoal&quot;","block_context":{"text":"Departamento Pessoal","link":"https:\/\/cfcontabil.com\/cf\/category\/dp\/"},"img":{"alt_text":"","src":"https:\/\/i0.wp.com\/cfcontabil.com\/cf\/wp-content\/uploads\/2018\/06\/esocial-domestico-1.jpg?fit=600%2C450&ssl=1&resize=350%2C200","width":350,"height":200,"srcset":"https:\/\/i0.wp.com\/cfcontabil.com\/cf\/wp-content\/uploads\/2018\/06\/esocial-domestico-1.jpg?fit=600%2C450&ssl=1&resize=350%2C200 1x, https:\/\/i0.wp.com\/cfcontabil.com\/cf\/wp-content\/uploads\/2018\/06\/esocial-domestico-1.jpg?fit=600%2C450&ssl=1&resize=525%2C300 1.5x"},"classes":[]},{"id":2036,"url":"https:\/\/cfcontabil.com\/cf\/salario-minimo-e-de-r-1-039-em-2020\/","url_meta":{"origin":1946,"position":4},"title":"Sal\u00e1rio m\u00ednimo \u00e9 de R$ 1.039 em 2020","author":"Ab\u00edlio Gon\u00e7alves","date":"3 de janeiro de 2020","format":false,"excerpt":"O valor de R$ 1.039 s\u00e3o oito reais acima do valor aprovado pelo Congresso no or\u00e7amento, que era R$ 1.031 O presidente Jair Bolsonaro (Sem partido) assinou no dia 31 de dezembro de 2019, a Medida Provis\u00f3ria (MP) de reajuste do sal\u00e1rio m\u00ednimo. A previs\u00e3o do INPC ficou acima do\u2026","rel":"","context":"Em &quot;Departamento Pessoal&quot;","block_context":{"text":"Departamento Pessoal","link":"https:\/\/cfcontabil.com\/cf\/category\/dp\/"},"img":{"alt_text":"","src":"https:\/\/i0.wp.com\/cfcontabil.com\/cf\/wp-content\/uploads\/2019\/11\/salario.jpg?fit=703%2C436&ssl=1&resize=350%2C200","width":350,"height":200,"srcset":"https:\/\/i0.wp.com\/cfcontabil.com\/cf\/wp-content\/uploads\/2019\/11\/salario.jpg?fit=703%2C436&ssl=1&resize=350%2C200 1x, https:\/\/i0.wp.com\/cfcontabil.com\/cf\/wp-content\/uploads\/2019\/11\/salario.jpg?fit=703%2C436&ssl=1&resize=525%2C300 1.5x, https:\/\/i0.wp.com\/cfcontabil.com\/cf\/wp-content\/uploads\/2019\/11\/salario.jpg?fit=703%2C436&ssl=1&resize=700%2C400 2x"},"classes":[]},{"id":1823,"url":"https:\/\/cfcontabil.com\/cf\/veja-o-que-mudara-na-aposentadoria-apos-a-promulgacao-da-reforma-da-previdencia\/","url_meta":{"origin":1946,"position":5},"title":"Veja o que mudar\u00e1 na aposentadoria ap\u00f3s a promulga\u00e7\u00e3o da reforma da Previd\u00eancia","author":"Ab\u00edlio Gon\u00e7alves","date":"29 de outubro de 2019","format":false,"excerpt":"Proposta de emenda \u00e0 Constitui\u00e7\u00e3o da reforma da Previd\u00eancia ser\u00e1 promulgada pelo Congresso Nacional nos pr\u00f3ximos dias F\u00e1bio Rodrigues Pozzebom\/Ag\u00eancia Brasil Para quem j\u00e1 est\u00e1 no mercado de trabalho, de modo geral, valem as regras de transi\u00e7\u00e3o As principais mudan\u00e7as na regra geral s\u00e3o o aumento da idade para se\u2026","rel":"","context":"Em &quot;Departamento Pessoal&quot;","block_context":{"text":"Departamento Pessoal","link":"https:\/\/cfcontabil.com\/cf\/category\/dp\/"},"img":{"alt_text":"","src":"https:\/\/i0.wp.com\/cfcontabil.com\/cf\/wp-content\/uploads\/2017\/01\/logo-inss-previdencia-social-1.png?fit=1000%2C604&ssl=1&resize=350%2C200","width":350,"height":200,"srcset":"https:\/\/i0.wp.com\/cfcontabil.com\/cf\/wp-content\/uploads\/2017\/01\/logo-inss-previdencia-social-1.png?fit=1000%2C604&ssl=1&resize=350%2C200 1x, https:\/\/i0.wp.com\/cfcontabil.com\/cf\/wp-content\/uploads\/2017\/01\/logo-inss-previdencia-social-1.png?fit=1000%2C604&ssl=1&resize=525%2C300 1.5x, https:\/\/i0.wp.com\/cfcontabil.com\/cf\/wp-content\/uploads\/2017\/01\/logo-inss-previdencia-social-1.png?fit=1000%2C604&ssl=1&resize=700%2C400 2x"},"classes":[]}],"jetpack_likes_enabled":true,"_links":{"self":[{"href":"https:\/\/cfcontabil.com\/cf\/wp-json\/wp\/v2\/posts\/1946","targetHints":{"allow":["GET"]}}],"collection":[{"href":"https:\/\/cfcontabil.com\/cf\/wp-json\/wp\/v2\/posts"}],"about":[{"href":"https:\/\/cfcontabil.com\/cf\/wp-json\/wp\/v2\/types\/post"}],"author":[{"embeddable":true,"href":"https:\/\/cfcontabil.com\/cf\/wp-json\/wp\/v2\/users\/1"}],"replies":[{"embeddable":true,"href":"https:\/\/cfcontabil.com\/cf\/wp-json\/wp\/v2\/comments?post=1946"}],"version-history":[{"count":1,"href":"https:\/\/cfcontabil.com\/cf\/wp-json\/wp\/v2\/posts\/1946\/revisions"}],"predecessor-version":[{"id":1947,"href":"https:\/\/cfcontabil.com\/cf\/wp-json\/wp\/v2\/posts\/1946\/revisions\/1947"}],"wp:featuredmedia":[{"embeddable":true,"href":"https:\/\/cfcontabil.com\/cf\/wp-json\/wp\/v2\/media\/1509"}],"wp:attachment":[{"href":"https:\/\/cfcontabil.com\/cf\/wp-json\/wp\/v2\/media?parent=1946"}],"wp:term":[{"taxonomy":"category","embeddable":true,"href":"https:\/\/cfcontabil.com\/cf\/wp-json\/wp\/v2\/categories?post=1946"},{"taxonomy":"post_tag","embeddable":true,"href":"https:\/\/cfcontabil.com\/cf\/wp-json\/wp\/v2\/tags?post=1946"}],"curies":[{"name":"wp","href":"https:\/\/api.w.org\/{rel}","templated":true}]}}