{"id":1948,"date":"2019-11-26T08:00:03","date_gmt":"2019-11-26T11:00:03","guid":{"rendered":"http:\/\/cfcontabil.com\/cf\/?p=1948"},"modified":"2019-11-26T08:00:03","modified_gmt":"2019-11-26T11:00:03","slug":"tributar-dividendo-e-peca-fundamental-na-reforma-do-imposto-de-renda","status":"publish","type":"post","link":"https:\/\/cfcontabil.com\/cf\/tributar-dividendo-e-peca-fundamental-na-reforma-do-imposto-de-renda\/","title":{"rendered":"Tributar dividendo \u00e9 pe\u00e7a fundamental na reforma do Imposto de Renda"},"content":{"rendered":"<div class=\"c-article__group\">\n<h2 class=\"c-article__subheading\">Entre os itens que podem ser alterados no Importo de Renda est\u00e3o as dedu\u00e7\u00f5es de despesas com sa\u00fade e educa\u00e7\u00e3o<\/h2>\n<\/div>\n<div class=\"c-tools__item\"><a href=\"https:\/\/i0.wp.com\/cfcontabil.com\/cf\/wp-content\/uploads\/2016\/03\/imposto-receita-leao-1.jpg\"><img data-recalc-dims=\"1\" fetchpriority=\"high\" decoding=\"async\" data-attachment-id=\"701\" data-permalink=\"https:\/\/cfcontabil.com\/cf\/tributar-dividendo-e-peca-fundamental-na-reforma-do-imposto-de-renda\/imposto-receita-leao\/\" data-orig-file=\"https:\/\/i0.wp.com\/cfcontabil.com\/cf\/wp-content\/uploads\/2016\/03\/imposto-receita-leao-1.jpg?fit=297%2C170&amp;ssl=1\" data-orig-size=\"297,170\" data-comments-opened=\"1\" data-image-meta=\"{&quot;aperture&quot;:&quot;0&quot;,&quot;credit&quot;:&quot;&quot;,&quot;camera&quot;:&quot;&quot;,&quot;caption&quot;:&quot;&quot;,&quot;created_timestamp&quot;:&quot;0&quot;,&quot;copyright&quot;:&quot;&quot;,&quot;focal_length&quot;:&quot;0&quot;,&quot;iso&quot;:&quot;0&quot;,&quot;shutter_speed&quot;:&quot;0&quot;,&quot;title&quot;:&quot;&quot;,&quot;orientation&quot;:&quot;0&quot;}\" data-image-title=\"imposto receita leao\" data-image-description=\"\" data-image-caption=\"\" data-large-file=\"https:\/\/i0.wp.com\/cfcontabil.com\/cf\/wp-content\/uploads\/2016\/03\/imposto-receita-leao-1.jpg?fit=297%2C170&amp;ssl=1\" class=\"aligncenter size-full wp-image-701\" src=\"https:\/\/i0.wp.com\/cfcontabil.com\/cf\/wp-content\/uploads\/2016\/03\/imposto-receita-leao-1.jpg?resize=297%2C170\" alt=\"\" width=\"297\" height=\"170\" \/><\/a><\/div>\n<div>\n<p>A cobran\u00e7a de imposto sobre dividendos, hoje isentos, \u00e9 pe\u00e7a fundamental no projeto do governo federal de\u00a0<strong>aliviar a carga tribut\u00e1ria sobre empresas e tornar o Imposto de Renda<\/strong>\u00a0das pessoas f\u00edsicas mais progressivo (al\u00edquotas proporcionalmente maiores para rendas mais altas), afirma Vanessa Rahal Canado, assessora especial do ministro da Economia, Paulo Guedes.<\/p>\n<p>Secret\u00e1ria-executiva do Grupo de Trabalho para o Aperfei\u00e7oamento do Sistema Tribut\u00e1rio, a advogada coordena o desenho da reforma tribut\u00e1ria e detalhou algumas propostas em entrevista \u00e0 reportagem.<\/p>\n<blockquote class=\"c-bkqt c-bkqt--centered\">\n<div class=\"c-bkqt__meta\"><\/div>\n<div class=\"c-bkqt__text\">&#8220;A tributa\u00e7\u00e3o de dividendos \u00e9 uma pe\u00e7a fundamental da reforma, n\u00e3o s\u00f3 do ponto de vista da arrecada\u00e7\u00e3o mas como uma quest\u00e3o redistributiva&#8221;, afirma Vanessa.<\/div>\n<\/blockquote>\n<p>Entre os itens que podem ser alterados no IR est\u00e3o as dedu\u00e7\u00f5es de despesas com sa\u00fade e educa\u00e7\u00e3o.\u00a0Como isso<strong>\u00a0elevaria a carga tribut\u00e1ria dos contribuintes<\/strong>, o governo estuda al\u00edquotas menores para algumas faixas salariais.<\/p>\n<blockquote class=\"c-bkqt c-bkqt--centered\">\n<div class=\"c-bkqt__meta\"><\/div>\n<div class=\"c-bkqt__text\">&#8220;O objetivo final \u00e9 eliminar complexidades e diferen\u00e7as injustific\u00e1veis entre quem ganha a mesma renda&#8221;, diz a secret\u00e1ria-executiva.<\/div>\n<\/blockquote>\n<p>Mudan\u00e7as no Imposto de Renda da Pessoa F\u00edsica devem permitir tamb\u00e9m uma folga para a implanta\u00e7\u00e3o de outra reforma priorit\u00e1ria para o ministro Paulo Guedes: reduzir a tributa\u00e7\u00e3o\u00a0<strong>sobre a folha de sal\u00e1rios para todos os setores produtivos<\/strong>.<\/p>\n<p>O plano inicial de Guedes\u00a0<strong>era fazer essa desonera\u00e7\u00e3o ampla<\/strong>\u00a0compensando a perda de arrecada\u00e7\u00e3o com um tributo sobre movimenta\u00e7\u00e3o financeira (como a extinta CPMF). A ideia, no entanto, foi vetada pelo presidente Jair Bolsonaro.<\/p>\n<blockquote class=\"c-bkqt c-bkqt--centered\">\n<div class=\"c-bkqt__text\">O plano agora \u00e9 come\u00e7ar pelo sal\u00e1rio m\u00ednimo. Numa segunda fase, haveria o que Vanessa chama de uma &#8220;desonera\u00e7\u00e3o mais racional&#8221;, que elimine exce\u00e7\u00f5es e reduza disputas judiciais.<\/div>\n<\/blockquote>\n<p>A proposta n\u00e3o deve diferenciar setores: &#8220;A experi\u00eancia n\u00e3o foi bem-sucedida em outros governos. N\u00e3o gerou mais emprego e houve um crescimento muito grande das consultas \u00e0 Receita e contesta\u00e7\u00f5es&#8221;.<\/p>\n<p>Segundo a secret\u00e1ria-executiva,<strong>\u00a0a desonera\u00e7\u00e3o ampla deve demorar<\/strong>, porque n\u00e3o pode comprometer o financiamento da Previd\u00eancia e da seguridade social. N\u00e3o h\u00e1 prazo estimado.<\/p>\n<blockquote class=\"c-bkqt c-bkqt--centered\">\n<div class=\"c-bkqt__text\">Outra medida que poderia aliviar a carga sobre a folha das empresas \u00e9 reduzir o teto ou a base de cobran\u00e7a da al\u00edquota patronal, mas ainda n\u00e3o h\u00e1 c\u00e1lculos.\u00a0A atividade produtiva tamb\u00e9m teria seu custo reduzido com mudan\u00e7as no Imposto de Renda da Pessoa Jur\u00eddica.<\/div>\n<\/blockquote>\n<p>Nesse ponto,\u00a0<strong>o projeto \u00e9 reduzir a al\u00edquota e ampliar a base de cobran\u00e7a<\/strong>, eliminando benef\u00edcios fiscais que, segundo ela, s\u00e3o pouco eficazes e geram muito contencioso e custo de conformidade.<\/p>\n<p>Tamb\u00e9m para esse item a tributa\u00e7\u00e3o do dividendo \u00e9 crucial, afirma Vanessa: &#8220;\u00c9 imposs\u00edvel ter um sistema mais progressivo e que olhe para a capacidade contributiva com Imposto de Renda concentrado na pessoa jur\u00eddica, porque n\u00e3o se sabe quem s\u00e3o os s\u00f3cios: uma empresa com 50 s\u00f3cios pode faturar R$ 10 milh\u00f5es e uma que fatura R$ 4 milh\u00f5es pode ter 2 s\u00f3cios. O ganho das pessoas \u00e9 completamente desproporcional, mas voc\u00ea s\u00f3 est\u00e1 olhando para a empresa&#8221;.<\/p>\n<blockquote class=\"c-bkqt c-bkqt--centered\">\n<div class=\"c-bkqt__text\">Para evitar a distribui\u00e7\u00e3o disfar\u00e7ada de lucros, seriam criadas regras espec\u00edficas como limitar o valor de entrega de bens para o acionista, o resgate de capital. Al\u00e9m disso, segundo ela, as grandes empresas, que respondem pela maior parte da arrecada\u00e7\u00e3o, t\u00eam menos liberdade para tentar esses atalhos.<\/div>\n<\/blockquote>\n<p><strong>Mudan\u00e7as nas regras do Imposto de Renda e da tributa\u00e7\u00e3o da folha<\/strong>\u00a0est\u00e3o sendo desenhadas em paralelo, mas devem ser enviadas ao Congresso apenas no ano que vem, diz Vanessa.<\/p>\n<p>Neste ano,\u00a0<strong>a prioridade \u00e9 apresentar aos parlamentares a proposta de simplifica\u00e7\u00e3o do PIS\/Cofins<\/strong>, que seriam substitu\u00eddos por um IVA (imposto sobre valor agregado) federal, com al\u00edquota \u00fanica entre 11% e 12%.<\/p>\n<blockquote class=\"c-bkqt c-bkqt--centered\">\n<div class=\"c-bkqt__text\">Hoje, h\u00e1 al\u00edquotas diferentes em dois regimes distintos, um cumulativo e outro n\u00e3o cumulativo, e alguns produtos t\u00eam cobran\u00e7as diferenciadas. Al\u00e9m disso, as regras sobre como descontar o imposto pago na cadeia de produ\u00e7\u00e3o s\u00e3o variadas e subjetivas, o que provoca um n\u00famero alto de disputas judiciais.<\/div>\n<\/blockquote>\n<p>A al\u00edquota \u00fanica do IVA foi calculada para ser neutra (ou seja, n\u00e3o reduz nem aumenta a arrecada\u00e7\u00e3o obtida hoje com o PIS\/Cofins), segundo Vanessa.<\/p>\n<p>O governo espera, por\u00e9m, que a racionaliza\u00e7\u00e3o do tributo, sem cobran\u00e7a em cascata e com menos especificidades, traga mais efici\u00eancia \u00e0 economia como um todo.<strong>\u00a0A equipe ainda estuda como tratar setores socialmente mais sens\u00edveis<\/strong>, como sa\u00fade, educa\u00e7\u00e3o e transportes, que t\u00eam regras diferenciadas em alguns pa\u00edses.<\/p>\n<p>As institui\u00e7\u00f5es financeiras ter\u00e3o um regime pr\u00f3prio, porque, afirma a secret\u00e1ria, &#8220;\u00e9 tecnicamente muito dif\u00edcil medir o valor agregado&#8221; das opera\u00e7\u00f5es.\u00a0Vanessa diz que a parte mais complexa do projeto \u00e9 o desenho da transi\u00e7\u00e3o, que tem como<strong>\u00a0objetivo suavizar o impacto da mudan\u00e7a sobre alguns setores\u00a0<\/strong>\u2013a principal press\u00e3o vem dos servi\u00e7os.<\/p>\n<blockquote class=\"c-bkqt c-bkqt--centered\">\n<div class=\"c-bkqt__text\">Diferentemente da PEC 45, reforma tribut\u00e1ria que j\u00e1 est\u00e1 em tramita\u00e7\u00e3o na C\u00e2mara, a proposta do governo n\u00e3o incluiu o ISS (tributo municipal) nem o ICMS \u2013imposto estadual respons\u00e1vel pela maior parcela da carga tribut\u00e1ria do pa\u00eds e apontado como uma das principais causas de desequil\u00edbrio do sistema como um todo.<\/div>\n<\/blockquote>\n<p>O modelo adotado por Guedes \u00e9 o chamado IVA dual, em que o imposto \u00e9 implantado de forma independente pela esfera federal<strong>\u00a0e pelos outros entes federativos<\/strong>.<\/p>\n<p>A secret\u00e1ria-executiva, no entanto, diz que o IVA federal pode deixar estados e munic\u00edpios mais confort\u00e1veis para adotar\u00a0<strong>um tributo sobre consumo<\/strong>\u00a0\u2013que, no entanto, teria que ser implantado por todos, em consenso.<\/p>\n<p><strong>A reforma de execu\u00e7\u00e3o mais longa<\/strong>, segunda a secret\u00e1ria, deve ser a do IPI (Imposto sobre Produtos Industrializados), porque grande parte dos incentivos fiscais com contrapartida de longo prazo \u00e9 feita com esse tributo. \u00c9 o caso da Zona Franca de Manaus e da ind\u00fastria automobil\u00edstica.<\/p>\n<blockquote class=\"c-bkqt c-bkqt--centered\">\n<div class=\"c-bkqt__meta\"><\/div>\n<div class=\"c-bkqt__text\">&#8220;A transi\u00e7\u00e3o precisa ser muito mais longa e mais bem projetada, para permitir alternativas de atividade, recoloca\u00e7\u00e3o dos trabalhadores&#8221;, afirma Vanessa.<\/div>\n<\/blockquote>\n<p>O projeto \u00e9 transformar o IPI em imposto seletivo, cobrado apenas sobre produtos que<strong>\u00a0t\u00eam impacto negativo para a sociedade como um todo<\/strong>, como cigarros e bebidas alco\u00f3licas.<\/p>\n<p>J\u00e1 a cobran\u00e7a sobre energia poluente ou atividades com alta pegada de carbono n\u00e3o \u00e9 consenso, porque<strong>\u00a0eleva os custos de produ\u00e7\u00e3o<\/strong>.<\/p>\n<p><strong>ENTENDA AS PROPOSTAS<\/strong><\/p>\n<p><strong>PIS\/Cofins<\/strong><\/p>\n<p>Seriam substitu\u00eddos por um IVA (imposto sobre valor agregado) cobrado sobre bens e servi\u00e7os, com al\u00edquota entre 11% e 12%. O governo ainda estuda como tratar setores &#8220;socialmente sens\u00edveis&#8221;, como educa\u00e7\u00e3o, sa\u00fade e transporte, e procura um desenho de transi\u00e7\u00e3o (ainda sem prazo definido) que reduza o impacto tribut\u00e1rio do novo sistema.<\/p>\n<p><strong>Folha de sal\u00e1rios<\/strong><\/p>\n<p>Contribui\u00e7\u00e3o previdenci\u00e1ria deixaria de ser cobrada do sal\u00e1rio m\u00ednimo. Seriam eliminadas outras exce\u00e7\u00f5es, para homogeneizar a base de cobran\u00e7a. Existe a possibilidade de reduzir o teto da cobran\u00e7a, mas n\u00e3o h\u00e1 c\u00e1lculos ainda sobre isso.<\/p>\n<p><strong>Imposto de Renda da Pessoa F\u00edsica<\/strong><\/p>\n<p>Governo estuda v\u00e1rias combina\u00e7\u00f5es de mudan\u00e7as em 5 itens: 1) teto para isen\u00e7\u00e3o, 2) corre\u00e7\u00e3o da tabela, 3) cria\u00e7\u00e3o de mais uma faixa de renda, com al\u00edquota maior, 4) redu\u00e7\u00e3o das dedu\u00e7\u00f5es de despesas com sa\u00fade e educa\u00e7\u00e3o e 5) tributa\u00e7\u00e3o dos dividendos, considerada fundamental. Objetivo \u00e9 que rendas mais altas paguem al\u00edquotas maiores.<\/p>\n<p><strong>Imposto de Renda da Pessoa Jur\u00eddica<\/strong><\/p>\n<p>A ideia \u00e9 ampliar a base -eliminando benef\u00edcios fiscais- e reduzir a al\u00edquota.<\/p>\n<p><strong>IPI<\/strong><\/p>\n<p>Objetivo \u00e9 transformar em imposto seletivo, cobrado sobre produtos que podem ter impacto negativo para a sociedade, como cigarros e bebidas alco\u00f3licas. Cobran\u00e7a sobre energia n\u00e3o renov\u00e1vel ou poluentes n\u00e3o est\u00e1 descartada, mas \u00e9 improv\u00e1vel. Mudan\u00e7a deve ser de longo prazo.<\/p>\n<p><strong>ICMS e ISS<\/strong><\/p>\n<p>Governo n\u00e3o far\u00e1 proposta, mas acredita que o IVA federal possa pavimentar o caminho para mudan\u00e7as nos tributos estaduais e municipais.<\/p>\n<p><strong>Gastos tribut\u00e1rios<\/strong><\/p>\n<p>A principal mudan\u00e7a deve ser a volta da tributa\u00e7\u00e3o de produtos da cesta b\u00e1sica, compensada pela devolu\u00e7\u00e3o desse aumento para fam\u00edlias de baixa renda.<\/p>\n<p>Por: <a href=\"https:\/\/diariodonordeste.verdesmares.com.br\/editorias\/negocios\/online\/tributar-dividendo-e-peca-fundamental-na-reforma-do-imposto-de-renda-1.2178974\">Di\u00e1rio<\/a><\/p>\n<\/div>\n","protected":false},"excerpt":{"rendered":"<p>Entre os itens que podem ser alterados no Importo de Renda est\u00e3o as dedu\u00e7\u00f5es de despesas com sa\u00fade e educa\u00e7\u00e3o A cobran\u00e7a de imposto sobre dividendos, hoje isentos, \u00e9 pe\u00e7a fundamental no projeto do governo federal de\u00a0aliviar a carga tribut\u00e1ria sobre empresas e tornar o Imposto de Renda\u00a0das pessoas f\u00edsicas mais progressivo (al\u00edquotas proporcionalmente maiores [&hellip;]<\/p>\n","protected":false},"author":1,"featured_media":1937,"comment_status":"open","ping_status":"open","sticky":false,"template":"","format":"standard","meta":{"jetpack_post_was_ever_published":false,"_jetpack_newsletter_access":"","_jetpack_dont_email_post_to_subs":false,"_jetpack_newsletter_tier_id":0,"_jetpack_memberships_contains_paywalled_content":false,"_jetpack_memberships_contains_paid_content":false,"footnotes":"","jetpack_publicize_message":"","jetpack_publicize_feature_enabled":true,"jetpack_social_post_already_shared":true,"jetpack_social_options":{"image_generator_settings":{"template":"highway","default_image_id":0,"font":"","enabled":false},"version":2}},"categories":[46],"tags":[232,71,108,74,111],"class_list":["post-1948","post","type-post","status-publish","format-standard","has-post-thumbnail","hentry","category-df","tag-deducao","tag-federal","tag-imposto","tag-receita","tag-renda"],"jetpack_publicize_connections":[],"jetpack_featured_media_url":"https:\/\/i0.wp.com\/cfcontabil.com\/cf\/wp-content\/uploads\/2019\/11\/Receita-Federal.jpg?fit=1440%2C810&ssl=1","jetpack_sharing_enabled":true,"jetpack_shortlink":"https:\/\/wp.me\/p2wklX-vq","jetpack-related-posts":[{"id":1936,"url":"https:\/\/cfcontabil.com\/cf\/governo-avalia-imposto-de-renda-de-35-para-salarios-acima-de-r-39-mil\/","url_meta":{"origin":1948,"position":0},"title":"Governo avalia Imposto de Renda de 35% para sal\u00e1rios acima de R$ 39 mil","author":"Ab\u00edlio Gon\u00e7alves","date":"21 de novembro de 2019","format":false,"excerpt":"A ideia \u00e9 conseguir receitas para compensar a desonera\u00e7\u00e3o da folha de pagamentos, medida de redu\u00e7\u00e3o de custo da m\u00e3o de obra e que representaria perda de dinheiro para os cofres p\u00fablicos A equipe econ\u00f4mica avalia alterar al\u00edquotas de Imposto de Renda de pessoas f\u00edsicas e aumentar a cobran\u00e7a sobre\u2026","rel":"","context":"Em &quot;Departamento Fiscal&quot;","block_context":{"text":"Departamento Fiscal","link":"https:\/\/cfcontabil.com\/cf\/category\/df\/"},"img":{"alt_text":"","src":"https:\/\/i0.wp.com\/cfcontabil.com\/cf\/wp-content\/uploads\/2019\/11\/Receita-Federal.jpg?fit=1200%2C675&ssl=1&resize=350%2C200","width":350,"height":200,"srcset":"https:\/\/i0.wp.com\/cfcontabil.com\/cf\/wp-content\/uploads\/2019\/11\/Receita-Federal.jpg?fit=1200%2C675&ssl=1&resize=350%2C200 1x, https:\/\/i0.wp.com\/cfcontabil.com\/cf\/wp-content\/uploads\/2019\/11\/Receita-Federal.jpg?fit=1200%2C675&ssl=1&resize=525%2C300 1.5x, https:\/\/i0.wp.com\/cfcontabil.com\/cf\/wp-content\/uploads\/2019\/11\/Receita-Federal.jpg?fit=1200%2C675&ssl=1&resize=700%2C400 2x, https:\/\/i0.wp.com\/cfcontabil.com\/cf\/wp-content\/uploads\/2019\/11\/Receita-Federal.jpg?fit=1200%2C675&ssl=1&resize=1050%2C600 3x"},"classes":[]},{"id":1296,"url":"https:\/\/cfcontabil.com\/cf\/imposto-de-renda-2018-veja-13-erros-mais-comuns-na-declaracao-e-evite-cair-na-malha-fina\/","url_meta":{"origin":1948,"position":1},"title":"Imposto de Renda 2018: Veja 13 erros mais comuns na declara\u00e7\u00e3o e evite cair na malha fina","author":"Ab\u00edlio Gon\u00e7alves","date":"3 de mar\u00e7o de 2018","format":false,"excerpt":"Reportagem do G1 Esquecer de informar pens\u00e3o aliment\u00edcia, colocar cursos n\u00e3o autorizados como despesas de educa\u00e7\u00e3o para deduzir imposto e at\u00e9 erros de digita\u00e7\u00e3o s\u00e3o comuns; prazo para declarar at\u00e9 30 de abril Os motivos que levam algu\u00e9m a cair na malha fina s\u00e3o v\u00e1rios e v\u00e3o desde a omiss\u00e3o\u2026","rel":"","context":"Em &quot;Geral&quot;","block_context":{"text":"Geral","link":"https:\/\/cfcontabil.com\/cf\/category\/geral\/"},"img":{"alt_text":"","src":"https:\/\/i0.wp.com\/cfcontabil.com\/cf\/wp-content\/uploads\/2016\/04\/leao_do_imposto_de_renda-1.jpg?fit=620%2C345&ssl=1&resize=350%2C200","width":350,"height":200,"srcset":"https:\/\/i0.wp.com\/cfcontabil.com\/cf\/wp-content\/uploads\/2016\/04\/leao_do_imposto_de_renda-1.jpg?fit=620%2C345&ssl=1&resize=350%2C200 1x, https:\/\/i0.wp.com\/cfcontabil.com\/cf\/wp-content\/uploads\/2016\/04\/leao_do_imposto_de_renda-1.jpg?fit=620%2C345&ssl=1&resize=525%2C300 1.5x"},"classes":[]},{"id":654,"url":"https:\/\/cfcontabil.com\/cf\/conheca-a-historia-do-imposto-de-renda\/","url_meta":{"origin":1948,"position":2},"title":"Conhe\u00e7a a hist\u00f3ria do Imposto de Renda","author":"Ab\u00edlio Gon\u00e7alves","date":"10 de mar\u00e7o de 2016","format":false,"excerpt":"V\u00eddeo est\u00e1 dispon\u00edvel no canal da Receita Federal https:\/\/www.youtube.com\/watch?v=iT6R1atkifk Assista o\u00a0v\u00eddeo\u00a0dispon\u00edvel na TV Receita\u00a0sobre a hist\u00f3ria do Imposto de Renda. O v\u00eddeo mostra a institui\u00e7\u00e3o do tributo no mundo e no Brasil, sua import\u00e2ncia, o destino da arrecada\u00e7\u00e3o, os est\u00e1gios tecnol\u00f3gicos, o preenchimento e a entrega da declara\u00e7\u00e3o. Acredita-se que\u2026","rel":"","context":"Em &quot;Geral&quot;","block_context":{"text":"Geral","link":"https:\/\/cfcontabil.com\/cf\/category\/geral\/"},"img":{"alt_text":"","src":"https:\/\/i0.wp.com\/cfcontabil.com\/cf\/wp-content\/uploads\/2016\/03\/entrega-do-imposto-de-renda-2.jpg?fit=645%2C320&ssl=1&resize=350%2C200","width":350,"height":200,"srcset":"https:\/\/i0.wp.com\/cfcontabil.com\/cf\/wp-content\/uploads\/2016\/03\/entrega-do-imposto-de-renda-2.jpg?fit=645%2C320&ssl=1&resize=350%2C200 1x, https:\/\/i0.wp.com\/cfcontabil.com\/cf\/wp-content\/uploads\/2016\/03\/entrega-do-imposto-de-renda-2.jpg?fit=645%2C320&ssl=1&resize=525%2C300 1.5x"},"classes":[]},{"id":2117,"url":"https:\/\/cfcontabil.com\/cf\/tabela-do-irpf-sem-correcao-aumenta-o-imposto\/","url_meta":{"origin":1948,"position":3},"title":"Tabela do IRPF sem corre\u00e7\u00e3o aumenta o imposto?","author":"Ab\u00edlio Gon\u00e7alves","date":"21 de fevereiro de 2020","format":false,"excerpt":"O an\u00fancio da Receita Federal sobre o Imposto de Renda Pessoa F\u00edsica deste ano confirmou que a tabela continua sem nenhuma corre\u00e7\u00e3o, pois o \u00faltimo reajuste ocorreu no ano de 2015. https:\/\/www.youtube.com\/watch?v=M3-acy47EXQ Em quatro anos consecutivos, a tabela do Imposto de Renda das Pessoas F\u00edsicas n\u00e3o sofreu corre\u00e7\u00e3o sequer pelo\u2026","rel":"","context":"Em &quot;Departamento Fiscal&quot;","block_context":{"text":"Departamento Fiscal","link":"https:\/\/cfcontabil.com\/cf\/category\/df\/"},"img":{"alt_text":"","src":"https:\/\/i0.wp.com\/cfcontabil.com\/cf\/wp-content\/uploads\/2020\/02\/IRPF-antecipa%C3%A7%C3%A3o-restitui%C3%A7%C3%A3o-ajustado.jpeg?fit=1200%2C675&ssl=1&resize=350%2C200","width":350,"height":200,"srcset":"https:\/\/i0.wp.com\/cfcontabil.com\/cf\/wp-content\/uploads\/2020\/02\/IRPF-antecipa%C3%A7%C3%A3o-restitui%C3%A7%C3%A3o-ajustado.jpeg?fit=1200%2C675&ssl=1&resize=350%2C200 1x, https:\/\/i0.wp.com\/cfcontabil.com\/cf\/wp-content\/uploads\/2020\/02\/IRPF-antecipa%C3%A7%C3%A3o-restitui%C3%A7%C3%A3o-ajustado.jpeg?fit=1200%2C675&ssl=1&resize=525%2C300 1.5x, https:\/\/i0.wp.com\/cfcontabil.com\/cf\/wp-content\/uploads\/2020\/02\/IRPF-antecipa%C3%A7%C3%A3o-restitui%C3%A7%C3%A3o-ajustado.jpeg?fit=1200%2C675&ssl=1&resize=700%2C400 2x, https:\/\/i0.wp.com\/cfcontabil.com\/cf\/wp-content\/uploads\/2020\/02\/IRPF-antecipa%C3%A7%C3%A3o-restitui%C3%A7%C3%A3o-ajustado.jpeg?fit=1200%2C675&ssl=1&resize=1050%2C600 3x"},"classes":[]},{"id":1050,"url":"https:\/\/cfcontabil.com\/cf\/imposto-de-renda-2017-mei-como-declarar-os-rendimentos\/","url_meta":{"origin":1948,"position":4},"title":"Imposto de Renda 2017: MEI, como declarar os rendimentos?","author":"Ab\u00edlio Gon\u00e7alves","date":"11 de mar\u00e7o de 2017","format":false,"excerpt":"Com o in\u00edcio do per\u00edodo de entrega do do Imposto de Renda de 2017 - de 2 de mar\u00e7o a 28 de abril -, d\u00favidas come\u00e7am a surgir sobre o processo de declara\u00e7\u00e3o. Atrav\u00e9s do servi\u00e7o tira-d\u00favidas lan\u00e7ado por O GLOBO e Extra, leitores enviaram perguntas sobre como deve ser\u2026","rel":"","context":"Em &quot;Departamento Fiscal&quot;","block_context":{"text":"Departamento Fiscal","link":"https:\/\/cfcontabil.com\/cf\/category\/df\/"},"img":{"alt_text":"","src":"https:\/\/i0.wp.com\/cfcontabil.com\/cf\/wp-content\/uploads\/2017\/02\/irpfrfb-1.jpg?fit=640%2C340&ssl=1&resize=350%2C200","width":350,"height":200,"srcset":"https:\/\/i0.wp.com\/cfcontabil.com\/cf\/wp-content\/uploads\/2017\/02\/irpfrfb-1.jpg?fit=640%2C340&ssl=1&resize=350%2C200 1x, https:\/\/i0.wp.com\/cfcontabil.com\/cf\/wp-content\/uploads\/2017\/02\/irpfrfb-1.jpg?fit=640%2C340&ssl=1&resize=525%2C300 1.5x"},"classes":[]},{"id":1250,"url":"https:\/\/cfcontabil.com\/cf\/ccj-aprova-deducao-no-imposto-de-renda-de-doacoes-para-escolas\/","url_meta":{"origin":1948,"position":5},"title":"CCJ aprova dedu\u00e7\u00e3o no imposto de renda de doa\u00e7\u00f5es para escolas","author":"Ab\u00edlio Gon\u00e7alves","date":"7 de julho de 2017","format":false,"excerpt":"A Comiss\u00e3o de Constitui\u00e7\u00e3o, Justi\u00e7a e Cidadania (CCJ) aprovou o projeto de lei (PLS 198\/2013) que cria o Programa Nacional de Incentivo \u00e0 Educa\u00e7\u00e3o Escolar B\u00e1sica Gratuita (Pronie). O objetivo da proposta \u00e9 autorizar cidad\u00e3os e empresas a deduzirem no imposto de renda doa\u00e7\u00f5es feitas para escolas da educa\u00e7\u00e3o infantil\u2026","rel":"","context":"Em &quot;Geral&quot;","block_context":{"text":"Geral","link":"https:\/\/cfcontabil.com\/cf\/category\/geral\/"},"img":{"alt_text":"","src":"https:\/\/i0.wp.com\/cfcontabil.com\/cf\/wp-content\/uploads\/2016\/04\/imposto_de_renda_declaracao-1.jpg?fit=570%2C399&ssl=1&resize=350%2C200","width":350,"height":200,"srcset":"https:\/\/i0.wp.com\/cfcontabil.com\/cf\/wp-content\/uploads\/2016\/04\/imposto_de_renda_declaracao-1.jpg?fit=570%2C399&ssl=1&resize=350%2C200 1x, https:\/\/i0.wp.com\/cfcontabil.com\/cf\/wp-content\/uploads\/2016\/04\/imposto_de_renda_declaracao-1.jpg?fit=570%2C399&ssl=1&resize=525%2C300 1.5x"},"classes":[]}],"jetpack_likes_enabled":true,"_links":{"self":[{"href":"https:\/\/cfcontabil.com\/cf\/wp-json\/wp\/v2\/posts\/1948","targetHints":{"allow":["GET"]}}],"collection":[{"href":"https:\/\/cfcontabil.com\/cf\/wp-json\/wp\/v2\/posts"}],"about":[{"href":"https:\/\/cfcontabil.com\/cf\/wp-json\/wp\/v2\/types\/post"}],"author":[{"embeddable":true,"href":"https:\/\/cfcontabil.com\/cf\/wp-json\/wp\/v2\/users\/1"}],"replies":[{"embeddable":true,"href":"https:\/\/cfcontabil.com\/cf\/wp-json\/wp\/v2\/comments?post=1948"}],"version-history":[{"count":1,"href":"https:\/\/cfcontabil.com\/cf\/wp-json\/wp\/v2\/posts\/1948\/revisions"}],"predecessor-version":[{"id":1949,"href":"https:\/\/cfcontabil.com\/cf\/wp-json\/wp\/v2\/posts\/1948\/revisions\/1949"}],"wp:featuredmedia":[{"embeddable":true,"href":"https:\/\/cfcontabil.com\/cf\/wp-json\/wp\/v2\/media\/1937"}],"wp:attachment":[{"href":"https:\/\/cfcontabil.com\/cf\/wp-json\/wp\/v2\/media?parent=1948"}],"wp:term":[{"taxonomy":"category","embeddable":true,"href":"https:\/\/cfcontabil.com\/cf\/wp-json\/wp\/v2\/categories?post=1948"},{"taxonomy":"post_tag","embeddable":true,"href":"https:\/\/cfcontabil.com\/cf\/wp-json\/wp\/v2\/tags?post=1948"}],"curies":[{"name":"wp","href":"https:\/\/api.w.org\/{rel}","templated":true}]}}