{"id":1958,"date":"2019-11-28T10:53:51","date_gmt":"2019-11-28T13:53:51","guid":{"rendered":"http:\/\/cfcontabil.com\/cf\/?p=1958"},"modified":"2019-11-28T10:53:51","modified_gmt":"2019-11-28T13:53:51","slug":"esocial-contabiliza-mais-de-39-milhoes-de-trabalhadores-cadastrados","status":"publish","type":"post","link":"https:\/\/cfcontabil.com\/cf\/esocial-contabiliza-mais-de-39-milhoes-de-trabalhadores-cadastrados\/","title":{"rendered":"eSocial contabiliza mais de 39 milh\u00f5es de trabalhadores cadastrados"},"content":{"rendered":"<p>At\u00e9 julho, \u00faltimo m\u00eas que foi feita a contabilidade oficial, 39.236.553 milh\u00f5es de trabalhadores estavam integrados \u00e0 base do eSocial. O n\u00famero representa a quantidade de empregados de empresas (inclusive empregador pessoa f\u00edsica, como produtores rurais e profissionais liberais), empregados dom\u00e9sticos e demais trabalhadores sem v\u00ednculo de emprego (estagi\u00e1rios, bolsistas, contadores, s\u00f3cios, etc.).<\/p>\n<p>Ainda n\u00e3o est\u00e3o no sistema os trabalhadores vinculados a \u00f3rg\u00e3os p\u00fablicos e entidades internacionais, como embaixadas, cuja obrigatoriedade, segundo o calend\u00e1rio oficial, foi adiada para o pr\u00f3ximo ano. Segundo dados oficiais do minist\u00e9rio da Economia, a ades\u00e3o est\u00e1 dentro das expectativa do governo, e &#8216;<br \/>\nreflete os esfor\u00e7os das empresas para a ades\u00e3o ao eSocial, que servir\u00e1 para substituir diversas obriga\u00e7\u00f5es dos empregadores.&#8217;<\/p>\n<p>No Grupo 1, Empresas com faturamento anual superior a R$ 78 milh\u00f5es, houve a ades\u00e3o at\u00e9 agora de 13.078 companhias. No Grupo 2, Entidades empresariais com faturamento no ano de 2016 de at\u00e9 R$ 78 milh\u00f5es e que n\u00e3o sejam optantes pelo Simples Nacional, a ades\u00e3o ficou em 1.155.364 milh\u00e3o de empresas. No Grupo 3,<br \/>\nempregadores optantes pelo Simples Nacional, empregadores pessoa f\u00edsica (exceto dom\u00e9stico), produtor rural PF e entidades sem fins lucrativos, est\u00e3o cadastrados no regime 3.104.844 milh\u00f5es de empresas.<\/p>\n<p>Os dados mostram que 1.465.480 milh\u00e3o de empregadores dom\u00e9sticos se cadastraram ao eSocial, o que totaliza o n\u00famero de 5.738.766 milh\u00f5es de empregadores no regime. Segundo o eSocial, o grupo 1 re\u00fane 11.742.710 milh\u00f5es de trabalhadores. O grupo 2, 11.305.264 milh\u00f5es. O grupo 3, 14.636.866 milh\u00f5es de trabalhadores. Os empregados dom\u00e9sticos ficam em 1.551.713 milh\u00e3o, o que permite chegar ao total de 39.236.553 milh\u00f5es de trabalhadores na base do eSocial.<\/p>\n<p>At\u00e9 que seja publicado o novo leiaute simplificado em substitui\u00e7\u00e3o ao leiaute atual do eSocial, conforme estabelecido pela Lei n\u00ba 13.874\/19, os empregadores dever\u00e3o seguir prestando as informa\u00e7\u00f5es ao sistema, de acordo com o calend\u00e1rio de obrigatoriedade dos grupos. Os empregadores obrigados ao eSocial que n\u00e3o prestaram as informa\u00e7\u00f5es referentes \u00e0s admiss\u00f5es e cadastramentos dos trabalhadores, bem como aos eventos n\u00e3o peri\u00f3dicos, devem faz\u00ea-lo logo, uma vez que o prazo j\u00e1 se esgotou. Os dados dos trabalhadores alimentar\u00e3o a nova CTPS Digital, prevista na mesma lei.<\/p>\n","protected":false},"excerpt":{"rendered":"<p>At\u00e9 julho, \u00faltimo m\u00eas que foi feita a contabilidade oficial, 39.236.553 milh\u00f5es de trabalhadores estavam integrados \u00e0 base do eSocial. O n\u00famero representa a quantidade de empregados de empresas (inclusive empregador pessoa f\u00edsica, como produtores rurais e profissionais liberais), empregados dom\u00e9sticos e demais trabalhadores sem v\u00ednculo de emprego (estagi\u00e1rios, bolsistas, contadores, s\u00f3cios, etc.). Ainda n\u00e3o [&hellip;]<\/p>\n","protected":false},"author":1,"featured_media":1387,"comment_status":"open","ping_status":"open","sticky":false,"template":"","format":"standard","meta":{"jetpack_post_was_ever_published":false,"_jetpack_newsletter_access":"","_jetpack_dont_email_post_to_subs":false,"_jetpack_newsletter_tier_id":0,"_jetpack_memberships_contains_paywalled_content":false,"_jetpack_memberships_contains_paid_content":false,"footnotes":"","jetpack_publicize_message":"","jetpack_publicize_feature_enabled":true,"jetpack_social_post_already_shared":true,"jetpack_social_options":{"image_generator_settings":{"template":"highway","default_image_id":0,"font":"","enabled":false},"version":2}},"categories":[29],"tags":[193,78,165],"class_list":["post-1958","post","type-post","status-publish","format-standard","has-post-thumbnail","hentry","category-dp","tag-empregador","tag-esocial","tag-trabalhador"],"jetpack_publicize_connections":[],"jetpack_featured_media_url":"https:\/\/i0.wp.com\/cfcontabil.com\/cf\/wp-content\/uploads\/2018\/09\/esocial-1-810x456-1.jpg?fit=810%2C456&ssl=1","jetpack_sharing_enabled":true,"jetpack_shortlink":"https:\/\/wp.me\/p2wklX-vA","jetpack-related-posts":[{"id":2027,"url":"https:\/\/cfcontabil.com\/cf\/medias-empresas-concluem-migracao-para-esocial\/","url_meta":{"origin":1958,"position":0},"title":"M\u00e9dias empresas concluem migra\u00e7\u00e3o para eSocial","author":"Ab\u00edlio Gon\u00e7alves","date":"2 de janeiro de 2020","format":false,"excerpt":"Dados de seguran\u00e7a do trabalhador passam a ser inseridos no sistema Sistema informatizado de presta\u00e7\u00e3o de informa\u00e7\u00f5es de empresas e trabalhadores, o\u00a0eSocial\u00a0torna-se completamente obrigat\u00f3rio para os m\u00e9dios empregadores a partir de\u00a0hoje\u00a0(2). Cerca de 1,24 milh\u00e3o de m\u00e9dias empresas, que faturam at\u00e9 R$ 78 milh\u00f5es por ano, dever\u00e3o inserir os dados\u2026","rel":"","context":"Em &quot;Departamento Pessoal&quot;","block_context":{"text":"Departamento Pessoal","link":"https:\/\/cfcontabil.com\/cf\/category\/dp\/"},"img":{"alt_text":"","src":"https:\/\/i0.wp.com\/cfcontabil.com\/cf\/wp-content\/uploads\/2017\/06\/esocial-462x234-1.png?fit=462%2C234&ssl=1&resize=350%2C200","width":350,"height":200},"classes":[]},{"id":1343,"url":"https:\/\/cfcontabil.com\/cf\/esocial-passa-a-valer-para-todas-as-empresas-do-pais-a-partir-de-16-de-julho\/","url_meta":{"origin":1958,"position":1},"title":"ESocial Passa a Valer Para Todas as Empresas do Pa\u00eds a Partir de 16 de Julho","author":"Ab\u00edlio Gon\u00e7alves","date":"14 de julho de 2018","format":false,"excerpt":"A partir do dia 16 de julho, todas as empresas privadas do pa\u00eds, incluindo micro e pequenas empresas e microempreendedores individuais\u00a0(MEIs)\u00a0que possuam empregados, dever\u00e3o utilizar o Sistema de Escritura\u00e7\u00e3o Digital das Obriga\u00e7\u00f5es Fiscais, Previdenci\u00e1rias e Trabalhistas\u00a0(eSocial)\u00a0. Esse grupo representa 4 milh\u00f5es de empregadores e cerca de 30 milh\u00f5es de trabalhadores.\u2026","rel":"","context":"Em &quot;Departamento Pessoal&quot;","block_context":{"text":"Departamento Pessoal","link":"https:\/\/cfcontabil.com\/cf\/category\/dp\/"},"img":{"alt_text":"","src":"https:\/\/i0.wp.com\/cfcontabil.com\/cf\/wp-content\/uploads\/2018\/07\/Cronograma_de_implanta%C3%A7%C3%A3o_do_eSocial-1.png?fit=1024%2C768&ssl=1&resize=350%2C200","width":350,"height":200,"srcset":"https:\/\/i0.wp.com\/cfcontabil.com\/cf\/wp-content\/uploads\/2018\/07\/Cronograma_de_implanta%C3%A7%C3%A3o_do_eSocial-1.png?fit=1024%2C768&ssl=1&resize=350%2C200 1x, https:\/\/i0.wp.com\/cfcontabil.com\/cf\/wp-content\/uploads\/2018\/07\/Cronograma_de_implanta%C3%A7%C3%A3o_do_eSocial-1.png?fit=1024%2C768&ssl=1&resize=525%2C300 1.5x, https:\/\/i0.wp.com\/cfcontabil.com\/cf\/wp-content\/uploads\/2018\/07\/Cronograma_de_implanta%C3%A7%C3%A3o_do_eSocial-1.png?fit=1024%2C768&ssl=1&resize=700%2C400 2x"},"classes":[]},{"id":1386,"url":"https:\/\/cfcontabil.com\/cf\/prorrogada-inicio-da-segunda-fase-de-implantacao-empresas-com-faturamento-de-ate-r78-milhoes\/","url_meta":{"origin":1958,"position":2},"title":"Prorrogada in\u00edcio da segunda fase de implanta\u00e7\u00e3o &#8211; empresas com faturamento de at\u00e9 R$78 milh\u00f5es","author":"Ab\u00edlio Gon\u00e7alves","date":"3 de setembro de 2018","format":false,"excerpt":"Primeira fase, que terminaria em agosto, ser\u00e1 estendida at\u00e9 setembro. Segunda fase iniciar\u00e1 em 10 de outubro.\u00a0 Ap\u00f3s ouvir as empresas com faturamento inferior a R$78 milh\u00f5es, o eSocial ampliou o prazo da primeira fase de implanta\u00e7\u00e3o do programa para este grupo, que terminaria neste m\u00eas de agosto. Nesta etapa,\u2026","rel":"","context":"Em &quot;Departamento Pessoal&quot;","block_context":{"text":"Departamento Pessoal","link":"https:\/\/cfcontabil.com\/cf\/category\/dp\/"},"img":{"alt_text":"","src":"https:\/\/i0.wp.com\/cfcontabil.com\/cf\/wp-content\/uploads\/2018\/09\/esocial-1-810x456-1.jpg?fit=810%2C456&ssl=1&resize=350%2C200","width":350,"height":200,"srcset":"https:\/\/i0.wp.com\/cfcontabil.com\/cf\/wp-content\/uploads\/2018\/09\/esocial-1-810x456-1.jpg?fit=810%2C456&ssl=1&resize=350%2C200 1x, https:\/\/i0.wp.com\/cfcontabil.com\/cf\/wp-content\/uploads\/2018\/09\/esocial-1-810x456-1.jpg?fit=810%2C456&ssl=1&resize=525%2C300 1.5x, https:\/\/i0.wp.com\/cfcontabil.com\/cf\/wp-content\/uploads\/2018\/09\/esocial-1-810x456-1.jpg?fit=810%2C456&ssl=1&resize=700%2C400 2x"},"classes":[]},{"id":2651,"url":"https:\/\/cfcontabil.com\/cf\/esocial-apresenta-novo-layout-mais-acessivel-e-simplificado\/","url_meta":{"origin":1958,"position":3},"title":"eSocial apresenta novo layout mais acess\u00edvel e simplificado","author":"Ab\u00edlio Gon\u00e7alves","date":"23 de agosto de 2021","format":false,"excerpt":"Atualiza\u00e7\u00e3o no sistema traz novidades que beneficiam e agilizam o envio de informa\u00e7\u00f5es pelos usu\u00e1rios. Anova vers\u00e3o do eSocial j\u00e1 foi implementada e traz novidades, dentre elas, atualiza\u00e7\u00f5es nas solu\u00e7\u00f5es web e no aplicativo mobile. Nesta nova vers\u00e3o, o sistema foi programado para simplificar o envio de informa\u00e7\u00f5es pelos empregadores,\u2026","rel":"","context":"Em &quot;Departamento Pessoal&quot;","block_context":{"text":"Departamento Pessoal","link":"https:\/\/cfcontabil.com\/cf\/category\/dp\/"},"img":{"alt_text":"","src":"https:\/\/i0.wp.com\/cfcontabil.com\/cf\/wp-content\/uploads\/2018\/10\/esocial-24-09-2-750x430-1.jpg?fit=750%2C430&ssl=1&resize=350%2C200","width":350,"height":200,"srcset":"https:\/\/i0.wp.com\/cfcontabil.com\/cf\/wp-content\/uploads\/2018\/10\/esocial-24-09-2-750x430-1.jpg?fit=750%2C430&ssl=1&resize=350%2C200 1x, https:\/\/i0.wp.com\/cfcontabil.com\/cf\/wp-content\/uploads\/2018\/10\/esocial-24-09-2-750x430-1.jpg?fit=750%2C430&ssl=1&resize=525%2C300 1.5x, https:\/\/i0.wp.com\/cfcontabil.com\/cf\/wp-content\/uploads\/2018\/10\/esocial-24-09-2-750x430-1.jpg?fit=750%2C430&ssl=1&resize=700%2C400 2x"},"classes":[]},{"id":1178,"url":"https:\/\/cfcontabil.com\/cf\/veja-as-obrigacoes-trabalhistas-a-serem-extintas-com-o-esocial\/","url_meta":{"origin":1958,"position":4},"title":"Veja as obriga\u00e7\u00f5es trabalhistas a serem extintas com o eSocial","author":"Ab\u00edlio Gon\u00e7alves","date":"13 de junho de 2017","format":false,"excerpt":"Com a implementa\u00e7\u00e3o, a transmiss\u00e3o das informa\u00e7\u00f5es ser\u00e1 feita de forma \u00fanica e centralizada Atualmente as informa\u00e7\u00f5es geradas pelos Departamentos Pessoais das empresas s\u00e3o transmitidas a diversos \u00f3rg\u00e3os diferentes, como a Caixa Econ\u00f4mica Federal (CEF), Instituto Nacional do Seguro Social (INSS), o Minist\u00e9rio da Previd\u00eancia (MPS), o Minist\u00e9rio do Trabalho\u2026","rel":"","context":"Em &quot;Departamento Pessoal&quot;","block_context":{"text":"Departamento Pessoal","link":"https:\/\/cfcontabil.com\/cf\/category\/dp\/"},"img":{"alt_text":"","src":"https:\/\/i0.wp.com\/cfcontabil.com\/cf\/wp-content\/uploads\/2016\/03\/E-social-1-1.jpg?fit=660%2C271&ssl=1&resize=350%2C200","width":350,"height":200,"srcset":"https:\/\/i0.wp.com\/cfcontabil.com\/cf\/wp-content\/uploads\/2016\/03\/E-social-1-1.jpg?fit=660%2C271&ssl=1&resize=350%2C200 1x, https:\/\/i0.wp.com\/cfcontabil.com\/cf\/wp-content\/uploads\/2016\/03\/E-social-1-1.jpg?fit=660%2C271&ssl=1&resize=525%2C300 1.5x"},"classes":[]},{"id":1374,"url":"https:\/\/cfcontabil.com\/cf\/receita-federal-intensifica-esclarecimentos-sobre-esocial\/","url_meta":{"origin":1958,"position":5},"title":"Receita Federal intensifica esclarecimentos sobre eSocial","author":"Ab\u00edlio Gon\u00e7alves","date":"30 de agosto de 2018","format":false,"excerpt":"Servi\u00e7o gratuito funciona de segunda \u00e0 sexta-feira, das 7h \u00e0s 19h Com objetivo de intensificar informa\u00e7\u00f5es e esclarecer d\u00favidas sobre o funcionamento do Sistema de Escritura\u00e7\u00e3o Digital das Obriga\u00e7\u00f5es Fiscais, Previd\u00eanci\u00e1rias e Trabalhistas (eSocial), a Receita Federal disponibilizou mais uma ferramenta de comunica\u00e7\u00e3o, o servi\u00e7o de 0800. O canal aceitar\u00e1\u2026","rel":"","context":"Em &quot;Departamento Pessoal&quot;","block_context":{"text":"Departamento Pessoal","link":"https:\/\/cfcontabil.com\/cf\/category\/dp\/"},"img":{"alt_text":"","src":"https:\/\/i0.wp.com\/cfcontabil.com\/cf\/wp-content\/uploads\/2017\/02\/receita-federal-1-1.png?fit=702%2C325&ssl=1&resize=350%2C200","width":350,"height":200,"srcset":"https:\/\/i0.wp.com\/cfcontabil.com\/cf\/wp-content\/uploads\/2017\/02\/receita-federal-1-1.png?fit=702%2C325&ssl=1&resize=350%2C200 1x, https:\/\/i0.wp.com\/cfcontabil.com\/cf\/wp-content\/uploads\/2017\/02\/receita-federal-1-1.png?fit=702%2C325&ssl=1&resize=525%2C300 1.5x, https:\/\/i0.wp.com\/cfcontabil.com\/cf\/wp-content\/uploads\/2017\/02\/receita-federal-1-1.png?fit=702%2C325&ssl=1&resize=700%2C400 2x"},"classes":[]}],"jetpack_likes_enabled":true,"_links":{"self":[{"href":"https:\/\/cfcontabil.com\/cf\/wp-json\/wp\/v2\/posts\/1958","targetHints":{"allow":["GET"]}}],"collection":[{"href":"https:\/\/cfcontabil.com\/cf\/wp-json\/wp\/v2\/posts"}],"about":[{"href":"https:\/\/cfcontabil.com\/cf\/wp-json\/wp\/v2\/types\/post"}],"author":[{"embeddable":true,"href":"https:\/\/cfcontabil.com\/cf\/wp-json\/wp\/v2\/users\/1"}],"replies":[{"embeddable":true,"href":"https:\/\/cfcontabil.com\/cf\/wp-json\/wp\/v2\/comments?post=1958"}],"version-history":[{"count":1,"href":"https:\/\/cfcontabil.com\/cf\/wp-json\/wp\/v2\/posts\/1958\/revisions"}],"predecessor-version":[{"id":1959,"href":"https:\/\/cfcontabil.com\/cf\/wp-json\/wp\/v2\/posts\/1958\/revisions\/1959"}],"wp:featuredmedia":[{"embeddable":true,"href":"https:\/\/cfcontabil.com\/cf\/wp-json\/wp\/v2\/media\/1387"}],"wp:attachment":[{"href":"https:\/\/cfcontabil.com\/cf\/wp-json\/wp\/v2\/media?parent=1958"}],"wp:term":[{"taxonomy":"category","embeddable":true,"href":"https:\/\/cfcontabil.com\/cf\/wp-json\/wp\/v2\/categories?post=1958"},{"taxonomy":"post_tag","embeddable":true,"href":"https:\/\/cfcontabil.com\/cf\/wp-json\/wp\/v2\/tags?post=1958"}],"curies":[{"name":"wp","href":"https:\/\/api.w.org\/{rel}","templated":true}]}}