{"id":2027,"date":"2020-01-02T15:12:57","date_gmt":"2020-01-02T18:12:57","guid":{"rendered":"http:\/\/cfcontabil.com\/cf\/?p=2027"},"modified":"2020-01-02T15:59:37","modified_gmt":"2020-01-02T18:59:37","slug":"medias-empresas-concluem-migracao-para-esocial","status":"publish","type":"post","link":"https:\/\/cfcontabil.com\/cf\/medias-empresas-concluem-migracao-para-esocial\/","title":{"rendered":"M\u00e9dias empresas concluem migra\u00e7\u00e3o para eSocial"},"content":{"rendered":"<h3>Dados de seguran\u00e7a do trabalhador passam a ser inseridos no sistema<\/h3>\n<p><img data-recalc-dims=\"1\" decoding=\"async\" src=\"https:\/\/i0.wp.com\/imagens.ebc.com.br\/UA0ageUJ6-kgMeIuSLKXadSKOds%3D\/1140x760\/smart\/http%3A\/\/agenciabrasil.ebc.com.br\/sites\/default\/files\/atoms\/image\/993313-df_08012016dsc_4252a-.jpg?w=1170\" alt=\"Bras\u00edlia - Recolhimento de impostos na contrata\u00e7\u00e3o dos empregados dom\u00e9sticos pelo eSocial come\u00e7ou em novembro de 2015.  Patr\u00f5es reclamaram da emiss\u00e3o das guias, devido a problemas no site (Marcelo Camargo\/Ag\u00eancia Brasil)\"><\/p>\n<p>Sistema informatizado de presta\u00e7\u00e3o de informa\u00e7\u00f5es de empresas e trabalhadores, o<a href=\"https:\/\/portal.esocial.gov.br\/\" target=\"_blank\" rel=\"noopener noreferrer\">&nbsp;eSocial<\/a>&nbsp;torna-se completamente obrigat\u00f3rio para os m\u00e9dios empregadores a partir de&nbsp;<span id=\"OBJ_PREFIX_DWT1941_com_zimbra_date\" role=\"link\">hoje<\/span>&nbsp;(2). Cerca de 1,24 milh\u00e3o de m\u00e9dias empresas, que faturam at\u00e9 R$ 78 milh\u00f5es por ano, dever\u00e3o inserir os dados de sa\u00fade e de seguran\u00e7a de 21 milh\u00f5es de trabalhadores na ferramenta.<\/p>\n<p>Essa era a \u00faltima etapa que faltava para as m\u00e9dias empresas conclu\u00edrem a migra\u00e7\u00e3o para o eSocial, que reduz a burocracia e elimina a manuten\u00e7\u00e3o de arquivos em papel. Tamb\u00e9m&nbsp;<span id=\"OBJ_PREFIX_DWT1942_com_zimbra_date\" role=\"link\">hoje<\/span>, os \u00f3rg\u00e3os p\u00fablicos e os organismos internacionais come\u00e7ar\u00e3o a transi\u00e7\u00e3o para o eSocial, com o cadastro dos dados dos empregadores e das tabelas no sistema.<\/p>\n<p>O empregador que n\u00e3o cumprir os prazos estipulados para a ades\u00e3o ao eSocial estar\u00e1 sujeito a puni\u00e7\u00f5es previstas na legisla\u00e7\u00e3o. O desrespeito ao cronograma poder\u00e1 prejudicar os trabalhadores, que&nbsp;<span id=\"OBJ_PREFIX_DWT1943_com_zimbra_date\" role=\"link\">ter<\/span>\u00e3o dificuldade para receber benef\u00edcios sociais e trabalhistas, caso o empregador n\u00e3o preste as informa\u00e7\u00f5es nas datas corretas.<\/p>\n<p>Administrado pela Receita Federal, o eSocial elimina 15 informa\u00e7\u00f5es peri\u00f3dicas que os empregadores eram obrigados a fornecer ao governo. Adotado para empregadores&nbsp;<span id=\"OBJ_PREFIX_DWT1944_com_zimbra_date\" role=\"link\">dom<\/span>\u00e9sticos em 2015, o eSocial est\u00e1 sendo expandido gradualmente para todas as empresas e organiza\u00e7\u00f5es at\u00e9 janeiro de 2021.<\/p>\n<p>A ades\u00e3o das grandes empresas foi conclu\u00edda em agosto do ano passado, quando as contribui\u00e7\u00f5es para a Previd\u00eancia Social e o recolhimento do Fundo de Garantia do Tempo de Servi\u00e7o passaram a ser feitos pelo sistema. As micro e pequenas empresas optantes do Simples Nacional, os produtores rurais, os empregadores pessoas f\u00edsicas e as entidades sem fins lucrativos concluir\u00e3o a migra\u00e7\u00e3o para o eSocial em julho deste ano.<\/p>\n<p>Fonte: http:\/\/agenciabrasil.ebc.com.br\/economia\/noticia\/2019-12\/medias-empresas-concluem-migracao-para-esocial<\/p>\n","protected":false},"excerpt":{"rendered":"<p>Dados de seguran\u00e7a do trabalhador passam a ser inseridos no sistema Sistema informatizado de presta\u00e7\u00e3o de informa\u00e7\u00f5es de empresas e trabalhadores, o&nbsp;eSocial&nbsp;torna-se completamente obrigat\u00f3rio para os m\u00e9dios empregadores a partir de&nbsp;hoje&nbsp;(2). Cerca de 1,24 milh\u00e3o de m\u00e9dias empresas, que faturam at\u00e9 R$ 78 milh\u00f5es por ano, dever\u00e3o inserir os dados de sa\u00fade e de seguran\u00e7a [&hellip;]<\/p>\n","protected":false},"author":1,"featured_media":1508,"comment_status":"open","ping_status":"open","sticky":false,"template":"","format":"standard","meta":{"jetpack_post_was_ever_published":false,"_jetpack_newsletter_access":"","_jetpack_dont_email_post_to_subs":false,"_jetpack_newsletter_tier_id":0,"_jetpack_memberships_contains_paywalled_content":false,"_jetpack_memberships_contains_paid_content":false,"footnotes":"","jetpack_publicize_message":"","jetpack_publicize_feature_enabled":true,"jetpack_social_post_already_shared":true,"jetpack_social_options":{"image_generator_settings":{"template":"highway","default_image_id":0,"font":"","enabled":false},"version":2}},"categories":[29],"tags":[47,78,71,736,74],"class_list":["post-2027","post","type-post","status-publish","format-standard","has-post-thumbnail","hentry","category-dp","tag-empresas","tag-esocial","tag-federal","tag-medias","tag-receita"],"jetpack_publicize_connections":[],"jetpack_featured_media_url":"https:\/\/i0.wp.com\/cfcontabil.com\/cf\/wp-content\/uploads\/2017\/06\/esocial-462x234-1.png?fit=462%2C234&ssl=1","jetpack_sharing_enabled":true,"jetpack_shortlink":"https:\/\/wp.me\/p2wklX-wH","jetpack-related-posts":[{"id":670,"url":"https:\/\/cfcontabil.com\/cf\/com-esocial-a-fiscalizacao-vai-crescer\/","url_meta":{"origin":2027,"position":0},"title":"Com eSocial a fiscaliza\u00e7\u00e3o vai crescer","author":"Ab\u00edlio Gon\u00e7alves","date":"12 de mar\u00e7o de 2016","format":false,"excerpt":"Sistema exigir\u00e1 das empresas informa\u00e7\u00f5es sobre condi\u00e7\u00f5es do trabalho Em janeiro de 2017, come\u00e7ou a valer o m\u00f3dulo referente \u00e0 Seguran\u00e7a e Sa\u00fade do Trabalho (SST) do eSocial, que vai exigir das empresas informa\u00e7\u00f5es sobre condi\u00e7\u00f5es ambientais do trabalho e rotinas dos funcion\u00e1rios. O impacto dessa mudan\u00e7a ser\u00e1 gigantesco na\u2026","rel":"","context":"Em &quot;Departamento Pessoal&quot;","block_context":{"text":"Departamento Pessoal","link":"https:\/\/cfcontabil.com\/cf\/category\/dp\/"},"img":{"alt_text":"","src":"https:\/\/i0.wp.com\/cfcontabil.com\/cf\/wp-content\/uploads\/2016\/03\/e-social-1.jpg?fit=467%2C322&ssl=1&resize=350%2C200","width":350,"height":200},"classes":[]},{"id":2038,"url":"https:\/\/cfcontabil.com\/cf\/cronograma-do-esocial-tem-novas-datas-para-2020-e-2021\/","url_meta":{"origin":2027,"position":1},"title":"Cronograma do eSocial tem novas datas para 2020 e 2021","author":"Ab\u00edlio Gon\u00e7alves","date":"3 de janeiro de 2020","format":false,"excerpt":"Portaria publicada no Di\u00e1rio Oficial da Uni\u00e3o atualiza prazos de implanta\u00e7\u00e3o do sistema em 2020 e 2021 O calend\u00e1rio de implanta\u00e7\u00e3o do\u00a0eSocial\u00a0nas empresas foi alterado.\u00a0Portaria n\u00ba 1.419, de 23 de dezembro de 2019, publicada no Di\u00e1rio Oficial da Uni\u00e3o (DOU) do \u00faltimo dia 24, prorrogou o prazo para a in\u00edcio\u2026","rel":"","context":"Em &quot;Departamento Pessoal&quot;","block_context":{"text":"Departamento Pessoal","link":"https:\/\/cfcontabil.com\/cf\/category\/dp\/"},"img":{"alt_text":"","src":"https:\/\/i0.wp.com\/cfcontabil.com\/cf\/wp-content\/uploads\/2020\/01\/esocial-calendario.jpg?fit=600%2C310&ssl=1&resize=350%2C200","width":350,"height":200,"srcset":"https:\/\/i0.wp.com\/cfcontabil.com\/cf\/wp-content\/uploads\/2020\/01\/esocial-calendario.jpg?fit=600%2C310&ssl=1&resize=350%2C200 1x, https:\/\/i0.wp.com\/cfcontabil.com\/cf\/wp-content\/uploads\/2020\/01\/esocial-calendario.jpg?fit=600%2C310&ssl=1&resize=525%2C300 1.5x"},"classes":[]},{"id":1343,"url":"https:\/\/cfcontabil.com\/cf\/esocial-passa-a-valer-para-todas-as-empresas-do-pais-a-partir-de-16-de-julho\/","url_meta":{"origin":2027,"position":2},"title":"ESocial Passa a Valer Para Todas as Empresas do Pa\u00eds a Partir de 16 de Julho","author":"Ab\u00edlio Gon\u00e7alves","date":"14 de julho de 2018","format":false,"excerpt":"A partir do dia 16 de julho, todas as empresas privadas do pa\u00eds, incluindo micro e pequenas empresas e microempreendedores individuais\u00a0(MEIs)\u00a0que possuam empregados, dever\u00e3o utilizar o Sistema de Escritura\u00e7\u00e3o Digital das Obriga\u00e7\u00f5es Fiscais, Previdenci\u00e1rias e Trabalhistas\u00a0(eSocial)\u00a0. Esse grupo representa 4 milh\u00f5es de empregadores e cerca de 30 milh\u00f5es de trabalhadores.\u2026","rel":"","context":"Em &quot;Departamento Pessoal&quot;","block_context":{"text":"Departamento Pessoal","link":"https:\/\/cfcontabil.com\/cf\/category\/dp\/"},"img":{"alt_text":"","src":"https:\/\/i0.wp.com\/cfcontabil.com\/cf\/wp-content\/uploads\/2018\/07\/Cronograma_de_implanta%C3%A7%C3%A3o_do_eSocial-1.png?fit=1024%2C768&ssl=1&resize=350%2C200","width":350,"height":200,"srcset":"https:\/\/i0.wp.com\/cfcontabil.com\/cf\/wp-content\/uploads\/2018\/07\/Cronograma_de_implanta%C3%A7%C3%A3o_do_eSocial-1.png?fit=1024%2C768&ssl=1&resize=350%2C200 1x, https:\/\/i0.wp.com\/cfcontabil.com\/cf\/wp-content\/uploads\/2018\/07\/Cronograma_de_implanta%C3%A7%C3%A3o_do_eSocial-1.png?fit=1024%2C768&ssl=1&resize=525%2C300 1.5x, https:\/\/i0.wp.com\/cfcontabil.com\/cf\/wp-content\/uploads\/2018\/07\/Cronograma_de_implanta%C3%A7%C3%A3o_do_eSocial-1.png?fit=1024%2C768&ssl=1&resize=700%2C400 2x"},"classes":[]},{"id":1272,"url":"https:\/\/cfcontabil.com\/cf\/esocial-libera-ambiente-de-testes-para-todas-as-empresas-do-pais\/","url_meta":{"origin":2027,"position":3},"title":"eSocial libera ambiente de testes para todas as empresas do pa\u00eds","author":"Ab\u00edlio Gon\u00e7alves","date":"7 de agosto de 2017","format":false,"excerpt":"Etapa tem como objetivo preparar o setor produtivo para o in\u00edcio da obrigatoriedade do sistema em 2018 O eSocial disponibiliza, a partir da ter\u00e7a-feira (1\u00b0), o acesso ao ambiente de testes da plataforma para todas as empresas do pa\u00eds. A etapa tem como objetivo preparar o setor produtivo para o\u2026","rel":"","context":"Em &quot;Departamento Fiscal&quot;","block_context":{"text":"Departamento Fiscal","link":"https:\/\/cfcontabil.com\/cf\/category\/df\/"},"img":{"alt_text":"","src":"https:\/\/i0.wp.com\/cfcontabil.com\/cf\/wp-content\/uploads\/2017\/06\/esocial-462x234-1.png?fit=462%2C234&ssl=1&resize=350%2C200","width":350,"height":200},"classes":[]},{"id":1348,"url":"https:\/\/cfcontabil.com\/cf\/empresas-relatam-dificuldades-e-despreparo-na-implantacao-do-esocial\/","url_meta":{"origin":2027,"position":4},"title":"Empresas relatam dificuldades e despreparo na implanta\u00e7\u00e3o do eSocial","author":"Ab\u00edlio Gon\u00e7alves","date":"13 de agosto de 2018","format":false,"excerpt":"Para n\u00e3o deixar de cumprir prazos, escrit\u00f3rios e condom\u00ednios contrataram servi\u00e7os e funcion\u00e1rios nas \u00e1reas de TI e recursos humanos; governo diz que toma provid\u00eancias para facilitar o uso da ferramenta. Fonte: G1 Ang\u00e9lica Arbex, diretora de relacionamento da Lello Condom\u00ednios: empresa levou 4 meses para corrigir inconsist\u00eancias de dados\u2026","rel":"","context":"Em &quot;Departamento Pessoal&quot;","block_context":{"text":"Departamento Pessoal","link":"https:\/\/cfcontabil.com\/cf\/category\/dp\/"},"img":{"alt_text":"","src":"https:\/\/i0.wp.com\/cfcontabil.com\/cf\/wp-content\/uploads\/2017\/06\/esocial-462x234-1.png?fit=462%2C234&ssl=1&resize=350%2C200","width":350,"height":200},"classes":[]},{"id":1386,"url":"https:\/\/cfcontabil.com\/cf\/prorrogada-inicio-da-segunda-fase-de-implantacao-empresas-com-faturamento-de-ate-r78-milhoes\/","url_meta":{"origin":2027,"position":5},"title":"Prorrogada in\u00edcio da segunda fase de implanta\u00e7\u00e3o &#8211; empresas com faturamento de at\u00e9 R$78 milh\u00f5es","author":"Ab\u00edlio Gon\u00e7alves","date":"3 de setembro de 2018","format":false,"excerpt":"Primeira fase, que terminaria em agosto, ser\u00e1 estendida at\u00e9 setembro. Segunda fase iniciar\u00e1 em 10 de outubro.\u00a0 Ap\u00f3s ouvir as empresas com faturamento inferior a R$78 milh\u00f5es, o eSocial ampliou o prazo da primeira fase de implanta\u00e7\u00e3o do programa para este grupo, que terminaria neste m\u00eas de agosto. Nesta etapa,\u2026","rel":"","context":"Em &quot;Departamento Pessoal&quot;","block_context":{"text":"Departamento Pessoal","link":"https:\/\/cfcontabil.com\/cf\/category\/dp\/"},"img":{"alt_text":"","src":"https:\/\/i0.wp.com\/cfcontabil.com\/cf\/wp-content\/uploads\/2018\/09\/esocial-1-810x456-1.jpg?fit=810%2C456&ssl=1&resize=350%2C200","width":350,"height":200,"srcset":"https:\/\/i0.wp.com\/cfcontabil.com\/cf\/wp-content\/uploads\/2018\/09\/esocial-1-810x456-1.jpg?fit=810%2C456&ssl=1&resize=350%2C200 1x, https:\/\/i0.wp.com\/cfcontabil.com\/cf\/wp-content\/uploads\/2018\/09\/esocial-1-810x456-1.jpg?fit=810%2C456&ssl=1&resize=525%2C300 1.5x, https:\/\/i0.wp.com\/cfcontabil.com\/cf\/wp-content\/uploads\/2018\/09\/esocial-1-810x456-1.jpg?fit=810%2C456&ssl=1&resize=700%2C400 2x"},"classes":[]}],"jetpack_likes_enabled":true,"_links":{"self":[{"href":"https:\/\/cfcontabil.com\/cf\/wp-json\/wp\/v2\/posts\/2027","targetHints":{"allow":["GET"]}}],"collection":[{"href":"https:\/\/cfcontabil.com\/cf\/wp-json\/wp\/v2\/posts"}],"about":[{"href":"https:\/\/cfcontabil.com\/cf\/wp-json\/wp\/v2\/types\/post"}],"author":[{"embeddable":true,"href":"https:\/\/cfcontabil.com\/cf\/wp-json\/wp\/v2\/users\/1"}],"replies":[{"embeddable":true,"href":"https:\/\/cfcontabil.com\/cf\/wp-json\/wp\/v2\/comments?post=2027"}],"version-history":[{"count":2,"href":"https:\/\/cfcontabil.com\/cf\/wp-json\/wp\/v2\/posts\/2027\/revisions"}],"predecessor-version":[{"id":2034,"href":"https:\/\/cfcontabil.com\/cf\/wp-json\/wp\/v2\/posts\/2027\/revisions\/2034"}],"wp:featuredmedia":[{"embeddable":true,"href":"https:\/\/cfcontabil.com\/cf\/wp-json\/wp\/v2\/media\/1508"}],"wp:attachment":[{"href":"https:\/\/cfcontabil.com\/cf\/wp-json\/wp\/v2\/media?parent=2027"}],"wp:term":[{"taxonomy":"category","embeddable":true,"href":"https:\/\/cfcontabil.com\/cf\/wp-json\/wp\/v2\/categories?post=2027"},{"taxonomy":"post_tag","embeddable":true,"href":"https:\/\/cfcontabil.com\/cf\/wp-json\/wp\/v2\/tags?post=2027"}],"curies":[{"name":"wp","href":"https:\/\/api.w.org\/{rel}","templated":true}]}}