{"id":2038,"date":"2020-01-03T08:03:38","date_gmt":"2020-01-03T11:03:38","guid":{"rendered":"http:\/\/cfcontabil.com\/cf\/?p=2038"},"modified":"2020-01-03T08:03:38","modified_gmt":"2020-01-03T11:03:38","slug":"cronograma-do-esocial-tem-novas-datas-para-2020-e-2021","status":"publish","type":"post","link":"https:\/\/cfcontabil.com\/cf\/cronograma-do-esocial-tem-novas-datas-para-2020-e-2021\/","title":{"rendered":"Cronograma do eSocial tem novas datas para 2020 e 2021"},"content":{"rendered":"<h2 class=\"linhadeOlho\">Portaria publicada no Di\u00e1rio Oficial da Uni\u00e3o atualiza prazos de implanta\u00e7\u00e3o do sistema em 2020 e 2021<\/h2>\n<p>O calend\u00e1rio de implanta\u00e7\u00e3o do\u00a0eSocial\u00a0nas empresas foi alterado.\u00a0<a href=\"http:\/\/www.in.gov.br\/web\/dou\/-\/portaria-n-1.419-de-23-de-dezembro-de-2019-235209348\" target=\"_blank\" rel=\"alternate noopener noreferrer\">Portaria n\u00ba 1.419, de 23 de dezembro de 2019<\/a>, publicada no Di\u00e1rio Oficial da Uni\u00e3o (DOU) do \u00faltimo dia 24, prorrogou o prazo para a in\u00edcio do envio dos eventos que estavam previstos para ser inseridos no sistema em janeiro de 2020.<\/p>\n<p>Entre as prorroga\u00e7\u00f5es est\u00e3o os eventos de\u00a0folha de pagamento\u00a0do Grupo 3; de Sa\u00fade e Seguran\u00e7a do Trabalhador do Grupo 1; e o in\u00edcio da obrigatoriedade para \u00f3rg\u00e3os p\u00fablicos. Tamb\u00e9m houve mudan\u00e7as na classifica\u00e7\u00e3o das empresas em grupos.<\/p>\n<p>Veja abaixo como ficou:<\/p>\n<p><img data-recalc-dims=\"1\" fetchpriority=\"high\" decoding=\"async\" src=\"https:\/\/i0.wp.com\/www.contabeis.com.br\/assets\/img\/conteudo\/FILE-20191230-11227MGN879ZUDVQ.jpg?resize=595%2C842&#038;ssl=1\" alt=\"\" width=\"595\" height=\"842\" \/><\/p>\n<p>&nbsp;<\/p>\n<p class=\"fontecontabeis\">Fonte:\u00a0<em>Minist\u00e9rio da economia<\/em><\/p>\n","protected":false},"excerpt":{"rendered":"<p>Portaria publicada no Di\u00e1rio Oficial da Uni\u00e3o atualiza prazos de implanta\u00e7\u00e3o do sistema em 2020 e 2021 O calend\u00e1rio de implanta\u00e7\u00e3o do\u00a0eSocial\u00a0nas empresas foi alterado.\u00a0Portaria n\u00ba 1.419, de 23 de dezembro de 2019, publicada no Di\u00e1rio Oficial da Uni\u00e3o (DOU) do \u00faltimo dia 24, prorrogou o prazo para a in\u00edcio do envio dos eventos que [&hellip;]<\/p>\n","protected":false},"author":1,"featured_media":2039,"comment_status":"open","ping_status":"open","sticky":false,"template":"","format":"standard","meta":{"jetpack_post_was_ever_published":false,"_jetpack_newsletter_access":"","_jetpack_dont_email_post_to_subs":false,"_jetpack_newsletter_tier_id":0,"_jetpack_memberships_contains_paywalled_content":false,"_jetpack_memberships_contains_paid_content":false,"footnotes":"","jetpack_publicize_message":"","jetpack_publicize_feature_enabled":true,"jetpack_social_post_already_shared":true,"jetpack_social_options":{"image_generator_settings":{"template":"highway","default_image_id":0,"font":"","enabled":false},"version":2}},"categories":[29],"tags":[587,303,78],"class_list":["post-2038","post","type-post","status-publish","format-standard","has-post-thumbnail","hentry","category-dp","tag-cronograma","tag-empresa","tag-esocial"],"jetpack_publicize_connections":[],"jetpack_featured_media_url":"https:\/\/i0.wp.com\/cfcontabil.com\/cf\/wp-content\/uploads\/2020\/01\/esocial-calendario.jpg?fit=600%2C310&ssl=1","jetpack_sharing_enabled":true,"jetpack_shortlink":"https:\/\/wp.me\/p2wklX-wS","jetpack-related-posts":[{"id":1358,"url":"https:\/\/cfcontabil.com\/cf\/caixa-aprova-alteracao-no-cronograma-de-implantacao-do-esocial\/","url_meta":{"origin":2038,"position":0},"title":"Caixa aprova altera\u00e7\u00e3o no cronograma de implanta\u00e7\u00e3o do eSocial","author":"Ab\u00edlio Gon\u00e7alves","date":"23 de agosto de 2018","format":false,"excerpt":"Criou o 4\u00ba grupo de empregadores, que compreende o segurado especial e o pequeno produtor rural pessoa f\u00edsica e estabeleceu novo cronograma de fases.","rel":"","context":"Em &quot;Departamento Pessoal&quot;","block_context":{"text":"Departamento Pessoal","link":"https:\/\/cfcontabil.com\/cf\/category\/dp\/"},"img":{"alt_text":"","src":"https:\/\/i0.wp.com\/cfcontabil.com\/cf\/wp-content\/uploads\/2018\/08\/esocial2-1.png?fit=807%2C368&ssl=1&resize=350%2C200","width":350,"height":200,"srcset":"https:\/\/i0.wp.com\/cfcontabil.com\/cf\/wp-content\/uploads\/2018\/08\/esocial2-1.png?fit=807%2C368&ssl=1&resize=350%2C200 1x, https:\/\/i0.wp.com\/cfcontabil.com\/cf\/wp-content\/uploads\/2018\/08\/esocial2-1.png?fit=807%2C368&ssl=1&resize=525%2C300 1.5x, https:\/\/i0.wp.com\/cfcontabil.com\/cf\/wp-content\/uploads\/2018\/08\/esocial2-1.png?fit=807%2C368&ssl=1&resize=700%2C400 2x"},"classes":[]},{"id":1386,"url":"https:\/\/cfcontabil.com\/cf\/prorrogada-inicio-da-segunda-fase-de-implantacao-empresas-com-faturamento-de-ate-r78-milhoes\/","url_meta":{"origin":2038,"position":1},"title":"Prorrogada in\u00edcio da segunda fase de implanta\u00e7\u00e3o &#8211; empresas com faturamento de at\u00e9 R$78 milh\u00f5es","author":"Ab\u00edlio Gon\u00e7alves","date":"3 de setembro de 2018","format":false,"excerpt":"Primeira fase, que terminaria em agosto, ser\u00e1 estendida at\u00e9 setembro. Segunda fase iniciar\u00e1 em 10 de outubro.\u00a0 Ap\u00f3s ouvir as empresas com faturamento inferior a R$78 milh\u00f5es, o eSocial ampliou o prazo da primeira fase de implanta\u00e7\u00e3o do programa para este grupo, que terminaria neste m\u00eas de agosto. Nesta etapa,\u2026","rel":"","context":"Em &quot;Departamento Pessoal&quot;","block_context":{"text":"Departamento Pessoal","link":"https:\/\/cfcontabil.com\/cf\/category\/dp\/"},"img":{"alt_text":"","src":"https:\/\/i0.wp.com\/cfcontabil.com\/cf\/wp-content\/uploads\/2018\/09\/esocial-1-810x456-1.jpg?fit=810%2C456&ssl=1&resize=350%2C200","width":350,"height":200,"srcset":"https:\/\/i0.wp.com\/cfcontabil.com\/cf\/wp-content\/uploads\/2018\/09\/esocial-1-810x456-1.jpg?fit=810%2C456&ssl=1&resize=350%2C200 1x, https:\/\/i0.wp.com\/cfcontabil.com\/cf\/wp-content\/uploads\/2018\/09\/esocial-1-810x456-1.jpg?fit=810%2C456&ssl=1&resize=525%2C300 1.5x, https:\/\/i0.wp.com\/cfcontabil.com\/cf\/wp-content\/uploads\/2018\/09\/esocial-1-810x456-1.jpg?fit=810%2C456&ssl=1&resize=700%2C400 2x"},"classes":[]},{"id":1983,"url":"https:\/\/cfcontabil.com\/cf\/governo-altera-cronograma-do-esocial\/","url_meta":{"origin":2038,"position":2},"title":"Governo altera cronograma do eSocial","author":"Ab\u00edlio Gon\u00e7alves","date":"6 de dezembro de 2019","format":false,"excerpt":"O adiamento acontecer\u00e1 em raz\u00e3o de mudan\u00e7as decorrentes da simplifica\u00e7\u00e3o do eSocial Adiamento abranger\u00e1 os eventos de folha de pagamento para o Grupo 3 (micro e pequenas empresas, MEI, empregadores pessoas f\u00edsicas e entidades sem fins lucrativos), eventos de SST para o Grupo 1 (empresas com faturamento superior a R$78\u2026","rel":"","context":"Em &quot;Departamento Pessoal&quot;","block_context":{"text":"Departamento Pessoal","link":"https:\/\/cfcontabil.com\/cf\/category\/dp\/"},"img":{"alt_text":"","src":"https:\/\/i0.wp.com\/cfcontabil.com\/cf\/wp-content\/uploads\/2018\/10\/esocial-24-09-2-750x430-1.jpg?fit=750%2C430&ssl=1&resize=350%2C200","width":350,"height":200,"srcset":"https:\/\/i0.wp.com\/cfcontabil.com\/cf\/wp-content\/uploads\/2018\/10\/esocial-24-09-2-750x430-1.jpg?fit=750%2C430&ssl=1&resize=350%2C200 1x, https:\/\/i0.wp.com\/cfcontabil.com\/cf\/wp-content\/uploads\/2018\/10\/esocial-24-09-2-750x430-1.jpg?fit=750%2C430&ssl=1&resize=525%2C300 1.5x, https:\/\/i0.wp.com\/cfcontabil.com\/cf\/wp-content\/uploads\/2018\/10\/esocial-24-09-2-750x430-1.jpg?fit=750%2C430&ssl=1&resize=700%2C400 2x"},"classes":[]},{"id":2651,"url":"https:\/\/cfcontabil.com\/cf\/esocial-apresenta-novo-layout-mais-acessivel-e-simplificado\/","url_meta":{"origin":2038,"position":3},"title":"eSocial apresenta novo layout mais acess\u00edvel e simplificado","author":"Ab\u00edlio Gon\u00e7alves","date":"23 de agosto de 2021","format":false,"excerpt":"Atualiza\u00e7\u00e3o no sistema traz novidades que beneficiam e agilizam o envio de informa\u00e7\u00f5es pelos usu\u00e1rios. Anova vers\u00e3o do eSocial j\u00e1 foi implementada e traz novidades, dentre elas, atualiza\u00e7\u00f5es nas solu\u00e7\u00f5es web e no aplicativo mobile. Nesta nova vers\u00e3o, o sistema foi programado para simplificar o envio de informa\u00e7\u00f5es pelos empregadores,\u2026","rel":"","context":"Em &quot;Departamento Pessoal&quot;","block_context":{"text":"Departamento Pessoal","link":"https:\/\/cfcontabil.com\/cf\/category\/dp\/"},"img":{"alt_text":"","src":"https:\/\/i0.wp.com\/cfcontabil.com\/cf\/wp-content\/uploads\/2018\/10\/esocial-24-09-2-750x430-1.jpg?fit=750%2C430&ssl=1&resize=350%2C200","width":350,"height":200,"srcset":"https:\/\/i0.wp.com\/cfcontabil.com\/cf\/wp-content\/uploads\/2018\/10\/esocial-24-09-2-750x430-1.jpg?fit=750%2C430&ssl=1&resize=350%2C200 1x, https:\/\/i0.wp.com\/cfcontabil.com\/cf\/wp-content\/uploads\/2018\/10\/esocial-24-09-2-750x430-1.jpg?fit=750%2C430&ssl=1&resize=525%2C300 1.5x, https:\/\/i0.wp.com\/cfcontabil.com\/cf\/wp-content\/uploads\/2018\/10\/esocial-24-09-2-750x430-1.jpg?fit=750%2C430&ssl=1&resize=700%2C400 2x"},"classes":[]},{"id":1244,"url":"https:\/\/cfcontabil.com\/cf\/esocial-libera-ambiente-de-testes-para-empresas\/","url_meta":{"origin":2038,"position":4},"title":"eSocial libera ambiente de testes para empresas","author":"Ab\u00edlio Gon\u00e7alves","date":"30 de junho de 2017","format":false,"excerpt":"Processo ocorrer\u00e1 em duas etapas e contemplar\u00e1, neste primeiro momento, empresas de TI. A partir de segunda-feira (26), empresas de tecnologia de informa\u00e7\u00e3o podem testar o eSocial, um sistema para facilitar a administra\u00e7\u00e3o de informa\u00e7\u00f5es relativas aos trabalhadores. As empresas v\u00e3o ter um ganho de produtividade e redu\u00e7\u00e3o de processos.\u2026","rel":"","context":"Em &quot;Departamento Pessoal&quot;","block_context":{"text":"Departamento Pessoal","link":"https:\/\/cfcontabil.com\/cf\/category\/dp\/"},"img":{"alt_text":"","src":"https:\/\/i0.wp.com\/cfcontabil.com\/cf\/wp-content\/uploads\/2017\/06\/esocial-pasta-1.jpg?fit=1000%2C591&ssl=1&resize=350%2C200","width":350,"height":200,"srcset":"https:\/\/i0.wp.com\/cfcontabil.com\/cf\/wp-content\/uploads\/2017\/06\/esocial-pasta-1.jpg?fit=1000%2C591&ssl=1&resize=350%2C200 1x, https:\/\/i0.wp.com\/cfcontabil.com\/cf\/wp-content\/uploads\/2017\/06\/esocial-pasta-1.jpg?fit=1000%2C591&ssl=1&resize=525%2C300 1.5x, https:\/\/i0.wp.com\/cfcontabil.com\/cf\/wp-content\/uploads\/2017\/06\/esocial-pasta-1.jpg?fit=1000%2C591&ssl=1&resize=700%2C400 2x"},"classes":[]},{"id":1402,"url":"https:\/\/cfcontabil.com\/cf\/esocial-normas-sobre-o-envio-de-eventos-para-nao-optantes-pelo-simples\/","url_meta":{"origin":2038,"position":5},"title":"eSocial: normas sobre o envio de eventos para n\u00e3o optantes pelo Simples","author":"Ab\u00edlio Gon\u00e7alves","date":"17 de outubro de 2018","format":false,"excerpt":"NO 008 realiza esclarecimentos referentes \u00e0 utiliza\u00e7\u00e3o de casa decimais Foram publicadas as Notas Orientativas (NO)\u00a0007, que apresenta orienta\u00e7\u00f5es referentes ao envio dos eventos para Microempresas (ME) e Empresas de Pequeno Porte (EPP) que n\u00e3o s\u00e3o optantes pelo Simples Nacional; e a NO\u00a0008, que\u00a0realiza esclarecimentos referentes \u00e0 utiliza\u00e7\u00e3o de casa\u2026","rel":"","context":"Em &quot;Departamento Pessoal&quot;","block_context":{"text":"Departamento Pessoal","link":"https:\/\/cfcontabil.com\/cf\/category\/dp\/"},"img":{"alt_text":"","src":"https:\/\/i0.wp.com\/cfcontabil.com\/cf\/wp-content\/uploads\/2018\/09\/esocial-1-810x456-1.jpg?fit=810%2C456&ssl=1&resize=350%2C200","width":350,"height":200,"srcset":"https:\/\/i0.wp.com\/cfcontabil.com\/cf\/wp-content\/uploads\/2018\/09\/esocial-1-810x456-1.jpg?fit=810%2C456&ssl=1&resize=350%2C200 1x, https:\/\/i0.wp.com\/cfcontabil.com\/cf\/wp-content\/uploads\/2018\/09\/esocial-1-810x456-1.jpg?fit=810%2C456&ssl=1&resize=525%2C300 1.5x, https:\/\/i0.wp.com\/cfcontabil.com\/cf\/wp-content\/uploads\/2018\/09\/esocial-1-810x456-1.jpg?fit=810%2C456&ssl=1&resize=700%2C400 2x"},"classes":[]}],"jetpack_likes_enabled":true,"_links":{"self":[{"href":"https:\/\/cfcontabil.com\/cf\/wp-json\/wp\/v2\/posts\/2038","targetHints":{"allow":["GET"]}}],"collection":[{"href":"https:\/\/cfcontabil.com\/cf\/wp-json\/wp\/v2\/posts"}],"about":[{"href":"https:\/\/cfcontabil.com\/cf\/wp-json\/wp\/v2\/types\/post"}],"author":[{"embeddable":true,"href":"https:\/\/cfcontabil.com\/cf\/wp-json\/wp\/v2\/users\/1"}],"replies":[{"embeddable":true,"href":"https:\/\/cfcontabil.com\/cf\/wp-json\/wp\/v2\/comments?post=2038"}],"version-history":[{"count":1,"href":"https:\/\/cfcontabil.com\/cf\/wp-json\/wp\/v2\/posts\/2038\/revisions"}],"predecessor-version":[{"id":2040,"href":"https:\/\/cfcontabil.com\/cf\/wp-json\/wp\/v2\/posts\/2038\/revisions\/2040"}],"wp:featuredmedia":[{"embeddable":true,"href":"https:\/\/cfcontabil.com\/cf\/wp-json\/wp\/v2\/media\/2039"}],"wp:attachment":[{"href":"https:\/\/cfcontabil.com\/cf\/wp-json\/wp\/v2\/media?parent=2038"}],"wp:term":[{"taxonomy":"category","embeddable":true,"href":"https:\/\/cfcontabil.com\/cf\/wp-json\/wp\/v2\/categories?post=2038"},{"taxonomy":"post_tag","embeddable":true,"href":"https:\/\/cfcontabil.com\/cf\/wp-json\/wp\/v2\/tags?post=2038"}],"curies":[{"name":"wp","href":"https:\/\/api.w.org\/{rel}","templated":true}]}}