{"id":2041,"date":"2020-01-03T11:02:52","date_gmt":"2020-01-03T14:02:52","guid":{"rendered":"http:\/\/cfcontabil.com\/cf\/?p=2041"},"modified":"2020-01-03T11:02:52","modified_gmt":"2020-01-03T14:02:52","slug":"tres-das-cinco-novas-regras-de-aposentadoria-ja-estao-valendo","status":"publish","type":"post","link":"https:\/\/cfcontabil.com\/cf\/tres-das-cinco-novas-regras-de-aposentadoria-ja-estao-valendo\/","title":{"rendered":"Tr\u00eas das cinco novas regras de aposentadoria j\u00e1 est\u00e3o valendo"},"content":{"rendered":"<div class=\"row\">\n<div class=\"col-sm-10 col-sm-offset-1\">\n<h2 class=\"txt-gray mb-0 h4\">Segurados do INSS que est\u00e3o perto de requerer o benef\u00edcio devem ficar atentos \u00e0s normas de transi\u00e7\u00e3o para a Nova Previd\u00eancia. De maneira geral, ser\u00e1 preciso trabalhar mais tempo para poder passar \u00e0 inatividade. Piso e teto foram ampliados<\/h2>\n<\/div>\n<\/div>\n<p>Tr\u00eas das cinco regras de transi\u00e7\u00e3o da\u00a0<strong>reforma da Previd\u00eancia<\/strong>\u00a0entraram em vigor nesta quinta-feira (2\/1). S\u00e3o aquelas que fazem a ponte entre as normas atuais e as da\u00a0<strong>Nova Previd\u00eancia<\/strong>\u00a0para quem est\u00e1 no caminho de requerer o benef\u00edcio ao Instituto Nacional do Seguro Social (<strong>INSS<\/strong>). Duas delas, que cobram uma esp\u00e9cie de ped\u00e1gio para quem est\u00e1 no sistema, j\u00e1 valem desde 13 de novembro do ano passado, data da promulga\u00e7\u00e3o da reforma. Com o estabelecimento da idade m\u00ednima, ser\u00e1 preciso<strong>\u00a0trabalhar mais tempo<\/strong>: at\u00e9 os 62 anos, no caso das mulheres e os 65, no dos homens. H\u00e1 op\u00e7\u00f5es para fazer a travessia, que estendem o tempo de perman\u00eancia no mercado de trabalho a cada ano.<\/p>\n<p>No caso das trabalhadoras, a depender do momento em que elas conseguirem alcan\u00e7ar a nova idade m\u00ednima, a regra de transi\u00e7\u00e3o poder\u00e1 j\u00e1 ter sido alterada. Portanto, ser\u00e1 preciso esperar um pouco mais. Segundo advogados especializados, \u00e9 importante ficar atento para evitar frustra\u00e7\u00e3o e n\u00e3o errar no planejamento.<\/p>\n<p>\u201cA partir deste ano, as mulheres que optarem pela transi\u00e7\u00e3o da idade m\u00ednima, ter\u00e3o que esperar completar 60 anos e seis meses para pedir o benef\u00edcio. Se isso acontecer no primeiro semestre, elas podem requerer o benef\u00edcio ainda este ano. As que completarem a partir de julho ter\u00e3o que esperar mais um ano, pois, em 2021, a idade m\u00ednima passa a ser 61 anos\u201d, explicou Adriane Bramante, advogada especialista no tema.<\/p>\n<p>Outra mudan\u00e7a se refere \u00e0 soma da idade com os anos de contribui\u00e7\u00e3o previdenci\u00e1ria. No ano passado, essa soma tinha que alcan\u00e7ar 86 pontos para mulheres, que deveriam ter contribu\u00eddo por 30 anos e terem pelo menos 56 anos de idade; e 96 para homens, que precisavam comprovar 35 anos de contribui\u00e7\u00e3o aos 60 anos. A partir de 1\u00ba de janeiro de 2020, passaram a valer 87 pontos para mulheres e 97, para homens.<\/p>\n<p>\u201cPara quem j\u00e1 trabalhava e contribu\u00eda para a Previd\u00eancia, a reforma criou uma tabela escalonada, que come\u00e7a em 56 anos (para elas) e 61 anos (para eles), e \u00e9 acrescida de seis meses a cada ano. Portanto, a partir de 2020, as trabalhadoras j\u00e1 precisam ter 56 anos e meio. J\u00e1 os trabalhadores dever\u00e3o cumprir 61 anos e meio\u201d, explicou Jo\u00e3o Badari, especialista em direito previdenci\u00e1rio e s\u00f3cio do Aith, Badari e Luchin Advogados.<\/p>\n<p>Outras mudan\u00e7as este ano s\u00e3o o novo piso do regime geral, que passou de R$ 998 para R$ 1.039, por for\u00e7a da Medida Provis\u00f3ria n\u00ba 916\/19, que reajustou o sal\u00e1rio m\u00ednimo, e o aumento do teto, que subiu de R$ 5.839,45 para R$ 6.032,73, conforme a proposta de Or\u00e7amento da Uni\u00e3o para 2020.<br \/>\n<strong><br \/>\nRevis\u00e3o do benef\u00edcio<\/strong><\/p>\n<p>Em dezembro, o Superior Tribunal de Justi\u00e7a (STJ) decidiu que ser\u00e1 poss\u00edvel pedir a revis\u00e3o do benef\u00edcio com base em todos os sal\u00e1rios de contribui\u00e7\u00e3o e n\u00e3o apenas a partir de 1994, conforme legisla\u00e7\u00e3o vigente. O pedido pode ser feito apenas por via judicial, pois o INSS pediu revis\u00e3o da decis\u00e3o ao Supremo Tribunal Federal (STF).<\/p>\n<p>Advogados, por\u00e9m, aconselham cautela, j\u00e1 que a revis\u00e3o pode reduzir o valor a receber. Diego Cherulli, do Instituto Brasileiro do Direito Previdenci\u00e1rio (IBDP), disse que a entidade calcula que apenas entre 3% e 4% dos aposentados podem se beneficiar da revis\u00e3o. \u201cS\u00e3o situa\u00e7\u00f5es muito espec\u00edficas, como as de pessoas que tinham sal\u00e1rio maior antes de 1994. Por exemplo,\u00a0 um funcion\u00e1rio p\u00fablico que passou para a iniciativa privada e passou a contribuir pelo sal\u00e1rio m\u00ednimo. Para trabalhador da iniciativa privada que teve sal\u00e1rio crescente n\u00e3o vale a pena\u201d.<\/p>\n<p>\u201cO c\u00e1lculo depende do valor do sal\u00e1rio \u00e0 \u00e9poca. Pode ser vantajoso para uns. Para outros, o valor do benef\u00edcio pode at\u00e9 ser reduzido. Ou seja, tem que ser analisado caso a caso\u201d, refor\u00e7ou Giovanni Magalh\u00e3es, perito em c\u00e1lculos do ABL Advogados.<\/p>\n<h3><strong>Mudan\u00e7as:\u00a0<\/strong><strong>Novidades de 2020 \u2014 in\u00edcio das regras de transi\u00e7\u00e3o<\/strong><\/h3>\n<p>&nbsp;<\/p>\n<p>Come\u00e7am a valer as altera\u00e7\u00f5es institu\u00eddas pela reforma da Previd\u00eancia. Veja as principais:<\/p>\n<p><strong>Tempo de contribui\u00e7\u00e3o<br \/>\n<\/strong><br \/>\nA partir deste ano, mulheres precisam ter no m\u00ednimo 56 anos e seis meses de idade e 15 anos de contribui\u00e7\u00e3o e homens de 61 anos e seis meses e 20 anos de contribui\u00e7\u00e3o para dar entrada no pedido de aposentadoria.\u00a0A cada ano, ser\u00e3o acrescidos seis meses at\u00e9 a idade m\u00ednima de 62 anos para mulheres e de 65 anos para homens. Professores podem se aposentar com cinco anos a menos do que os demais trabalhadores.<\/p>\n<p><strong>Pontua\u00e7\u00e3o<br \/>\n<\/strong><br \/>\nPor essa regra, a soma entre idade e tempo de contribui\u00e7\u00e3o para o INSS passa de 86 para 87 para\u00a0mulheres, e de 96 para 97 para homens neste ano. Ser\u00e1 acrescido um ponto por ano at\u00e9 atingir a\u00a0pontua\u00e7\u00e3o m\u00ednima de 100 para mulheres, em 2028, e de 105 para homens, em 2033.<\/p>\n<p><strong>Idade m\u00ednima<br \/>\n<\/strong><br \/>\nCome\u00e7a a valer a regra de transi\u00e7\u00e3o da idade m\u00ednima para a aposentadoria da mulher, que passa a ser\u00a0de 60 anos e seis meses. A cada ano ser\u00e3o acrescidos seis meses at\u00e9 alcan\u00e7ar a idade m\u00ednima de 62 anos.\u00a0Se a mulher atingir nova idade m\u00ednima no primeiro semestre, consegue se aposentar este ano, mas, se atingir a idade m\u00ednima a partir de julho, ter\u00e1 que esperar mais um ano. Por essa regra, os homens se aposentam com 65 anos. Para ambos, o tempo m\u00ednimo de contribui\u00e7\u00e3o \u00e9 de 15 anos.<\/p>\n<p><strong>Valor do benef\u00edcio<br \/>\n<\/strong><br \/>\nA partir de 60% do total quando atingir o tempo m\u00ednimo de contribui\u00e7\u00e3o, com acr\u00e9scimos de 2% por ano\u00a0a mais de contribui\u00e7\u00e3o. O c\u00e1lculo da aposentadoria \u00e9 feito com base na m\u00e9dia de 100% dos sal\u00e1rios.<\/p>\n<p>&nbsp;<\/p>\n<h3><strong>Regras de transi\u00e7\u00e3o que valem desde 13 de novembro de 2019<\/strong><\/h3>\n<p>&nbsp;<\/p>\n<p><strong>Ped\u00e1gio de 50%<br \/>\n<\/strong><br \/>\nQuem est\u00e1 a dois anos de cumprir o tempo m\u00ednimo, ou seja, mulheres que contribu\u00edram por 28 anos e homens que contribu\u00edram por 33 anos, cumpre 50% a mais do tempo que falta para pedir o benef\u00edcio.\u00a0Esta \u00e9 a \u00fanica regra de transi\u00e7\u00e3o para a qual continua a valer o fator previdenci\u00e1rio<\/p>\n<p><strong>Ped\u00e1gio de 100%<br \/>\n<\/strong><br \/>\nMulheres podem se aposentar a partir de 57 anos e homens a partir de 60, desde que dobrem o\u00a0tempo de contribui\u00e7\u00e3o que falta para completar os 30 anos m\u00ednimos para mulheres e os 35, para homens. N\u00e3o incide fator previdenci\u00e1rio.<\/p>\n<p>&nbsp;<\/p>\n<h3><strong>Outras novidades<\/strong><\/h3>\n<p>&nbsp;<\/p>\n<p><strong>Revis\u00e3o do benef\u00edcio<br \/>\n<\/strong><br \/>\nO Superior Tribunal de Justi\u00e7a (STJ) decidiu que ser\u00e1 poss\u00edvel pedir a revis\u00e3o do benef\u00edcio com base em todos os sal\u00e1rios de contribui\u00e7\u00e3o e n\u00e3o apenas a partir de 1994. O pedido pode ser feito apenas por via judicial. Advogados aconselham cautela.<\/p>\n<p><strong>Piso e teto<br \/>\n<\/strong><br \/>\nO teto do benef\u00edcio sobe de R$ 5.839,45 para R$ 6.032,73 e o piso, de R$ 998,00 para R$ 1.039,00.<\/p>\n<p><strong>A\u00e7\u00f5es contra o INSS<\/strong><\/p>\n<p>As varas estaduais s\u00f3 poder\u00e3o julgar processos quando o domic\u00edlio do segurado estiver localizado\u00a0a mais de 70 km de um munic\u00edpio com uma vara federal.<\/p>\n<p>Fonte: https:\/\/www.correiobraziliense.com.br\/app\/noticia\/economia\/2020\/01\/03\/internas_economia,817964\/tres-das-cinco-novas-regras-de-aposentadoria-ja-estao-valendo.shtml<\/p>\n","protected":false},"excerpt":{"rendered":"<p>Segurados do INSS que est\u00e3o perto de requerer o benef\u00edcio devem ficar atentos \u00e0s normas de transi\u00e7\u00e3o para a Nova Previd\u00eancia. De maneira geral, ser\u00e1 preciso trabalhar mais tempo para poder passar \u00e0 inatividade. Piso e teto foram ampliados Tr\u00eas das cinco regras de transi\u00e7\u00e3o da\u00a0reforma da Previd\u00eancia\u00a0entraram em vigor nesta quinta-feira (2\/1). S\u00e3o aquelas [&hellip;]<\/p>\n","protected":false},"author":1,"featured_media":2042,"comment_status":"open","ping_status":"open","sticky":false,"template":"","format":"standard","meta":{"jetpack_post_was_ever_published":false,"_jetpack_newsletter_access":"","_jetpack_dont_email_post_to_subs":false,"_jetpack_newsletter_tier_id":0,"_jetpack_memberships_contains_paywalled_content":false,"_jetpack_memberships_contains_paid_content":false,"footnotes":"","jetpack_publicize_message":"","jetpack_publicize_feature_enabled":true,"jetpack_social_post_already_shared":true,"jetpack_social_options":{"image_generator_settings":{"template":"highway","default_image_id":0,"font":"","enabled":false},"version":2}},"categories":[29],"tags":[314,234,738],"class_list":["post-2041","post","type-post","status-publish","format-standard","has-post-thumbnail","hentry","category-dp","tag-beneficio","tag-inss","tag-revisao"],"jetpack_publicize_connections":[],"jetpack_featured_media_url":"https:\/\/i0.wp.com\/cfcontabil.com\/cf\/wp-content\/uploads\/2020\/01\/inss-aposentadoria.jpg?fit=790%2C490&ssl=1","jetpack_sharing_enabled":true,"jetpack_shortlink":"https:\/\/wp.me\/p2wklX-wV","jetpack-related-posts":[{"id":1823,"url":"https:\/\/cfcontabil.com\/cf\/veja-o-que-mudara-na-aposentadoria-apos-a-promulgacao-da-reforma-da-previdencia\/","url_meta":{"origin":2041,"position":0},"title":"Veja o que mudar\u00e1 na aposentadoria ap\u00f3s a promulga\u00e7\u00e3o da reforma da Previd\u00eancia","author":"Ab\u00edlio Gon\u00e7alves","date":"29 de outubro de 2019","format":false,"excerpt":"Proposta de emenda \u00e0 Constitui\u00e7\u00e3o da reforma da Previd\u00eancia ser\u00e1 promulgada pelo Congresso Nacional nos pr\u00f3ximos dias F\u00e1bio Rodrigues Pozzebom\/Ag\u00eancia Brasil Para quem j\u00e1 est\u00e1 no mercado de trabalho, de modo geral, valem as regras de transi\u00e7\u00e3o As principais mudan\u00e7as na regra geral s\u00e3o o aumento da idade para se\u2026","rel":"","context":"Em &quot;Departamento Pessoal&quot;","block_context":{"text":"Departamento Pessoal","link":"https:\/\/cfcontabil.com\/cf\/category\/dp\/"},"img":{"alt_text":"","src":"https:\/\/i0.wp.com\/cfcontabil.com\/cf\/wp-content\/uploads\/2017\/01\/logo-inss-previdencia-social-1.png?fit=1000%2C604&ssl=1&resize=350%2C200","width":350,"height":200,"srcset":"https:\/\/i0.wp.com\/cfcontabil.com\/cf\/wp-content\/uploads\/2017\/01\/logo-inss-previdencia-social-1.png?fit=1000%2C604&ssl=1&resize=350%2C200 1x, https:\/\/i0.wp.com\/cfcontabil.com\/cf\/wp-content\/uploads\/2017\/01\/logo-inss-previdencia-social-1.png?fit=1000%2C604&ssl=1&resize=525%2C300 1.5x, https:\/\/i0.wp.com\/cfcontabil.com\/cf\/wp-content\/uploads\/2017\/01\/logo-inss-previdencia-social-1.png?fit=1000%2C604&ssl=1&resize=700%2C400 2x"},"classes":[]},{"id":1911,"url":"https:\/\/cfcontabil.com\/cf\/mudancas-nas-aliquotas-de-contribuicao-previdenciaria-comecarao-a-valer-em-marco-de-2020\/","url_meta":{"origin":2041,"position":1},"title":"Mudan\u00e7as nas al\u00edquotas de contribui\u00e7\u00e3o previdenci\u00e1ria come\u00e7ar\u00e3o a valer em mar\u00e7o de 2020","author":"Ab\u00edlio Gon\u00e7alves","date":"18 de novembro de 2019","format":false,"excerpt":"A\u00a0reforma da Previd\u00eancia\u00a0foi publicada no Di\u00e1rio Oficial na \u00faltima quarta-feira (dia 13) e, com isso, as novas regras de concess\u00e3o de aposentadoria e pens\u00e3o por morte j\u00e1 come\u00e7aram a valer. As\u00a0mudan\u00e7as nas al\u00edquotas de contribui\u00e7\u00e3o previdenci\u00e1ria\u00a0de servidores p\u00fablicos e segurados do Instituto Nacional do Seguro Social (INSS), por\u00e9m, s\u00f3 come\u00e7ar\u00e3o\u2026","rel":"","context":"Em &quot;Departamento Pessoal&quot;","block_context":{"text":"Departamento Pessoal","link":"https:\/\/cfcontabil.com\/cf\/category\/dp\/"},"img":{"alt_text":"","src":"https:\/\/i0.wp.com\/cfcontabil.com\/cf\/wp-content\/uploads\/2017\/01\/logo-inss-previdencia-social-1.png?fit=1000%2C604&ssl=1&resize=350%2C200","width":350,"height":200,"srcset":"https:\/\/i0.wp.com\/cfcontabil.com\/cf\/wp-content\/uploads\/2017\/01\/logo-inss-previdencia-social-1.png?fit=1000%2C604&ssl=1&resize=350%2C200 1x, https:\/\/i0.wp.com\/cfcontabil.com\/cf\/wp-content\/uploads\/2017\/01\/logo-inss-previdencia-social-1.png?fit=1000%2C604&ssl=1&resize=525%2C300 1.5x, https:\/\/i0.wp.com\/cfcontabil.com\/cf\/wp-content\/uploads\/2017\/01\/logo-inss-previdencia-social-1.png?fit=1000%2C604&ssl=1&resize=700%2C400 2x"},"classes":[]},{"id":2257,"url":"https:\/\/cfcontabil.com\/cf\/inss-recebe-atestado-por-aplicativo-e-auxilio-pode-ser-pago-sem-pericia\/","url_meta":{"origin":2041,"position":2},"title":"INSS recebe atestado por aplicativo; e aux\u00edlio pode ser pago sem per\u00edcia","author":"Ab\u00edlio Gon\u00e7alves","date":"13 de abril de 2020","format":false,"excerpt":"Segurados da Previd\u00eancia agora precisam pedir o aux\u00edlio-doen\u00e7a podem, a partir de agora, enviar o atestado m\u00e9dico pelo aplicativo para celular Meu INSS ou pelo computador (no site meu.inss.gov.br). O INSS informou nesta sexta-feira (10) que os segurados da Previd\u00eancia que precisam pedir o aux\u00edlio-doen\u00e7a podem, a partir de agora,\u2026","rel":"","context":"Em &quot;Departamento Pessoal&quot;","block_context":{"text":"Departamento Pessoal","link":"https:\/\/cfcontabil.com\/cf\/category\/dp\/"},"img":{"alt_text":"","src":"https:\/\/i0.wp.com\/cfcontabil.com\/cf\/wp-content\/uploads\/2020\/04\/celular.jpg?fit=475%2C365&ssl=1&resize=350%2C200","width":350,"height":200},"classes":[]},{"id":1888,"url":"https:\/\/cfcontabil.com\/cf\/reforma-da-previdencia-novas-regras\/","url_meta":{"origin":2041,"position":3},"title":"Reforma da Previd\u00eancia &#8211; Novas Regras","author":"Ab\u00edlio Gon\u00e7alves","date":"13 de novembro de 2019","format":false,"excerpt":"A reforma da previd\u00eancia, promulgada pelo Congresso Nacional no dia 12 de novembro de 2019, estabelece regras para aposentadoria do Regime Geral (setor privado) e de servidores p\u00fablicos instituindo novas al\u00edquotas de contribui\u00e7\u00e3o para a Previd\u00eancia, al\u00e9m da exig\u00eancia de idade m\u00ednima para que homens e mulheres se aposentem. As\u2026","rel":"","context":"Em &quot;Departamento Pessoal&quot;","block_context":{"text":"Departamento Pessoal","link":"https:\/\/cfcontabil.com\/cf\/category\/dp\/"},"img":{"alt_text":"","src":"https:\/\/i0.wp.com\/cfcontabil.com\/cf\/wp-content\/uploads\/2019\/11\/reforma-previdencia.jpg?fit=736%2C417&ssl=1&resize=350%2C200","width":350,"height":200,"srcset":"https:\/\/i0.wp.com\/cfcontabil.com\/cf\/wp-content\/uploads\/2019\/11\/reforma-previdencia.jpg?fit=736%2C417&ssl=1&resize=350%2C200 1x, https:\/\/i0.wp.com\/cfcontabil.com\/cf\/wp-content\/uploads\/2019\/11\/reforma-previdencia.jpg?fit=736%2C417&ssl=1&resize=525%2C300 1.5x, https:\/\/i0.wp.com\/cfcontabil.com\/cf\/wp-content\/uploads\/2019\/11\/reforma-previdencia.jpg?fit=736%2C417&ssl=1&resize=700%2C400 2x"},"classes":[]},{"id":1840,"url":"https:\/\/cfcontabil.com\/cf\/entregadores-motoboys-e-frentistas-terao-aposentadoria-especial-no-inss\/","url_meta":{"origin":2041,"position":4},"title":"Entregadores, motoboys e frentistas ter\u00e3o aposentadoria especial no INSS","author":"Ab\u00edlio Gon\u00e7alves","date":"1 de novembro de 2019","format":false,"excerpt":"Muitos destes trabalhadores utilizam aplicativos de entrega de comida ou pequenas encomendas. A\u00a0Reforma da Previd\u00eancia\u00a0n\u00e3o vai mexer com a aposentadoria de atividades de risco. Com isso, seguran\u00e7as e vigilantes patrimoniais, frentistas e trabalhadores em postos de combust\u00edveis, motoboys e entregadores, motorista de caminh\u00e3o-tanque, eletricit\u00e1rios expostos a tens\u00e3o acima de 250\u2026","rel":"","context":"Em &quot;Departamento Pessoal&quot;","block_context":{"text":"Departamento Pessoal","link":"https:\/\/cfcontabil.com\/cf\/category\/dp\/"},"img":{"alt_text":"","src":"https:\/\/i0.wp.com\/cfcontabil.com\/cf\/wp-content\/uploads\/2019\/10\/motoboy.jpg?fit=679%2C452&ssl=1&resize=350%2C200","width":350,"height":200,"srcset":"https:\/\/i0.wp.com\/cfcontabil.com\/cf\/wp-content\/uploads\/2019\/10\/motoboy.jpg?fit=679%2C452&ssl=1&resize=350%2C200 1x, https:\/\/i0.wp.com\/cfcontabil.com\/cf\/wp-content\/uploads\/2019\/10\/motoboy.jpg?fit=679%2C452&ssl=1&resize=525%2C300 1.5x"},"classes":[]},{"id":1883,"url":"https:\/\/cfcontabil.com\/cf\/governo-informa-que-cobrara-contribuicao-previdenciaria-de-quem-receber-seguro-desemprego\/","url_meta":{"origin":2041,"position":5},"title":"Governo informa que cobrar\u00e1 contribui\u00e7\u00e3o previdenci\u00e1ria de quem receber seguro-desemprego","author":"Ab\u00edlio Gon\u00e7alves","date":"12 de novembro de 2019","format":false,"excerpt":"Segundo secret\u00e1rio de Previd\u00eancia, medida permitir\u00e1 ao benefici\u00e1rio contar tempo para aposentadoria. Governo estima arrecadar at\u00e9 R$ 12 bi em cinco anos. O secret\u00e1rio de Previd\u00eancia do\u00a0Minist\u00e9rio da Economia, Rog\u00e9rio Marinho, informou nesta segunda-feira (11) que o governo passar\u00e1 a cobrar contribui\u00e7\u00e3o previdenci\u00e1ria de quem receber seguro-desemprego. De acordo com\u2026","rel":"","context":"Em &quot;Departamento Pessoal&quot;","block_context":{"text":"Departamento Pessoal","link":"https:\/\/cfcontabil.com\/cf\/category\/dp\/"},"img":{"alt_text":"","src":"https:\/\/i0.wp.com\/cfcontabil.com\/cf\/wp-content\/uploads\/2019\/11\/salario.jpg?fit=703%2C436&ssl=1&resize=350%2C200","width":350,"height":200,"srcset":"https:\/\/i0.wp.com\/cfcontabil.com\/cf\/wp-content\/uploads\/2019\/11\/salario.jpg?fit=703%2C436&ssl=1&resize=350%2C200 1x, https:\/\/i0.wp.com\/cfcontabil.com\/cf\/wp-content\/uploads\/2019\/11\/salario.jpg?fit=703%2C436&ssl=1&resize=525%2C300 1.5x, https:\/\/i0.wp.com\/cfcontabil.com\/cf\/wp-content\/uploads\/2019\/11\/salario.jpg?fit=703%2C436&ssl=1&resize=700%2C400 2x"},"classes":[]}],"jetpack_likes_enabled":true,"_links":{"self":[{"href":"https:\/\/cfcontabil.com\/cf\/wp-json\/wp\/v2\/posts\/2041","targetHints":{"allow":["GET"]}}],"collection":[{"href":"https:\/\/cfcontabil.com\/cf\/wp-json\/wp\/v2\/posts"}],"about":[{"href":"https:\/\/cfcontabil.com\/cf\/wp-json\/wp\/v2\/types\/post"}],"author":[{"embeddable":true,"href":"https:\/\/cfcontabil.com\/cf\/wp-json\/wp\/v2\/users\/1"}],"replies":[{"embeddable":true,"href":"https:\/\/cfcontabil.com\/cf\/wp-json\/wp\/v2\/comments?post=2041"}],"version-history":[{"count":1,"href":"https:\/\/cfcontabil.com\/cf\/wp-json\/wp\/v2\/posts\/2041\/revisions"}],"predecessor-version":[{"id":2043,"href":"https:\/\/cfcontabil.com\/cf\/wp-json\/wp\/v2\/posts\/2041\/revisions\/2043"}],"wp:featuredmedia":[{"embeddable":true,"href":"https:\/\/cfcontabil.com\/cf\/wp-json\/wp\/v2\/media\/2042"}],"wp:attachment":[{"href":"https:\/\/cfcontabil.com\/cf\/wp-json\/wp\/v2\/media?parent=2041"}],"wp:term":[{"taxonomy":"category","embeddable":true,"href":"https:\/\/cfcontabil.com\/cf\/wp-json\/wp\/v2\/categories?post=2041"},{"taxonomy":"post_tag","embeddable":true,"href":"https:\/\/cfcontabil.com\/cf\/wp-json\/wp\/v2\/tags?post=2041"}],"curies":[{"name":"wp","href":"https:\/\/api.w.org\/{rel}","templated":true}]}}