{"id":2050,"date":"2020-01-07T10:08:54","date_gmt":"2020-01-07T13:08:54","guid":{"rendered":"http:\/\/cfcontabil.com\/cf\/?p=2050"},"modified":"2020-01-07T10:08:54","modified_gmt":"2020-01-07T13:08:54","slug":"e-falsa-intimacao-da-receita-federal-enviada-por-correios-pedindo-dados-cadastrais","status":"publish","type":"post","link":"https:\/\/cfcontabil.com\/cf\/e-falsa-intimacao-da-receita-federal-enviada-por-correios-pedindo-dados-cadastrais\/","title":{"rendered":"\u00c9 falsa intima\u00e7\u00e3o da Receita Federal enviada por correios pedindo dados cadastrais"},"content":{"rendered":"<h2 class=\"abre-noticia\">No of\u00edcio, os criminosos mandam a pessoa acessar um endere\u00e7o eletr\u00f4nico e seguir as instru\u00e7\u00f5es do site, afirmando que \u00e9 um processo &#8220;simples e r\u00e1pido&#8221;<\/h2>\n<p>Uma falsa intima\u00e7\u00e3o da Receita Federal est\u00e1 chegando pelos correios solicitando dados cadastrais de pessoas f\u00edsicas. O documento diz que a Receita &#8220;detectou inconsist\u00eancias&#8221; e que a situa\u00e7\u00e3o &#8220;est\u00e1 gerando conflitos quanto ao processamento&#8221; de informa\u00e7\u00f5es banc\u00e1rias. O of\u00edcio ainda diz que o nome da pessoa est\u00e1 em uma &#8220;malha fina&#8221;.<\/p>\n<p class=\"texto\">No of\u00edcio, os criminosos mandam a pessoa acessar um endere\u00e7o eletr\u00f4nico e seguir as instru\u00e7\u00f5es de um site, afirmando que \u00e9 um processo &#8220;simples e r\u00e1pido&#8221;.\u00a0O documento diz\u00a0que o site foi criado &#8220;exclusivamente para atender os cadastros de Pessoa F\u00edsica com graves irregularidades&#8221;.<\/p>\n<p class=\"texto\">&#8220;Nenhuma unidade da Receita Federal est\u00e1 autorizada a receber seus dados, pois trata-se de dados sigilosos, e dever\u00e3o ser feitos somente atrav\u00e9s do endere\u00e7o eletr\u00f4nico acima citado\u201d, finaliza o of\u00edcio.<\/p>\n<p class=\"texto\"><strong>Confira:<\/strong><\/p>\n<figure class=\"Center\"><img data-recalc-dims=\"1\" decoding=\"async\" title=\"No of\u00edcio os criminosos mandam a pessoa acessar um endere\u00e7o eletr\u00f4nico e seguir as instru\u00e7\u00f5es do site, afirmando que \u00e9 um processo &quot;simples e r\u00e1pido&quot;.\" src=\"https:\/\/i0.wp.com\/www.opovo.com.br\/_midias\/jpg\/2020\/01\/06\/golpe-11266977.jpg?w=1170&#038;ssl=1\" alt=\"No of\u00edcio os criminosos mandam a pessoa acessar um endere\u00e7o eletr\u00f4nico e seguir as instru\u00e7\u00f5es do site, afirmando que \u00e9 um processo &quot;simples e r\u00e1pido&quot;.\" \/><figcaption class=\"figcaption icon-img-noticias\">No of\u00edcio os criminosos mandam a pessoa acessar um endere\u00e7o eletr\u00f4nico e seguir as instru\u00e7\u00f5es do site, afirmando que \u00e9 um processo &#8220;simples e r\u00e1pido&#8221;. (Foto: Reprodu\u00e7\u00e3o\/WhatsApp)<\/figcaption><\/figure>\n","protected":false},"excerpt":{"rendered":"<p>No of\u00edcio, os criminosos mandam a pessoa acessar um endere\u00e7o eletr\u00f4nico e seguir as instru\u00e7\u00f5es do site, afirmando que \u00e9 um processo &#8220;simples e r\u00e1pido&#8221; Uma falsa intima\u00e7\u00e3o da Receita Federal est\u00e1 chegando pelos correios solicitando dados cadastrais de pessoas f\u00edsicas. O documento diz que a Receita &#8220;detectou inconsist\u00eancias&#8221; e que a situa\u00e7\u00e3o &#8220;est\u00e1 gerando [&hellip;]<\/p>\n","protected":false},"author":1,"featured_media":2051,"comment_status":"open","ping_status":"open","sticky":false,"template":"","format":"standard","meta":{"jetpack_post_was_ever_published":false,"_jetpack_newsletter_access":"","_jetpack_dont_email_post_to_subs":false,"_jetpack_newsletter_tier_id":0,"_jetpack_memberships_contains_paywalled_content":false,"_jetpack_memberships_contains_paid_content":false,"footnotes":"","jetpack_publicize_message":"","jetpack_publicize_feature_enabled":true,"jetpack_social_post_already_shared":true,"jetpack_social_options":{"image_generator_settings":{"template":"highway","default_image_id":0,"font":"","enabled":false},"version":2}},"categories":[22],"tags":[71,85,741,74],"class_list":["post-2050","post","type-post","status-publish","format-standard","has-post-thumbnail","hentry","category-geral","tag-federal","tag-golpe","tag-oficio","tag-receita"],"jetpack_publicize_connections":[],"jetpack_featured_media_url":"https:\/\/i0.wp.com\/cfcontabil.com\/cf\/wp-content\/uploads\/2020\/01\/golpe-intima%C3%A7%C3%A3o.jpg?fit=742%2C510&ssl=1","jetpack_sharing_enabled":true,"jetpack_shortlink":"https:\/\/wp.me\/p2wklX-x4","jetpack-related-posts":[{"id":2541,"url":"https:\/\/cfcontabil.com\/cf\/receita-federal-novos-servicos-por-processo-digital\/","url_meta":{"origin":2050,"position":0},"title":"Receita Federal: novos servi\u00e7os por processo digital","author":"Ab\u00edlio Gon\u00e7alves","date":"5 de agosto de 2021","format":false,"excerpt":"A partir de agora, servi\u00e7os relativos ao CAEPF e CNO que dependem de an\u00e1lise de um servidor da Receita Federal poder\u00e3o ser solicitados via processo digital, aberto pelo pr\u00f3prio contribuinte no e-CAC. A Receita Federal disponibilizou nesta segunda-feira, 02 de agosto, novos servi\u00e7os que passam a ser solicitados por meio\u2026","rel":"","context":"Em &quot;Geral&quot;","block_context":{"text":"Geral","link":"https:\/\/cfcontabil.com\/cf\/category\/geral\/"},"img":{"alt_text":"","src":"https:\/\/i0.wp.com\/cfcontabil.com\/cf\/wp-content\/uploads\/2017\/02\/receita-federal-1-1.png?fit=702%2C325&ssl=1&resize=350%2C200","width":350,"height":200,"srcset":"https:\/\/i0.wp.com\/cfcontabil.com\/cf\/wp-content\/uploads\/2017\/02\/receita-federal-1-1.png?fit=702%2C325&ssl=1&resize=350%2C200 1x, https:\/\/i0.wp.com\/cfcontabil.com\/cf\/wp-content\/uploads\/2017\/02\/receita-federal-1-1.png?fit=702%2C325&ssl=1&resize=525%2C300 1.5x, https:\/\/i0.wp.com\/cfcontabil.com\/cf\/wp-content\/uploads\/2017\/02\/receita-federal-1-1.png?fit=702%2C325&ssl=1&resize=700%2C400 2x"},"classes":[]},{"id":735,"url":"https:\/\/cfcontabil.com\/cf\/saiba-como-acompanhar-a-situacao-da-sua-declaracao-de-ir-2016\/","url_meta":{"origin":2050,"position":1},"title":"Saiba como acompanhar a situa\u00e7\u00e3o da sua declara\u00e7\u00e3o de IR 2016","author":"Ab\u00edlio Gon\u00e7alves","date":"5 de abril de 2016","format":false,"excerpt":"Uma d\u00favida\u00a0frequente nesta \u00e9poca \u00e9 como identificar se \u00a0a declara\u00e7\u00e3o transmitida n\u00e3o caiu na temida \"Malha Fina\". \u00c9 uma tarefa relativamente simples e muito recomendada\u00a0para acompanhar a sua situa\u00e7\u00e3o junto a Receita Federal e evitar surpresas. Acompanhe a mat\u00e9ria reproduzida abaixo e saiba tudo o que precisa: A Receita Federal\u2026","rel":"","context":"Em &quot;Consultoria Empresarial&quot;","block_context":{"text":"Consultoria Empresarial","link":"https:\/\/cfcontabil.com\/cf\/category\/consultoria\/"},"img":{"alt_text":"","src":"https:\/\/i0.wp.com\/imguol.com\/c\/noticias\/2015\/03\/09\/selo-imposto-de-renda--ilustracoes-para-o-passo-a-passo-1425935483435_615x300.jpg?resize=350%2C200","width":350,"height":200,"srcset":"https:\/\/i0.wp.com\/imguol.com\/c\/noticias\/2015\/03\/09\/selo-imposto-de-renda--ilustracoes-para-o-passo-a-passo-1425935483435_615x300.jpg?resize=350%2C200 1x, https:\/\/i0.wp.com\/imguol.com\/c\/noticias\/2015\/03\/09\/selo-imposto-de-renda--ilustracoes-para-o-passo-a-passo-1425935483435_615x300.jpg?resize=525%2C300 1.5x"},"classes":[]},{"id":430,"url":"https:\/\/cfcontabil.com\/cf\/esocial-o-que-e-e-a-quem-interessa\/","url_meta":{"origin":2050,"position":2},"title":"eSocial: o que \u00e9 e a quem interessa","author":"Vin\u00edcius Moizinho","date":"15 de janeiro de 2014","format":false,"excerpt":"Boa tarde, prezados. Para a conversa de hoje trazemos um dos assuntos mais interessantes de 2014, a implanta\u00e7\u00e3o do maior e mais ambicioso projeto do SPED: o SPED Social ou eSocial. O projeto, que envolve a Receita Federal, o Minist\u00e9rio do Trabalho, o INSS e a Caixa Econ\u00f4mica Federal, \u00e9\u2026","rel":"","context":"Em &quot;Consultoria Empresarial&quot;","block_context":{"text":"Consultoria Empresarial","link":"https:\/\/cfcontabil.com\/cf\/category\/consultoria\/"},"img":{"alt_text":"","src":"https:\/\/i0.wp.com\/www.lg.com.br\/esocial\/images\/telas.jpg?resize=350%2C200","width":350,"height":200,"srcset":"https:\/\/i0.wp.com\/www.lg.com.br\/esocial\/images\/telas.jpg?resize=350%2C200 1x, https:\/\/i0.wp.com\/www.lg.com.br\/esocial\/images\/telas.jpg?resize=525%2C300 1.5x"},"classes":[]},{"id":2186,"url":"https:\/\/cfcontabil.com\/cf\/secretario-da-receita-diz-que-nao-ha-adiamento-do-prazo-de-entrega-do-irpf\/","url_meta":{"origin":2050,"position":3},"title":"Secret\u00e1rio da Receita diz que n\u00e3o h\u00e1 adiamento do prazo de entrega do IRPF","author":"Ab\u00edlio Gon\u00e7alves","date":"25 de mar\u00e7o de 2020","format":false,"excerpt":"Segundo Tostes, a not\u00edcia sobre adiamento \u00e9 \u201cimprocedente\u201d. Adriana Fernandes - Estad\u00e3o Conte\u00fado O secret\u00e1rio da Receita Federal, Jos\u00e9 Tostes, informou ao jornal O Estado de S. Paulo, por meio da assessoria de comunica\u00e7\u00e3o do Minist\u00e9rio da Economia, que n\u00e3o houve nenhuma mudan\u00e7a no prazo final de entrega da declara\u00e7\u00e3o\u2026","rel":"","context":"Em &quot;Departamento Fiscal&quot;","block_context":{"text":"Departamento Fiscal","link":"https:\/\/cfcontabil.com\/cf\/category\/df\/"},"img":{"alt_text":"","src":"https:\/\/i0.wp.com\/cfcontabil.com\/cf\/wp-content\/uploads\/2016\/03\/entrega-do-imposto-de-renda-2.jpg?fit=645%2C320&ssl=1&resize=350%2C200","width":350,"height":200,"srcset":"https:\/\/i0.wp.com\/cfcontabil.com\/cf\/wp-content\/uploads\/2016\/03\/entrega-do-imposto-de-renda-2.jpg?fit=645%2C320&ssl=1&resize=350%2C200 1x, https:\/\/i0.wp.com\/cfcontabil.com\/cf\/wp-content\/uploads\/2016\/03\/entrega-do-imposto-de-renda-2.jpg?fit=645%2C320&ssl=1&resize=525%2C300 1.5x"},"classes":[]},{"id":2247,"url":"https:\/\/cfcontabil.com\/cf\/regularizar-cpf\/","url_meta":{"origin":2050,"position":4},"title":"Regularizar CPF","author":"Ab\u00edlio Gon\u00e7alves","date":"8 de abril de 2020","format":false,"excerpt":"Nota de esclarecimento sobre regulariza\u00e7\u00e3o do CPF para recebimento de aux\u00edlio emergencial de R$ 600,00 para trabalhadores informais, desempregados, MEIs e contribuintes individuais do INSS Servi\u00e7o de regulariza\u00e7\u00e3o est\u00e1 dispon\u00edvel 24 horas por dia, 7 dias da semana. Conforme amplamente anunciado, o Governo Federal disponibilizou aux\u00edlio emergencial de R$ 600,00\u2026","rel":"","context":"Em \"altera\u00e7\u00e3o\"","block_context":{"text":"altera\u00e7\u00e3o","link":"https:\/\/cfcontabil.com\/cf\/tag\/alteracao\/"},"img":{"alt_text":"","src":"https:\/\/i0.wp.com\/cfcontabil.com\/cf\/wp-content\/uploads\/2020\/04\/cpf.png?fit=400%2C256&ssl=1&resize=350%2C200","width":350,"height":200},"classes":[]},{"id":1164,"url":"https:\/\/cfcontabil.com\/cf\/receita-paga-hoje-restituicao-residual-do-imposto-de-renda-pessoa-fisica\/","url_meta":{"origin":2050,"position":5},"title":"Receita paga hoje restitui\u00e7\u00e3o residual do Imposto de Renda Pessoa F\u00edsica","author":"Ab\u00edlio Gon\u00e7alves","date":"16 de maio de 2017","format":false,"excerpt":"A Receita Federal paga hoje (15) restitui\u00e7\u00e3o residual do Imposto de Renda da Pessoa F\u00edsica (IRPF), referente aos exerc\u00edcios de 2008 a 2016. O cr\u00e9dito banc\u00e1rio para 128.232 contribuintes totaliza R$ 213,4 milh\u00f5es, dos quais R$ 74,7 milh\u00f5es se referem aos contribuintes com direito a prioridade no recebimento: 22.107 idosos\u2026","rel":"","context":"Em &quot;Departamento Fiscal&quot;","block_context":{"text":"Departamento Fiscal","link":"https:\/\/cfcontabil.com\/cf\/category\/df\/"},"img":{"alt_text":"","src":"https:\/\/i0.wp.com\/cfcontabil.com\/cf\/wp-content\/uploads\/2017\/02\/irpfrfb-1.jpg?fit=640%2C340&ssl=1&resize=350%2C200","width":350,"height":200,"srcset":"https:\/\/i0.wp.com\/cfcontabil.com\/cf\/wp-content\/uploads\/2017\/02\/irpfrfb-1.jpg?fit=640%2C340&ssl=1&resize=350%2C200 1x, https:\/\/i0.wp.com\/cfcontabil.com\/cf\/wp-content\/uploads\/2017\/02\/irpfrfb-1.jpg?fit=640%2C340&ssl=1&resize=525%2C300 1.5x"},"classes":[]}],"jetpack_likes_enabled":true,"_links":{"self":[{"href":"https:\/\/cfcontabil.com\/cf\/wp-json\/wp\/v2\/posts\/2050","targetHints":{"allow":["GET"]}}],"collection":[{"href":"https:\/\/cfcontabil.com\/cf\/wp-json\/wp\/v2\/posts"}],"about":[{"href":"https:\/\/cfcontabil.com\/cf\/wp-json\/wp\/v2\/types\/post"}],"author":[{"embeddable":true,"href":"https:\/\/cfcontabil.com\/cf\/wp-json\/wp\/v2\/users\/1"}],"replies":[{"embeddable":true,"href":"https:\/\/cfcontabil.com\/cf\/wp-json\/wp\/v2\/comments?post=2050"}],"version-history":[{"count":1,"href":"https:\/\/cfcontabil.com\/cf\/wp-json\/wp\/v2\/posts\/2050\/revisions"}],"predecessor-version":[{"id":2052,"href":"https:\/\/cfcontabil.com\/cf\/wp-json\/wp\/v2\/posts\/2050\/revisions\/2052"}],"wp:featuredmedia":[{"embeddable":true,"href":"https:\/\/cfcontabil.com\/cf\/wp-json\/wp\/v2\/media\/2051"}],"wp:attachment":[{"href":"https:\/\/cfcontabil.com\/cf\/wp-json\/wp\/v2\/media?parent=2050"}],"wp:term":[{"taxonomy":"category","embeddable":true,"href":"https:\/\/cfcontabil.com\/cf\/wp-json\/wp\/v2\/categories?post=2050"},{"taxonomy":"post_tag","embeddable":true,"href":"https:\/\/cfcontabil.com\/cf\/wp-json\/wp\/v2\/tags?post=2050"}],"curies":[{"name":"wp","href":"https:\/\/api.w.org\/{rel}","templated":true}]}}