{"id":2074,"date":"2020-01-16T14:39:43","date_gmt":"2020-01-16T17:39:43","guid":{"rendered":"http:\/\/cfcontabil.com\/cf\/?p=2074"},"modified":"2020-01-16T14:39:43","modified_gmt":"2020-01-16T17:39:43","slug":"governo-quer-liberar-pagamentos-de-contas-e-impostos-por-meio-de-bancos-digitais","status":"publish","type":"post","link":"https:\/\/cfcontabil.com\/cf\/governo-quer-liberar-pagamentos-de-contas-e-impostos-por-meio-de-bancos-digitais\/","title":{"rendered":"Governo quer liberar pagamentos de contas e impostos por meio de bancos digitais"},"content":{"rendered":"<h2 class=\"historia-subtitulo\">Atualmente, \u00e9 necess\u00e1rio que opera\u00e7\u00e3o seja intermediada por bancos tradicionais; mudan\u00e7a ainda est\u00e1 em fase de discuss\u00e3o<\/h2>\n<p><img data-recalc-dims=\"1\" decoding=\"async\" src=\"https:\/\/i0.wp.com\/computerworld.com.br\/wp-content\/uploads\/2020\/01\/Governo-quer-liberar-pagamentos-de-contas-e-impostos-por-meio-de-bancos-digitais.jpg?w=1170&#038;ssl=1\" \/><\/p>\n<p>Em um movimento para ampliar a participa\u00e7\u00e3o de outros atores dentro do setor banc\u00e1rio,\u00a0<strong>Governo<\/strong>\u00a0e\u00a0<strong>Receita Federal\u00a0<\/strong>estudam formas para viabilizar que fintechs e bancos pequenos e m\u00e9dios sejam capazes de gerar o pagamento de contas e tributos, respectivamente.<\/p>\n<p>No processo atual, todas as contas e impostos realizados por fintechs ou institui\u00e7\u00f5es menores s\u00e3o intermediadas pelas institui\u00e7\u00f5es tradicionais (<strong>Banco do Brasil, Bradesco, Caixa, Ita\u00fa\u00a0<\/strong>e\u00a0<strong>Santander<\/strong>), que possuem conv\u00eanio com as grandes empresas e s\u00e3o remuneradas por esse trabalho.<\/p>\n<p>De janeiro a setembro de 2019, esses servi\u00e7os de arrecada\u00e7\u00e3o geraram receita total de R$8,9 bilh\u00f5es.<\/p>\n<p>O que o governo estuda no momento \u00e9 permitir que esse pagamento seja realizado por mais companhias, dando ao mercado o poder de autorregular o servi\u00e7o.<\/p>\n<p>Uma alternativa para essa nova estrutura seria alterar o processo de gera\u00e7\u00e3o de c\u00f3digo de barras de contas e impostos, atualmente gerado bancos conveniados, seja controlado pela\u00a0<strong>C\u00e2mara Interbanc\u00e1ria de Pagamentos (CIP)<\/strong>\u00a0Dessa forma institui\u00e7\u00f5es digitais teriam a possibilidade para realizar a\u00a0opera\u00e7\u00e3o.<\/p>\n<p>No momento atual da discuss\u00e3o, os bancos se mostram dispostos a avaliar um novo modelo, mas sustentam a necessidade de remunera\u00e7\u00e3o por conta dos custos gerados na rede f\u00edsica.<\/p>\n<p><em>*Com informa\u00e7\u00f5es do\u00a0<\/em><a class=\"link-hover\" href=\"https:\/\/valor.globo.com\/financas\/noticia\/2020\/01\/15\/pagamento-de-contas-podera-ser-feito-em-bancos-digitais.ghtml\" target=\"_blank\" rel=\"noreferrer noopener\"><em>Valor Econ\u00f4mico<\/em><\/a><\/p>\n","protected":false},"excerpt":{"rendered":"<p>Atualmente, \u00e9 necess\u00e1rio que opera\u00e7\u00e3o seja intermediada por bancos tradicionais; mudan\u00e7a ainda est\u00e1 em fase de discuss\u00e3o Em um movimento para ampliar a participa\u00e7\u00e3o de outros atores dentro do setor banc\u00e1rio,\u00a0Governo\u00a0e\u00a0Receita Federal\u00a0estudam formas para viabilizar que fintechs e bancos pequenos e m\u00e9dios sejam capazes de gerar o pagamento de contas e tributos, respectivamente. No processo [&hellip;]<\/p>\n","protected":false},"author":1,"featured_media":2075,"comment_status":"open","ping_status":"open","sticky":false,"template":"","format":"standard","meta":{"jetpack_post_was_ever_published":false,"_jetpack_newsletter_access":"","_jetpack_dont_email_post_to_subs":false,"_jetpack_newsletter_tier_id":0,"_jetpack_memberships_contains_paywalled_content":false,"_jetpack_memberships_contains_paid_content":false,"footnotes":"","jetpack_publicize_message":"","jetpack_publicize_feature_enabled":true,"jetpack_social_post_already_shared":true,"jetpack_social_options":{"image_generator_settings":{"template":"highway","default_image_id":0,"font":"","enabled":false},"version":2}},"categories":[22],"tags":[440,444,304,96],"class_list":["post-2074","post","type-post","status-publish","format-standard","has-post-thumbnail","hentry","category-geral","tag-banco","tag-digital","tag-governo","tag-pagamento"],"jetpack_publicize_connections":[],"jetpack_featured_media_url":"https:\/\/i0.wp.com\/cfcontabil.com\/cf\/wp-content\/uploads\/2020\/01\/banco-digital.jpg?fit=660%2C372&ssl=1","jetpack_sharing_enabled":true,"jetpack_shortlink":"https:\/\/wp.me\/p2wklX-xs","jetpack-related-posts":[{"id":1972,"url":"https:\/\/cfcontabil.com\/cf\/dez-opcoes-de-contas-digitais-para-meis-e-pequenos-empresarios\/","url_meta":{"origin":2074,"position":0},"title":"Dez op\u00e7\u00f5es de contas digitais para MEIs e pequenos empres\u00e1rios","author":"Ab\u00edlio Gon\u00e7alves","date":"3 de dezembro de 2019","format":false,"excerpt":"De olho neste mercado, fintechs oferecem desde tarifa de manuten\u00e7\u00e3o zero a boletos sem custos e Ted's gratuitos A onda de fintechs que atingiu seis em cada dez brasileiros (64%) que t\u00eam acesso a computadores e celulares est\u00e1 cada vez mais pr\u00f3xima de atingir tamb\u00e9m os microempreendedores e pequenos neg\u00f3cios.\u2026","rel":"","context":"Em &quot;Consultoria Empresarial&quot;","block_context":{"text":"Consultoria Empresarial","link":"https:\/\/cfcontabil.com\/cf\/category\/consultoria\/"},"img":{"alt_text":"","src":"https:\/\/i0.wp.com\/cfcontabil.com\/cf\/wp-content\/uploads\/2019\/12\/contas-digitais.jpg?fit=678%2C452&ssl=1&resize=350%2C200","width":350,"height":200,"srcset":"https:\/\/i0.wp.com\/cfcontabil.com\/cf\/wp-content\/uploads\/2019\/12\/contas-digitais.jpg?fit=678%2C452&ssl=1&resize=350%2C200 1x, https:\/\/i0.wp.com\/cfcontabil.com\/cf\/wp-content\/uploads\/2019\/12\/contas-digitais.jpg?fit=678%2C452&ssl=1&resize=525%2C300 1.5x"},"classes":[]},{"id":1205,"url":"https:\/\/cfcontabil.com\/cf\/os-dedos-duros-do-ir-que-te-fazem-cair-na-malha-fina\/","url_meta":{"origin":2074,"position":1},"title":"Os dedos-duros do IR que te fazem cair na malha fina","author":"Ab\u00edlio Gon\u00e7alves","date":"12 de abril de 2016","format":false,"excerpt":"O contribuinte que est\u00e1 obrigado a declarar o Imposto de Renda (IR) 2016 precisa ter aten\u00e7\u00e3o redobrada ao preencher alguns dados da declara\u00e7\u00e3o que \"deduram\" ao Fisco eventuais omiss\u00f5es ou inconsist\u00eancias. A cada ano, a Receita Federal exige que mais empresas e entidades enviem informa\u00e7\u00f5es sobre as movimenta\u00e7\u00f5es dos contribuintes\u2026","rel":"","context":"Em &quot;Geral&quot;","block_context":{"text":"Geral","link":"https:\/\/cfcontabil.com\/cf\/category\/geral\/"},"img":{"alt_text":"","src":"","width":0,"height":0},"classes":[]},{"id":2976,"url":"https:\/\/cfcontabil.com\/cf\/desvendando-o-dedo-duro-do-imposto-de-renda-o-cruzamento-de-informacoes\/","url_meta":{"origin":2074,"position":2},"title":"Desvendando o &#8220;dedo-duro&#8221; do Imposto de Renda: O Cruzamento de Informa\u00e7\u00f5es","author":"Ab\u00edlio Gon\u00e7alves","date":"7 de maio de 2024","format":false,"excerpt":"Voc\u00ea j\u00e1 se perguntou como a Receita Federal consegue detectar inconsist\u00eancias, omiss\u00f5es, mentiras e fraudes na declara\u00e7\u00e3o de Imposto de Renda? O segredo est\u00e1 no eficiente mecanismo de cruzamento de informa\u00e7\u00f5es. Quando voc\u00ea submete sua declara\u00e7\u00e3o de IR, todas as informa\u00e7\u00f5es fornecidas s\u00e3o minuciosamente comparadas com os dados provenientes de\u2026","rel":"","context":"Em &quot;Geral&quot;","block_context":{"text":"Geral","link":"https:\/\/cfcontabil.com\/cf\/category\/geral\/"},"img":{"alt_text":"","src":"https:\/\/i0.wp.com\/cfcontabil.com\/cf\/wp-content\/uploads\/2024\/05\/cruzamento-cfcontabil.png?fit=1200%2C675&ssl=1&resize=350%2C200","width":350,"height":200,"srcset":"https:\/\/i0.wp.com\/cfcontabil.com\/cf\/wp-content\/uploads\/2024\/05\/cruzamento-cfcontabil.png?fit=1200%2C675&ssl=1&resize=350%2C200 1x, https:\/\/i0.wp.com\/cfcontabil.com\/cf\/wp-content\/uploads\/2024\/05\/cruzamento-cfcontabil.png?fit=1200%2C675&ssl=1&resize=525%2C300 1.5x, https:\/\/i0.wp.com\/cfcontabil.com\/cf\/wp-content\/uploads\/2024\/05\/cruzamento-cfcontabil.png?fit=1200%2C675&ssl=1&resize=700%2C400 2x, https:\/\/i0.wp.com\/cfcontabil.com\/cf\/wp-content\/uploads\/2024\/05\/cruzamento-cfcontabil.png?fit=1200%2C675&ssl=1&resize=1050%2C600 3x"},"classes":[]},{"id":1936,"url":"https:\/\/cfcontabil.com\/cf\/governo-avalia-imposto-de-renda-de-35-para-salarios-acima-de-r-39-mil\/","url_meta":{"origin":2074,"position":3},"title":"Governo avalia Imposto de Renda de 35% para sal\u00e1rios acima de R$ 39 mil","author":"Ab\u00edlio Gon\u00e7alves","date":"21 de novembro de 2019","format":false,"excerpt":"A ideia \u00e9 conseguir receitas para compensar a desonera\u00e7\u00e3o da folha de pagamentos, medida de redu\u00e7\u00e3o de custo da m\u00e3o de obra e que representaria perda de dinheiro para os cofres p\u00fablicos A equipe econ\u00f4mica avalia alterar al\u00edquotas de Imposto de Renda de pessoas f\u00edsicas e aumentar a cobran\u00e7a sobre\u2026","rel":"","context":"Em &quot;Departamento Fiscal&quot;","block_context":{"text":"Departamento Fiscal","link":"https:\/\/cfcontabil.com\/cf\/category\/df\/"},"img":{"alt_text":"","src":"https:\/\/i0.wp.com\/cfcontabil.com\/cf\/wp-content\/uploads\/2019\/11\/Receita-Federal.jpg?fit=1200%2C675&ssl=1&resize=350%2C200","width":350,"height":200,"srcset":"https:\/\/i0.wp.com\/cfcontabil.com\/cf\/wp-content\/uploads\/2019\/11\/Receita-Federal.jpg?fit=1200%2C675&ssl=1&resize=350%2C200 1x, https:\/\/i0.wp.com\/cfcontabil.com\/cf\/wp-content\/uploads\/2019\/11\/Receita-Federal.jpg?fit=1200%2C675&ssl=1&resize=525%2C300 1.5x, https:\/\/i0.wp.com\/cfcontabil.com\/cf\/wp-content\/uploads\/2019\/11\/Receita-Federal.jpg?fit=1200%2C675&ssl=1&resize=700%2C400 2x, https:\/\/i0.wp.com\/cfcontabil.com\/cf\/wp-content\/uploads\/2019\/11\/Receita-Federal.jpg?fit=1200%2C675&ssl=1&resize=1050%2C600 3x"},"classes":[]},{"id":2758,"url":"https:\/\/cfcontabil.com\/cf\/guia-completo-do-irpf-2022\/","url_meta":{"origin":2074,"position":4},"title":"GUIA COMPLETO DO IRPF 2022:","author":"Ab\u00edlio Gon\u00e7alves","date":"24 de fevereiro de 2022","format":false,"excerpt":"Quais os documentos necess\u00e1rios para preencher a declara\u00e7\u00e3o?","rel":"","context":"Em &quot;Imposto de Renda&quot;","block_context":{"text":"Imposto de Renda","link":"https:\/\/cfcontabil.com\/cf\/category\/imposto-de-renda\/"},"img":{"alt_text":"","src":"https:\/\/i0.wp.com\/cfcontabil.com\/cf\/wp-content\/uploads\/2022\/02\/Imposto-de-renda-2022-Miniatura-do-YouTube-1.png?fit=1200%2C675&ssl=1&resize=350%2C200","width":350,"height":200,"srcset":"https:\/\/i0.wp.com\/cfcontabil.com\/cf\/wp-content\/uploads\/2022\/02\/Imposto-de-renda-2022-Miniatura-do-YouTube-1.png?fit=1200%2C675&ssl=1&resize=350%2C200 1x, https:\/\/i0.wp.com\/cfcontabil.com\/cf\/wp-content\/uploads\/2022\/02\/Imposto-de-renda-2022-Miniatura-do-YouTube-1.png?fit=1200%2C675&ssl=1&resize=525%2C300 1.5x, https:\/\/i0.wp.com\/cfcontabil.com\/cf\/wp-content\/uploads\/2022\/02\/Imposto-de-renda-2022-Miniatura-do-YouTube-1.png?fit=1200%2C675&ssl=1&resize=700%2C400 2x, https:\/\/i0.wp.com\/cfcontabil.com\/cf\/wp-content\/uploads\/2022\/02\/Imposto-de-renda-2022-Miniatura-do-YouTube-1.png?fit=1200%2C675&ssl=1&resize=1050%2C600 3x"},"classes":[]},{"id":2133,"url":"https:\/\/cfcontabil.com\/cf\/antecipacao-de-irpf-ofertas-dos-bancos-atraem-contribuintes-atencao-as-regras\/","url_meta":{"origin":2074,"position":5},"title":"Antecipa\u00e7\u00e3o de IRPF: ofertas dos Bancos atraem contribuintes, aten\u00e7\u00e3o as regras!","author":"Ab\u00edlio Gon\u00e7alves","date":"6 de mar\u00e7o de 2020","format":false,"excerpt":"Com juros mais baixos que o normal,\u00a0 muitos contribuintes contratam empr\u00e9stimo para antecipar a devolu\u00e7\u00e3o do IR. Sem planejamento e estudo, na maioria dos casos n\u00e3o \u00e9 muito vantajoso. No geral, s\u00f3 vale a pena se houver urg\u00eancia para receber o dinheiro. Os principais bancos em opera\u00e7\u00e3o no Brasil anunciaram\u2026","rel":"","context":"Em &quot;Departamento Fiscal&quot;","block_context":{"text":"Departamento Fiscal","link":"https:\/\/cfcontabil.com\/cf\/category\/df\/"},"img":{"alt_text":"","src":"https:\/\/i0.wp.com\/cfcontabil.com\/cf\/wp-content\/uploads\/2020\/03\/IRPF-ANTECIPA%C3%87%C3%83O-RESTITUI%C3%87%C3%83O.jpeg?fit=1200%2C675&ssl=1&resize=350%2C200","width":350,"height":200,"srcset":"https:\/\/i0.wp.com\/cfcontabil.com\/cf\/wp-content\/uploads\/2020\/03\/IRPF-ANTECIPA%C3%87%C3%83O-RESTITUI%C3%87%C3%83O.jpeg?fit=1200%2C675&ssl=1&resize=350%2C200 1x, https:\/\/i0.wp.com\/cfcontabil.com\/cf\/wp-content\/uploads\/2020\/03\/IRPF-ANTECIPA%C3%87%C3%83O-RESTITUI%C3%87%C3%83O.jpeg?fit=1200%2C675&ssl=1&resize=525%2C300 1.5x, https:\/\/i0.wp.com\/cfcontabil.com\/cf\/wp-content\/uploads\/2020\/03\/IRPF-ANTECIPA%C3%87%C3%83O-RESTITUI%C3%87%C3%83O.jpeg?fit=1200%2C675&ssl=1&resize=700%2C400 2x, https:\/\/i0.wp.com\/cfcontabil.com\/cf\/wp-content\/uploads\/2020\/03\/IRPF-ANTECIPA%C3%87%C3%83O-RESTITUI%C3%87%C3%83O.jpeg?fit=1200%2C675&ssl=1&resize=1050%2C600 3x"},"classes":[]}],"jetpack_likes_enabled":true,"_links":{"self":[{"href":"https:\/\/cfcontabil.com\/cf\/wp-json\/wp\/v2\/posts\/2074","targetHints":{"allow":["GET"]}}],"collection":[{"href":"https:\/\/cfcontabil.com\/cf\/wp-json\/wp\/v2\/posts"}],"about":[{"href":"https:\/\/cfcontabil.com\/cf\/wp-json\/wp\/v2\/types\/post"}],"author":[{"embeddable":true,"href":"https:\/\/cfcontabil.com\/cf\/wp-json\/wp\/v2\/users\/1"}],"replies":[{"embeddable":true,"href":"https:\/\/cfcontabil.com\/cf\/wp-json\/wp\/v2\/comments?post=2074"}],"version-history":[{"count":1,"href":"https:\/\/cfcontabil.com\/cf\/wp-json\/wp\/v2\/posts\/2074\/revisions"}],"predecessor-version":[{"id":2076,"href":"https:\/\/cfcontabil.com\/cf\/wp-json\/wp\/v2\/posts\/2074\/revisions\/2076"}],"wp:featuredmedia":[{"embeddable":true,"href":"https:\/\/cfcontabil.com\/cf\/wp-json\/wp\/v2\/media\/2075"}],"wp:attachment":[{"href":"https:\/\/cfcontabil.com\/cf\/wp-json\/wp\/v2\/media?parent=2074"}],"wp:term":[{"taxonomy":"category","embeddable":true,"href":"https:\/\/cfcontabil.com\/cf\/wp-json\/wp\/v2\/categories?post=2074"},{"taxonomy":"post_tag","embeddable":true,"href":"https:\/\/cfcontabil.com\/cf\/wp-json\/wp\/v2\/tags?post=2074"}],"curies":[{"name":"wp","href":"https:\/\/api.w.org\/{rel}","templated":true}]}}