{"id":2098,"date":"2020-01-29T13:46:10","date_gmt":"2020-01-29T16:46:10","guid":{"rendered":"http:\/\/cfcontabil.com\/cf\/?p=2098"},"modified":"2020-01-29T13:46:10","modified_gmt":"2020-01-29T16:46:10","slug":"carnaval-comercio-do-df-funcionara-pela-1a-vez-no-domingo-e-na-segunda","status":"publish","type":"post","link":"https:\/\/cfcontabil.com\/cf\/carnaval-comercio-do-df-funcionara-pela-1a-vez-no-domingo-e-na-segunda\/","title":{"rendered":"Carnaval: com\u00e9rcio do DF funcionar\u00e1 pela 1\u00aa vez no domingo e na segunda"},"content":{"rendered":"<div>O<strong>\u00a0carnaval<\/strong>\u00a0\u00e9 um dos feriados mais esperados do pa\u00eds. Em\u00a0<strong>Bras\u00edlia<\/strong>, a festa que demorou a se consolidar, hoje apresenta uma diversidade de op\u00e7\u00f5es para os foli\u00f5es. Entre bloquinhos e festivais de m\u00fasica, a alegria tamb\u00e9m contagia a\u00a0<strong>economia<\/strong>. Segundo o Sindicato do Com\u00e9rcio Varejista (<strong>Sindivarejista<\/strong>), em 2019, foram gerados cerca de 2 mil empregos na capital, principalmente em lanchonetes, bares e restaurantes. Para este ano, a expectativa se mant\u00e9m.<\/div>\n<div><\/div>\n<div>Edson de Castro, presidente do Sindivarejista, explica que, para este ano, a estimativa \u00e9 de que 200 mil pessoas deixem Bras\u00edlia rumo a outras regi\u00f5es no feriado, n\u00famero inferior ao registrado em outros anos. Em 2019, por exemplo, 250 mil moradores passaram o carnaval fora. \u201cEm anos anteriores, especialmente no in\u00edcio dos anos 2000, cerca de 400 mil pessoas deixavam o DF\u201d, aponta. Para Edson, tal diminui\u00e7\u00e3o \u00e9 um indicativo da estabiliza\u00e7\u00e3o da folia brasiliense. \u201cEm 2020, no ano em que completa 60 anos, Bras\u00edlia j\u00e1 tem um carnaval consolidado, seja em clubes, seja nas ruas. Estima-se aumento de 4% nas vendas de produtos para o carnaval, como fantasias e adere\u00e7os, contra 3% do carnaval de 2019\u201d, afirma.<\/div>\n<div>\n<div>Com mais gente na cidade, o com\u00e9rcio vai alterar seu funcionamento. De acordo com o Sindivarejista, pela primeira vez na hist\u00f3ria da capital, as lojas abrir\u00e3o as portas no domingo e na segunda-feira, fechando apenas na ter\u00e7a-feira. Na quarta-feira de cinzas, funcionar\u00e3o normalmente. Nos \u00faltimos tr\u00eas anos, o com\u00e9rcio abriu somente no domingo. Alguns shoppings promover\u00e3o bailes infantis para que os pais possam curtir o carnaval despreocupados.<\/div>\n<div><\/div>\n<div>O empres\u00e1rio Gustavo Leal, 29 anos, est\u00e1 otimista para o per\u00edodo. Dono do bar Responsa, na Asa Sul, ele conta que os lucros gerados durante a festa s\u00e3o elevados. \u201cA import\u00e2ncia do carnaval para o bar \u00e9 muito grande, visto que somos um estabelecimento que est\u00e1 diretamente ligado ao ramo de entretenimento, o que acaba sendo o foco do carnaval\u201d, pontua. Este \u00e9 o segundo ano da empresa, e o empres\u00e1rio deseja ampliar as vendas com a expans\u00e3o do carnaval brasiliense. \u201cEsperamos um crescimento de 20% a 30% no faturamento\u201d, acrescenta.<\/div>\n<h3><strong>Prepara\u00e7\u00e3o<\/strong><\/h3>\n<div>Mesmo antes do carnaval \u2014 que neste ano ser\u00e1 em 25 de fevereiro \u2014, muitas lojas aproveitam as pr\u00e9vias da folia para movimentar as vendas em janeiro. A loja Rebuli\u00e7o, da empres\u00e1ria Luciana Lobato, 31, tem como objetivo enaltecer as festas da capital nesse per\u00edodo. \u201cVimos que o brasiliense precisava cada vez mais de acess\u00f3rios e de um local onde pudessem encontrar produtos para aproveitar a folia. Foi a\u00ed que a ideia surgiu\u201d, conta.<\/div>\n<div><\/div>\n<div><\/div>\n<div>Ao longo dos anos, Luciana tem observado o crescimento do carnaval brasiliense. \u201cBras\u00edlia est\u00e1 desenvolvendo uma cultura nova e entra no cen\u00e1rio nacional como cidade carnavalesca. Isso se d\u00e1 gra\u00e7as a iniciativas pequenas de blocos e marcas\u201d, enaltece a empres\u00e1ria. Al\u00e9m de idealizadora do projeto colaborativo, Luciana tamb\u00e9m faz parte da organiza\u00e7\u00e3o do bloco de rua Vai com as profanas e avalia que a festa tem crescido mais em fun\u00e7\u00e3o do esfor\u00e7o da popula\u00e7\u00e3o que do apoio governamental. \u201cComo amante e produtora do carnaval, \u00e9 fundamental o engajamento popular na realiza\u00e7\u00e3o da festa. \u00c9 preciso aplaudir os organizadores dos blocos, as escolas de samba e os foli\u00f5es que fazem tudo acontecer, mesmo que falte aux\u00edlio\u201d, analisa.<\/div>\n<div><\/div>\n<div>A empreendedora Layla Alves Moreno Rosa, 25, decidiu se arriscar no mercado carnavalesco. \u00c9 a primeira vez do sal\u00e3o Afro Itinerante na festa, e a empresa se prepara para o evento. \u201cN\u00f3s nunca fizemos nada parecido. \u00c9 a primeira data comemorativa em que oferecemos servi\u00e7os espec\u00edficos. Para esse ano, temos boas expectativas, j\u00e1 que temos mais pessoas trabalhando conosco e, consequentemente, poderemos oferecer mais op\u00e7\u00f5es para as clientes\u201d, conta Layla.<\/div>\n<div><\/div>\n<div>O sal\u00e3o oferece adere\u00e7os, acess\u00f3rios, maquiagens e tran\u00e7as para as foli\u00e3s. Layla lembra que o evento \u00e9 mais uma oportunidade de crescimento para seu neg\u00f3cio. \u201cVejo como uma chance de fazer a diferen\u00e7a e mostrar que o nosso trabalho vai muito al\u00e9m do cotidiano de um sal\u00e3o de beleza\u201d, afirma. \u201cAcredito que, hoje, tudo gira em torno das redes sociais. Precisamos nos adequar e estar atentos \u00e0s oportunidades. Carnaval nada mais \u00e9 que uma nova chance para criar um produto e uma promo\u00e7\u00e3o nova, al\u00e9m de chamar novos clientes\u201d, acrescenta a empres\u00e1ria.<\/div>\n<h3><strong>Oportunidade<\/strong><\/h3>\n<div>N\u00e3o \u00e9 apenas o mercado formal que fatura com o carnaval. Estudantes universit\u00e1rios, Alice Ferreira dos Santos, 23 anos, e seu namorado, Breno Amadeus Sales Marinho, 23, resolveram aproveitar o momento para vender bebidas e arrecadar dinheiro por conta pr\u00f3pria. No carnaval de 2019, o casal utilizou diversos bloquinhos de rua espalhados pela cidade como pontos de venda. \u201cA ideia surgiu porque ir\u00edamos viajar, e seria muito bom ter um dinheirinho a mais\u201d, lembra Alice, acrescentando que, que nesta \u00e9poca, assim como o consumo, a concorr\u00eancia tamb\u00e9m aumenta. \u201cAproveitamos a folia. Fomos fantasiados para chamar aten\u00e7\u00e3o dos consumidores e oferecemos tr\u00eas op\u00e7\u00f5es de bebida, num pre\u00e7o menor.\u201d<\/div>\n<div>\n<div>Para Breno, a venda nos bloquinhos uniu o \u00fatil ao agrad\u00e1vel. \u201cAl\u00e9m de arrecadar dinheiro, nos divertimos bastante. O clima do carnaval \u00e9 sempre muito leve, todo mundo feliz. Nem parecia que est\u00e1vamos trabalhando\u201d, brinca. Em 2020, o casal decidiu curtir de casa. Mas, ap\u00f3s a experi\u00eancia positiva \u00a0no ano passado, pretende retomar as vendas. \u201cEstamos quase finalizando a faculdade, ent\u00e3o resolvemos focar nos estudos. Mas queremos nos programar para 2021\u201d, projeta Breno.<\/div>\n<h3><strong>Emprego<\/strong><\/h3>\n<div>Jomar Miranda Rodrigues, doutor em contabilidade e finan\u00e7as, afirma que o carnaval \u00e9 fundamental para a economia brasiliense, uma vez que a movimenta\u00e7\u00e3o no per\u00edodo interfere no ano inteiro: \u201cO carnaval \u00e9 uma das maiores felicidades do brasileiro, e \u00e9 comum a gente ouvir que o ano s\u00f3 come\u00e7a ap\u00f3s ele. Por esses motivos, as pessoas n\u00e3o costumam economizar na folia\u201d. O especialista aponta que o pa\u00eds est\u00e1 se recuperando de uma crise pol\u00edtico-econ\u00f4mica muito forte e voltando ao desenvolvimento normal. \u201cIsso implica o aumento das expectativas nos momentos de boom na economia, como festas de final de ano e o pr\u00f3prio carnaval, por exemplo\u201d, comenta.<\/div>\n<div><\/div>\n<div>O economista refor\u00e7a que os brasilienses est\u00e3o cada vez mais ficando na cidade e curtindo a folia local. \u201cComo dizia Renato Russo: \u2018nesse pa\u00eds lugar melhor n\u00e3o h\u00e1\u2019. N\u00e3o precisamos sair da nossa capital em busca de divers\u00e3o, nossa cidade tem muito a oferecer. E cada vez mais estamos tomando consci\u00eancia disso. Precisamos gastar dentro da nossa casa, para aquecer a nossa economia\u201d, opina. O aumento de empregos tempor\u00e1rios, destaca Jomar, \u00e9 outro motor para a economia. \u201cAs \u00e9pocas de festas sempre garantem a movimenta\u00e7\u00e3o do setor de empregos. Geralmente, s\u00e3o empregos com tempo determinado, mas temos que lembrar que eles sempre podem evoluir para uma poss\u00edvel contrata\u00e7\u00e3o.\u201d<\/div>\n<div><strong>\u00a0<\/strong><\/div>\n<div><strong>*Estagi\u00e1rias sob supervis\u00e3o\u00a0<\/strong><strong>de Fernando Jord\u00e3o<\/strong><\/div>\n<h3><strong>Tr\u00eas perguntas para\u00a0<\/strong><\/h3>\n<div>C\u00e9sar Bergo, presidente do Conselho Regional de Economia<\/div>\n<h3><strong>Qual a import\u00e2ncia\u00a0<\/strong><strong>do carnaval de rua\u00a0<\/strong><strong>para a economia\u00a0<\/strong><strong>brasiliense?<\/strong><\/h3>\n<div>\n<div>O carnaval \u00e9 um evento importante para a economia brasileira e Bras\u00edlia n\u00e3o fica de fora. Podemos considerar a quest\u00e3o tur\u00edstica, pois atrai pessoas de diferentes localidades e nacionalidades, fazendo com que os benef\u00edcios econ\u00f4micos sejam notados em raz\u00e3o dos recursos gastos por esses foli\u00f5es.<\/p>\n<h3><strong>Quais s\u00e3o os efeitos deste evento para o nicho econ\u00f4mico brasiliense no ano subsequente?<\/strong><\/h3>\n<\/div>\n<div>Podemos notar em Bras\u00edlia uma gradativa melhora na organiza\u00e7\u00e3o dos eventos carnavalescos. No passado, o carnaval de Bras\u00edlia era feito por pequenos blocos. Hoje temos uma verdadeira \u201cind\u00fastria\u201d de eventos que vem se profissionalizando a cada ano, propiciando maior qualidade nos servi\u00e7os prestados como tamb\u00e9m significativos retornos econ\u00f4micos para a cidade.<\/div>\n<h3><strong>No per\u00edodo, muitos aproveitam\u00a0<\/strong><strong>para atuar na informalidade,\u00a0<\/strong><strong>como vendedores ambulantes,\u00a0por exemplo. Entretanto, \u00e9 poss\u00edvel observar alguma mudan\u00e7a no quadro de desemprego do DF?\u00a0<\/strong><\/h3>\n<div>De fato, aumenta a venda de ambulantes. Em uma \u00e9poca de crise no emprego, \u00e9 poss\u00edvel notar um crescimento de pessoas dedicadas \u00e0s vendas na rua. Mas, como se trata de um evento espor\u00e1dico, n\u00e3o contribui para mudar o preocupante quadro de desemprego em nossa Bras\u00edlia. Apenas oferece um al\u00edvio moment\u00e2neo para quem est\u00e1 desempregado e faz um \u201cbico\u201d.<\/p>\n<h3><strong>Prepare-se para a folia<\/strong><\/h3>\n<div><strong>Sal\u00e3o Afro Itinerante\u00a0<\/strong><\/div>\n<div><strong>Local:\u00a0<\/strong>CLN 307, Bloco B, Loja 31<\/div>\n<div><strong>Contato:<\/strong>\u00a099228-9669<\/div>\n<div><\/div>\n<div><strong>Rebuli\u00e7o \u2013 Aqui tem carnaval\u00a0<\/strong><\/div>\n<div><strong>Local:<\/strong>\u00a0SHIGS 704, Bloco H, Casa 80<\/div>\n<div><strong>Funcionamento:<\/strong>\u00a015 de janeiro a 22 de fevereiro<\/div>\n<div><strong>Contato:\u00a0<\/strong>@rebulicodecarnaval<\/div>\n<div><\/div>\n<div><strong>Bar Responsa<\/strong><\/div>\n<div><strong>Local:\u00a0<\/strong>CLS 202, Bloco A, Loja 4<\/div>\n<div><strong>Contato:<\/strong>\u00a099522-4631<\/div>\n<\/div>\n<\/div>\n<\/div>\n<div><\/div>\n<div>Fonte: CB<\/div>\n<\/div>\n","protected":false},"excerpt":{"rendered":"<p>O\u00a0carnaval\u00a0\u00e9 um dos feriados mais esperados do pa\u00eds. Em\u00a0Bras\u00edlia, a festa que demorou a se consolidar, hoje apresenta uma diversidade de op\u00e7\u00f5es para os foli\u00f5es. Entre bloquinhos e festivais de m\u00fasica, a alegria tamb\u00e9m contagia a\u00a0economia. Segundo o Sindicato do Com\u00e9rcio Varejista (Sindivarejista), em 2019, foram gerados cerca de 2 mil empregos na capital, principalmente [&hellip;]<\/p>\n","protected":false},"author":1,"featured_media":1933,"comment_status":"open","ping_status":"open","sticky":false,"template":"","format":"standard","meta":{"jetpack_post_was_ever_published":false,"_jetpack_newsletter_access":"","_jetpack_dont_email_post_to_subs":false,"_jetpack_newsletter_tier_id":0,"_jetpack_memberships_contains_paywalled_content":false,"_jetpack_memberships_contains_paid_content":false,"footnotes":"","jetpack_publicize_message":"","jetpack_publicize_feature_enabled":true,"jetpack_social_post_already_shared":true,"jetpack_social_options":{"image_generator_settings":{"template":"highway","default_image_id":0,"font":"","enabled":false},"version":2}},"categories":[22],"tags":[419,100,45],"class_list":["post-2098","post","type-post","status-publish","format-standard","has-post-thumbnail","hentry","category-geral","tag-carnaval","tag-feriado","tag-trabalho"],"jetpack_publicize_connections":[],"jetpack_featured_media_url":"https:\/\/i0.wp.com\/cfcontabil.com\/cf\/wp-content\/uploads\/2019\/11\/Bandeira-DF.jpg?fit=608%2C342&ssl=1","jetpack_sharing_enabled":true,"jetpack_shortlink":"https:\/\/wp.me\/p2wklX-xQ","jetpack-related-posts":[{"id":1223,"url":"https:\/\/cfcontabil.com\/cf\/fiscalizacao-sera-reforcada-no-carnaval-contra-o-trabalho-infantil\/","url_meta":{"origin":2098,"position":0},"title":"Fiscaliza\u00e7\u00e3o ser\u00e1 refor\u00e7ada no Carnaval contra o Trabalho Infantil","author":"Ab\u00edlio Gon\u00e7alves","date":"25 de fevereiro de 2017","format":false,"excerpt":"Auditores fiscais do Minist\u00e9rio do Trabalho estar\u00e3o de plant\u00e3o nas principais cidades do pa\u00eds O combate ao trabalho infantil vai ganhar refor\u00e7o no Carnaval. As equipes de fiscaliza\u00e7\u00e3o do Minist\u00e9rio do Trabalho far\u00e3o plant\u00e3o nos principais centros do pa\u00eds, sobretudo onde estiverem ocorrendo grandes eventos. O diretor do Departamento de\u2026","rel":"","context":"Em &quot;Geral&quot;","block_context":{"text":"Geral","link":"https:\/\/cfcontabil.com\/cf\/category\/geral\/"},"img":{"alt_text":"","src":"https:\/\/i0.wp.com\/cfcontabil.com\/cf\/wp-content\/uploads\/2017\/02\/carnavalcrianca-1.jpg?fit=700%2C448&ssl=1&resize=350%2C200","width":350,"height":200,"srcset":"https:\/\/i0.wp.com\/cfcontabil.com\/cf\/wp-content\/uploads\/2017\/02\/carnavalcrianca-1.jpg?fit=700%2C448&ssl=1&resize=350%2C200 1x, https:\/\/i0.wp.com\/cfcontabil.com\/cf\/wp-content\/uploads\/2017\/02\/carnavalcrianca-1.jpg?fit=700%2C448&ssl=1&resize=525%2C300 1.5x, https:\/\/i0.wp.com\/cfcontabil.com\/cf\/wp-content\/uploads\/2017\/02\/carnavalcrianca-1.jpg?fit=700%2C448&ssl=1&resize=700%2C400 2x"},"classes":[]},{"id":2615,"url":"https:\/\/cfcontabil.com\/cf\/comercio-e-servicos-do-df-reagem-a-crise-e-voltam-a-contratar\/","url_meta":{"origin":2098,"position":1},"title":"Com\u00e9rcio e servi\u00e7os do DF reagem \u00e0 crise e voltam a contratar","author":"Ab\u00edlio Gon\u00e7alves","date":"9 de agosto de 2021","format":false,"excerpt":"O n\u00famero de empregados aumentou 12,3% em junho de 2021, se comparado ao mesmo per\u00edodo do ano passado Governo e empres\u00e1rios est\u00e3o animados porque, finalmente, o com\u00e9rcio e os servi\u00e7os est\u00e3o se recuperando, segundo empregadores, depois de um longo tempo em recess\u00e3o. O aquecimento desses setores gerou 24 mil novos\u2026","rel":"","context":"Em &quot;Geral&quot;","block_context":{"text":"Geral","link":"https:\/\/cfcontabil.com\/cf\/category\/geral\/"},"img":{"alt_text":"","src":"https:\/\/i0.wp.com\/cfcontabil.com\/cf\/wp-content\/uploads\/2017\/05\/carteira-de-trabalho-1.jpg?fit=590%2C302&ssl=1&resize=350%2C200","width":350,"height":200,"srcset":"https:\/\/i0.wp.com\/cfcontabil.com\/cf\/wp-content\/uploads\/2017\/05\/carteira-de-trabalho-1.jpg?fit=590%2C302&ssl=1&resize=350%2C200 1x, https:\/\/i0.wp.com\/cfcontabil.com\/cf\/wp-content\/uploads\/2017\/05\/carteira-de-trabalho-1.jpg?fit=590%2C302&ssl=1&resize=525%2C300 1.5x"},"classes":[]},{"id":1944,"url":"https:\/\/cfcontabil.com\/cf\/brasil-cria-mais-de-70-mil-novos-empregos-formais-em-outubro\/","url_meta":{"origin":2098,"position":2},"title":"Brasil cria mais de 70 mil novos empregos formais em outubro","author":"Ab\u00edlio Gon\u00e7alves","date":"22 de novembro de 2019","format":false,"excerpt":"Os n\u00fameros, divulgados pelo Minist\u00e9rio da Economia nesta quinta-feira (21\/11), mostram o s\u00e9timo m\u00eas consecutivo de saldo positivo para o mercado de trabalho formal O Cadastro Geral de Empregados e Desempregados (Caged) registrou 70.852 novos trabalhadores por carteira assinada em outubro, na compara\u00e7\u00e3o com o m\u00eas anterior. O resultado \u00e9\u2026","rel":"","context":"Em &quot;Departamento Pessoal&quot;","block_context":{"text":"Departamento Pessoal","link":"https:\/\/cfcontabil.com\/cf\/category\/dp\/"},"img":{"alt_text":"","src":"https:\/\/i0.wp.com\/cfcontabil.com\/cf\/wp-content\/uploads\/2019\/11\/carteira-trabalho.jpg?fit=826%2C371&ssl=1&resize=350%2C200","width":350,"height":200,"srcset":"https:\/\/i0.wp.com\/cfcontabil.com\/cf\/wp-content\/uploads\/2019\/11\/carteira-trabalho.jpg?fit=826%2C371&ssl=1&resize=350%2C200 1x, https:\/\/i0.wp.com\/cfcontabil.com\/cf\/wp-content\/uploads\/2019\/11\/carteira-trabalho.jpg?fit=826%2C371&ssl=1&resize=525%2C300 1.5x, https:\/\/i0.wp.com\/cfcontabil.com\/cf\/wp-content\/uploads\/2019\/11\/carteira-trabalho.jpg?fit=826%2C371&ssl=1&resize=700%2C400 2x"},"classes":[]},{"id":2024,"url":"https:\/\/cfcontabil.com\/cf\/numero-de-empresas-abertas-no-pais-cresce-308-em-outubro\/","url_meta":{"origin":2098,"position":3},"title":"N\u00famero de empresas abertas no pa\u00eds cresce 30,8% em outubro","author":"Ab\u00edlio Gon\u00e7alves","date":"23 de dezembro de 2019","format":false,"excerpt":"S\u00e3o quase 10 mil novos empreendimentos por dia, diz Serasa Experian O n\u00famero de empresas abertas em outubro deste ano aumentou 30,8%, ante o mesmo per\u00edodo de 2018, com o surgimento de 307.443 novos empreendimentos, quase 10 mil por dia, segundo levantamento da Serasa Experian. O acumulado de janeiro a\u2026","rel":"","context":"Em &quot;Consultoria Empresarial&quot;","block_context":{"text":"Consultoria Empresarial","link":"https:\/\/cfcontabil.com\/cf\/category\/consultoria\/"},"img":{"alt_text":"","src":"https:\/\/i0.wp.com\/cfcontabil.com\/cf\/wp-content\/uploads\/2019\/12\/abertura-de-Empresas.jpg?fit=1080%2C640&ssl=1&resize=350%2C200","width":350,"height":200,"srcset":"https:\/\/i0.wp.com\/cfcontabil.com\/cf\/wp-content\/uploads\/2019\/12\/abertura-de-Empresas.jpg?fit=1080%2C640&ssl=1&resize=350%2C200 1x, https:\/\/i0.wp.com\/cfcontabil.com\/cf\/wp-content\/uploads\/2019\/12\/abertura-de-Empresas.jpg?fit=1080%2C640&ssl=1&resize=525%2C300 1.5x, https:\/\/i0.wp.com\/cfcontabil.com\/cf\/wp-content\/uploads\/2019\/12\/abertura-de-Empresas.jpg?fit=1080%2C640&ssl=1&resize=700%2C400 2x, https:\/\/i0.wp.com\/cfcontabil.com\/cf\/wp-content\/uploads\/2019\/12\/abertura-de-Empresas.jpg?fit=1080%2C640&ssl=1&resize=1050%2C600 3x"},"classes":[]},{"id":2655,"url":"https:\/\/cfcontabil.com\/cf\/brasil-tem-152-milhoes-de-pessoas-com-acesso-a-internet\/","url_meta":{"origin":2098,"position":4},"title":"Brasil tem 152 milh\u00f5es de pessoas com acesso \u00e0 internet","author":"Ab\u00edlio Gon\u00e7alves","date":"24 de agosto de 2021","format":false,"excerpt":"Dia do Internauta mostra que, apesar de amplo, acesso ainda \u00e9 desigual. O internauta tem um dia dedicado a ele, 23 de agosto, data em que, no ano de 1991, a rede mundial de computadores foi aberta ao mundo. No Brasil, tem crescido, ano a ano, o n\u00famero de pessoas\u2026","rel":"","context":"Em &quot;Geral&quot;","block_context":{"text":"Geral","link":"https:\/\/cfcontabil.com\/cf\/category\/geral\/"},"img":{"alt_text":"white switch hub turned on","src":"https:\/\/i0.wp.com\/cfcontabil.com\/cf\/wp-content\/uploads\/2021\/08\/network-cable-ethernet-computer-159304.jpeg?fit=1200%2C800&ssl=1&resize=350%2C200","width":350,"height":200,"srcset":"https:\/\/i0.wp.com\/cfcontabil.com\/cf\/wp-content\/uploads\/2021\/08\/network-cable-ethernet-computer-159304.jpeg?fit=1200%2C800&ssl=1&resize=350%2C200 1x, https:\/\/i0.wp.com\/cfcontabil.com\/cf\/wp-content\/uploads\/2021\/08\/network-cable-ethernet-computer-159304.jpeg?fit=1200%2C800&ssl=1&resize=525%2C300 1.5x, https:\/\/i0.wp.com\/cfcontabil.com\/cf\/wp-content\/uploads\/2021\/08\/network-cable-ethernet-computer-159304.jpeg?fit=1200%2C800&ssl=1&resize=700%2C400 2x, https:\/\/i0.wp.com\/cfcontabil.com\/cf\/wp-content\/uploads\/2021\/08\/network-cable-ethernet-computer-159304.jpeg?fit=1200%2C800&ssl=1&resize=1050%2C600 3x"},"classes":[]},{"id":1458,"url":"https:\/\/cfcontabil.com\/cf\/irpf-2019-regras-liberadas-mas-contribuintes-terao-uma-semana-a-menos-para-entrega\/","url_meta":{"origin":2098,"position":5},"title":"IRPF 2019 &#8211; Regras liberadas, mas contribuintes ter\u00e3o uma semana a menos para entrega","author":"Ab\u00edlio Gon\u00e7alves","date":"22 de fevereiro de 2019","format":false,"excerpt":"Em 2018, estavam obrigados a acertar as contas com o le\u00e3o todos os contribuintes que receberam mais de R$ 28.559,70 no ano anterior. Publicadas as regras hoje (22.02) no Di\u00e1rio Oficial da Uni\u00e3o. Quem ganhou mais de R$ 28.559,70 em 2018 \u00e9 obrigado a fazer a declara\u00e7\u00e3o do Imposto de\u2026","rel":"","context":"Em &quot;Geral&quot;","block_context":{"text":"Geral","link":"https:\/\/cfcontabil.com\/cf\/category\/geral\/"},"img":{"alt_text":"","src":"https:\/\/i0.wp.com\/cfcontabil.com\/cf\/wp-content\/uploads\/2017\/02\/irpfrfb-1.jpg?fit=640%2C340&ssl=1&resize=350%2C200","width":350,"height":200,"srcset":"https:\/\/i0.wp.com\/cfcontabil.com\/cf\/wp-content\/uploads\/2017\/02\/irpfrfb-1.jpg?fit=640%2C340&ssl=1&resize=350%2C200 1x, https:\/\/i0.wp.com\/cfcontabil.com\/cf\/wp-content\/uploads\/2017\/02\/irpfrfb-1.jpg?fit=640%2C340&ssl=1&resize=525%2C300 1.5x"},"classes":[]}],"jetpack_likes_enabled":true,"_links":{"self":[{"href":"https:\/\/cfcontabil.com\/cf\/wp-json\/wp\/v2\/posts\/2098","targetHints":{"allow":["GET"]}}],"collection":[{"href":"https:\/\/cfcontabil.com\/cf\/wp-json\/wp\/v2\/posts"}],"about":[{"href":"https:\/\/cfcontabil.com\/cf\/wp-json\/wp\/v2\/types\/post"}],"author":[{"embeddable":true,"href":"https:\/\/cfcontabil.com\/cf\/wp-json\/wp\/v2\/users\/1"}],"replies":[{"embeddable":true,"href":"https:\/\/cfcontabil.com\/cf\/wp-json\/wp\/v2\/comments?post=2098"}],"version-history":[{"count":1,"href":"https:\/\/cfcontabil.com\/cf\/wp-json\/wp\/v2\/posts\/2098\/revisions"}],"predecessor-version":[{"id":2099,"href":"https:\/\/cfcontabil.com\/cf\/wp-json\/wp\/v2\/posts\/2098\/revisions\/2099"}],"wp:featuredmedia":[{"embeddable":true,"href":"https:\/\/cfcontabil.com\/cf\/wp-json\/wp\/v2\/media\/1933"}],"wp:attachment":[{"href":"https:\/\/cfcontabil.com\/cf\/wp-json\/wp\/v2\/media?parent=2098"}],"wp:term":[{"taxonomy":"category","embeddable":true,"href":"https:\/\/cfcontabil.com\/cf\/wp-json\/wp\/v2\/categories?post=2098"},{"taxonomy":"post_tag","embeddable":true,"href":"https:\/\/cfcontabil.com\/cf\/wp-json\/wp\/v2\/tags?post=2098"}],"curies":[{"name":"wp","href":"https:\/\/api.w.org\/{rel}","templated":true}]}}