{"id":2102,"date":"2020-02-17T08:39:10","date_gmt":"2020-02-17T11:39:10","guid":{"rendered":"http:\/\/cfcontabil.com\/cf\/?p=2102"},"modified":"2020-02-17T08:39:10","modified_gmt":"2020-02-17T11:39:10","slug":"calculo-trabalhista-sabe-o-que-e","status":"publish","type":"post","link":"https:\/\/cfcontabil.com\/cf\/calculo-trabalhista-sabe-o-que-e\/","title":{"rendered":"C\u00e1lculo trabalhista: sabe o que \u00e9?"},"content":{"rendered":"<p><a href=\"https:\/\/i0.wp.com\/cfcontabil.com\/cf\/wp-content\/uploads\/2017\/05\/carteira-de-trabalho-1.jpg\"><img data-recalc-dims=\"1\" fetchpriority=\"high\" decoding=\"async\" data-attachment-id=\"1161\" data-permalink=\"https:\/\/cfcontabil.com\/cf\/calculo-trabalhista-sabe-o-que-e\/carteira-de-trabalho\/\" data-orig-file=\"https:\/\/i0.wp.com\/cfcontabil.com\/cf\/wp-content\/uploads\/2017\/05\/carteira-de-trabalho-1.jpg?fit=590%2C302&amp;ssl=1\" data-orig-size=\"590,302\" data-comments-opened=\"1\" data-image-meta=\"{&quot;aperture&quot;:&quot;0&quot;,&quot;credit&quot;:&quot;&quot;,&quot;camera&quot;:&quot;&quot;,&quot;caption&quot;:&quot;&quot;,&quot;created_timestamp&quot;:&quot;0&quot;,&quot;copyright&quot;:&quot;&quot;,&quot;focal_length&quot;:&quot;0&quot;,&quot;iso&quot;:&quot;0&quot;,&quot;shutter_speed&quot;:&quot;0&quot;,&quot;title&quot;:&quot;&quot;,&quot;orientation&quot;:&quot;1&quot;}\" data-image-title=\"carteira-de-trabalho\" data-image-description=\"\" data-image-caption=\"\" data-large-file=\"https:\/\/i0.wp.com\/cfcontabil.com\/cf\/wp-content\/uploads\/2017\/05\/carteira-de-trabalho-1.jpg?fit=590%2C302&amp;ssl=1\" class=\"aligncenter size-full wp-image-1161\" src=\"https:\/\/i0.wp.com\/cfcontabil.com\/cf\/wp-content\/uploads\/2017\/05\/carteira-de-trabalho-1.jpg?resize=590%2C302\" alt=\"\" width=\"590\" height=\"302\" srcset=\"https:\/\/i0.wp.com\/cfcontabil.com\/cf\/wp-content\/uploads\/2017\/05\/carteira-de-trabalho-1.jpg?w=590&amp;ssl=1 590w, https:\/\/i0.wp.com\/cfcontabil.com\/cf\/wp-content\/uploads\/2017\/05\/carteira-de-trabalho-1.jpg?resize=300%2C154&amp;ssl=1 300w, https:\/\/i0.wp.com\/cfcontabil.com\/cf\/wp-content\/uploads\/2017\/05\/carteira-de-trabalho-1.jpg?resize=370%2C189&amp;ssl=1 370w\" sizes=\"(max-width: 590px) 100vw, 590px\" \/><\/a><\/p>\n<p><span style=\"font-size: 14pt;\"><strong>C\u00e1lculo trabalhista<\/strong><\/span> \u00e9 a <em>conta<\/em> que se refere aos valores que envolvem uma rescis\u00e3o de contrato de trabalho.<\/p>\n<p>Portanto, \u00e9 essencial que a empresa ou seu departamento de pessoal tenha conhecimento dos direitos do trabalhador para que todos os valores devidos sejam pagos corretamente.<\/p>\n<p>Reconhecer os tipos de c\u00e1lculos e as remunera\u00e7\u00f5es que fazem parte dos direitos do trabalhador \u00e9 extremamente importante a fim de obter exatid\u00e3o nos valores acertados e evitar futuros processos trabalhistas (o empregado tem at\u00e9 dois anos ap\u00f3s sua sa\u00edda para reclamar perante a justi\u00e7a erros de c\u00e1lculos em sua rescis\u00e3o).<\/p>\n<h2>O c\u00e1lculo trabalhista na reforma trabalhista<\/h2>\n<p>A\u00a0reforma trabalhista\u00a0trouxe algumas mudan\u00e7as em rela\u00e7\u00e3o \u00e0s exig\u00eancias feitas pela\u00a0<a href=\"http:\/\/www.planalto.gov.br\/ccivil_03\/decreto-lei\/Del5452.htm\" target=\"_blank\" rel=\"noopener noreferrer\">lei da CLT<\/a>\u00a0sobre o\u00a0<strong>c\u00e1lculo trabalhista<\/strong>.<\/p>\n<p>As verbas rescis\u00f3rias foram reajustadas em cada um dos casos. Cada um deles tem suas particularidades.<\/p>\n<p>Vejamos a seguir os principais pontos a serem observados nos c\u00e1lculos.<\/p>\n<p>&nbsp;<\/p>\n<h3>Demiss\u00e3o sem justa causa<\/h3>\n<p>O colaborador tem direito no\u00a0<strong>c\u00e1lculo trabalhista<\/strong>\u00a0a f\u00e9rias proporcionais, f\u00e9rias vencidas + 1\/3, aviso pr\u00e9vio, 13\u00ba sal\u00e1rio proporcional, saldo de sal\u00e1rio, seguro-desemprego e multa de 40% sobre seu FGTS .<\/p>\n<p>&nbsp;<\/p>\n<h3>Demiss\u00e3o com justa causa<\/h3>\n<p>Quando a empresa possui uma justa causa para a\u00a0demiss\u00e3o, o colaborador s\u00f3 ter\u00e1 direito ao valor das f\u00e9rias vencidas e ao saldo do sal\u00e1rio.<\/p>\n<p>&nbsp;<\/p>\n<h3>Pedido de demiss\u00e3o<\/h3>\n<p>Nos casos em que o\u00a0colaborador decide se desligar\u00a0da empresa o<strong>\u00a0c\u00e1lculo trabalhista<\/strong>\u00a0se baseia no 13\u00ba sal\u00e1rio proporcional, f\u00e9rias vencidas e\/ou proporcionais e saldo de sal\u00e1rio.<\/p>\n<p>Nesse caso o colaborador n\u00e3o tem direito ao seguro-desemprego, nem pode acessar o dinheiro do FGTS.<\/p>\n<p>&nbsp;<\/p>\n<h3>Demiss\u00e3o de comum acordo<\/h3>\n<p>Quando as duas partes concordam com a demiss\u00e3o, o\u00a0<strong>c\u00e1lculo trabalhista<\/strong>\u00a0\u00e9 realizado considerando a metade do valor do aviso pr\u00e9vio, 13\u00ba sal\u00e1rio proporcional, possibilidade de movimentar 80% do FGTS, al\u00e9m da multa de 20% sobre o fundo.<\/p>\n<p>Lembrando que nesse caso o colaborador n\u00e3o tem direito ao seguro-desemprego.<\/p>\n<p>Para conseguir realizar o\u00a0<strong>c\u00e1lculo trabalhista<\/strong>\u00a0nas rescis\u00f5es, portanto, \u00e9 fundamental que o departamento pessoal conhe\u00e7a os direitos do colaborador diante de cada um dos\u00a0tipos de rescis\u00e3o de contrato.<\/p>\n<p>&nbsp;<\/p>\n<h2>O que preciso saber sobre rescis\u00e3o para fazer os c\u00e1lculos<\/h2>\n<p>Em casos de\u00a0<strong>rescis\u00e3o trabalhista<\/strong>\u00a0\u00e9 imprescind\u00edvel que o departamento pessoal tenha conhecimento sobre os seguintes itens para levar em conta no\u00a0<strong>c\u00e1lculo trabalhista<\/strong>:<\/p>\n<ul>\n<li>Tabela do IR (Imposto de Renda);<\/li>\n<li>Per\u00edodo de trabalho do colaborador;<\/li>\n<li>Tabela do INSS;<\/li>\n<li>Regras que est\u00e3o em vig\u00eancia para serem feitos os descontos;<\/li>\n<li>Regras vigentes e necess\u00e1rias para compor as verbas.<\/li>\n<\/ul>\n<p>Sendo assim, \u00e9 extremamente necess\u00e1rio que cada um desses itens sejam considerados nos<strong>\u00a0c\u00e1lculos de rescis\u00e3o trabalhista<\/strong>, no\u00a0regime CLT.<\/p>\n<p>Agora que j\u00e1 sabemos as especificidades para o<strong>\u00a0c\u00e1lculo trabalhista<\/strong>\u00a0e os direitos do colaborador em cada caso, vamos falar sobre os\u00a0<strong>tipos de c\u00e1lculo trabalhista<\/strong>.<\/p>\n<p>&nbsp;<\/p>\n<h2>Quais os c\u00e1lculos trabalhistas<\/h2>\n<p>O\u00a0<strong>c\u00e1lculo trabalhista<\/strong>\u00a0\u00e9 um processo bastante complexo e que demanda muita aten\u00e7\u00e3o e preparo dos profissionais que ir\u00e3o cuidar dessa\u00a0rotina.<\/p>\n<p>Por esse motivo, \u00e9 necess\u00e1rio se planejar dia a dia para que tudo seja executado da forma correta.<\/p>\n<p>Para ajudar a sua empresa diante desse desafio, preparamos um passo a passo para que o seu departamento pessoal realize\u00a0<strong>o<\/strong>\u00a0<strong>c\u00e1lculo trabalhista dos colaboradores corretamente<\/strong>.<\/p>\n<p>Conhe\u00e7a abaixo quais os c\u00e1lculos trabalhistas essenciais.<\/p>\n<ul>\n<li>Saldo de sal\u00e1rio;<\/li>\n<li>C\u00e1lculo de aviso pr\u00e9vio;<\/li>\n<li>Pagamento de f\u00e9rias;<\/li>\n<li>Recebimento de f\u00e9rias proporcionais;<\/li>\n<li>Pagamento do 13\u00b0 sal\u00e1rio;<\/li>\n<li>Recolhimento do FGTS;<\/li>\n<li>Multa sobre o FGTS;<\/li>\n<li>Adicional noturno;<\/li>\n<li>Pagamento de horas extras;<\/li>\n<li>Desconto do IRPF;<\/li>\n<li>Desconto do INSS.<\/li>\n<\/ul>\n<p>Cada um desses itens necessita de um c\u00e1lculo espec\u00edfico e logo abaixo falaremos sobre cada um deles, exemplificando e sinalizando como devem ser feitas as contas.<\/p>\n<p>&nbsp;<\/p>\n<h3>Saldo de sal\u00e1rio<\/h3>\n<p>O\u00a0<strong>saldo de sal\u00e1rio<\/strong>\u00a0\u00e9 um dos pontos que fazem parte do c\u00e1lculo trabalhista. Ele se refere ao valor que a empresa deve ao colaborador pelos dias trabalhados no m\u00eas da<strong>\u00a0rescis\u00e3o contratual<\/strong>.<\/p>\n<p>Mas como descobrir esse valor? Primeiramente \u00e9 necess\u00e1rio descobrir quanto esse profissional\u00a0<strong>ganha por dia<\/strong>.<\/p>\n<p>Vamos supor que um colaborador ganha R$ 3000,00 por m\u00eas, dividido por 30 dias, ele ganha no total R$ 100,00 por dia.<\/p>\n<p>Se no m\u00eas da rescis\u00e3o contratual ele trabalhou 20 dias, \u00e9 s\u00f3 multiplicar o n\u00famero de dias pelo total que ele ganha por dia:\u00a0\u00a0<strong>20 x 100 = R$ 2000,00<\/strong>\u00a0\u2013 esse \u00e9 o total do saldo de sal\u00e1rio que o profissional tem direito a receber.<\/p>\n<p>Essa obrigatoriedade est\u00e1 prevista no\u00a0<a href=\"https:\/\/www.jusbrasil.com.br\/topicos\/10759156\/artigo-64-do-decreto-lei-n-5452-de-01-de-maio-de-1943\" target=\"_blank\" rel=\"noopener noreferrer\">artigo 64<\/a>:<\/p>\n<blockquote><p>\u201cSendo o n\u00famero de dias inferior a 30 (trinta), adotar-se-\u00e1 para o c\u00e1lculo, em lugar desse n\u00famero, o de dias de trabalho por m\u00eas\u201d.<\/p><\/blockquote>\n<h3>C\u00e1lculo de aviso pr\u00e9vio<\/h3>\n<p>O per\u00edodo que faz parte entre o comunicado da sa\u00edda do colaborador e seu desligamento se chama\u00a0aviso pr\u00e9vio, que tamb\u00e9m deve fazer parte do c\u00e1lculo trabalhista. Ele ocorre quando existe uma\u00a0<strong>rescis\u00e3o de contrato sem justa causa<\/strong>.<\/p>\n<p>O tempo m\u00ednimo do aviso pr\u00e9vio \u00e9 de 30 dias e no m\u00e1ximo 90 dias. S\u00e3o acrescidos 3 dias a cada ano trabalhado. 30 dias de aviso equivalem a um m\u00eas de sal\u00e1rio e nos dias a mais se multiplica pelo valor que o colaborador ganha por dia.<\/p>\n<p>&nbsp;<\/p>\n<h3>Pagamento de f\u00e9rias<\/h3>\n<p>Todo colaborador que trabalha no\u00a0<strong>regime CLT<\/strong>\u00a0tem direito a\u00a0f\u00e9rias\u00a0remuneradas ap\u00f3s 12 meses de trabalho.<\/p>\n<p>Essa obrigatoriedade est\u00e1 prevista no\u00a0<strong>art. 130 da lei da CLT<\/strong>. Segundo o\u00a0<a href=\"https:\/\/www.jusbrasil.com.br\/topicos\/10726432\/inciso-xvii-do-artigo-7-da-constituicao-federal-de-1988\" target=\"_blank\" rel=\"noopener noreferrer\">CF, art. 7\u00ba, XVII<\/a>, acrescenta-se 1\/3 ao valor das f\u00e9rias.<\/p>\n<p>Ou seja se um colaborador tem um sal\u00e1rio de R$ 3000,00, ele receber\u00e1 esse valor mais 1\/3. No\u00a0<strong>c\u00e1lculo trabalhista<\/strong>\u00a0ele ter\u00e1 direito a R$ 3000 + (1\/3 de 3000) = R$ 4000,00.<\/p>\n<p>&nbsp;<\/p>\n<h3>Recebimento de f\u00e9rias proporcionais<\/h3>\n<p>As\u00a0f\u00e9rias proporcionais\u00a0se encaixam no\u00a0<strong>c\u00e1lculo trabalhista<\/strong>\u00a0e a conta \u00e9 feita conforme os meses trabalhados do colaborador.<\/p>\n<p>O valor tem como base o\u00a0per\u00edodo aquisitivo\u00a0de f\u00e9rias incompleto. Importante ressaltar que o m\u00eas \u00e9 considerado quando h\u00e1 mais de 15 dias de trabalho e que o aviso pr\u00e9vio integra o c\u00e1lculo.<\/p>\n<p>Sendo assim, deve-se fazer a seguinte conta:<\/p>\n<blockquote><p>Vamos pegar um profissional que ganha R$ 3000,00. Se ele trabalhou 5 meses e saiu da empresa ter\u00e1 o direito a receber 5\/12 do seu sal\u00e1rio mensal, que corresponde a R$ 600,00 de f\u00e9rias proporcional.<\/p>\n<p>Acrescenta-se tamb\u00e9m nas f\u00e9rias proporcionais 1\/3 \u00a0ao valor a receber, conforme a Constitui\u00e7\u00e3o Federal. Ou seja, 600\/3 = R$ 200,00. Dando um total devido de R$ 800,00.<\/p><\/blockquote>\n<p>&nbsp;<\/p>\n<h3>Pagamento do 13\u00b0 Sal\u00e1rio<\/h3>\n<p>O\u00a013\u00b0 sal\u00e1rio\u00a0tamb\u00e9m faz parte do\u00a0<strong>c\u00e1lculo trabalhista<\/strong>\u00a0e \u00e9 um direito do colaborador previsto na<a href=\"http:\/\/www.planalto.gov.br\/ccivil_03\/leis\/L4090.htm\" target=\"_blank\" rel=\"noopener noreferrer\">\u00a0Lei 4.090\/1962<\/a>. Esse \u00e9 um valor devido pelas empresas e que pode ser pago em\u00a0<strong>duas parcelas<\/strong>.<\/p>\n<p>A primeira parcela \u00e9 paga entre os meses de fevereiro e novembro, conforme escolha da empresa. E a segunda parcela deve ser paga at\u00e9 20 de dezembro.<\/p>\n<p>No primeiro pagamento n\u00e3o h\u00e1 nenhum desconto e na segunda parcela descontam-se INSS, imposto de renda e pens\u00e3o aliment\u00edcia (caso haja).<\/p>\n<p>&nbsp;<\/p>\n<h3>Recolhimento do FGTS<\/h3>\n<p>O\u00a0<strong>c\u00e1lculo trabalhista<\/strong>\u00a0tamb\u00e9m prev\u00ea em suas contas o recolhimento do\u00a0FGTS, previsto na\u00a0<a href=\"http:\/\/www.planalto.gov.br\/ccivil_03\/LEIS\/L8036consol.htm\" target=\"_blank\" rel=\"noopener noreferrer\">Lei 8.036\/1990<\/a>.<\/p>\n<p>O FGTS \u00e9 um\u00a0<strong>desconto de 8%<\/strong>\u00a0que recai mensalmente sobre a\u00a0<strong>remunera\u00e7\u00e3o dos colaboradores<\/strong>.<\/p>\n<p>Adicional noturno, f\u00e9rias, 13 sal\u00e1rio e horas extras refletem sobre o desconto do FGTS, portanto \u00e9 necess\u00e1rio que o departamento pessoal esteja atento a essas particularidades.<\/p>\n<p>O c\u00e1lculo trabalhista nesse caso \u00e9 feito da seguinte forma:<\/p>\n<blockquote><p>Tendo como exemplo o colaborador que recebe R$ 3000,00 de sal\u00e1rio, ser\u00e1 feito um desconto de 8% em cima desse valor. Nessa conta 8% de R$ 3000,00 = R$ 240,00. Esse ser\u00e1 o valor que a empresa recolher\u00e1 mensalmente do sal\u00e1rio do colaborador.<\/p><\/blockquote>\n<p>&nbsp;<\/p>\n<h3>Multa sobre FGTS<\/h3>\n<p>A\u00a0multa do FGTS\u00a0tamb\u00e9m \u00e9 um\u00a0<strong>c\u00e1lculo trabalhista<\/strong>\u00a0previsto na\u00a0Lei 8.036\/1990.<\/p>\n<p>Quando a empresa demite o colaborador sem justa causa ela \u00e9 obrigada a pagar<strong>\u00a040% de multa<\/strong>\u00a0sobre o valor total arrecadado de FGTS ao longo do tempo trabalhado.<\/p>\n<p>Com a reforma trabalhista os casos em que h\u00e1 comum acordo na sa\u00edda, a empresa paga\u00a0<strong>20% em cima do valor total de recolhimento<\/strong>.<\/p>\n<p>Calcula-se o valor da seguinte forma:<\/p>\n<p>Vamos supor que tenham sido depositados R$ 5000,00 ao longo dos anos. Nas demiss\u00f5es sem justa causa a empresa ter\u00e1 que depositar na conta de dep\u00f3sito do FGTS: R$ 5000,00 x 0,4 = R$ 2000.<\/p>\n<p>Agora se a sa\u00edda for de comum acordo o valor a ser depositado ser\u00e1 de 20%: R$ 5000,00 x 0,2 = R$ 1000.<\/p>\n<p>&nbsp;<\/p>\n<h3>Adicional noturno<\/h3>\n<p>O\u00a0adicional noturno\u00a0est\u00e1 previsto no\u00a0artigo 73\u00a0da lei da CLT e \u00e9 um dos benef\u00edcios que faz parte do\u00a0<strong>c\u00e1lculo trabalhista<\/strong>.<\/p>\n<p>O trabalho noturno \u00e9 considerado o que \u00e9 realizado pelos profissionais dentro do\u00a0<strong>per\u00edodo\u00a0<b>entre as 22 horas de um dia at\u00e9 as 5 horas do dia seguinte<\/b><\/strong>.<\/p>\n<p>Todo trabalhador que trabalha dentro deste hor\u00e1rio recebe um adicional de\u00a0<strong>20% sobre o valor da hora trabalhada<\/strong>. Abaixo confira como fazer o c\u00e1lculo trabalhista nesse caso:<\/p>\n<blockquote><p>Sal\u00e1rio: R$ 3000,00;<\/p>\n<p>Valor da hora: R$ 3000,00\/176 (horas trabalhadas no m\u00eas) = R$ 17,04;<\/p>\n<p>Adicional Noturno: 20% de R$ 17,04 = R$ 3,40<\/p>\n<p><strong>Total do adicional: R$ 17,04 + R$ 3,40 = R$ 20,44<\/strong><\/p><\/blockquote>\n<p>&nbsp;<\/p>\n<h3>Pagamento de horas extras<\/h3>\n<p>O\u00a0<strong>c\u00e1lculo trabalhista<\/strong>\u00a0das\u00a0horas extras\u00a0exige que o profissional do departamento pessoal tenha com exatid\u00e3o o valor que \u00e9 pago por hora para cada colaborador.<\/p>\n<p>Ap\u00f3s isso, s\u00e3o acrescidos<strong>\u00a050% ao valor da hora de trabalho<\/strong>, que se refere ao percentual legal.<\/p>\n<p>Vamos ao c\u00e1lculo trabalhista no caso das horas extras:<\/p>\n<blockquote><p>Horas trabalhadas: 8h\/dia x 22 dias \u00fateis = 176 horas por m\u00eas;<\/p>\n<p>Sal\u00e1rio: R$ 3000,00;<\/p>\n<p>Valor da hora: R$ 3000,00\/176 = R$ 17,04;<\/p>\n<p>Adicional: 50% x R$ 17,04 = R$ 8,52;<\/p>\n<p><strong>Valor da Hora extra: R$ 8,52 + R$ 17,04 = R$ 25,56.<\/strong><\/p><\/blockquote>\n<p>Ao descobrir o\u00a0<strong>valor da hora extra<\/strong>, basta apenas multiplicar pelo n\u00famero de horas a mais trabalhadas ao longo do m\u00eas.<\/p>\n<p>&nbsp;<\/p>\n<h3>Desconto do IRPF<\/h3>\n<p>Em\u00a0<strong>c\u00e1lculos trabalhistas de rescis\u00e3o contratual<\/strong>\u00a0\u00e9 necess\u00e1rio observar e realizar as contas do desconto do\u00a0IRPF. O IRPF \u00e9 o\u00a0<strong>imposto de renda pago por pessoas f\u00edsica com base em seus ganhos<\/strong>.<\/p>\n<p>Para fazer essa conta \u00e9 necess\u00e1rio saber o valor da tabela do imposto retido na fonte, conforme o ano de vig\u00eancia.<\/p>\n<p>Em 2018, por exemplo, pessoas que ganham at\u00e9 R$ 1903,98 est\u00e3o isentos de pagar esse imposto.<\/p>\n<p>Entretanto, para exemplificar esse c\u00e1lculo trabalhista, vamos utilizar o colaborador que ganha R$ 3000,00.<\/p>\n<p>Conforme a tabela do IRRF, o desconto da al\u00edquota seria de 15%, destinado a quem ganha entre R$ 2.826,66 at\u00e9 R$ 3.751,05. A parcela a se deduzir no imposto nesse caso\u00a0<strong>seria de R$ 354,80<\/strong>.<\/p>\n<p>&nbsp;<\/p>\n<h3>Desconto do INSS<\/h3>\n<p>O INSS, que \u00e9 a contribui\u00e7\u00e3o ao<strong>\u00a0Instituto Nacional do Seguro Social (INSS)<\/strong><strong>,<\/strong>\u00a0garante alguns dos benef\u00edcios dos colaboradores. Como por exemplo, a aposentadoria, e, tamb\u00e9m precisa ser identificada nos\u00a0<strong>c\u00e1lculos trabalhistas de rescis\u00e3o<\/strong>.<\/p>\n<p>O desconto de INSS tamb\u00e9m segue uma tabela anual vigente para que o desconto seja feito. No caso do trabalhador que utilizamos que ganha R$ 3000,00 o recolhimento ser\u00e1 de 11%.<\/p>\n<p>Isso porque na tabela atualizada trabalhadores que ganham de R$ 2.822,91 at\u00e9 R$ 5.645,80 devem ter um desconto de 11% sobre seu sal\u00e1rio.<\/p>\n<p>Em casos de c\u00e1lculo trabalhista deve-se fazer a seguinte conta para chegar ao resultado de desconto do INSS. Vamos levar como base o colaborador que ganha R$ 3000,00 por m\u00eas:<\/p>\n<blockquote><p>Saldo de Sal\u00e1rio: 20 dias trabalhados x R$ 100 (valor que ele ganha por dia) = R$ 2000,00<\/p>\n<p>Aviso Pr\u00e9vio: 1 m\u00eas trabalhado (direito ao valor do sal\u00e1rio) \u2013 R$ 3000,00.<\/p>\n<p>13\u00b0 proporcional: R$ 3000,00\/12 = 250 x 6 (meses trabalhados) = R$ 1500,00.<\/p><\/blockquote>\n<p>Tendo esses tr\u00eas n\u00fameros, vamos descontar os valores conforme a tabela do INSS, que nesse caso, como vimos anteriormente, \u00e9 11%:<\/p>\n<blockquote><p>Saldo de Sal\u00e1rio: R$ 2000,00 x 11% = R$ 220,00<\/p>\n<p>Aviso pr\u00e9vio: R$ 3000,00 x 11% = R$ 330,00<\/p>\n<p>13\u00b0 proporcional: R$ 1500,00 x 11% = R$ 165,00<\/p>\n<p><strong>Total de desconto do INSS: R$ 715,00<\/strong><\/p><\/blockquote>\n<h2><\/h2>\n<h2>Evite erros no c\u00e1lculo trabalhista!<\/h2>\n<p>Diante de tantas obrigatoriedades da\u00a0lei\u00a0ao que se refere aos pagamentos de direitos do colaborador,\u00a0<strong>o c\u00e1lculo trabalhista se torna essencial para evitar erros<\/strong>.<\/p>\n<p>Qualquer problema referente ao que a empresa deve pagar aos funcion\u00e1rios pode gerar processos trabalhistas.<\/p>\n<p>N\u00e3o s\u00f3 isso, um <strong>c\u00e1lculo trabalhista errado<\/strong> pode levar a graves preju\u00edzos financeiros.<\/p>\n<p>A computa\u00e7\u00e3o de todos os\u00a0pagamentos do colaborador\u00a0que envolve o c\u00e1lculo trabalhista exige conhecimento dos profissionais do departamento pessoal.<\/p>\n<p>Isso porque esse processo possui uma grande complexidade e \u00e9 cheio de particularidades em cada detalhe.<\/p>\n<p>Portanto, todos os pagamentos devem obrigatoriamente ser realizados corretamente e com a devida aten\u00e7\u00e3o, para que tudo seja cumprido conforme o que prev\u00ea a\u00a0lei da CLT.<\/p>\n<p>Ainda tem alguma d\u00favida, precisa de uma orienta\u00e7\u00e3o particular ou precisa de uma assessoria empresarial?<\/p>\n<p>Entre em contato conosco hoje mesmo.<\/p>\n<div data-test='contact-form'\n\t\t\tid='contact-form-2102'\n\t\t\tclass='jetpack-contact-form-container '\n\t\t\tdata-wp-interactive='jetpack\/form' data-wp-context='{\"formId\":\"2102\",\"formHash\":\"51132a05fb72df1f6764fa06ce16b68ea9026a41\",\"showErrors\":false,\"errors\":[],\"fields\":[],\"isMultiStep\":false,\"useAjax\":true,\"submissionData\":null,\"formattedSubmissionData\":[],\"submissionSuccess\":false,\"submissionError\":null,\"elementId\":\"jp-form-51132a05fb72df1f6764fa06ce16b68ea9026a41\",\"isSingleInputForm\":false,\"isForcedHorizontal\":false}'\n\t\t\tdata-wp-watch--scroll-to-wrapper=\"callbacks.scrollToWrapper\"\n\t\t>\n<div class=\"contact-form-submission contact-form-ajax-submission\" data-wp-bind--aria-hidden=\"state.isSuccessMessageAriaHidden\" data-wp-class--submission-success=\"context.submissionSuccess\" id=\"contact-form-success-51132a05fb72df1f6764fa06ce16b68ea9026a41\" tabindex=\"-1\" aria-labelledby=\"contact-form-success-header-51132a05fb72df1f6764fa06ce16b68ea9026a41\"><p class=\"go-back-message\"><a class=\"link\" role=\"button\" tabindex=\"0\" data-wp-on--click=\"actions.goBack\" href=\"\/cf\/wp-json\/wp\/v2\/posts\/2102\">\u2190 Voltar<\/a><\/p><h4 data-wp-bind--aria-hidden=\"state.isSuccessMessageAriaHidden\" id=\"contact-form-success-header-51132a05fb72df1f6764fa06ce16b68ea9026a41\">Agradecemos pela sua resposta. \u2728<\/h4>\n\n<template data-wp-each--submission=\"context.formattedSubmissionData\">\n\t\t\t\t\t<div class=\"jetpack_forms_contact-form-success-summary\">\n\t\t\t\t\t\t<div class=\"field-name-wrapper\">\n\t\t\t\t\t\t\t<div class=\"field-type-icon\" data-wp-watch=\"callbacks.watchFieldTypeIcon\"><\/div>\n\t\t\t\t\t\t\t<div class=\"field-name\" data-wp-text=\"context.submission.label\" data-wp-bind--hidden=\"!context.submission.label\"><\/div>\n\t\t\t\t\t\t<\/div>\n\t\t\t\t\t\t<div class=\"field-value\" data-wp-text=\"context.submission.value\" data-wp-bind--hidden=\"!context.submission.showPlainValue\"><\/div>\n\t\t\t\t\t\t<a class=\"field-url\" data-wp-bind--href=\"context.submission.url\" data-wp-text=\"context.submission.value\" data-wp-bind--hidden=\"!context.submission.url\" target=\"_blank\" rel=\"noopener noreferrer\"><\/a>\n\t\t\t\t\t\t<div class=\"field-rating\" data-wp-bind--hidden=\"!context.submission.rating\" data-wp-watch=\"callbacks.watchRatingIcons\"><\/div>\n\t\t\t\t\t\t<div class=\"field-images\" data-wp-bind--hidden=\"!context.submission.images\">\n\t\t\t\t\t\t\t<template data-wp-each--image=\"context.submission.images\">\n\t\t\t\t\t\t\t\t<div class=\"field-image-option\" data-wp-class--is-empty=\"!context.image.src\">\n\t\t\t\t\t\t\t\t\t<figure class=\"field-image-option__image\" data-wp-class--is-empty=\"!context.image.src\">\n\t\t\t\t\t\t\t\t\t\t<img data-wp-bind--src=\"context.image.src\" data-wp-bind--hidden=\"!context.image.src\" \/>\n\t\t\t\t\t\t\t\t\t\t<img decoding=\"async\" src=\"data:image\/gif;base64,R0lGODlhAQABAAD\/ACwAAAAAAQABAAACADs=\" data-wp-bind--hidden=\"context.image.src\" \/>\n\t\t\t\t\t\t\t\t\t<\/figure>\n\t\t\t\t\t\t\t\t\t<div class=\"field-image-option__label-wrapper\">\n\t\t\t\t\t\t\t\t\t\t<span class=\"field-image-option__label-code\" data-wp-text=\"context.image.letterCode\"><\/span>\n\t\t\t\t\t\t\t\t\t\t<span class=\"field-image-option__label\" data-wp-text=\"context.image.label\" data-wp-bind--hidden=\"!context.image.label\"><\/span>\n\t\t\t\t\t\t\t\t\t<\/div>\n\t\t\t\t\t\t\t\t<\/div>\n\t\t\t\t\t\t\t<\/template>\n\t\t\t\t\t\t<\/div>\n\t\t\t\t\t\t<div class=\"field-files\" data-wp-bind--hidden=\"!context.submission.files\">\n\t\t\t\t\t\t\t<template data-wp-each--file=\"context.submission.files\">\n\t\t\t\t\t\t\t\t<div class=\"field-file\">\n\t\t\t\t\t\t\t\t\t<div class=\"field-file__thumbnail\" data-wp-style--background-image=\"context.file.previewUrl\" data-wp-style--mask-image=\"context.file.iconUrl\" data-wp-bind--hidden=\"!context.file.hasPreview\"><\/div>\n\t\t\t\t\t\t\t\t\t<svg class=\"field-file__icon\" data-wp-bind--hidden=\"context.file.hasPreview\" width=\"20\" height=\"20\" viewBox=\"0 0 24 24\" fill=\"none\" xmlns=\"http:\/\/www.w3.org\/2000\/svg\" aria-hidden=\"true\">\n\t\t\t\t\t\t\t\t\t\t<path d=\"M14 2H6C4.9 2 4 2.9 4 4V20C4 21.1 4.89 22 5.99 22H18C19.1 22 20 21.1 20 20V8L14 2ZM18 20H6V4H13V9H18V20Z\" fill=\"currentColor\"\/>\n\t\t\t\t\t\t\t\t\t<\/svg>\n\t\t\t\t\t\t\t\t\t<span class=\"field-file__name\" data-wp-text=\"context.file.name\"><\/span>\n\t\t\t\t\t\t\t\t\t<span class=\"field-file__size\" data-wp-text=\"context.file.size\"><\/span>\n\t\t\t\t\t\t\t\t<\/div>\n\t\t\t\t\t\t\t<\/template>\n\t\t\t\t\t\t<\/div>\n\t\t\t\t\t<\/div>\n\t\t\t\t<\/template><\/div><form action='https:\/\/cfcontabil.com\/cf\/calculo-trabalhista-sabe-o-que-e\/'\n\t\t\t\tid='jp-form-51132a05fb72df1f6764fa06ce16b68ea9026a41'\n\t\t\t\tmethod='post'\n\t\t\t\tclass='contact-form commentsblock jetpack-contact-form__form has-no-jetpack-form-layout' aria-label=\"C\u00e1lculo trabalhista: sabe o que \u00e9?\"\n\t\t\t\tdata-wp-on--submit=\"actions.onFormSubmit\"\n\t\t\t\tdata-wp-on--reset=\"actions.onFormReset\"\n\t\t\t\tdata-wp-class--submission-success=\"context.submissionSuccess\"\n\t\t\t\tdata-wp-class--is-first-step=\"state.isFirstStep\"\n\t\t\t\tdata-wp-class--is-last-step=\"state.isLastStep\"\n\t\t\t\tdata-wp-class--is-ajax-form=\"context.useAjax\"\n\t\t\t\tnovalidate >\n<input type='hidden' name='jetpack_contact_form_jwt' value='eyJ0eXAiOiJKV1QiLCJhbGciOiJIUzI1NiJ9.eyJlbmNyeXB0ZWRfYXR0cmlidXRlcyI6ImZMdVl5eDQ3bzlRb0swS0tYRm4reEFRVzQ4MDhraExnN1RMTmo5d3lHUHFOWHlPYzdNalNFOW1kWXM5Ukt6VVkrdXRTWmxXR1poNFpRSEk2dml6ZnRRM2F6N09OY2VwcjBwQjVRam85UFM1MFRrMnc0MExGOFNubnB4LzFQZEhGUTNyTzFHU1lIWFVITWN1QWQ3SE16TGhSZndkY1JBOUlJMWNUOXFlcUlJbm9IUmRyL0k3K3BhMGxNODdyZFcrT2p3TGZTbHB1dzZVZkFPZGR0bllyM2JDRWZaUTIwT3VXWkF5VTFIcG8yQmVhbE9wb2FWZno3VTZsTlVveDA2bFkrcHJKa0NXK2ZXMHhwRjR1bVJuK2RYdjJwekF0TDMybW1md1RQZ1RaaHN6RDBybFVNRFU3ckI5SFFUeG1pMmR1c3MzQzZJMG9JdHgyamZLSkk2VFd2SDlTZnVTaDNpYjZGRnVpUlBNMVZPOERSNzdWMlZkM2hqcTJycjMzb242NnlvSFRGQWtTQldIYnNlQWwyZ1dveFlYcG9aTWNFaXBMb1ByTnVFMHV3bC9KSFF2ZFFIMUtjNG5YQkpFdnpYRENiNTErOG16aHFZdkVSbDExMTF5MFk1clpMV05Oa01ZaVpibTl2bGthTlR1TFM0UXhrUEFINUNPdWYzYWxOL3NyZFArQTVvRS8vcTZBTWczL1A3TzZ4VjVNdmhGU29tQ3BMUUNPU0YwYVZXWFlURzk3UnpUYldzRWpTeGNYcXo5dXgvc2dNZm9hcXZyNnhDalRyNmRoY3hHZnU2WEx3OFRpZjFoYkcxaDBPbVhjeWtPV2dZNTd0UExGaFdwZHNSUVJMa3ZuSDRndGd1M0tZMll5Uy9aOWE1TlZRS2Y4bFg5STI4OTRtamFPWi8wTld3WFlLeFVnM001ckJpdSttSVBsamxrMmpqczNRL0E5Q0x3RWRuS1Y1VTJCWjZDOTVCaFZkdnZNVkFNNHQ4YmJjNmJIcGx6WDBFWE15eVRqazVQRjBuSFFkMS8xZVMvcWdaaGJLTDJTa2Ftdko5UStDaHU0Y3Y4RFA2ckpUeERJdzJ4ejlqZ213OHBOQk1DdUhCVHg0cUdiVWtLbE4vaUtSbXoyMzNoQWdkcFZWc0VmYk5YYVprY0d2R2V3bmhwUG53akVTTk53bGJ1Nkp6OHFQc2F5YlBiZHh4RXI1VXNHeVp6OFhtWVlOeDBBSG5PTU5ndHJIQzZrTkFSRUpaTldzUXU4VVIxSW4wdVp2RHFsZ0pvNHhYalJyMHRTUm1NaSIsImNvbnRlbnQiOiJbY29udGFjdC1maWVsZCBsYWJlbD0nTm9tZScgdHlwZT0nbmFtZScgcmVxdWlyZWQ9JzEnL11bY29udGFjdC1maWVsZCBsYWJlbD0nRS1tYWlsJyB0eXBlPSdlbWFpbCcgcmVxdWlyZWQ9JzEnL11bY29udGFjdC1maWVsZCBsYWJlbD0nU2l0ZScgdHlwZT0ndXJsJy9dW2NvbnRhY3QtZmllbGQgbGFiZWw9J01lbnNhZ2VtJyB0eXBlPSd0ZXh0YXJlYScvXSIsImhhc2giOiI1MTEzMmEwNWZiNzJkZjFmNjc2NGZhMDZjZTE2YjY4ZWE5MDI2YTQxIiwic291cmNlIjp7ImVudHJ5X3RpdGxlIjoiQ1x1MDBlMWxjdWxvIHRyYWJhbGhpc3RhOiBzYWJlIG8gcXVlIFx1MDBlOT8iLCJlbnRyeV9wYWdlIjoxLCJzb3VyY2VfaWQiOjIxMDIsInNvdXJjZV90eXBlIjoic2luZ2xlIiwicmVxdWVzdF91cmwiOiJodHRwczovL2NmY29udGFiaWwuY29tL2NmL3dwLWpzb24vd3AvdjIvcG9zdHMvMjEwMiJ9LCJ2ZXJzaW9uIjoyLCJjaXBoZXIiOiJhZXMtMjU2LWdjbSJ9.dYYhVEhGagYxG82lqton2jfg58SB22YeFl3OVU1gNvE' \/>\n\n<div style=\"\"  data-wp-interactive=\"jetpack\/form\" data-wp-context='{\"fieldId\":\"g2102-nome\",\"fieldType\":\"name\",\"fieldLabel\":\"Nome\",\"fieldValue\":\"\",\"fieldPlaceholder\":\"\",\"fieldIsRequired\":\"1\",\"fieldErrorMessage\":\"\",\"fieldExtra\":[],\"formHash\":\"51132a05fb72df1f6764fa06ce16b68ea9026a41\"}'  class='grunion-field-name-wrap grunion-field-wrap'  data-wp-init='callbacks.initializeField' data-wp-on--jetpack-form-reset='callbacks.initializeField' >\n<label\n\t\t\t\tfor='g2102-nome' class=\"grunion-field-label name\" >Nome<span class=\"grunion-label-required\" aria-hidden=\"true\">(obrigat\u00f3rio)<\/span><\/label>\n<input\n\t\t\t\t\ttype='text'\n\t\t\t\t\tname='g2102-nome'\n\t\t\t\t\tid='g2102-nome'\n\t\t\t\t\tvalue=''\n\n\t\t\t\t\tdata-wp-bind--aria-invalid='state.fieldAriaInvalid'\n\t\t\t\t\tdata-wp-bind--value='state.getFieldValue'\n\t\t\t\t\taria-describedby='g2102-nome-text-error-message'\n\t\t\t\t\tdata-wp-on--input='actions.onFieldChange'\n\t\t\t\t\tdata-wp-on--blur='actions.onFieldBlur'\n\t\t\t\t\tdata-wp-class--has-value='state.hasFieldValue'\n\n\t\t\t\t\tclass='name  grunion-field' \n\t\t\t\t\trequired='true' aria-required='true'  \/>\n \n\t\t\t<div id=\"g2102-nome-text-error\" class=\"contact-form__input-error\" data-wp-class--has-errors=\"state.fieldHasErrors\">\n\t\t\t\t<span class=\"contact-form__warning-icon\" aria-hidden=\"true\">\n\t\t\t\t\t<svg width=\"16\" height=\"16\" viewBox=\"0 0 16 16\" fill=\"none\" xmlns=\"http:\/\/www.w3.org\/2000\/svg\">\n\t\t\t\t\t\t<path d=\"M8.50015 11.6402H7.50015V10.6402H8.50015V11.6402Z\" \/>\n\t\t\t\t\t\t<path d=\"M7.50015 9.64018H8.50015V6.30684H7.50015V9.64018Z\" \/>\n\t\t\t\t\t\t<path fill-rule=\"evenodd\" clip-rule=\"evenodd\" d=\"M6.98331 3.0947C7.42933 2.30177 8.57096 2.30177 9.01698 3.09469L13.8771 11.7349C14.3145 12.5126 13.7525 13.4735 12.8602 13.4735H3.14004C2.24774 13.4735 1.68575 12.5126 2.12321 11.7349L6.98331 3.0947ZM8.14541 3.58496C8.08169 3.47168 7.9186 3.47168 7.85488 3.58496L2.99478 12.2251C2.93229 12.3362 3.01257 12.4735 3.14004 12.4735H12.8602C12.9877 12.4735 13.068 12.3362 13.0055 12.2251L8.14541 3.58496Z\" \/>\n\t\t\t\t\t<\/svg>\n\t\t\t\t<\/span>\n\t\t\t\t<span data-wp-text=\"state.errorMessage\" id=\"g2102-nome-text-error-message\"><\/span>\n\t\t\t<\/div> \n\t<\/div>\n\n<div style=\"\"  data-wp-interactive=\"jetpack\/form\" data-wp-context='{\"fieldId\":\"g2102-email\",\"fieldType\":\"email\",\"fieldLabel\":\"E-mail\",\"fieldValue\":\"\",\"fieldPlaceholder\":\"\",\"fieldIsRequired\":\"1\",\"fieldErrorMessage\":\"\",\"fieldExtra\":[],\"formHash\":\"51132a05fb72df1f6764fa06ce16b68ea9026a41\"}'  class='grunion-field-email-wrap grunion-field-wrap'  data-wp-init='callbacks.initializeField' data-wp-on--jetpack-form-reset='callbacks.initializeField' >\n<label\n\t\t\t\tfor='g2102-email' class=\"grunion-field-label email\" >E-mail<span class=\"grunion-label-required\" aria-hidden=\"true\">(obrigat\u00f3rio)<\/span><\/label>\n<input\n\t\t\t\t\ttype='email'\n\t\t\t\t\tname='g2102-email'\n\t\t\t\t\tid='g2102-email'\n\t\t\t\t\tvalue=''\n\n\t\t\t\t\tdata-wp-bind--aria-invalid='state.fieldAriaInvalid'\n\t\t\t\t\tdata-wp-bind--value='state.getFieldValue'\n\t\t\t\t\taria-describedby='g2102-email-email-error-message'\n\t\t\t\t\tdata-wp-on--input='actions.onFieldChange'\n\t\t\t\t\tdata-wp-on--blur='actions.onFieldBlur'\n\t\t\t\t\tdata-wp-class--has-value='state.hasFieldValue'\n\n\t\t\t\t\tclass='email  grunion-field' \n\t\t\t\t\trequired='true' aria-required='true'  \/>\n \n\t\t\t<div id=\"g2102-email-email-error\" class=\"contact-form__input-error\" data-wp-class--has-errors=\"state.fieldHasErrors\">\n\t\t\t\t<span class=\"contact-form__warning-icon\" aria-hidden=\"true\">\n\t\t\t\t\t<svg width=\"16\" height=\"16\" viewBox=\"0 0 16 16\" fill=\"none\" xmlns=\"http:\/\/www.w3.org\/2000\/svg\">\n\t\t\t\t\t\t<path d=\"M8.50015 11.6402H7.50015V10.6402H8.50015V11.6402Z\" \/>\n\t\t\t\t\t\t<path d=\"M7.50015 9.64018H8.50015V6.30684H7.50015V9.64018Z\" \/>\n\t\t\t\t\t\t<path fill-rule=\"evenodd\" clip-rule=\"evenodd\" d=\"M6.98331 3.0947C7.42933 2.30177 8.57096 2.30177 9.01698 3.09469L13.8771 11.7349C14.3145 12.5126 13.7525 13.4735 12.8602 13.4735H3.14004C2.24774 13.4735 1.68575 12.5126 2.12321 11.7349L6.98331 3.0947ZM8.14541 3.58496C8.08169 3.47168 7.9186 3.47168 7.85488 3.58496L2.99478 12.2251C2.93229 12.3362 3.01257 12.4735 3.14004 12.4735H12.8602C12.9877 12.4735 13.068 12.3362 13.0055 12.2251L8.14541 3.58496Z\" \/>\n\t\t\t\t\t<\/svg>\n\t\t\t\t<\/span>\n\t\t\t\t<span data-wp-text=\"state.errorMessage\" id=\"g2102-email-email-error-message\"><\/span>\n\t\t\t<\/div> \n\t<\/div>\n\n<div style=\"\"  data-wp-interactive=\"jetpack\/form\" data-wp-context='{\"fieldId\":\"g2102-site\",\"fieldType\":\"url\",\"fieldLabel\":\"Site\",\"fieldValue\":\"\",\"fieldPlaceholder\":\"\",\"fieldIsRequired\":\"\",\"fieldErrorMessage\":\"\",\"fieldExtra\":[],\"formHash\":\"51132a05fb72df1f6764fa06ce16b68ea9026a41\"}'  class='grunion-field-url-wrap grunion-field-wrap'  data-wp-init='callbacks.initializeField' data-wp-on--jetpack-form-reset='callbacks.initializeField' >\n<label\n\t\t\t\tfor='g2102-site' class=\"grunion-field-label url\" >Site<\/label>\n<input\n\t\t\t\t\ttype='text'\n\t\t\t\t\tname='g2102-site'\n\t\t\t\t\tid='g2102-site'\n\t\t\t\t\tvalue=''\n\n\t\t\t\t\tdata-wp-bind--aria-invalid='state.fieldAriaInvalid'\n\t\t\t\t\tdata-wp-bind--value='state.getFieldValue'\n\t\t\t\t\taria-describedby='g2102-site-text-error-message'\n\t\t\t\t\tdata-wp-on--input='actions.onFieldChange'\n\t\t\t\t\tdata-wp-on--blur='actions.onFieldBlur'\n\t\t\t\t\tdata-wp-class--has-value='state.hasFieldValue'\n\n\t\t\t\t\tclass='url  grunion-field' \n\t\t\t\t\t \/>\n \n\t\t\t<div id=\"g2102-site-text-error\" class=\"contact-form__input-error\" data-wp-class--has-errors=\"state.fieldHasErrors\">\n\t\t\t\t<span class=\"contact-form__warning-icon\" aria-hidden=\"true\">\n\t\t\t\t\t<svg width=\"16\" height=\"16\" viewBox=\"0 0 16 16\" fill=\"none\" xmlns=\"http:\/\/www.w3.org\/2000\/svg\">\n\t\t\t\t\t\t<path d=\"M8.50015 11.6402H7.50015V10.6402H8.50015V11.6402Z\" \/>\n\t\t\t\t\t\t<path d=\"M7.50015 9.64018H8.50015V6.30684H7.50015V9.64018Z\" \/>\n\t\t\t\t\t\t<path fill-rule=\"evenodd\" clip-rule=\"evenodd\" d=\"M6.98331 3.0947C7.42933 2.30177 8.57096 2.30177 9.01698 3.09469L13.8771 11.7349C14.3145 12.5126 13.7525 13.4735 12.8602 13.4735H3.14004C2.24774 13.4735 1.68575 12.5126 2.12321 11.7349L6.98331 3.0947ZM8.14541 3.58496C8.08169 3.47168 7.9186 3.47168 7.85488 3.58496L2.99478 12.2251C2.93229 12.3362 3.01257 12.4735 3.14004 12.4735H12.8602C12.9877 12.4735 13.068 12.3362 13.0055 12.2251L8.14541 3.58496Z\" \/>\n\t\t\t\t\t<\/svg>\n\t\t\t\t<\/span>\n\t\t\t\t<span data-wp-text=\"state.errorMessage\" id=\"g2102-site-text-error-message\"><\/span>\n\t\t\t<\/div> \n\t<\/div>\n\n<div style=\"\"  data-wp-interactive=\"jetpack\/form\" data-wp-context='{\"fieldId\":\"g2102-mensagem\",\"fieldType\":\"textarea\",\"fieldLabel\":\"Mensagem\",\"fieldValue\":\"\",\"fieldPlaceholder\":\"\",\"fieldIsRequired\":\"\",\"fieldErrorMessage\":\"\",\"fieldExtra\":[],\"formHash\":\"51132a05fb72df1f6764fa06ce16b68ea9026a41\"}'  class='grunion-field-textarea-wrap grunion-field-wrap'  data-wp-init='callbacks.initializeField' data-wp-on--jetpack-form-reset='callbacks.initializeField' >\n<label\n\t\t\t\tfor='contact-form-comment-g2102-mensagem' class=\"grunion-field-label textarea\" >Mensagem<\/label>\n<textarea\n\t\t                style=''\n\t\t                name='g2102-mensagem'\n\t\t                id='contact-form-comment-g2102-mensagem'\n\t\t                rows='20'\n\t\t\t\t\t\tdata-wp-text='state.getFieldValue'\n\t\t\t\t\t\tdata-wp-on--input='actions.onFieldChange'\n\t\t\t\t\t\tdata-wp-on--blur='actions.onFieldBlur'\n\t\t\t\t\t\tdata-wp-class--has-value='state.hasFieldValue'\n\t\t\t\t\t\taria-describedby='g2102-mensagem-textarea-error-message'\n\t\t\t\t\t\tdata-wp-bind--aria-invalid='state.fieldAriaInvalid'\n\t\t\t\t\t\tclass='textarea  grunion-field'  ><\/textarea>\n \n\t\t\t<div id=\"g2102-mensagem-textarea-error\" class=\"contact-form__input-error\" data-wp-class--has-errors=\"state.fieldHasErrors\">\n\t\t\t\t<span class=\"contact-form__warning-icon\" aria-hidden=\"true\">\n\t\t\t\t\t<svg width=\"16\" height=\"16\" viewBox=\"0 0 16 16\" fill=\"none\" xmlns=\"http:\/\/www.w3.org\/2000\/svg\">\n\t\t\t\t\t\t<path d=\"M8.50015 11.6402H7.50015V10.6402H8.50015V11.6402Z\" \/>\n\t\t\t\t\t\t<path d=\"M7.50015 9.64018H8.50015V6.30684H7.50015V9.64018Z\" \/>\n\t\t\t\t\t\t<path fill-rule=\"evenodd\" clip-rule=\"evenodd\" d=\"M6.98331 3.0947C7.42933 2.30177 8.57096 2.30177 9.01698 3.09469L13.8771 11.7349C14.3145 12.5126 13.7525 13.4735 12.8602 13.4735H3.14004C2.24774 13.4735 1.68575 12.5126 2.12321 11.7349L6.98331 3.0947ZM8.14541 3.58496C8.08169 3.47168 7.9186 3.47168 7.85488 3.58496L2.99478 12.2251C2.93229 12.3362 3.01257 12.4735 3.14004 12.4735H12.8602C12.9877 12.4735 13.068 12.3362 13.0055 12.2251L8.14541 3.58496Z\" \/>\n\t\t\t\t\t<\/svg>\n\t\t\t\t<\/span>\n\t\t\t\t<span data-wp-text=\"state.errorMessage\" id=\"g2102-mensagem-textarea-error-message\"><\/span>\n\t\t\t<\/div>\n\t<\/div>\n\t<p class='contact-submit'>\n<div class=\"contact-form__error\" data-wp-class--show-errors=\"state.showFormErrors\"><span class=\"contact-form__warning-icon\" aria-hidden=\"true\"><i><\/i><\/span><span class=\"contact-form__error-message\" tabindex=\"-1\" data-wp-watch=\"callbacks.focusOnValidationError\" data-wp-text=\"state.getFormErrorMessage\"><\/span><ul aria-label=\"Erros de formul\u00e1rio\">\n\t\t\t\t<template data-wp-each=\"state.getErrorList\" data-wp-key=\"context.item.id\">\n\t\t\t\t\t<li><a data-wp-bind--href=\"context.item.anchor\" data-wp-on--click=\"actions.scrollIntoView\" data-wp-text=\"context.item.label\"><\/a><\/li>\n\t\t\t\t<\/template>\n\t\t\t\t<\/ul><\/div><div class=\"contact-form__error\" data-wp-class--show-errors=\"state.showSubmissionError\" data-wp-text=\"context.submissionError\" tabindex=\"-1\" data-wp-watch=\"callbacks.focusOnSubmissionError\"><\/div>\t\t<button type='submit' class='pushbutton-wide'>Enviar<\/button>\t\t<input type='hidden' name='contact-form-id' value='2102' \/>\n\t\t<input type='hidden' name='action' value='grunion-contact-form' \/>\n\t\t<input type='hidden' name='contact-form-hash' value='51132a05fb72df1f6764fa06ce16b68ea9026a41' \/>\n\t<\/p>\n<p style=\"display: none !important;\" class=\"akismet-fields-container\" data-prefix=\"ak_\"><label>&#916;<textarea name=\"ak_hp_textarea\" cols=\"45\" rows=\"8\" maxlength=\"100\"><\/textarea><\/label><input type=\"hidden\" id=\"ak_js_1\" name=\"ak_js\" value=\"110\"\/><script>document.getElementById( \"ak_js_1\" ).setAttribute( \"value\", ( new Date() ).getTime() );<\/script><\/p><\/form>\n<\/div>\n","protected":false},"excerpt":{"rendered":"<p>C\u00e1lculo trabalhista \u00e9 a conta que se refere aos valores que envolvem uma rescis\u00e3o de contrato de trabalho. Portanto, \u00e9 essencial que a empresa ou seu departamento de pessoal tenha conhecimento dos direitos do trabalhador para que todos os valores devidos sejam pagos corretamente. Reconhecer os tipos de c\u00e1lculos e as remunera\u00e7\u00f5es que fazem parte [&hellip;]<\/p>\n","protected":false},"author":1,"featured_media":2103,"comment_status":"open","ping_status":"open","sticky":false,"template":"","format":"standard","meta":{"jetpack_post_was_ever_published":false,"_jetpack_newsletter_access":"","_jetpack_dont_email_post_to_subs":false,"_jetpack_newsletter_tier_id":0,"_jetpack_memberships_contains_paywalled_content":false,"_jetpack_memberships_contains_paid_content":false,"footnotes":"","jetpack_publicize_message":"","jetpack_publicize_feature_enabled":true,"jetpack_social_post_already_shared":true,"jetpack_social_options":{"image_generator_settings":{"template":"highway","default_image_id":0,"font":"","enabled":false},"version":2}},"categories":[29],"tags":[94,469,192,96,92,41,45,751],"class_list":["post-2102","post","type-post","status-publish","format-standard","has-post-thumbnail","hentry","category-dp","tag-calculo","tag-direitos","tag-empregado","tag-pagamento","tag-rescisao","tag-trabalhista","tag-trabalho","tag-verba"],"jetpack_publicize_connections":[],"jetpack_featured_media_url":"https:\/\/i0.wp.com\/cfcontabil.com\/cf\/wp-content\/uploads\/2020\/02\/calculos-trabalhistas.jpg?fit=900%2C450&ssl=1","jetpack_sharing_enabled":true,"jetpack_shortlink":"https:\/\/wp.me\/p2wklX-xU","jetpack-related-posts":[{"id":73,"url":"https:\/\/cfcontabil.com\/cf\/contrato-de-experiencia\/","url_meta":{"origin":2102,"position":0},"title":"Contrato de Experi\u00eancia","author":"Juc\u00e9lia Martins","date":"19 de julho de 2012","format":false,"excerpt":"A CLT - Consolida\u00e7\u00e3o das leis do trabalho regulamenta em seu artigo 443 o contrato individual de trabalho, podendo ser por prazo determinado ou indeterminado. Referente contrato de trabalho por prazo determinado, vamos falar sobre\u00a0contrato de experi\u00eancia. Uma d\u00favida comum \u00e9 se o contrato de experi\u00eancia dever ser feito \u00a0na\u2026","rel":"","context":"Em &quot;Departamento Pessoal&quot;","block_context":{"text":"Departamento Pessoal","link":"https:\/\/cfcontabil.com\/cf\/category\/dp\/"},"img":{"alt_text":"","src":"https:\/\/i0.wp.com\/3.bp.blogspot.com\/_mcBh-gAtbqM\/S8HNpK5PwYI\/AAAAAAAAAFA\/9DZGYH9NnCA\/s320\/CONTRATO%2BDE%2BEXPERIENCIA.jpg?resize=350%2C200","width":350,"height":200},"classes":[]},{"id":229,"url":"https:\/\/cfcontabil.com\/cf\/decimo-terceiro-salario-calculo-das-parcelas\/","url_meta":{"origin":2102,"position":1},"title":"D\u00e9cimo Terceiro Sal\u00e1rio &#8211; C\u00e1lculo das parcelas","author":"Juc\u00e9lia Martins","date":"22 de novembro de 2012","format":false,"excerpt":"Com o final do ano se aproximando, muitos j\u00e1 pensam na gratifica\u00e7\u00e3o natalina, ou d\u00e9cimo terceiro sal\u00e1rio, como \u00e9 popularmente conhecido, seja para quitar d\u00edvidas, ajudar nas confraterniza\u00e7\u00f5es que marcam essa \u00e9poca, comprar presentes de natal, amigo secreto, ou at\u00e9 mesmo investir. A gratifica\u00e7\u00e3o natalina, \u00e9 um direito trabalhista\u00a0institu\u00eddo\u00a0pela\u00a0\u00a0Lei 4.090\/62\u2026","rel":"","context":"Em &quot;Departamento Pessoal&quot;","block_context":{"text":"Departamento Pessoal","link":"https:\/\/cfcontabil.com\/cf\/category\/dp\/"},"img":{"alt_text":"","src":"https:\/\/i0.wp.com\/www.guiamuriae.com.br\/wp-content\/uploads\/2012\/08\/decimo-terceiro-salario.jpg?resize=350%2C200","width":350,"height":200},"classes":[]},{"id":691,"url":"https:\/\/cfcontabil.com\/cf\/e-social-da-nova-dor-de-cabeca-para-empregador\/","url_meta":{"origin":2102,"position":2},"title":"e-Social d\u00e1 nova dor de cabe\u00e7a para empregador","author":"Ab\u00edlio Gon\u00e7alves","date":"21 de mar\u00e7o de 2016","format":false,"excerpt":"Os empregadores est\u00e3o com dificuldades de demitir os dom\u00e9sticos no m\u00f3dulo disponibilizado no site do e-Social (esocial.gov.br). A fun\u00e7\u00e3o de desligamento foi inserida pela Receita Federal no \u00faltimo dia 8. O principal entrave \u00e9 o c\u00e1lculo das verbas rescis\u00f3rias, que devem ser inclu\u00eddas quando o trabalhador \u00e9 desligado. O sistema\u2026","rel":"","context":"Em &quot;Departamento Pessoal&quot;","block_context":{"text":"Departamento Pessoal","link":"https:\/\/cfcontabil.com\/cf\/category\/dp\/"},"img":{"alt_text":"","src":"https:\/\/i0.wp.com\/cfcontabil.com\/cf\/wp-content\/uploads\/2016\/03\/erro-esocial-1.jpg?fit=580%2C375&ssl=1&resize=350%2C200","width":350,"height":200,"srcset":"https:\/\/i0.wp.com\/cfcontabil.com\/cf\/wp-content\/uploads\/2016\/03\/erro-esocial-1.jpg?fit=580%2C375&ssl=1&resize=350%2C200 1x, https:\/\/i0.wp.com\/cfcontabil.com\/cf\/wp-content\/uploads\/2016\/03\/erro-esocial-1.jpg?fit=580%2C375&ssl=1&resize=525%2C300 1.5x"},"classes":[]},{"id":2215,"url":"https:\/\/cfcontabil.com\/cf\/ponto-a-ponto-mp-936-2020-entenda-cortes-salariais-suspensoes-e-beneficio\/","url_meta":{"origin":2102,"position":3},"title":"Ponto a ponto MP 936\/2020: Entenda cortes salariais, suspens\u00f5es e benef\u00edcio","author":"Ab\u00edlio Gon\u00e7alves","date":"2 de abril de 2020","format":false,"excerpt":"A MP 936\/2020 possibilita o corte salarial de at\u00e9 70%, suspens\u00e3o do contrato de trabalho e benef\u00edcio emergencial. Entenda ponto a ponto O Di\u00e1rio Oficial da Uni\u00e3o publicou nesta quarta-feira, 01, a MP 936\/2020 que institui o Programa Emergencial de Manuten\u00e7\u00e3o do Emprego e da Renda. Em suma, a norma\u2026","rel":"","context":"Em &quot;Departamento Pessoal&quot;","block_context":{"text":"Departamento Pessoal","link":"https:\/\/cfcontabil.com\/cf\/category\/dp\/"},"img":{"alt_text":"","src":"https:\/\/i0.wp.com\/cfcontabil.com\/cf\/wp-content\/uploads\/2020\/04\/emprego-4.jpg.pagespeed.ic_.4H7FnGacfP.jpg?fit=1086%2C652&ssl=1&resize=350%2C200","width":350,"height":200,"srcset":"https:\/\/i0.wp.com\/cfcontabil.com\/cf\/wp-content\/uploads\/2020\/04\/emprego-4.jpg.pagespeed.ic_.4H7FnGacfP.jpg?fit=1086%2C652&ssl=1&resize=350%2C200 1x, https:\/\/i0.wp.com\/cfcontabil.com\/cf\/wp-content\/uploads\/2020\/04\/emprego-4.jpg.pagespeed.ic_.4H7FnGacfP.jpg?fit=1086%2C652&ssl=1&resize=525%2C300 1.5x, https:\/\/i0.wp.com\/cfcontabil.com\/cf\/wp-content\/uploads\/2020\/04\/emprego-4.jpg.pagespeed.ic_.4H7FnGacfP.jpg?fit=1086%2C652&ssl=1&resize=700%2C400 2x, https:\/\/i0.wp.com\/cfcontabil.com\/cf\/wp-content\/uploads\/2020\/04\/emprego-4.jpg.pagespeed.ic_.4H7FnGacfP.jpg?fit=1086%2C652&ssl=1&resize=1050%2C600 3x"},"classes":[]},{"id":1888,"url":"https:\/\/cfcontabil.com\/cf\/reforma-da-previdencia-novas-regras\/","url_meta":{"origin":2102,"position":4},"title":"Reforma da Previd\u00eancia &#8211; Novas Regras","author":"Ab\u00edlio Gon\u00e7alves","date":"13 de novembro de 2019","format":false,"excerpt":"A reforma da previd\u00eancia, promulgada pelo Congresso Nacional no dia 12 de novembro de 2019, estabelece regras para aposentadoria do Regime Geral (setor privado) e de servidores p\u00fablicos instituindo novas al\u00edquotas de contribui\u00e7\u00e3o para a Previd\u00eancia, al\u00e9m da exig\u00eancia de idade m\u00ednima para que homens e mulheres se aposentem. As\u2026","rel":"","context":"Em &quot;Departamento Pessoal&quot;","block_context":{"text":"Departamento Pessoal","link":"https:\/\/cfcontabil.com\/cf\/category\/dp\/"},"img":{"alt_text":"","src":"https:\/\/i0.wp.com\/cfcontabil.com\/cf\/wp-content\/uploads\/2019\/11\/reforma-previdencia.jpg?fit=736%2C417&ssl=1&resize=350%2C200","width":350,"height":200,"srcset":"https:\/\/i0.wp.com\/cfcontabil.com\/cf\/wp-content\/uploads\/2019\/11\/reforma-previdencia.jpg?fit=736%2C417&ssl=1&resize=350%2C200 1x, https:\/\/i0.wp.com\/cfcontabil.com\/cf\/wp-content\/uploads\/2019\/11\/reforma-previdencia.jpg?fit=736%2C417&ssl=1&resize=525%2C300 1.5x, https:\/\/i0.wp.com\/cfcontabil.com\/cf\/wp-content\/uploads\/2019\/11\/reforma-previdencia.jpg?fit=736%2C417&ssl=1&resize=700%2C400 2x"},"classes":[]},{"id":1200,"url":"https:\/\/cfcontabil.com\/cf\/ferias\/","url_meta":{"origin":2102,"position":5},"title":"F\u00e9rias","author":"Juc\u00e9lia Martins","date":"7 de novembro de 2012","format":false,"excerpt":"Oi pessoal,\u00a0 quem ai j\u00e1 est\u00e1 pensando nas f\u00e9rias do final de ano? O per\u00edodo de f\u00e9rias existe para que as pessoas se recuperem do estresse acumulado no trabalho durante o ano. Vamos falar um pouco sobre esse direito do trabalhador? Neste post trataremos dos seguintes assuntos: 1. Direito a\u2026","rel":"","context":"Em &quot;Departamento Pessoal&quot;","block_context":{"text":"Departamento Pessoal","link":"https:\/\/cfcontabil.com\/cf\/category\/dp\/"},"img":{"alt_text":"Tabela de f\u00e9rias","src":"https:\/\/i0.wp.com\/cfcontabil.com\/cf\/wp-content\/uploads\/2012\/11\/ferias.jpg?resize=350%2C200","width":350,"height":200},"classes":[]}],"jetpack_likes_enabled":true,"_links":{"self":[{"href":"https:\/\/cfcontabil.com\/cf\/wp-json\/wp\/v2\/posts\/2102","targetHints":{"allow":["GET"]}}],"collection":[{"href":"https:\/\/cfcontabil.com\/cf\/wp-json\/wp\/v2\/posts"}],"about":[{"href":"https:\/\/cfcontabil.com\/cf\/wp-json\/wp\/v2\/types\/post"}],"author":[{"embeddable":true,"href":"https:\/\/cfcontabil.com\/cf\/wp-json\/wp\/v2\/users\/1"}],"replies":[{"embeddable":true,"href":"https:\/\/cfcontabil.com\/cf\/wp-json\/wp\/v2\/comments?post=2102"}],"version-history":[{"count":1,"href":"https:\/\/cfcontabil.com\/cf\/wp-json\/wp\/v2\/posts\/2102\/revisions"}],"predecessor-version":[{"id":2104,"href":"https:\/\/cfcontabil.com\/cf\/wp-json\/wp\/v2\/posts\/2102\/revisions\/2104"}],"wp:featuredmedia":[{"embeddable":true,"href":"https:\/\/cfcontabil.com\/cf\/wp-json\/wp\/v2\/media\/2103"}],"wp:attachment":[{"href":"https:\/\/cfcontabil.com\/cf\/wp-json\/wp\/v2\/media?parent=2102"}],"wp:term":[{"taxonomy":"category","embeddable":true,"href":"https:\/\/cfcontabil.com\/cf\/wp-json\/wp\/v2\/categories?post=2102"},{"taxonomy":"post_tag","embeddable":true,"href":"https:\/\/cfcontabil.com\/cf\/wp-json\/wp\/v2\/tags?post=2102"}],"curies":[{"name":"wp","href":"https:\/\/api.w.org\/{rel}","templated":true}]}}