{"id":2121,"date":"2020-02-26T11:42:54","date_gmt":"2020-02-26T14:42:54","guid":{"rendered":"http:\/\/cfcontabil.com\/cf\/?p=2121"},"modified":"2020-03-06T10:56:22","modified_gmt":"2020-03-06T13:56:22","slug":"irpf-2020-prazo-e-ate-dia-28-para-receber-o-informe-de-rendimentos","status":"publish","type":"post","link":"https:\/\/cfcontabil.com\/cf\/irpf-2020-prazo-e-ate-dia-28-para-receber-o-informe-de-rendimentos\/","title":{"rendered":"IRPF 2020: Prazo \u00e9 at\u00e9 dia 28 para receber o informe de rendimentos"},"content":{"rendered":"<p>Estamos a poucos dias para iniciar a entrega a Declara\u00e7\u00e3o do Imposto de Renda Pessoa F\u00edsica de 2020, portanto \u00e9 importante ter uma aten\u00e7\u00e3o especial a documenta\u00e7\u00e3o necess\u00e1ria.<\/p>\n<figure id=\"attachment_2122\" aria-describedby=\"caption-attachment-2122\" style=\"width: 295px\" class=\"wp-caption aligncenter\"><a href=\"https:\/\/www.instagram.com\/cfcontabil\/\"><img data-recalc-dims=\"1\" fetchpriority=\"high\" decoding=\"async\" data-attachment-id=\"2122\" data-permalink=\"https:\/\/cfcontabil.com\/cf\/irpf-2020-prazo-e-ate-dia-28-para-receber-o-informe-de-rendimentos\/informe-de-rendimentos-irpf\/\" data-orig-file=\"https:\/\/i0.wp.com\/cfcontabil.com\/cf\/wp-content\/uploads\/2020\/02\/Informe-de-Rendimentos-IRPF.png?fit=2160%2C2160&amp;ssl=1\" data-orig-size=\"2160,2160\" data-comments-opened=\"1\" data-image-meta=\"{&quot;aperture&quot;:&quot;0&quot;,&quot;credit&quot;:&quot;&quot;,&quot;camera&quot;:&quot;&quot;,&quot;caption&quot;:&quot;&quot;,&quot;created_timestamp&quot;:&quot;0&quot;,&quot;copyright&quot;:&quot;&quot;,&quot;focal_length&quot;:&quot;0&quot;,&quot;iso&quot;:&quot;0&quot;,&quot;shutter_speed&quot;:&quot;0&quot;,&quot;title&quot;:&quot;&quot;,&quot;orientation&quot;:&quot;0&quot;}\" data-image-title=\"Informe de Rendimentos IRPF\" data-image-description=\"\" data-image-caption=\"\" data-large-file=\"https:\/\/i0.wp.com\/cfcontabil.com\/cf\/wp-content\/uploads\/2020\/02\/Informe-de-Rendimentos-IRPF.png?fit=1024%2C1024&amp;ssl=1\" class=\"wp-image-2122\" src=\"https:\/\/i0.wp.com\/cfcontabil.com\/cf\/wp-content\/uploads\/2020\/02\/Informe-de-Rendimentos-IRPF.png?resize=295%2C296\" alt=\"Instagram CF Cont\u00e1bil\" width=\"295\" height=\"296\" srcset=\"https:\/\/i0.wp.com\/cfcontabil.com\/cf\/wp-content\/uploads\/2020\/02\/Informe-de-Rendimentos-IRPF.png?w=2160&amp;ssl=1 2160w, https:\/\/i0.wp.com\/cfcontabil.com\/cf\/wp-content\/uploads\/2020\/02\/Informe-de-Rendimentos-IRPF.png?resize=300%2C300&amp;ssl=1 300w, https:\/\/i0.wp.com\/cfcontabil.com\/cf\/wp-content\/uploads\/2020\/02\/Informe-de-Rendimentos-IRPF.png?resize=1024%2C1024&amp;ssl=1 1024w, https:\/\/i0.wp.com\/cfcontabil.com\/cf\/wp-content\/uploads\/2020\/02\/Informe-de-Rendimentos-IRPF.png?resize=150%2C150&amp;ssl=1 150w, https:\/\/i0.wp.com\/cfcontabil.com\/cf\/wp-content\/uploads\/2020\/02\/Informe-de-Rendimentos-IRPF.png?resize=768%2C768&amp;ssl=1 768w, https:\/\/i0.wp.com\/cfcontabil.com\/cf\/wp-content\/uploads\/2020\/02\/Informe-de-Rendimentos-IRPF.png?resize=1536%2C1536&amp;ssl=1 1536w, https:\/\/i0.wp.com\/cfcontabil.com\/cf\/wp-content\/uploads\/2020\/02\/Informe-de-Rendimentos-IRPF.png?resize=2048%2C2048&amp;ssl=1 2048w, https:\/\/i0.wp.com\/cfcontabil.com\/cf\/wp-content\/uploads\/2020\/02\/Informe-de-Rendimentos-IRPF.png?resize=370%2C370&amp;ssl=1 370w, https:\/\/i0.wp.com\/cfcontabil.com\/cf\/wp-content\/uploads\/2020\/02\/Informe-de-Rendimentos-IRPF.png?resize=75%2C75&amp;ssl=1 75w, https:\/\/i0.wp.com\/cfcontabil.com\/cf\/wp-content\/uploads\/2020\/02\/Informe-de-Rendimentos-IRPF.png?resize=770%2C770&amp;ssl=1 770w\" sizes=\"(max-width: 295px) 100vw, 295px\" \/><\/a><figcaption id=\"caption-attachment-2122\" class=\"wp-caption-text\">Siga nosso Instagram: @cfcontabil<\/figcaption><\/figure>\n<p>Um dos documentos mais importantes \u00e9 o informe de rendimentos, pois nele cont\u00e9m todas as informa\u00e7\u00f5es prestadas pelas empresas, bancos e corretoras de valores para a Receita Federal. Os dados s\u00e3o utilizados para cruzar informa\u00e7\u00f5es e analisar toda a declara\u00e7\u00e3o.<\/p>\n<p>Saiba que n\u00e3o h\u00e1 obriga\u00e7\u00e3o das institui\u00e7\u00f5es ou empresas encaminharem pelos Correios.<\/p>\n<p>Atualmente, s\u00e3o enviados por e-mail ou disponibilizados para consulta pela web ou aplicativo.<\/p>\n<p>Esteja atento no caso de possuir conta corrente ou de investimentos em mais de um banco ou corretora \u00e9 preciso lembrar de obter os informes de todas.<\/p>\n<p>O prazo m\u00e1ximo \u00e9 at\u00e9 o dia 28 de fevereiro para que o contribuinte tenha dispon\u00edvel os informes dos rendimentos referentes ao ano de 2019.<\/p>\n<p>Conhe\u00e7a as principais caracter\u00edsticas de cada um deste documentos:<\/p>\n<h3><strong>Informe de rendimentos<\/strong><\/h3>\n<p>O informe de rendimentos \u00e9 um dos documentos utilizados para fazer a declara\u00e7\u00e3o do\u00a0Imposto de Renda.\u00a0O documento, que \u00e9 fornecido tamb\u00e9m pelas empresas a seus empregados, traz os valores recebidos pelo contribuinte no ano, quanto ele pagou de imposto na fonte e quanto contribuiu ao\u00a0INSS.<\/p>\n<p>Tamb\u00e9m pode conter gastos com plano de sa\u00fade coletivo e aportes no plano de previd\u00eancia da empresa. No caso do informe de investimentos informado pelos bancos, h\u00e1 dados sobre conta corrente, poupan\u00e7a,\u00a0aposentadoria\u00a0privada ou qualquer tipo de investimento feito pelo contribuinte. \u00c9 preciso apresentar \u00e0 Receita todos os rendimentos do ano.<\/p>\n<h3><strong>Informe de Rendimentos INSS<\/strong><\/h3>\n<p>Aposentados e pensionistas do\u00a0INSS\u00a0(Instituto Nacional do Seguro Social) j\u00e1 podem consultar os comprovantes de rendimentos referentes ao ano passado. O extrato pode ser consultado pela internet. Basta acessar a p\u00e1gina do Meu\u00a0INSS.<\/p>\n<p>\u00c9 necess\u00e1rio ter senha para acessar o sistema. Caso ainda n\u00e3o tenha, siga os passos informados pelo site para obter a senha. Tamb\u00e9m \u00e9 poss\u00edvel fazer a consulta pelo aplicativo Meu\u00a0INSS,\u00a0dispon\u00edvel para celulares com sistema Android e iOS.<\/p>\n<h3><strong>Emiss\u00e3o do Informe de Documentos<\/strong><\/h3>\n<p>Se o informe n\u00e3o for disponibilizado por nenhum meio at\u00e9 o dia 28 de fevereiro, o contribuinte deve entrar em contato com o RH da empresa ou o gerente da institui\u00e7\u00e3o financeira que deixou de emitir o documento. Se, ainda assim, o documento n\u00e3o for entregue, o problema deve ser comunicado \u00e0 Receita Federal.<\/p>\n<p>Se houver erros, pe\u00e7a a corre\u00e7\u00e3o do informe Caso o comprovante apresente informa\u00e7\u00f5es incorretas, como sal\u00e1rios que n\u00e3o foram pagos nem creditados no ano de 2019 ou rendimentos tribut\u00e1veis e isentos calculados juntos, a pessoa deve pedir um novo documento corrigido antes de entregar a declara\u00e7\u00e3o. Caso o documento corrigido n\u00e3o chegue antes do fim do prazo de entrega, em 30 de abril, entregue a declara\u00e7\u00e3o no prazo com os n\u00fameros incorretos e depois fa\u00e7a uma declara\u00e7\u00e3o retificadora.<\/p>\n<p>\u00a0<\/p>\n<p><em>Com informa\u00e7\u00f5es da Contabeis.com.br<\/em><\/p>\n\n\n<div class=\"wp-block-image\"><figure class=\"aligncenter size-large is-resized\"><img data-recalc-dims=\"1\" decoding=\"async\" data-attachment-id=\"2140\" data-permalink=\"https:\/\/cfcontabil.com\/cf\/cf_qrcode\/\" data-orig-file=\"https:\/\/i0.wp.com\/cfcontabil.com\/cf\/wp-content\/uploads\/2020\/03\/CF_QRCODE.png?fit=3000%2C4314&amp;ssl=1\" data-orig-size=\"3000,4314\" data-comments-opened=\"1\" data-image-meta=\"{&quot;aperture&quot;:&quot;0&quot;,&quot;credit&quot;:&quot;&quot;,&quot;camera&quot;:&quot;&quot;,&quot;caption&quot;:&quot;&quot;,&quot;created_timestamp&quot;:&quot;0&quot;,&quot;copyright&quot;:&quot;&quot;,&quot;focal_length&quot;:&quot;0&quot;,&quot;iso&quot;:&quot;0&quot;,&quot;shutter_speed&quot;:&quot;0&quot;,&quot;title&quot;:&quot;&quot;,&quot;orientation&quot;:&quot;0&quot;}\" data-image-title=\"CF_QRCODE\" data-image-description=\"\" data-image-caption=\"\" data-large-file=\"https:\/\/i0.wp.com\/cfcontabil.com\/cf\/wp-content\/uploads\/2020\/03\/CF_QRCODE.png?fit=712%2C1024&amp;ssl=1\" src=\"https:\/\/i0.wp.com\/cfcontabil.com\/cf\/wp-content\/uploads\/2020\/03\/CF_QRCODE.png?resize=246%2C354\" alt=\"\" class=\"wp-image-2140\" width=\"246\" height=\"354\" srcset=\"https:\/\/i0.wp.com\/cfcontabil.com\/cf\/wp-content\/uploads\/2020\/03\/CF_QRCODE.png?resize=712%2C1024&amp;ssl=1 712w, https:\/\/i0.wp.com\/cfcontabil.com\/cf\/wp-content\/uploads\/2020\/03\/CF_QRCODE.png?resize=209%2C300&amp;ssl=1 209w, https:\/\/i0.wp.com\/cfcontabil.com\/cf\/wp-content\/uploads\/2020\/03\/CF_QRCODE.png?resize=768%2C1104&amp;ssl=1 768w, https:\/\/i0.wp.com\/cfcontabil.com\/cf\/wp-content\/uploads\/2020\/03\/CF_QRCODE.png?resize=1068%2C1536&amp;ssl=1 1068w, https:\/\/i0.wp.com\/cfcontabil.com\/cf\/wp-content\/uploads\/2020\/03\/CF_QRCODE.png?resize=1424%2C2048&amp;ssl=1 1424w, https:\/\/i0.wp.com\/cfcontabil.com\/cf\/wp-content\/uploads\/2020\/03\/CF_QRCODE.png?resize=770%2C1107&amp;ssl=1 770w, https:\/\/i0.wp.com\/cfcontabil.com\/cf\/wp-content\/uploads\/2020\/03\/CF_QRCODE.png?resize=370%2C532&amp;ssl=1 370w, https:\/\/i0.wp.com\/cfcontabil.com\/cf\/wp-content\/uploads\/2020\/03\/CF_QRCODE.png?w=2340 2340w\" sizes=\"(max-width: 246px) 100vw, 246px\" \/><figcaption><em><strong>Aponte a c\u00e2mera do seu celular<\/strong><\/em><\/figcaption><\/figure><\/div>\n","protected":false},"excerpt":{"rendered":"<p>Estamos a poucos dias para iniciar a entrega a Declara\u00e7\u00e3o do Imposto de Renda Pessoa F\u00edsica de 2020, portanto \u00e9 importante ter uma aten\u00e7\u00e3o especial a documenta\u00e7\u00e3o necess\u00e1ria. Um dos documentos mais importantes \u00e9 o informe de rendimentos, pois nele cont\u00e9m todas as informa\u00e7\u00f5es prestadas pelas empresas, bancos e corretoras de valores para a Receita [&hellip;]<\/p>\n","protected":false},"author":1,"featured_media":2123,"comment_status":"open","ping_status":"open","sticky":false,"template":"","format":"standard","meta":{"jetpack_post_was_ever_published":false,"_jetpack_newsletter_access":"","_jetpack_dont_email_post_to_subs":false,"_jetpack_newsletter_tier_id":0,"_jetpack_memberships_contains_paywalled_content":false,"_jetpack_memberships_contains_paid_content":false,"footnotes":"","jetpack_publicize_message":"","jetpack_publicize_feature_enabled":true,"jetpack_social_post_already_shared":true,"jetpack_social_options":{"image_generator_settings":{"template":"highway","default_image_id":0,"font":"","enabled":false},"version":2}},"categories":[46],"tags":[280,107,108,141,410,115,110,111,412],"class_list":["post-2121","post","type-post","status-publish","format-standard","has-post-thumbnail","hentry","category-df","tag-dirpf","tag-fisica","tag-imposto","tag-imposto-de-renda","tag-informe","tag-irpf","tag-pessoa","tag-renda","tag-rendimentos"],"jetpack_publicize_connections":[],"jetpack_featured_media_url":"https:\/\/i0.wp.com\/cfcontabil.com\/cf\/wp-content\/uploads\/2020\/02\/Informe-de-Rendimentos-IRPF-2.jpg?fit=1080%2C1080&ssl=1","jetpack_sharing_enabled":true,"jetpack_shortlink":"https:\/\/wp.me\/p2wklX-yd","jetpack-related-posts":[{"id":2856,"url":"https:\/\/cfcontabil.com\/cf\/prepare-a-sua-documentacao-para-o-imposto-de-renda-pessoa-fisica\/","url_meta":{"origin":2121,"position":0},"title":"Prepare a sua documenta\u00e7\u00e3o para o Imposto de Renda Pessoa F\u00edsica!","author":"Ab\u00edlio Gon\u00e7alves","date":"23 de fevereiro de 2023","format":false,"excerpt":"Come\u00e7a no dia\u00a015 de mar\u00e7o\u00a0o prazo para envio das declara\u00e7\u00f5es do Imposto de Renda 2023. A data foi anunciada pela Receita Federal. Chegou a hora de preparar sua documenta\u00e7\u00e3o com anteced\u00eancia.","rel":"","context":"Em &quot;Geral&quot;","block_context":{"text":"Geral","link":"https:\/\/cfcontabil.com\/cf\/category\/geral\/"},"img":{"alt_text":"","src":"https:\/\/i0.wp.com\/cfcontabil.com\/cf\/wp-content\/uploads\/2023\/02\/Imposto-de-Renda-Contabilidade-Post-Feed-para-Instagram.png?fit=1200%2C675&ssl=1&resize=350%2C200","width":350,"height":200,"srcset":"https:\/\/i0.wp.com\/cfcontabil.com\/cf\/wp-content\/uploads\/2023\/02\/Imposto-de-Renda-Contabilidade-Post-Feed-para-Instagram.png?fit=1200%2C675&ssl=1&resize=350%2C200 1x, https:\/\/i0.wp.com\/cfcontabil.com\/cf\/wp-content\/uploads\/2023\/02\/Imposto-de-Renda-Contabilidade-Post-Feed-para-Instagram.png?fit=1200%2C675&ssl=1&resize=525%2C300 1.5x, https:\/\/i0.wp.com\/cfcontabil.com\/cf\/wp-content\/uploads\/2023\/02\/Imposto-de-Renda-Contabilidade-Post-Feed-para-Instagram.png?fit=1200%2C675&ssl=1&resize=700%2C400 2x, https:\/\/i0.wp.com\/cfcontabil.com\/cf\/wp-content\/uploads\/2023\/02\/Imposto-de-Renda-Contabilidade-Post-Feed-para-Instagram.png?fit=1200%2C675&ssl=1&resize=1050%2C600 3x"},"classes":[]},{"id":2951,"url":"https:\/\/cfcontabil.com\/cf\/guia-completo-do-irpf-2024-documentos-e-dicas-essenciais\/","url_meta":{"origin":2121,"position":1},"title":"GUIA COMPLETO DO IRPF 2024: Documentos e Dicas Essenciais","author":"Ab\u00edlio Gon\u00e7alves","date":"8 de fevereiro de 2024","format":false,"excerpt":"Estamos entrando na temporada de acerto de contas com o Le\u00e3o, e para tornar esse processo o mais tranquilo poss\u00edvel, preparamos um guia completo para voc\u00ea entender tudo sobre o Imposto de Renda Pessoa F\u00edsica (IRPF) 2024. O Que \u00c9 o IRPF? O Imposto de Renda Pessoa F\u00edsica \u00e9 uma\u2026","rel":"","context":"Em &quot;Geral&quot;","block_context":{"text":"Geral","link":"https:\/\/cfcontabil.com\/cf\/category\/geral\/"},"img":{"alt_text":"","src":"https:\/\/i0.wp.com\/cfcontabil.com\/cf\/wp-content\/uploads\/2024\/02\/cfcontabil-blog-irpf-2024-2.png?fit=1200%2C675&ssl=1&resize=350%2C200","width":350,"height":200,"srcset":"https:\/\/i0.wp.com\/cfcontabil.com\/cf\/wp-content\/uploads\/2024\/02\/cfcontabil-blog-irpf-2024-2.png?fit=1200%2C675&ssl=1&resize=350%2C200 1x, https:\/\/i0.wp.com\/cfcontabil.com\/cf\/wp-content\/uploads\/2024\/02\/cfcontabil-blog-irpf-2024-2.png?fit=1200%2C675&ssl=1&resize=525%2C300 1.5x, https:\/\/i0.wp.com\/cfcontabil.com\/cf\/wp-content\/uploads\/2024\/02\/cfcontabil-blog-irpf-2024-2.png?fit=1200%2C675&ssl=1&resize=700%2C400 2x, https:\/\/i0.wp.com\/cfcontabil.com\/cf\/wp-content\/uploads\/2024\/02\/cfcontabil-blog-irpf-2024-2.png?fit=1200%2C675&ssl=1&resize=1050%2C600 3x"},"classes":[]},{"id":2748,"url":"https:\/\/cfcontabil.com\/cf\/imposto-de-renda-2022-prepare-seus-documentos-esta-semana\/","url_meta":{"origin":2121,"position":2},"title":"Imposto de Renda 2022: prepare seus documentos esta semana!","author":"Ab\u00edlio Gon\u00e7alves","date":"23 de fevereiro de 2022","format":false,"excerpt":"Separe seus documentos para fazer a declara\u00e7\u00e3o a partir de 2 de mar\u00e7o.","rel":"","context":"Em &quot;Imposto de Renda&quot;","block_context":{"text":"Imposto de Renda","link":"https:\/\/cfcontabil.com\/cf\/category\/imposto-de-renda\/"},"img":{"alt_text":"","src":"https:\/\/i0.wp.com\/cfcontabil.com\/cf\/wp-content\/uploads\/2022\/02\/Banner-na-imposto-de-renda-Miniatura-do-YouTube.png?fit=1200%2C675&ssl=1&resize=350%2C200","width":350,"height":200,"srcset":"https:\/\/i0.wp.com\/cfcontabil.com\/cf\/wp-content\/uploads\/2022\/02\/Banner-na-imposto-de-renda-Miniatura-do-YouTube.png?fit=1200%2C675&ssl=1&resize=350%2C200 1x, https:\/\/i0.wp.com\/cfcontabil.com\/cf\/wp-content\/uploads\/2022\/02\/Banner-na-imposto-de-renda-Miniatura-do-YouTube.png?fit=1200%2C675&ssl=1&resize=525%2C300 1.5x, https:\/\/i0.wp.com\/cfcontabil.com\/cf\/wp-content\/uploads\/2022\/02\/Banner-na-imposto-de-renda-Miniatura-do-YouTube.png?fit=1200%2C675&ssl=1&resize=700%2C400 2x, https:\/\/i0.wp.com\/cfcontabil.com\/cf\/wp-content\/uploads\/2022\/02\/Banner-na-imposto-de-renda-Miniatura-do-YouTube.png?fit=1200%2C675&ssl=1&resize=1050%2C600 3x"},"classes":[]},{"id":343,"url":"https:\/\/cfcontabil.com\/cf\/irpf-2013-chegando-ao-fim\/","url_meta":{"origin":2121,"position":3},"title":"IRPF 2013 chegando ao fim!","author":"Ab\u00edlio Gon\u00e7alves","date":"17 de abril de 2013","format":false,"excerpt":"Se aproxima o fim do prazo de entrega da Declara\u00e7\u00e3o do Imposto de Renda Pessoa F\u00edsica de 2013, que encerra dia 30 de abril. Est\u00e1 obrigado a apresentar a declara\u00e7\u00e3o quem recebeu rendimentos tribut\u00e1veis superiores a R$ 24.556,65 em 2012 (ano-base para a declara\u00e7\u00e3o do IR de 2013), mas h\u00e1\u2026","rel":"","context":"Em &quot;Geral&quot;","block_context":{"text":"Geral","link":"https:\/\/cfcontabil.com\/cf\/category\/geral\/"},"img":{"alt_text":"Imposto de Renda","src":"https:\/\/i0.wp.com\/www.blogdajoice.com\/wp-content\/uploads\/2013\/03\/Charge-Le%C3%A3o-Imposto-de-Renda.jpg?resize=350%2C200","width":350,"height":200},"classes":[]},{"id":3155,"url":"https:\/\/cfcontabil.com\/cf\/%e2%9c%85-irpf-2025-checklist-completo-para-voce-declarar-sem-dor-de-cabeca\/","url_meta":{"origin":2121,"position":4},"title":"IRPF 2025: Checklist completo para voc\u00ea declarar sem dor de cabe\u00e7a","author":"Ab\u00edlio Gon\u00e7alves","date":"24 de abril de 2025","format":false,"excerpt":"A temporada de declara\u00e7\u00e3o do Imposto de Renda 2025 j\u00e1 come\u00e7ou, e para n\u00e3o correr riscos com a Receita Federal, o ideal \u00e9 estar com toda a documenta\u00e7\u00e3o organizada o quanto antes. Se voc\u00ea est\u00e1 em d\u00favida sobre o que precisa reunir, este checklist vai te ajudar. Anote a\u00ed: Documentos\u2026","rel":"","context":"Em &quot;Imposto de Renda&quot;","block_context":{"text":"Imposto de Renda","link":"https:\/\/cfcontabil.com\/cf\/category\/imposto-de-renda\/"},"img":{"alt_text":"","src":"https:\/\/i0.wp.com\/cfcontabil.com\/cf\/wp-content\/uploads\/2025\/04\/um-checklist-de-documentos-sobre-uma-mesa-de-trabalho.png?fit=1024%2C768&ssl=1&resize=350%2C200","width":350,"height":200,"srcset":"https:\/\/i0.wp.com\/cfcontabil.com\/cf\/wp-content\/uploads\/2025\/04\/um-checklist-de-documentos-sobre-uma-mesa-de-trabalho.png?fit=1024%2C768&ssl=1&resize=350%2C200 1x, https:\/\/i0.wp.com\/cfcontabil.com\/cf\/wp-content\/uploads\/2025\/04\/um-checklist-de-documentos-sobre-uma-mesa-de-trabalho.png?fit=1024%2C768&ssl=1&resize=525%2C300 1.5x, https:\/\/i0.wp.com\/cfcontabil.com\/cf\/wp-content\/uploads\/2025\/04\/um-checklist-de-documentos-sobre-uma-mesa-de-trabalho.png?fit=1024%2C768&ssl=1&resize=700%2C400 2x"},"classes":[]},{"id":2186,"url":"https:\/\/cfcontabil.com\/cf\/secretario-da-receita-diz-que-nao-ha-adiamento-do-prazo-de-entrega-do-irpf\/","url_meta":{"origin":2121,"position":5},"title":"Secret\u00e1rio da Receita diz que n\u00e3o h\u00e1 adiamento do prazo de entrega do IRPF","author":"Ab\u00edlio Gon\u00e7alves","date":"25 de mar\u00e7o de 2020","format":false,"excerpt":"Segundo Tostes, a not\u00edcia sobre adiamento \u00e9 \u201cimprocedente\u201d. Adriana Fernandes - Estad\u00e3o Conte\u00fado O secret\u00e1rio da Receita Federal, Jos\u00e9 Tostes, informou ao jornal O Estado de S. Paulo, por meio da assessoria de comunica\u00e7\u00e3o do Minist\u00e9rio da Economia, que n\u00e3o houve nenhuma mudan\u00e7a no prazo final de entrega da declara\u00e7\u00e3o\u2026","rel":"","context":"Em &quot;Departamento Fiscal&quot;","block_context":{"text":"Departamento Fiscal","link":"https:\/\/cfcontabil.com\/cf\/category\/df\/"},"img":{"alt_text":"","src":"https:\/\/i0.wp.com\/cfcontabil.com\/cf\/wp-content\/uploads\/2016\/03\/entrega-do-imposto-de-renda-2.jpg?fit=645%2C320&ssl=1&resize=350%2C200","width":350,"height":200,"srcset":"https:\/\/i0.wp.com\/cfcontabil.com\/cf\/wp-content\/uploads\/2016\/03\/entrega-do-imposto-de-renda-2.jpg?fit=645%2C320&ssl=1&resize=350%2C200 1x, https:\/\/i0.wp.com\/cfcontabil.com\/cf\/wp-content\/uploads\/2016\/03\/entrega-do-imposto-de-renda-2.jpg?fit=645%2C320&ssl=1&resize=525%2C300 1.5x"},"classes":[]}],"jetpack_likes_enabled":true,"_links":{"self":[{"href":"https:\/\/cfcontabil.com\/cf\/wp-json\/wp\/v2\/posts\/2121","targetHints":{"allow":["GET"]}}],"collection":[{"href":"https:\/\/cfcontabil.com\/cf\/wp-json\/wp\/v2\/posts"}],"about":[{"href":"https:\/\/cfcontabil.com\/cf\/wp-json\/wp\/v2\/types\/post"}],"author":[{"embeddable":true,"href":"https:\/\/cfcontabil.com\/cf\/wp-json\/wp\/v2\/users\/1"}],"replies":[{"embeddable":true,"href":"https:\/\/cfcontabil.com\/cf\/wp-json\/wp\/v2\/comments?post=2121"}],"version-history":[{"count":2,"href":"https:\/\/cfcontabil.com\/cf\/wp-json\/wp\/v2\/posts\/2121\/revisions"}],"predecessor-version":[{"id":2149,"href":"https:\/\/cfcontabil.com\/cf\/wp-json\/wp\/v2\/posts\/2121\/revisions\/2149"}],"wp:featuredmedia":[{"embeddable":true,"href":"https:\/\/cfcontabil.com\/cf\/wp-json\/wp\/v2\/media\/2123"}],"wp:attachment":[{"href":"https:\/\/cfcontabil.com\/cf\/wp-json\/wp\/v2\/media?parent=2121"}],"wp:term":[{"taxonomy":"category","embeddable":true,"href":"https:\/\/cfcontabil.com\/cf\/wp-json\/wp\/v2\/categories?post=2121"},{"taxonomy":"post_tag","embeddable":true,"href":"https:\/\/cfcontabil.com\/cf\/wp-json\/wp\/v2\/tags?post=2121"}],"curies":[{"name":"wp","href":"https:\/\/api.w.org\/{rel}","templated":true}]}}