{"id":2158,"date":"2020-03-18T09:11:35","date_gmt":"2020-03-18T12:11:35","guid":{"rendered":"http:\/\/cfcontabil.com\/cf\/?p=2158"},"modified":"2020-03-18T09:11:35","modified_gmt":"2020-03-18T12:11:35","slug":"coronavirus-sebrae-lanca-guia-de-gestao-financeira-para-orientar-pequenos-negocios","status":"publish","type":"post","link":"https:\/\/cfcontabil.com\/cf\/coronavirus-sebrae-lanca-guia-de-gestao-financeira-para-orientar-pequenos-negocios\/","title":{"rendered":"Coronav\u00edrus: Sebrae lan\u00e7a Guia de Gest\u00e3o Financeira para orientar pequenos neg\u00f3cios"},"content":{"rendered":"<p>Documento orienta donos de pequenos neg\u00f3cios com recomenda\u00e7\u00f5es preparadas por especialistas. Medidas est\u00e3o alinhadas \u00e0s do Banco Central e Febraban<\/p>\n<p><a href=\"https:\/\/i0.wp.com\/cfcontabil.com\/cf\/wp-content\/uploads\/2020\/03\/Infogr%C3%A1fico-Coronav%C3%ADrus.jpg\"><img data-recalc-dims=\"1\" fetchpriority=\"high\" decoding=\"async\" data-attachment-id=\"2159\" data-permalink=\"https:\/\/cfcontabil.com\/cf\/coronavirus-sebrae-lanca-guia-de-gestao-financeira-para-orientar-pequenos-negocios\/infografico-coronavirus\/\" data-orig-file=\"https:\/\/i0.wp.com\/cfcontabil.com\/cf\/wp-content\/uploads\/2020\/03\/Infogr%C3%A1fico-Coronav%C3%ADrus.jpg?fit=842%2C617&amp;ssl=1\" data-orig-size=\"842,617\" data-comments-opened=\"1\" data-image-meta=\"{&quot;aperture&quot;:&quot;0&quot;,&quot;credit&quot;:&quot;&quot;,&quot;camera&quot;:&quot;&quot;,&quot;caption&quot;:&quot;&quot;,&quot;created_timestamp&quot;:&quot;0&quot;,&quot;copyright&quot;:&quot;&quot;,&quot;focal_length&quot;:&quot;0&quot;,&quot;iso&quot;:&quot;0&quot;,&quot;shutter_speed&quot;:&quot;0&quot;,&quot;title&quot;:&quot;&quot;,&quot;orientation&quot;:&quot;0&quot;}\" data-image-title=\"Infogr\u00e1fico Coronav\u00edrus\" data-image-description=\"\" data-image-caption=\"\" data-large-file=\"https:\/\/i0.wp.com\/cfcontabil.com\/cf\/wp-content\/uploads\/2020\/03\/Infogr%C3%A1fico-Coronav%C3%ADrus.jpg?fit=842%2C617&amp;ssl=1\" class=\"aligncenter size-full wp-image-2159\" src=\"https:\/\/i0.wp.com\/cfcontabil.com\/cf\/wp-content\/uploads\/2020\/03\/Infogr%C3%A1fico-Coronav%C3%ADrus.jpg?resize=842%2C617\" alt=\"\" width=\"842\" height=\"617\" srcset=\"https:\/\/i0.wp.com\/cfcontabil.com\/cf\/wp-content\/uploads\/2020\/03\/Infogr%C3%A1fico-Coronav%C3%ADrus.jpg?w=842&amp;ssl=1 842w, https:\/\/i0.wp.com\/cfcontabil.com\/cf\/wp-content\/uploads\/2020\/03\/Infogr%C3%A1fico-Coronav%C3%ADrus.jpg?resize=300%2C220&amp;ssl=1 300w, https:\/\/i0.wp.com\/cfcontabil.com\/cf\/wp-content\/uploads\/2020\/03\/Infogr%C3%A1fico-Coronav%C3%ADrus.jpg?resize=768%2C563&amp;ssl=1 768w, https:\/\/i0.wp.com\/cfcontabil.com\/cf\/wp-content\/uploads\/2020\/03\/Infogr%C3%A1fico-Coronav%C3%ADrus.jpg?resize=770%2C564&amp;ssl=1 770w, https:\/\/i0.wp.com\/cfcontabil.com\/cf\/wp-content\/uploads\/2020\/03\/Infogr%C3%A1fico-Coronav%C3%ADrus.jpg?resize=370%2C271&amp;ssl=1 370w\" sizes=\"(max-width: 842px) 100vw, 842px\" \/><\/a><\/p>\n<p class=\"leftText\">O Guia de Gest\u00e3o Financeira do Sebrae busca apoiar os donos de pequenos neg\u00f3cios nesse momento de instabilidade econ\u00f4mica causada pelos efeitos do novo Coronav\u00edrus. O documento traz orienta\u00e7\u00f5es sobre como os donos de pequenas empresas podem realizar o controle das finan\u00e7as mais preciso diante de complica\u00e7\u00f5es nos neg\u00f3cios no atual cen\u00e1rio, que envolvem redu\u00e7\u00e3o no movimento de clientes, faturamento menor, redu\u00e7\u00e3o na produ\u00e7\u00e3o, dentre outros.<\/p>\n<p class=\"leftText\">Como o cen\u00e1rio de avan\u00e7o da doen\u00e7a no Brasil, acompanhado do clima de incertezas nos mercados financeiros em todo o mundo, o Sebrae definiu algumas a\u00e7\u00f5es para acelerar o enfrentamento do problema e, assim, possibilitar a retomada da agenda de desenvolvimento da economia.<\/p>\n<p>Al\u00e9m do guia financeiro, em parceria com institui\u00e7\u00f5es que representam os segmentos dos pequenos neg\u00f3cios mais afetados pela crise, o Sebrae vai informar empres\u00e1rios e funcion\u00e1rios sobre medidas de preven\u00e7\u00e3o e oferecer orienta\u00e7\u00e3o gerencial e financeira. Os segmentos mais afetados pela doen\u00e7a encontram-se nas atividades relacionadas ao intenso atendimento ao p\u00fablico, como turismo, alimenta\u00e7\u00e3o fora do lar, feiras livres, varejo tradicional, dentre outros.<\/p>\n<p><strong>Dicas do Sebrae para enfrentar a crise<\/strong><\/p>\n<p>1. Fa\u00e7a uma previs\u00e3o das despesas para um per\u00edodo de dois ou tr\u00eas meses. Se poss\u00edvel, identifique esses valores de acordo com o tipo de despesas.<br \/>\n2. Procure negociar as despesas com maior impacto no seu neg\u00f3cio.<br \/>\n3. Evite fazer alguma despesa que n\u00e3o seja extremamente necess\u00e1ria para a continuidade dos neg\u00f3cios.<br \/>\n4. Procure negociar tamb\u00e9m as despesas banc\u00e1rias, buscando um prazo maior para o pagamento dos seus compromissos.<br \/>\n5. Estude a possibilidade de realizar promo\u00e7\u00f5es de produtos que estejam no estoque h\u00e1 muito tempo e disponibilize servi\u00e7os de entrega para manter o n\u00edvel de compra dos clientes. A ideia \u00e9 aumentar o faturamento.<br \/>\n6. \u00c9 importante saber que a Federa\u00e7\u00e3o Brasileira de Bancos (Febraban) est\u00e1 apoiando empreendedores que estejam enfrentando dificuldades em fun\u00e7\u00e3o do Coronav\u00edrus. Os cinco maiores bancos do pa\u00eds, Banco do Brasil, Bradesco, Caixa, Ita\u00fa Unibanco e Santander, anunciaram que v\u00e3o prorrogar, por 60 dias, os vencimentos de d\u00edvidas de micro e pequenas empresas e tamb\u00e9m de pessoas f\u00edsicas, para os contratos vigentes em dia e limitados aos valores j\u00e1 utilizados.<\/p>\n<p>A not\u00edcia foi divulgada ap\u00f3s o Conselho Monet\u00e1rio Nacional (CMN) anunciar medidas de conten\u00e7\u00e3o aos efeitos do Coronav\u00edrus. Na pr\u00e1tica, os bancos ficam dispensados de aumentarem o provisionamento (recursos que t\u00eam de ser mantidos em caixa para o caso de eventuais perdas) no caso de renegocia\u00e7\u00e3o de opera\u00e7\u00f5es de cr\u00e9dito a ser realizadas nos pr\u00f3ximos 6 meses.<\/p>\n<p>Clique e acesse a \u00edntegra do\u00a0<a href=\"http:\/\/www.agenciasebrae.com.br\/\/asn\/Estados\/NA\/Anexos\/Guia%20Gest%C3%A3o%20Financeira.jpg\"><strong>Guia<\/strong>\u00a0<\/a>e um\u00a0<a href=\"http:\/\/www.agenciasebrae.com.br\/\/asn\/Estados\/NA\/Anexos\/Infogr%C3%A1fico%20Coronav%C3%ADrus.jpg\"><strong>Infogr\u00e1fico<\/strong>\u00a0<\/a>sobre o assunto.<\/p>\n<p>\u201cA ideia \u00e9 criar uma rede de apoio aos empreendedores que desempenham um papel<br \/>\nestrat\u00e9gico no desenvolvimento da economia brasileira (99% dos neg\u00f3cios do pa\u00eds s\u00e3o de micro e pequenas empresas) e hoje respondem por 27% do PIB nacional, ou seja, quase um ter\u00e7o de toda riqueza produzida no pa\u00eds. Apesar de o momento atual trazer complica\u00e7\u00f5es para a economia mundial, os pequenos neg\u00f3cios brasileiros j\u00e1 mostraram a for\u00e7a que t\u00eam ao registrarem o melhor saldo de empregos formais para o segmento dos \u00faltimos cinco anos, de acordo com dados de janeiro deste ano\u201d, analisa o Presidente do Sebrae, Carlos Melles.<\/p>\n<p><strong>Defesa dos Pequenos Neg\u00f3cios<\/strong><\/p>\n<p>O Sebrae tamb\u00e9m pretende atuar junto aos entes p\u00fablicos para negociar a prorroga\u00e7\u00e3o do prazo para pagamento de tributos, amplia\u00e7\u00e3o da garantia de opera\u00e7\u00f5es de cr\u00e9dito e libera\u00e7\u00e3o de linhas de cr\u00e9dito especiais para mitigar os efeitos negativos da pandemia sobre os neg\u00f3cios.<\/p>\n<p>Em rela\u00e7\u00e3o \u00e0 rede de atendimento Sebrae, com quase dois mil pontos de atendimento f\u00edsico espalhados pelo pa\u00eds, a orienta\u00e7\u00e3o aos colaboradores \u00e9 priorizar o relacionamento \u00e0 dist\u00e2ncia com o cliente e rever o calend\u00e1rio de eventos presenciais e coletivos.<\/p>\n<p><em><strong>Com informa\u00e7\u00f5es da Ag\u00eancia Sebrae<\/strong><\/em><\/p>\n","protected":false},"excerpt":{"rendered":"<p>Documento orienta donos de pequenos neg\u00f3cios com recomenda\u00e7\u00f5es preparadas por especialistas. Medidas est\u00e3o alinhadas \u00e0s do Banco Central e Febraban O Guia de Gest\u00e3o Financeira do Sebrae busca apoiar os donos de pequenos neg\u00f3cios nesse momento de instabilidade econ\u00f4mica causada pelos efeitos do novo Coronav\u00edrus. O documento traz orienta\u00e7\u00f5es sobre como os donos de pequenas [&hellip;]<\/p>\n","protected":false},"author":1,"featured_media":2160,"comment_status":"open","ping_status":"open","sticky":false,"template":"","format":"standard","meta":{"jetpack_post_was_ever_published":false,"_jetpack_newsletter_access":"","_jetpack_dont_email_post_to_subs":false,"_jetpack_newsletter_tier_id":0,"_jetpack_memberships_contains_paywalled_content":false,"_jetpack_memberships_contains_paid_content":false,"footnotes":"","jetpack_publicize_message":"","jetpack_publicize_feature_enabled":true,"jetpack_social_post_already_shared":true,"jetpack_social_options":{"image_generator_settings":{"template":"highway","default_image_id":0,"font":"","enabled":false},"version":2}},"categories":[22],"tags":[754,756,757,726,755],"class_list":["post-2158","post","type-post","status-publish","format-standard","has-post-thumbnail","hentry","category-geral","tag-coronavirus","tag-crise","tag-financeira","tag-negocio","tag-virus"],"jetpack_publicize_connections":[],"jetpack_featured_media_url":"https:\/\/i0.wp.com\/cfcontabil.com\/cf\/wp-content\/uploads\/2020\/03\/coronavirus_1280x720_00124C00.jpg?fit=810%2C455&ssl=1","jetpack_sharing_enabled":true,"jetpack_shortlink":"https:\/\/wp.me\/p2wklX-yO","jetpack-related-posts":[{"id":2316,"url":"https:\/\/cfcontabil.com\/cf\/so-14-dos-pequenos-negocios-ja-conseguiram-credito-na-pandemia-diz-sebrae\/","url_meta":{"origin":2158,"position":0},"title":"S\u00f3 14% dos pequenos neg\u00f3cios j\u00e1 conseguiram cr\u00e9dito na pandemia, diz Sebrae","author":"Ab\u00edlio Gon\u00e7alves","date":"20 de maio de 2020","format":false,"excerpt":"Pesquisa do Sebrae diz que 58% das MPEs que pediram cr\u00e9dito nas \u00faltimas semanas j\u00e1 tiveram o pedido negado. Outros 18% est\u00e3o em an\u00e1lise, sendo que 53% aguardam uma resposta dos bancos h\u00e1 mais de duas semanas O Programa Nacional de Apoio \u00e0s Microempresas e Empresas de Pequeno Porte (Pronampe)\u2026","rel":"","context":"Em \"Cr\u00e9dito\"","block_context":{"text":"Cr\u00e9dito","link":"https:\/\/cfcontabil.com\/cf\/tag\/credito\/"},"img":{"alt_text":"","src":"https:\/\/i0.wp.com\/cfcontabil.com\/cf\/wp-content\/uploads\/2019\/11\/dinheiro-nota-real.jpg?fit=678%2C452&ssl=1&resize=350%2C200","width":350,"height":200,"srcset":"https:\/\/i0.wp.com\/cfcontabil.com\/cf\/wp-content\/uploads\/2019\/11\/dinheiro-nota-real.jpg?fit=678%2C452&ssl=1&resize=350%2C200 1x, https:\/\/i0.wp.com\/cfcontabil.com\/cf\/wp-content\/uploads\/2019\/11\/dinheiro-nota-real.jpg?fit=678%2C452&ssl=1&resize=525%2C300 1.5x"},"classes":[]},{"id":1960,"url":"https:\/\/cfcontabil.com\/cf\/donos-de-pequenos-negocios-apontam-melhoria-do-acesso-ao-credito\/","url_meta":{"origin":2158,"position":1},"title":"Donos de pequenos neg\u00f3cios apontam melhoria do acesso ao cr\u00e9dito","author":"Ab\u00edlio Gon\u00e7alves","date":"28 de novembro de 2019","format":false,"excerpt":"Pesquisa realizada pelo Sebrae mostra que mais empres\u00e1rios buscaram empr\u00e9stimos em 2019 e que houve melhora na avalia\u00e7\u00e3o do sistema financeiro A melhora dos \u00edndices de confian\u00e7a dos empres\u00e1rios brasileiros, identificada na Sondagem Conjuntural realizada pelo Sebrae, contribui para que os donos de pequenos neg\u00f3cios retomem o interesse em buscar\u2026","rel":"","context":"Em &quot;Consultoria Empresarial&quot;","block_context":{"text":"Consultoria Empresarial","link":"https:\/\/cfcontabil.com\/cf\/category\/consultoria\/"},"img":{"alt_text":"","src":"https:\/\/i0.wp.com\/cfcontabil.com\/cf\/wp-content\/uploads\/2019\/11\/pequenos-neg%C3%B3cios.jpg?fit=600%2C310&ssl=1&resize=350%2C200","width":350,"height":200,"srcset":"https:\/\/i0.wp.com\/cfcontabil.com\/cf\/wp-content\/uploads\/2019\/11\/pequenos-neg%C3%B3cios.jpg?fit=600%2C310&ssl=1&resize=350%2C200 1x, https:\/\/i0.wp.com\/cfcontabil.com\/cf\/wp-content\/uploads\/2019\/11\/pequenos-neg%C3%B3cios.jpg?fit=600%2C310&ssl=1&resize=525%2C300 1.5x"},"classes":[]},{"id":1978,"url":"https:\/\/cfcontabil.com\/cf\/mutirao-da-simplificacao-atende-quase-15-mil-pessoas-em-taguatinga\/","url_meta":{"origin":2158,"position":2},"title":"Mutir\u00e3o da Simplifica\u00e7\u00e3o atende quase 1,5 mil pessoas em Taguatinga","author":"Ab\u00edlio Gon\u00e7alves","date":"4 de dezembro de 2019","format":false,"excerpt":"Iniciativa do governo e do Sebrae-DF promoveu orienta\u00e7\u00f5es sobre abertura de empresas e capacita\u00e7\u00f5es relacionadas \u00e0 atividade empreendedora O\u00a0Mutir\u00e3o da Simplifica\u00e7\u00e3o\u00a0atendeu, em quatro dias, quase 1,5 mil empres\u00e1rios e potenciais empreendedores na regi\u00e3o de\u00a0Taguatinga. Entre os dias 26 e 29, a iniciativa promoveu o acesso a orienta\u00e7\u00f5es sobre registro e\u2026","rel":"","context":"Em &quot;Consultoria Empresarial&quot;","block_context":{"text":"Consultoria Empresarial","link":"https:\/\/cfcontabil.com\/cf\/category\/consultoria\/"},"img":{"alt_text":"","src":"https:\/\/i0.wp.com\/cfcontabil.com\/cf\/wp-content\/uploads\/2019\/12\/sebrae-no-df.jpg?fit=678%2C452&ssl=1&resize=350%2C200","width":350,"height":200,"srcset":"https:\/\/i0.wp.com\/cfcontabil.com\/cf\/wp-content\/uploads\/2019\/12\/sebrae-no-df.jpg?fit=678%2C452&ssl=1&resize=350%2C200 1x, https:\/\/i0.wp.com\/cfcontabil.com\/cf\/wp-content\/uploads\/2019\/12\/sebrae-no-df.jpg?fit=678%2C452&ssl=1&resize=525%2C300 1.5x"},"classes":[]},{"id":1954,"url":"https:\/\/cfcontabil.com\/cf\/mutirao-amplia-atendimento-a-empreendedores-em-taguatinga\/","url_meta":{"origin":2158,"position":3},"title":"Mutir\u00e3o amplia atendimento a empreendedores em Taguatinga","author":"Ab\u00edlio Gon\u00e7alves","date":"27 de novembro de 2019","format":false,"excerpt":"Com o apoio do Sebrae, unidade m\u00f3vel do Simplifica PJ d\u00e1 cursos para melhorar gest\u00e3o de microempresas AG\u00caNCIA BRAS\u00cdLIA * Equipe de t\u00e9cnicos far\u00e1 palestras e promover\u00e1 semin\u00e1rios e oficinas sobre temas como gerenciamento e vendas, coaching\u00a0do empreendedor, controles financeiros e planos de marketing | Foto: Reprodu\u00e7\u00e3o Em parceria com\u2026","rel":"","context":"Em &quot;Consultoria Empresarial&quot;","block_context":{"text":"Consultoria Empresarial","link":"https:\/\/cfcontabil.com\/cf\/category\/consultoria\/"},"img":{"alt_text":"","src":"https:\/\/i0.wp.com\/agenciabrasilia.df.gov.br\/wp-conteudo\/uploads\/2019\/11\/Tagua.png?resize=350%2C200","width":350,"height":200,"srcset":"https:\/\/i0.wp.com\/agenciabrasilia.df.gov.br\/wp-conteudo\/uploads\/2019\/11\/Tagua.png?resize=350%2C200 1x, https:\/\/i0.wp.com\/agenciabrasilia.df.gov.br\/wp-conteudo\/uploads\/2019\/11\/Tagua.png?resize=525%2C300 1.5x, https:\/\/i0.wp.com\/agenciabrasilia.df.gov.br\/wp-conteudo\/uploads\/2019\/11\/Tagua.png?resize=700%2C400 2x"},"classes":[]},{"id":2056,"url":"https:\/\/cfcontabil.com\/cf\/antes-de-abrir-um-negocio-siga-essas-dicas\/","url_meta":{"origin":2158,"position":4},"title":"Antes de abrir um neg\u00f3cio, siga essas dicas","author":"Ab\u00edlio Gon\u00e7alves","date":"7 de janeiro de 2020","format":false,"excerpt":"O Sebrae organizou em seu portal uma s\u00e9rie de orienta\u00e7\u00f5es para diferentes ramos de atividades Montar o pr\u00f3prio neg\u00f3cio est\u00e1 entre os principais sonhos dos brasileiros. Segundo a Pesquisa Global Entrepreneurship Monitor (GEM), virar empres\u00e1rio aparece na quarta posi\u00e7\u00e3o da escala dos desejos da popula\u00e7\u00e3o, atr\u00e1s apenas de conquistar a\u2026","rel":"","context":"Em &quot;Consultoria Empresarial&quot;","block_context":{"text":"Consultoria Empresarial","link":"https:\/\/cfcontabil.com\/cf\/category\/consultoria\/"},"img":{"alt_text":"","src":"https:\/\/i0.wp.com\/cfcontabil.com\/cf\/wp-content\/uploads\/2020\/01\/dicas-ideias.jpg?fit=533%2C374&ssl=1&resize=350%2C200","width":350,"height":200,"srcset":"https:\/\/i0.wp.com\/cfcontabil.com\/cf\/wp-content\/uploads\/2020\/01\/dicas-ideias.jpg?fit=533%2C374&ssl=1&resize=350%2C200 1x, https:\/\/i0.wp.com\/cfcontabil.com\/cf\/wp-content\/uploads\/2020\/01\/dicas-ideias.jpg?fit=533%2C374&ssl=1&resize=525%2C300 1.5x"},"classes":[]},{"id":1029,"url":"https:\/\/cfcontabil.com\/cf\/consultoria-empresarial-seu-negocio-precisa\/","url_meta":{"origin":2158,"position":5},"title":"Consultoria Empresarial: Seu neg\u00f3cio precisa?","author":"Ab\u00edlio Gon\u00e7alves","date":"24 de outubro de 2012","format":false,"excerpt":"A Consultoria Empresarial pode ser comparada ao que \u00e9 feito por um m\u00e9dico: o paciente em busca de melhora revela seus sintomas que s\u00e3o observados e a sua combina\u00e7\u00e3o determinar\u00e1 qual \u00e9 a doen\u00e7a diagnosticada e como deve ser tratada. No caso das empresas os sintomas podem ser: lucro pequeno,\u2026","rel":"","context":"Em &quot;Consultoria Empresarial&quot;","block_context":{"text":"Consultoria Empresarial","link":"https:\/\/cfcontabil.com\/cf\/category\/consultoria\/"},"img":{"alt_text":"","src":"https:\/\/i0.wp.com\/cfcontabil.com\/cf\/wp-content\/uploads\/2012\/10\/saibaoqueasua-empresa-precisa.png?resize=350%2C200","width":350,"height":200},"classes":[]}],"jetpack_likes_enabled":true,"_links":{"self":[{"href":"https:\/\/cfcontabil.com\/cf\/wp-json\/wp\/v2\/posts\/2158","targetHints":{"allow":["GET"]}}],"collection":[{"href":"https:\/\/cfcontabil.com\/cf\/wp-json\/wp\/v2\/posts"}],"about":[{"href":"https:\/\/cfcontabil.com\/cf\/wp-json\/wp\/v2\/types\/post"}],"author":[{"embeddable":true,"href":"https:\/\/cfcontabil.com\/cf\/wp-json\/wp\/v2\/users\/1"}],"replies":[{"embeddable":true,"href":"https:\/\/cfcontabil.com\/cf\/wp-json\/wp\/v2\/comments?post=2158"}],"version-history":[{"count":1,"href":"https:\/\/cfcontabil.com\/cf\/wp-json\/wp\/v2\/posts\/2158\/revisions"}],"predecessor-version":[{"id":2161,"href":"https:\/\/cfcontabil.com\/cf\/wp-json\/wp\/v2\/posts\/2158\/revisions\/2161"}],"wp:featuredmedia":[{"embeddable":true,"href":"https:\/\/cfcontabil.com\/cf\/wp-json\/wp\/v2\/media\/2160"}],"wp:attachment":[{"href":"https:\/\/cfcontabil.com\/cf\/wp-json\/wp\/v2\/media?parent=2158"}],"wp:term":[{"taxonomy":"category","embeddable":true,"href":"https:\/\/cfcontabil.com\/cf\/wp-json\/wp\/v2\/categories?post=2158"},{"taxonomy":"post_tag","embeddable":true,"href":"https:\/\/cfcontabil.com\/cf\/wp-json\/wp\/v2\/tags?post=2158"}],"curies":[{"name":"wp","href":"https:\/\/api.w.org\/{rel}","templated":true}]}}