{"id":2162,"date":"2020-03-19T11:56:46","date_gmt":"2020-03-19T14:56:46","guid":{"rendered":"http:\/\/cfcontabil.com\/cf\/?p=2162"},"modified":"2020-03-19T13:58:29","modified_gmt":"2020-03-19T16:58:29","slug":"comunidado-importante-covid19-coronavirus","status":"publish","type":"post","link":"https:\/\/cfcontabil.com\/cf\/comunidado-importante-covid19-coronavirus\/","title":{"rendered":"COMUNIDADO IMPORTANTE &#8211; COVID19 (CORONAV\u00cdRUS)"},"content":{"rendered":"<p>Prezados clientes e parceiros.<\/p>\n<div><a href=\"https:\/\/i0.wp.com\/cfcontabil.com\/cf\/wp-content\/uploads\/2020\/03\/Comunidado-COVID19.jpeg\"><img data-recalc-dims=\"1\" fetchpriority=\"high\" decoding=\"async\" data-attachment-id=\"2163\" data-permalink=\"https:\/\/cfcontabil.com\/cf\/comunidado-importante-covid19-coronavirus\/comunidado-covid19\/\" data-orig-file=\"https:\/\/i0.wp.com\/cfcontabil.com\/cf\/wp-content\/uploads\/2020\/03\/Comunidado-COVID19.jpeg?fit=906%2C1280&amp;ssl=1\" data-orig-size=\"906,1280\" data-comments-opened=\"1\" data-image-meta=\"{&quot;aperture&quot;:&quot;0&quot;,&quot;credit&quot;:&quot;&quot;,&quot;camera&quot;:&quot;&quot;,&quot;caption&quot;:&quot;&quot;,&quot;created_timestamp&quot;:&quot;0&quot;,&quot;copyright&quot;:&quot;&quot;,&quot;focal_length&quot;:&quot;0&quot;,&quot;iso&quot;:&quot;0&quot;,&quot;shutter_speed&quot;:&quot;0&quot;,&quot;title&quot;:&quot;&quot;,&quot;orientation&quot;:&quot;0&quot;}\" data-image-title=\"Comunidado COVID19\" data-image-description=\"\" data-image-caption=\"\" data-large-file=\"https:\/\/i0.wp.com\/cfcontabil.com\/cf\/wp-content\/uploads\/2020\/03\/Comunidado-COVID19.jpeg?fit=725%2C1024&amp;ssl=1\" class=\"aligncenter size-full wp-image-2163\" src=\"https:\/\/i0.wp.com\/cfcontabil.com\/cf\/wp-content\/uploads\/2020\/03\/Comunidado-COVID19.jpeg?resize=906%2C1280\" alt=\"\" width=\"906\" height=\"1280\" srcset=\"https:\/\/i0.wp.com\/cfcontabil.com\/cf\/wp-content\/uploads\/2020\/03\/Comunidado-COVID19.jpeg?w=906&amp;ssl=1 906w, https:\/\/i0.wp.com\/cfcontabil.com\/cf\/wp-content\/uploads\/2020\/03\/Comunidado-COVID19.jpeg?resize=212%2C300&amp;ssl=1 212w, https:\/\/i0.wp.com\/cfcontabil.com\/cf\/wp-content\/uploads\/2020\/03\/Comunidado-COVID19.jpeg?resize=725%2C1024&amp;ssl=1 725w, https:\/\/i0.wp.com\/cfcontabil.com\/cf\/wp-content\/uploads\/2020\/03\/Comunidado-COVID19.jpeg?resize=768%2C1085&amp;ssl=1 768w, https:\/\/i0.wp.com\/cfcontabil.com\/cf\/wp-content\/uploads\/2020\/03\/Comunidado-COVID19.jpeg?resize=770%2C1088&amp;ssl=1 770w, https:\/\/i0.wp.com\/cfcontabil.com\/cf\/wp-content\/uploads\/2020\/03\/Comunidado-COVID19.jpeg?resize=370%2C523&amp;ssl=1 370w\" sizes=\"(max-width: 906px) 100vw, 906px\" \/><\/a><\/div>\n<div><\/div>\n<div>Em decorr\u00eancia da pandemia do COVID19 (coronav\u00edrus) e pensando no bem-estar e sa\u00fade de todos, informamos que estamos priorizando nosso atendimento virtual (n\u00e3o presencial) a fim de evitar a propaga\u00e7\u00e3o do v\u00edrus.<\/div>\n<div><\/div>\n<div><\/div>\n<div>Estamos trabalhando internamente de forma remota garantindo o atendimento de todas as solicita\u00e7\u00f5es externas e mantendo em dia as obriga\u00e7\u00f5es fiscais que seguem a agenda governamental, cumprindo todos os prazos.<\/div>\n<div><\/div>\n<div><\/div>\n<div>Seguem algumas orienta\u00e7\u00f5es:<\/div>\n<div><\/div>\n<div><\/div>\n<div>1) Realize suas solicita\u00e7\u00f5es em nossos canais de atendimento n\u00e3o-presencial por meio do link:\u00a0<a href=\"https:\/\/linktr.ee\/cfcontabil\">https:\/\/linktr.ee\/cfcontabil<\/a><\/div>\n<div><\/div>\n<div><\/div>\n<div>2) Esteja atento aos documentos encaminhados por nossa plataforma de comunica\u00e7\u00e3o digital e as informa\u00e7\u00f5es e prazos indicados. Indicamos o uso do aplicativo para celular\u00a0<b>e-Contador<\/b>\u00a0(Android e IOS) para receber imediatamente notifica\u00e7\u00f5es de novos documentos enviados.<\/div>\n<div><\/div>\n<div><\/div>\n<div>3) Evite a dissemina\u00e7\u00e3o de informa\u00e7\u00f5es n\u00e3o confirmadas pelas autoridades respons\u00e1veis, podem ser FAKE NEWS. Em caso de d\u00favidas na \u00e1rea Cont\u00e1bil, Tribut\u00e1ria, Trabalhista e Empreendedorismo, consulte-nos antecipadamente!<\/p>\n<p>4) Siga nossas redes sociais para acompanhar as \u00faltimas not\u00edcias e encaminhar suas d\u00favidas.<\/p>\n<\/div>\n<div><\/div>\n<div>Contamos com a compreens\u00e3o e colabora\u00e7\u00e3o de todos!<\/div>\n<div><\/div>\n<div>Recomenda\u00e7\u00e3o da Secretaria de Sa\u00fade:<br \/>\n<b>Mantenham o isolamento social, fiquem em casa.<\/b><\/div>\n<div>Cuidem-se.<\/p>\n<p>Atenciosamente,<\/p>\n<\/div>\n<div>Equipe CF Cont\u00e1bil<\/div>\n","protected":false},"excerpt":{"rendered":"<p>Prezados clientes e parceiros. Em decorr\u00eancia da pandemia do COVID19 (coronav\u00edrus) e pensando no bem-estar e sa\u00fade de todos, informamos que estamos priorizando nosso atendimento virtual (n\u00e3o presencial) a fim de evitar a propaga\u00e7\u00e3o do v\u00edrus. Estamos trabalhando internamente de forma remota garantindo o atendimento de todas as solicita\u00e7\u00f5es externas e mantendo em dia as [&hellip;]<\/p>\n","protected":false},"author":1,"featured_media":2166,"comment_status":"open","ping_status":"open","sticky":false,"template":"","format":"standard","meta":{"jetpack_post_was_ever_published":false,"_jetpack_newsletter_access":"","_jetpack_dont_email_post_to_subs":false,"_jetpack_newsletter_tier_id":0,"_jetpack_memberships_contains_paywalled_content":false,"_jetpack_memberships_contains_paid_content":false,"footnotes":"","jetpack_publicize_message":"","jetpack_publicize_feature_enabled":true,"jetpack_social_post_already_shared":true,"jetpack_social_options":{"image_generator_settings":{"template":"highway","default_image_id":0,"font":"","enabled":false},"version":2}},"categories":[22],"tags":[754,758,352,755],"class_list":["post-2162","post","type-post","status-publish","format-standard","has-post-thumbnail","hentry","category-geral","tag-coronavirus","tag-covid19","tag-prevencao","tag-virus"],"jetpack_publicize_connections":[],"jetpack_featured_media_url":"https:\/\/i0.wp.com\/cfcontabil.com\/cf\/wp-content\/uploads\/2020\/03\/WhatsApp-1.jpg?fit=739%2C415&ssl=1","jetpack_sharing_enabled":true,"jetpack_shortlink":"https:\/\/wp.me\/p2wklX-yS","jetpack-related-posts":[{"id":2189,"url":"https:\/\/cfcontabil.com\/cf\/bancos-anunciam-novos-horarios-de-funcionamento-das-agencias\/","url_meta":{"origin":2162,"position":0},"title":"Bancos anunciam novos hor\u00e1rios de funcionamento das ag\u00eancias","author":"Ab\u00edlio Gon\u00e7alves","date":"25 de mar\u00e7o de 2020","format":false,"excerpt":"Alguns oferecer\u00e3o atendimento exclusivo para grupos de risco Diante do avan\u00e7o da pandemia do novo coronav\u00edrus (Covid-2019) no pa\u00eds, Banco do Brasil, Caixa Econ\u00f4mica Federal, Santander e Bradesco est\u00e3o anunciando novos hor\u00e1rios de funcionamento tempor\u00e1rios para suas ag\u00eancias banc\u00e1rias de todo pa\u00eds. A partir dessa ter\u00e7a-feira (24), as ag\u00eancias do\u2026","rel":"","context":"Em &quot;Geral&quot;","block_context":{"text":"Geral","link":"https:\/\/cfcontabil.com\/cf\/category\/geral\/"},"img":{"alt_text":"","src":"https:\/\/i0.wp.com\/cfcontabil.com\/cf\/wp-content\/uploads\/2020\/03\/horariodefuncionamento.jpeg?fit=783%2C391&ssl=1&resize=350%2C200","width":350,"height":200,"srcset":"https:\/\/i0.wp.com\/cfcontabil.com\/cf\/wp-content\/uploads\/2020\/03\/horariodefuncionamento.jpeg?fit=783%2C391&ssl=1&resize=350%2C200 1x, https:\/\/i0.wp.com\/cfcontabil.com\/cf\/wp-content\/uploads\/2020\/03\/horariodefuncionamento.jpeg?fit=783%2C391&ssl=1&resize=525%2C300 1.5x, https:\/\/i0.wp.com\/cfcontabil.com\/cf\/wp-content\/uploads\/2020\/03\/horariodefuncionamento.jpeg?fit=783%2C391&ssl=1&resize=700%2C400 2x"},"classes":[]},{"id":2267,"url":"https:\/\/cfcontabil.com\/cf\/coronavirus-governo-libera-o-funcionamento-de-oticas-no-df\/","url_meta":{"origin":2162,"position":1},"title":"Coronav\u00edrus: governo libera o funcionamento de \u00f3ticas no DF","author":"Ab\u00edlio Gon\u00e7alves","date":"15 de abril de 2020","format":false,"excerpt":"Decreto que permite a abertura das lojas foi publicado em edi\u00e7\u00e3o extra do Di\u00e1rio Oficial dessa ter\u00e7a-feira (14\/04) O Governo do Distrito Federal (GDF)\u00a0liberou a abertura de \u00f3ticas durante o per\u00edodo de restri\u00e7\u00f5es ao com\u00e9rcio decorrentes da\u00a0pandemia do novo coronav\u00edrus. A medida foi publicada em edi\u00e7\u00e3o extra do Di\u00e1rio Oficial\u2026","rel":"","context":"Em &quot;Geral&quot;","block_context":{"text":"Geral","link":"https:\/\/cfcontabil.com\/cf\/category\/geral\/"},"img":{"alt_text":"","src":"https:\/\/i0.wp.com\/cfcontabil.com\/cf\/wp-content\/uploads\/2020\/04\/otica-960x640-1.jpg?fit=960%2C640&ssl=1&resize=350%2C200","width":350,"height":200,"srcset":"https:\/\/i0.wp.com\/cfcontabil.com\/cf\/wp-content\/uploads\/2020\/04\/otica-960x640-1.jpg?fit=960%2C640&ssl=1&resize=350%2C200 1x, https:\/\/i0.wp.com\/cfcontabil.com\/cf\/wp-content\/uploads\/2020\/04\/otica-960x640-1.jpg?fit=960%2C640&ssl=1&resize=525%2C300 1.5x, https:\/\/i0.wp.com\/cfcontabil.com\/cf\/wp-content\/uploads\/2020\/04\/otica-960x640-1.jpg?fit=960%2C640&ssl=1&resize=700%2C400 2x"},"classes":[]},{"id":2236,"url":"https:\/\/cfcontabil.com\/cf\/como-os-donos-de-negocio-podem-proteger-seus-colaboradores-do-covid-19\/","url_meta":{"origin":2162,"position":2},"title":"Como os donos de neg\u00f3cio podem proteger seus colaboradores do Covid-19","author":"Ab\u00edlio Gon\u00e7alves","date":"6 de abril de 2020","format":false,"excerpt":"Confira dicas para implementar na sua empresa medidas que v\u00e3o evitar o adoecimento de seus funcion\u00e1rios e tamb\u00e9m impedir que crise do coronav\u00edrus se agrave. O alastramento do coronav\u00edrus\u00a0acertou em cheio a rotina dos donos de neg\u00f3cios\u00a0e seus colaboradores. Por conta da epidemia, muitas empresas passaram a adotar a pr\u00e1tica\u2026","rel":"","context":"Em &quot;Geral&quot;","block_context":{"text":"Geral","link":"https:\/\/cfcontabil.com\/cf\/category\/geral\/"},"img":{"alt_text":"","src":"https:\/\/i0.wp.com\/cfcontabil.com\/cf\/wp-content\/uploads\/2020\/04\/coronavirus-continentes-mundo.jpeg?fit=600%2C381&ssl=1&resize=350%2C200","width":350,"height":200,"srcset":"https:\/\/i0.wp.com\/cfcontabil.com\/cf\/wp-content\/uploads\/2020\/04\/coronavirus-continentes-mundo.jpeg?fit=600%2C381&ssl=1&resize=350%2C200 1x, https:\/\/i0.wp.com\/cfcontabil.com\/cf\/wp-content\/uploads\/2020\/04\/coronavirus-continentes-mundo.jpeg?fit=600%2C381&ssl=1&resize=525%2C300 1.5x"},"classes":[]},{"id":2208,"url":"https:\/\/cfcontabil.com\/cf\/prazo-para-microempresarios-emitirem-notas-fiscais-e-prorrogado\/","url_meta":{"origin":2162,"position":3},"title":"Prazo para microempres\u00e1rios emitirem notas fiscais \u00e9 prorrogado","author":"Ab\u00edlio Gon\u00e7alves","date":"1 de abril de 2020","format":false,"excerpt":"A medida poder\u00e1 ser efetuada at\u00e9 31 de dezembro. Iniciativa deve beneficiar mais de 135 mil microempres\u00e1rios que se utilizam deste servi\u00e7o O prazo para emiss\u00e3o de notas fiscais por meio do Sistema de Emiss\u00e3o de\u00a0Nota Fiscal Avulsa\u00a0(Senfa) para Microempreendedores Individuais (MEIs) do Distrito Federal foi prorrogado para 31 de\u2026","rel":"","context":"Em &quot;Departamento Fiscal&quot;","block_context":{"text":"Departamento Fiscal","link":"https:\/\/cfcontabil.com\/cf\/category\/df\/"},"img":{"alt_text":"","src":"https:\/\/i0.wp.com\/cfcontabil.com\/cf\/wp-content\/uploads\/2020\/04\/nota-fiscal-eletronica-1024x768-1.jpg?fit=1024%2C768&ssl=1&resize=350%2C200","width":350,"height":200,"srcset":"https:\/\/i0.wp.com\/cfcontabil.com\/cf\/wp-content\/uploads\/2020\/04\/nota-fiscal-eletronica-1024x768-1.jpg?fit=1024%2C768&ssl=1&resize=350%2C200 1x, https:\/\/i0.wp.com\/cfcontabil.com\/cf\/wp-content\/uploads\/2020\/04\/nota-fiscal-eletronica-1024x768-1.jpg?fit=1024%2C768&ssl=1&resize=525%2C300 1.5x, https:\/\/i0.wp.com\/cfcontabil.com\/cf\/wp-content\/uploads\/2020\/04\/nota-fiscal-eletronica-1024x768-1.jpg?fit=1024%2C768&ssl=1&resize=700%2C400 2x"},"classes":[]},{"id":2203,"url":"https:\/\/cfcontabil.com\/cf\/governo-amplia-isolamento-social-ate-3-de-maio\/","url_meta":{"origin":2162,"position":4},"title":"Governo amplia isolamento social at\u00e9 3 de maio","author":"Ab\u00edlio Gon\u00e7alves","date":"1 de abril de 2020","format":false,"excerpt":"O decreto 40.583 permite com\u00e9rcio de alimentos em feiras e funcionamento de cl\u00ednicas m\u00e9dicas. Aulas em escolas e faculdades s\u00f3 em junho. O decreto vale a partir de hoje com exce\u00e7\u00e3o das feiras que come\u00e7ar\u00e3o a funcionar no dia 6 O isolamento social no Distrito Federal ser\u00e1 prorrogado at\u00e9 o\u2026","rel":"","context":"Em &quot;Geral&quot;","block_context":{"text":"Geral","link":"https:\/\/cfcontabil.com\/cf\/category\/geral\/"},"img":{"alt_text":"","src":"https:\/\/i0.wp.com\/cfcontabil.com\/cf\/wp-content\/uploads\/2020\/04\/novo-decreto-df-isolamento.jpeg?fit=1200%2C675&ssl=1&resize=350%2C200","width":350,"height":200,"srcset":"https:\/\/i0.wp.com\/cfcontabil.com\/cf\/wp-content\/uploads\/2020\/04\/novo-decreto-df-isolamento.jpeg?fit=1200%2C675&ssl=1&resize=350%2C200 1x, https:\/\/i0.wp.com\/cfcontabil.com\/cf\/wp-content\/uploads\/2020\/04\/novo-decreto-df-isolamento.jpeg?fit=1200%2C675&ssl=1&resize=525%2C300 1.5x, https:\/\/i0.wp.com\/cfcontabil.com\/cf\/wp-content\/uploads\/2020\/04\/novo-decreto-df-isolamento.jpeg?fit=1200%2C675&ssl=1&resize=700%2C400 2x, https:\/\/i0.wp.com\/cfcontabil.com\/cf\/wp-content\/uploads\/2020\/04\/novo-decreto-df-isolamento.jpeg?fit=1200%2C675&ssl=1&resize=1050%2C600 3x"},"classes":[]},{"id":2252,"url":"https:\/\/cfcontabil.com\/cf\/gdf-libera-abertura-das-lojas-de-moveis-e-de-eletroeletronicos\/","url_meta":{"origin":2162,"position":5},"title":"GDF libera abertura das lojas de m\u00f3veis e de eletroeletr\u00f4nicos","author":"Ab\u00edlio Gon\u00e7alves","date":"9 de abril de 2020","format":false,"excerpt":"Em edi\u00e7\u00e3o extra do Di\u00e1rio Oficial publicada nesta quinta (09\/04), tamb\u00e9m \u00e9 suspensa a quarentena para todo Sistema S, como Sesc e Senai. governador do Distrito Federal, Ibaneis Rocha (MDB), liberou a abertura de lojas de todo o setor moveleiro, da \u00e1rea de eletroeletr\u00f4nicos e de todo o Sistema S\u2026","rel":"","context":"Em &quot;Geral&quot;","block_context":{"text":"Geral","link":"https:\/\/cfcontabil.com\/cf\/category\/geral\/"},"img":{"alt_text":"","src":"https:\/\/i0.wp.com\/cfcontabil.com\/cf\/wp-content\/uploads\/2020\/04\/loja-de-moveis.jpg?fit=813%2C425&ssl=1&resize=350%2C200","width":350,"height":200,"srcset":"https:\/\/i0.wp.com\/cfcontabil.com\/cf\/wp-content\/uploads\/2020\/04\/loja-de-moveis.jpg?fit=813%2C425&ssl=1&resize=350%2C200 1x, https:\/\/i0.wp.com\/cfcontabil.com\/cf\/wp-content\/uploads\/2020\/04\/loja-de-moveis.jpg?fit=813%2C425&ssl=1&resize=525%2C300 1.5x, https:\/\/i0.wp.com\/cfcontabil.com\/cf\/wp-content\/uploads\/2020\/04\/loja-de-moveis.jpg?fit=813%2C425&ssl=1&resize=700%2C400 2x"},"classes":[]}],"jetpack_likes_enabled":true,"_links":{"self":[{"href":"https:\/\/cfcontabil.com\/cf\/wp-json\/wp\/v2\/posts\/2162","targetHints":{"allow":["GET"]}}],"collection":[{"href":"https:\/\/cfcontabil.com\/cf\/wp-json\/wp\/v2\/posts"}],"about":[{"href":"https:\/\/cfcontabil.com\/cf\/wp-json\/wp\/v2\/types\/post"}],"author":[{"embeddable":true,"href":"https:\/\/cfcontabil.com\/cf\/wp-json\/wp\/v2\/users\/1"}],"replies":[{"embeddable":true,"href":"https:\/\/cfcontabil.com\/cf\/wp-json\/wp\/v2\/comments?post=2162"}],"version-history":[{"count":3,"href":"https:\/\/cfcontabil.com\/cf\/wp-json\/wp\/v2\/posts\/2162\/revisions"}],"predecessor-version":[{"id":2168,"href":"https:\/\/cfcontabil.com\/cf\/wp-json\/wp\/v2\/posts\/2162\/revisions\/2168"}],"wp:featuredmedia":[{"embeddable":true,"href":"https:\/\/cfcontabil.com\/cf\/wp-json\/wp\/v2\/media\/2166"}],"wp:attachment":[{"href":"https:\/\/cfcontabil.com\/cf\/wp-json\/wp\/v2\/media?parent=2162"}],"wp:term":[{"taxonomy":"category","embeddable":true,"href":"https:\/\/cfcontabil.com\/cf\/wp-json\/wp\/v2\/categories?post=2162"},{"taxonomy":"post_tag","embeddable":true,"href":"https:\/\/cfcontabil.com\/cf\/wp-json\/wp\/v2\/tags?post=2162"}],"curies":[{"name":"wp","href":"https:\/\/api.w.org\/{rel}","templated":true}]}}